{"id":4273,"date":"2024-02-09T13:33:07","date_gmt":"2024-02-09T12:33:07","guid":{"rendered":"https:\/\/vosgesinfo.fr\/remiremontinfo\/?p=4273"},"modified":"2024-02-13T18:23:53","modified_gmt":"2024-02-13T17:23:53","slug":"seance-exceptionnelle-du-dernier-film-de-gilles-de-maistre-le-dernier-jaguar-au-cinema-de-luxeuil-les-bains-en-presence-du-realisateur","status":"publish","type":"post","link":"https:\/\/vosgesinfo.fr\/remiremontinfo\/2024\/02\/seance-exceptionnelle-du-dernier-film-de-gilles-de-maistre-le-dernier-jaguar-au-cinema-de-luxeuil-les-bains-en-presence-du-realisateur\/","title":{"rendered":"S\u00e9ance exceptionnelle du dernier film de Gilles de Maistre \u00ab\u00a0Le Dernier Jaguar\u00a0\u00bb au cin\u00e9ma de Luxeuil-les-Bains en pr\u00e9sence du r\u00e9alisateur"},"content":{"rendered":"<h2><img decoding=\"async\" class=\"aligncenter wp-image-4274 size-large\" src=\"https:\/\/vosgesinfo.fr\/app\/uploads\/sites\/5\/2024\/02\/visuel-fb-le-dernier-jagaur-mod-1024x645.jpg\" alt=\"\" width=\"1024\" height=\"645\" srcset=\"https:\/\/vosgesinfo.fr\/app\/uploads\/sites\/5\/2024\/02\/visuel-fb-le-dernier-jagaur-mod-1024x645.jpg 1024w, https:\/\/vosgesinfo.fr\/app\/uploads\/sites\/5\/2024\/02\/visuel-fb-le-dernier-jagaur-mod-300x189.jpg 300w, https:\/\/vosgesinfo.fr\/app\/uploads\/sites\/5\/2024\/02\/visuel-fb-le-dernier-jagaur-mod-768x484.jpg 768w, https:\/\/vosgesinfo.fr\/app\/uploads\/sites\/5\/2024\/02\/visuel-fb-le-dernier-jagaur-mod-1536x968.jpg 1536w, https:\/\/vosgesinfo.fr\/app\/uploads\/sites\/5\/2024\/02\/visuel-fb-le-dernier-jagaur-mod-2048x1291.jpg 2048w\" sizes=\"(max-width: 1024px) 100vw, 1024px\" \/><\/h2>\n<h2>S\u00e9ance exceptionnelle \u00ab\u00a0Le Dernier Jaguar\u00a0\u00bb au cin\u00e9ma de Luxeuil-les-Bains dimanche 11 f\u00e9vrier \u00e0 15h organis\u00e9e par le cin\u00e9ma de Plombi\u00e8res-les-Bains.<\/h2>\n<p>Apr\u00e8s \u00ab\u00a0Mia et le Lion blanc\u00a0\u00bb et \u00ab\u00a0Le Loup et le Lion\u00a0\u00bb , le r\u00e9alisateur Gilles de Maistre sera pr\u00e9sent au cin\u00e9ma de Luxeuil pour une s\u00e9ance exceptionnelle autour de son nouveau film \u00ab\u00a0Le Dernier Jaguar\u00a0\u00bb. Echange avec les spectateurs, go\u00fbter offert en sa pr\u00e9sence et d\u00e9dicaces apr\u00e8s le film. Tarifs habituels de votre cin\u00e9ma.<\/p>\n<p>Bande annonce :\u00a0<a href=\"https:\/\/www.allocine.fr\/...\/player_gen_cmedia=19604666...\">https:\/\/www.allocine.fr\/&#8230;\/player_gen_cmedia=19604666&#8230;<\/a><\/p>\n<p>Synopsis :<\/p>\n<p>Autumn grandit dans la for\u00eat amazonienne aux c\u00f4tes de Hope, un adorable b\u00e9b\u00e9 jaguar femelle qu&rsquo;elle a recueilli. Mais l&rsquo;ann\u00e9e de ses six ans, un drame familial contraint Autumn et son p\u00e8re \u00e0 retourner vivre \u00e0 New York. Huit ann\u00e9es passent, et Autumn, devenue adolescente, n&rsquo;a jamais oubli\u00e9 son amie jaguar. Quand elle apprend que Hope est en danger de mort, Autumn d\u00e9cide de retourner dans la jungle pour la sauver !<\/p>\n<p>Toutes les infos sur\u00a0<a href=\"https:\/\/www.facebook.com\/events\/838460971366676\">https:\/\/www.facebook.com\/events\/838460971366676<\/a><\/p>\n","protected":false},"excerpt":{"rendered":"<p>S\u00e9ance exceptionnelle \u00ab\u00a0Le Dernier Jaguar\u00a0\u00bb au cin\u00e9ma de Luxeuil-les-Bains dimanche 11 f\u00e9vrier \u00e0 15h organis\u00e9e par le cin\u00e9ma de Plombi\u00e8res-les-Bains. [&hellip;]<\/p>\n","protected":false},"author":391,"featured_media":4274,"comment_status":"open","ping_status":"open","sticky":false,"template":"","format":"standard","meta":{"footnotes":""},"categories":[26,406,102],"tags":[76,810,413,807,808,809],"class_list":["post-4273","post","type-post","status-publish","format-standard","has-post-thumbnail","hentry","category-a-la-une","category-divertissement","category-plombieres-les-bains","tag-cinema","tag-cinema-de-plombieres-les-bains","tag-film","tag-gilles-de-maistre","tag-le-dernier-jaguar","tag-luxeuil-les-bains"],"acf":[],"yoast_head":"<!-- This site is optimized with the Yoast SEO plugin v22.5 - https:\/\/yoast.com\/wordpress\/plugins\/seo\/ -->\n<title>S\u00e9ance exceptionnelle du dernier film de Gilles de Maistre &quot;Le Dernier Jaguar&quot; au cin\u00e9ma de Luxeuil-les-Bains en pr\u00e9sence du r\u00e9alisateur - Remiremont Info<\/title>\n<meta name=\"robots\" content=\"index, follow, max-snippet:-1, max-image-preview:large, max-video-preview:-1\" \/>\n<link rel=\"canonical\" href=\"https:\/\/vosgesinfo.fr\/remiremontinfo\/2024\/02\/seance-exceptionnelle-du-dernier-film-de-gilles-de-maistre-le-dernier-jaguar-au-cinema-de-luxeuil-les-bains-en-presence-du-realisateur\/\" \/>\n<meta name=\"twitter:card\" content=\"summary_large_image\" \/>\n<meta name=\"twitter:title\" content=\"S\u00e9ance exceptionnelle du dernier film de Gilles de Maistre &quot;Le Dernier Jaguar&quot; au cin\u00e9ma de Luxeuil-les-Bains en pr\u00e9sence du r\u00e9alisateur - Remiremont Info\" \/>\n<meta name=\"twitter:description\" content=\"S\u00e9ance exceptionnelle \u00ab\u00a0Le Dernier Jaguar\u00a0\u00bb au cin\u00e9ma de Luxeuil-les-Bains dimanche 11 f\u00e9vrier \u00e0 15h organis\u00e9e par le cin\u00e9ma de Plombi\u00e8res-les-Bains. [&hellip;]\" \/>\n<meta name=\"twitter:image\" content=\"https:\/\/vosgesinfo.fr\/app\/uploads\/sites\/5\/2024\/02\/visuel-fb-le-dernier-jagaur-mod.jpg\" \/>\n<meta name=\"twitter:creator\" content=\"@VosgesInfo88\" \/>\n<meta name=\"twitter:site\" content=\"@VosgesInfo88\" \/>\n<meta name=\"twitter:label1\" content=\"\u00c9crit par\" \/>\n\t<meta name=\"twitter:data1\" content=\"La redaction\" \/>\n\t<meta name=\"twitter:label2\" content=\"Dur\u00e9e de lecture estim\u00e9e\" \/>\n\t<meta name=\"twitter:data2\" content=\"1 minute\" \/>\n<script type=\"application\/ld+json\" class=\"yoast-schema-graph\">{\"@context\":\"https:\/\/schema.org\",\"@graph\":[{\"@type\":\"Article\",\"@id\":\"https:\/\/vosgesinfo.fr\/remiremontinfo\/2024\/02\/seance-exceptionnelle-du-dernier-film-de-gilles-de-maistre-le-dernier-jaguar-au-cinema-de-luxeuil-les-bains-en-presence-du-realisateur\/#article\",\"isPartOf\":{\"@id\":\"https:\/\/vosgesinfo.fr\/remiremontinfo\/2024\/02\/seance-exceptionnelle-du-dernier-film-de-gilles-de-maistre-le-dernier-jaguar-au-cinema-de-luxeuil-les-bains-en-presence-du-realisateur\/\"},\"author\":{\"name\":\"La redaction\",\"@id\":\"https:\/\/vosgesinfo.fr\/remiremontinfo\/#\/schema\/person\/27a3695b06db98895b354c0765cdfc31\"},\"headline\":\"S\u00e9ance exceptionnelle du dernier film de Gilles de Maistre \u00ab\u00a0Le Dernier Jaguar\u00a0\u00bb au cin\u00e9ma de Luxeuil-les-Bains en pr\u00e9sence du r\u00e9alisateur\",\"datePublished\":\"2024-02-09T12:33:07+00:00\",\"dateModified\":\"2024-02-13T17:23:53+00:00\",\"mainEntityOfPage\":{\"@id\":\"https:\/\/vosgesinfo.fr\/remiremontinfo\/2024\/02\/seance-exceptionnelle-du-dernier-film-de-gilles-de-maistre-le-dernier-jaguar-au-cinema-de-luxeuil-les-bains-en-presence-du-realisateur\/\"},\"wordCount\":210,\"commentCount\":0,\"publisher\":{\"@id\":\"https:\/\/vosgesinfo.fr\/remiremontinfo\/#organization\"},\"image\":{\"@id\":\"https:\/\/vosgesinfo.fr\/remiremontinfo\/2024\/02\/seance-exceptionnelle-du-dernier-film-de-gilles-de-maistre-le-dernier-jaguar-au-cinema-de-luxeuil-les-bains-en-presence-du-realisateur\/#primaryimage\"},\"thumbnailUrl\":\"https:\/\/vosgesinfo.fr\/app\/uploads\/sites\/5\/2024\/02\/visuel-fb-le-dernier-jagaur-mod.jpg\",\"keywords\":[\"cinema\",\"Cin\u00e9ma de Plombi\u00e8res-les-Bains\",\"Film\",\"Gilles de Maistre\",\"Le Dernier Jaguar\",\"Luxeuil-les-Bains\"],\"articleSection\":[\"A la Une\",\"Divertissement\",\"Plombi\u00e8res-l\u00e8s-Bains\"],\"inLanguage\":\"fr-FR\",\"potentialAction\":[{\"@type\":\"CommentAction\",\"name\":\"Comment\",\"target\":[\"https:\/\/vosgesinfo.fr\/remiremontinfo\/2024\/02\/seance-exceptionnelle-du-dernier-film-de-gilles-de-maistre-le-dernier-jaguar-au-cinema-de-luxeuil-les-bains-en-presence-du-realisateur\/#respond\"]}]},{\"@type\":\"WebPage\",\"@id\":\"https:\/\/vosgesinfo.fr\/remiremontinfo\/2024\/02\/seance-exceptionnelle-du-dernier-film-de-gilles-de-maistre-le-dernier-jaguar-au-cinema-de-luxeuil-les-bains-en-presence-du-realisateur\/\",\"url\":\"https:\/\/vosgesinfo.fr\/remiremontinfo\/2024\/02\/seance-exceptionnelle-du-dernier-film-de-gilles-de-maistre-le-dernier-jaguar-au-cinema-de-luxeuil-les-bains-en-presence-du-realisateur\/\",\"name\":\"S\u00e9ance exceptionnelle du dernier film de Gilles de Maistre \\\"Le Dernier Jaguar\\\" au cin\u00e9ma de Luxeuil-les-Bains en pr\u00e9sence du r\u00e9alisateur - Remiremont Info\",\"isPartOf\":{\"@id\":\"https:\/\/vosgesinfo.fr\/remiremontinfo\/#website\"},\"primaryImageOfPage\":{\"@id\":\"https:\/\/vosgesinfo.fr\/remiremontinfo\/2024\/02\/seance-exceptionnelle-du-dernier-film-de-gilles-de-maistre-le-dernier-jaguar-au-cinema-de-luxeuil-les-bains-en-presence-du-realisateur\/#primaryimage\"},\"image\":{\"@id\":\"https:\/\/vosgesinfo.fr\/remiremontinfo\/2024\/02\/seance-exceptionnelle-du-dernier-film-de-gilles-de-maistre-le-dernier-jaguar-au-cinema-de-luxeuil-les-bains-en-presence-du-realisateur\/#primaryimage\"},\"thumbnailUrl\":\"https:\/\/vosgesinfo.fr\/app\/uploads\/sites\/5\/2024\/02\/visuel-fb-le-dernier-jagaur-mod.jpg\",\"datePublished\":\"2024-02-09T12:33:07+00:00\",\"dateModified\":\"2024-02-13T17:23:53+00:00\",\"breadcrumb\":{\"@id\":\"https:\/\/vosgesinfo.fr\/remiremontinfo\/2024\/02\/seance-exceptionnelle-du-dernier-film-de-gilles-de-maistre-le-dernier-jaguar-au-cinema-de-luxeuil-les-bains-en-presence-du-realisateur\/#breadcrumb\"},\"inLanguage\":\"fr-FR\",\"potentialAction\":[{\"@type\":\"ReadAction\",\"target\":[\"https:\/\/vosgesinfo.fr\/remiremontinfo\/2024\/02\/seance-exceptionnelle-du-dernier-film-de-gilles-de-maistre-le-dernier-jaguar-au-cinema-de-luxeuil-les-bains-en-presence-du-realisateur\/\"]}]},{\"@type\":\"ImageObject\",\"inLanguage\":\"fr-FR\",\"@id\":\"https:\/\/vosgesinfo.fr\/remiremontinfo\/2024\/02\/seance-exceptionnelle-du-dernier-film-de-gilles-de-maistre-le-dernier-jaguar-au-cinema-de-luxeuil-les-bains-en-presence-du-realisateur\/#primaryimage\",\"url\":\"https:\/\/vosgesinfo.fr\/app\/uploads\/sites\/5\/2024\/02\/visuel-fb-le-dernier-jagaur-mod.jpg\",\"contentUrl\":\"https:\/\/vosgesinfo.fr\/app\/uploads\/sites\/5\/2024\/02\/visuel-fb-le-dernier-jagaur-mod.jpg\",\"width\":2083,\"height\":1313},{\"@type\":\"BreadcrumbList\",\"@id\":\"https:\/\/vosgesinfo.fr\/remiremontinfo\/2024\/02\/seance-exceptionnelle-du-dernier-film-de-gilles-de-maistre-le-dernier-jaguar-au-cinema-de-luxeuil-les-bains-en-presence-du-realisateur\/#breadcrumb\",\"itemListElement\":[{\"@type\":\"ListItem\",\"position\":1,\"name\":\"Home\",\"item\":\"https:\/\/vosgesinfo.fr\/remiremontinfo\/\"},{\"@type\":\"ListItem\",\"position\":2,\"name\":\"S\u00e9ance exceptionnelle du dernier film de Gilles de Maistre \u00ab\u00a0Le Dernier Jaguar\u00a0\u00bb au cin\u00e9ma de Luxeuil-les-Bains en pr\u00e9sence du r\u00e9alisateur\"}]},{\"@type\":\"WebSite\",\"@id\":\"https:\/\/vosgesinfo.fr\/remiremontinfo\/#website\",\"url\":\"https:\/\/vosgesinfo.fr\/remiremontinfo\/\",\"name\":\"Remiremont Info\",\"description\":\"Toute l&#039;actualit\u00e9 de Remiremont\",\"publisher\":{\"@id\":\"https:\/\/vosgesinfo.fr\/remiremontinfo\/#organization\"},\"alternateName\":\"Toute l'actualit\u00e9 de Remiremont\",\"potentialAction\":[{\"@type\":\"SearchAction\",\"target\":{\"@type\":\"EntryPoint\",\"urlTemplate\":\"https:\/\/vosgesinfo.fr\/remiremontinfo\/?s={search_term_string}\"},\"query-input\":\"required name=search_term_string\"}],\"inLanguage\":\"fr-FR\"},{\"@type\":\"Organization\",\"@id\":\"https:\/\/vosgesinfo.fr\/remiremontinfo\/#organization\",\"name\":\"Remiremont Info\",\"url\":\"https:\/\/vosgesinfo.fr\/remiremontinfo\/\",\"logo\":{\"@type\":\"ImageObject\",\"inLanguage\":\"fr-FR\",\"@id\":\"https:\/\/vosgesinfo.fr\/remiremontinfo\/#\/schema\/logo\/image\/\",\"url\":\"https:\/\/vosgesinfo.fr\/app\/uploads\/sites\/5\/2023\/08\/favicon-remiremontinfo.png\",\"contentUrl\":\"https:\/\/vosgesinfo.fr\/app\/uploads\/sites\/5\/2023\/08\/favicon-remiremontinfo.png\",\"width\":512,\"height\":512,\"caption\":\"Remiremont Info\"},\"image\":{\"@id\":\"https:\/\/vosgesinfo.fr\/remiremontinfo\/#\/schema\/logo\/image\/\"},\"sameAs\":[\"https:\/\/www.facebook.com\/remiremontinfo\",\"https:\/\/x.com\/VosgesInfo88\",\"https:\/\/www.youtube.com\/@vosgesinfo\"]},{\"@type\":\"Person\",\"@id\":\"https:\/\/vosgesinfo.fr\/remiremontinfo\/#\/schema\/person\/27a3695b06db98895b354c0765cdfc31\",\"name\":\"La redaction\",\"image\":{\"@type\":\"ImageObject\",\"inLanguage\":\"fr-FR\",\"@id\":\"https:\/\/vosgesinfo.fr\/remiremontinfo\/#\/schema\/person\/image\/\",\"url\":\"https:\/\/secure.gravatar.com\/avatar\/64c76a78e501cedee55736f43f332df901e1896ae9cd8fad269ae2236dd0e8b6?s=96&d=mm&r=g\",\"contentUrl\":\"https:\/\/secure.gravatar.com\/avatar\/64c76a78e501cedee55736f43f332df901e1896ae9cd8fad269ae2236dd0e8b6?s=96&d=mm&r=g\",\"caption\":\"La redaction\"},\"url\":\"https:\/\/vosgesinfo.fr\/remiremontinfo\/author\/la-redaction\/\"}]}<\/script>\n<!-- \/ Yoast SEO plugin. -->","yoast_head_json":{"title":"S\u00e9ance exceptionnelle du dernier film de Gilles de Maistre \"Le Dernier Jaguar\" au cin\u00e9ma de Luxeuil-les-Bains en pr\u00e9sence du r\u00e9alisateur - Remiremont Info","robots":{"index":"index","follow":"follow","max-snippet":"max-snippet:-1","max-image-preview":"max-image-preview:large","max-video-preview":"max-video-preview:-1"},"canonical":"https:\/\/vosgesinfo.fr\/remiremontinfo\/2024\/02\/seance-exceptionnelle-du-dernier-film-de-gilles-de-maistre-le-dernier-jaguar-au-cinema-de-luxeuil-les-bains-en-presence-du-realisateur\/","twitter_card":"summary_large_image","twitter_title":"S\u00e9ance exceptionnelle du dernier film de Gilles de Maistre \"Le Dernier Jaguar\" au cin\u00e9ma de Luxeuil-les-Bains en pr\u00e9sence du r\u00e9alisateur - Remiremont Info","twitter_description":"S\u00e9ance exceptionnelle \u00ab\u00a0Le Dernier Jaguar\u00a0\u00bb au cin\u00e9ma de Luxeuil-les-Bains dimanche 11 f\u00e9vrier \u00e0 15h organis\u00e9e par le cin\u00e9ma de Plombi\u00e8res-les-Bains. [&hellip;]","twitter_image":"https:\/\/vosgesinfo.fr\/app\/uploads\/sites\/5\/2024\/02\/visuel-fb-le-dernier-jagaur-mod.jpg","twitter_creator":"@VosgesInfo88","twitter_site":"@VosgesInfo88","twitter_misc":{"\u00c9crit par":"La redaction","Dur\u00e9e de lecture estim\u00e9e":"1 minute"},"schema":{"@context":"https:\/\/schema.org","@graph":[{"@type":"Article","@id":"https:\/\/vosgesinfo.fr\/remiremontinfo\/2024\/02\/seance-exceptionnelle-du-dernier-film-de-gilles-de-maistre-le-dernier-jaguar-au-cinema-de-luxeuil-les-bains-en-presence-du-realisateur\/#article","isPartOf":{"@id":"https:\/\/vosgesinfo.fr\/remiremontinfo\/2024\/02\/seance-exceptionnelle-du-dernier-film-de-gilles-de-maistre-le-dernier-jaguar-au-cinema-de-luxeuil-les-bains-en-presence-du-realisateur\/"},"author":{"name":"La redaction","@id":"https:\/\/vosgesinfo.fr\/remiremontinfo\/#\/schema\/person\/27a3695b06db98895b354c0765cdfc31"},"headline":"S\u00e9ance exceptionnelle du dernier film de Gilles de Maistre \u00ab\u00a0Le Dernier Jaguar\u00a0\u00bb au cin\u00e9ma de Luxeuil-les-Bains en pr\u00e9sence du r\u00e9alisateur","datePublished":"2024-02-09T12:33:07+00:00","dateModified":"2024-02-13T17:23:53+00:00","mainEntityOfPage":{"@id":"https:\/\/vosgesinfo.fr\/remiremontinfo\/2024\/02\/seance-exceptionnelle-du-dernier-film-de-gilles-de-maistre-le-dernier-jaguar-au-cinema-de-luxeuil-les-bains-en-presence-du-realisateur\/"},"wordCount":210,"commentCount":0,"publisher":{"@id":"https:\/\/vosgesinfo.fr\/remiremontinfo\/#organization"},"image":{"@id":"https:\/\/vosgesinfo.fr\/remiremontinfo\/2024\/02\/seance-exceptionnelle-du-dernier-film-de-gilles-de-maistre-le-dernier-jaguar-au-cinema-de-luxeuil-les-bains-en-presence-du-realisateur\/#primaryimage"},"thumbnailUrl":"https:\/\/vosgesinfo.fr\/app\/uploads\/sites\/5\/2024\/02\/visuel-fb-le-dernier-jagaur-mod.jpg","keywords":["cinema","Cin\u00e9ma de Plombi\u00e8res-les-Bains","Film","Gilles de Maistre","Le Dernier Jaguar","Luxeuil-les-Bains"],"articleSection":["A la Une","Divertissement","Plombi\u00e8res-l\u00e8s-Bains"],"inLanguage":"fr-FR","potentialAction":[{"@type":"CommentAction","name":"Comment","target":["https:\/\/vosgesinfo.fr\/remiremontinfo\/2024\/02\/seance-exceptionnelle-du-dernier-film-de-gilles-de-maistre-le-dernier-jaguar-au-cinema-de-luxeuil-les-bains-en-presence-du-realisateur\/#respond"]}]},{"@type":"WebPage","@id":"https:\/\/vosgesinfo.fr\/remiremontinfo\/2024\/02\/seance-exceptionnelle-du-dernier-film-de-gilles-de-maistre-le-dernier-jaguar-au-cinema-de-luxeuil-les-bains-en-presence-du-realisateur\/","url":"https:\/\/vosgesinfo.fr\/remiremontinfo\/2024\/02\/seance-exceptionnelle-du-dernier-film-de-gilles-de-maistre-le-dernier-jaguar-au-cinema-de-luxeuil-les-bains-en-presence-du-realisateur\/","name":"S\u00e9ance exceptionnelle du dernier film de Gilles de Maistre \"Le Dernier Jaguar\" au cin\u00e9ma de Luxeuil-les-Bains en pr\u00e9sence du r\u00e9alisateur - Remiremont Info","isPartOf":{"@id":"https:\/\/vosgesinfo.fr\/remiremontinfo\/#website"},"primaryImageOfPage":{"@id":"https:\/\/vosgesinfo.fr\/remiremontinfo\/2024\/02\/seance-exceptionnelle-du-dernier-film-de-gilles-de-maistre-le-dernier-jaguar-au-cinema-de-luxeuil-les-bains-en-presence-du-realisateur\/#primaryimage"},"image":{"@id":"https:\/\/vosgesinfo.fr\/remiremontinfo\/2024\/02\/seance-exceptionnelle-du-dernier-film-de-gilles-de-maistre-le-dernier-jaguar-au-cinema-de-luxeuil-les-bains-en-presence-du-realisateur\/#primaryimage"},"thumbnailUrl":"https:\/\/vosgesinfo.fr\/app\/uploads\/sites\/5\/2024\/02\/visuel-fb-le-dernier-jagaur-mod.jpg","datePublished":"2024-02-09T12:33:07+00:00","dateModified":"2024-02-13T17:23:53+00:00","breadcrumb":{"@id":"https:\/\/vosgesinfo.fr\/remiremontinfo\/2024\/02\/seance-exceptionnelle-du-dernier-film-de-gilles-de-maistre-le-dernier-jaguar-au-cinema-de-luxeuil-les-bains-en-presence-du-realisateur\/#breadcrumb"},"inLanguage":"fr-FR","potentialAction":[{"@type":"ReadAction","target":["https:\/\/vosgesinfo.fr\/remiremontinfo\/2024\/02\/seance-exceptionnelle-du-dernier-film-de-gilles-de-maistre-le-dernier-jaguar-au-cinema-de-luxeuil-les-bains-en-presence-du-realisateur\/"]}]},{"@type":"ImageObject","inLanguage":"fr-FR","@id":"https:\/\/vosgesinfo.fr\/remiremontinfo\/2024\/02\/seance-exceptionnelle-du-dernier-film-de-gilles-de-maistre-le-dernier-jaguar-au-cinema-de-luxeuil-les-bains-en-presence-du-realisateur\/#primaryimage","url":"https:\/\/vosgesinfo.fr\/app\/uploads\/sites\/5\/2024\/02\/visuel-fb-le-dernier-jagaur-mod.jpg","contentUrl":"https:\/\/vosgesinfo.fr\/app\/uploads\/sites\/5\/2024\/02\/visuel-fb-le-dernier-jagaur-mod.jpg","width":2083,"height":1313},{"@type":"BreadcrumbList","@id":"https:\/\/vosgesinfo.fr\/remiremontinfo\/2024\/02\/seance-exceptionnelle-du-dernier-film-de-gilles-de-maistre-le-dernier-jaguar-au-cinema-de-luxeuil-les-bains-en-presence-du-realisateur\/#breadcrumb","itemListElement":[{"@type":"ListItem","position":1,"name":"Home","item":"https:\/\/vosgesinfo.fr\/remiremontinfo\/"},{"@type":"ListItem","position":2,"name":"S\u00e9ance exceptionnelle du dernier film de Gilles de Maistre \u00ab\u00a0Le Dernier Jaguar\u00a0\u00bb au cin\u00e9ma de Luxeuil-les-Bains en pr\u00e9sence du r\u00e9alisateur"}]},{"@type":"WebSite","@id":"https:\/\/vosgesinfo.fr\/remiremontinfo\/#website","url":"https:\/\/vosgesinfo.fr\/remiremontinfo\/","name":"Remiremont Info","description":"Toute l&#039;actualit\u00e9 de Remiremont","publisher":{"@id":"https:\/\/vosgesinfo.fr\/remiremontinfo\/#organization"},"alternateName":"Toute l'actualit\u00e9 de Remiremont","potentialAction":[{"@type":"SearchAction","target":{"@type":"EntryPoint","urlTemplate":"https:\/\/vosgesinfo.fr\/remiremontinfo\/?s={search_term_string}"},"query-input":"required name=search_term_string"}],"inLanguage":"fr-FR"},{"@type":"Organization","@id":"https:\/\/vosgesinfo.fr\/remiremontinfo\/#organization","name":"Remiremont Info","url":"https:\/\/vosgesinfo.fr\/remiremontinfo\/","logo":{"@type":"ImageObject","inLanguage":"fr-FR","@id":"https:\/\/vosgesinfo.fr\/remiremontinfo\/#\/schema\/logo\/image\/","url":"https:\/\/vosgesinfo.fr\/app\/uploads\/sites\/5\/2023\/08\/favicon-remiremontinfo.png","contentUrl":"https:\/\/vosgesinfo.fr\/app\/uploads\/sites\/5\/2023\/08\/favicon-remiremontinfo.png","width":512,"height":512,"caption":"Remiremont Info"},"image":{"@id":"https:\/\/vosgesinfo.fr\/remiremontinfo\/#\/schema\/logo\/image\/"},"sameAs":["https:\/\/www.facebook.com\/remiremontinfo","https:\/\/x.com\/VosgesInfo88","https:\/\/www.youtube.com\/@vosgesinfo"]},{"@type":"Person","@id":"https:\/\/vosgesinfo.fr\/remiremontinfo\/#\/schema\/person\/27a3695b06db98895b354c0765cdfc31","name":"La redaction","image":{"@type":"ImageObject","inLanguage":"fr-FR","@id":"https:\/\/vosgesinfo.fr\/remiremontinfo\/#\/schema\/person\/image\/","url":"https:\/\/secure.gravatar.com\/avatar\/64c76a78e501cedee55736f43f332df901e1896ae9cd8fad269ae2236dd0e8b6?s=96&d=mm&r=g","contentUrl":"https:\/\/secure.gravatar.com\/avatar\/64c76a78e501cedee55736f43f332df901e1896ae9cd8fad269ae2236dd0e8b6?s=96&d=mm&r=g","caption":"La redaction"},"url":"https:\/\/vosgesinfo.fr\/remiremontinfo\/author\/la-redaction\/"}]}},"_links":{"self":[{"href":"https:\/\/vosgesinfo.fr\/remiremontinfo\/wp-json\/wp\/v2\/posts\/4273","targetHints":{"allow":["GET"]}}],"collection":[{"href":"https:\/\/vosgesinfo.fr\/remiremontinfo\/wp-json\/wp\/v2\/posts"}],"about":[{"href":"https:\/\/vosgesinfo.fr\/remiremontinfo\/wp-json\/wp\/v2\/types\/post"}],"author":[{"embeddable":true,"href":"https:\/\/vosgesinfo.fr\/remiremontinfo\/wp-json\/wp\/v2\/users\/391"}],"replies":[{"embeddable":true,"href":"https:\/\/vosgesinfo.fr\/remiremontinfo\/wp-json\/wp\/v2\/comments?post=4273"}],"version-history":[{"count":1,"href":"https:\/\/vosgesinfo.fr\/remiremontinfo\/wp-json\/wp\/v2\/posts\/4273\/revisions"}],"predecessor-version":[{"id":4275,"href":"https:\/\/vosgesinfo.fr\/remiremontinfo\/wp-json\/wp\/v2\/posts\/4273\/revisions\/4275"}],"wp:featuredmedia":[{"embeddable":true,"href":"https:\/\/vosgesinfo.fr\/remiremontinfo\/wp-json\/wp\/v2\/media\/4274"}],"wp:attachment":[{"href":"https:\/\/vosgesinfo.fr\/remiremontinfo\/wp-json\/wp\/v2\/media?parent=4273"}],"wp:term":[{"taxonomy":"category","embeddable":true,"href":"https:\/\/vosgesinfo.fr\/remiremontinfo\/wp-json\/wp\/v2\/categories?post=4273"},{"taxonomy":"post_tag","embeddable":true,"href":"https:\/\/vosgesinfo.fr\/remiremontinfo\/wp-json\/wp\/v2\/tags?post=4273"}],"curies":[{"name":"wp","href":"https:\/\/api.w.org\/{rel}","templated":true}]}}