{"id":42989,"date":"2021-07-07T07:13:32","date_gmt":"2021-07-07T05:13:32","guid":{"rendered":"https:\/\/vosgesinfo.fr\/remiremontinfo\/2021\/07\/vosges-nouveau-drapeau-corps-departemental-sapeurs-pompiers\/"},"modified":"2021-07-07T07:13:32","modified_gmt":"2021-07-07T05:13:32","slug":"vosges-nouveau-drapeau-corps-departemental-sapeurs-pompiers","status":"publish","type":"post","link":"https:\/\/vosgesinfo.fr\/remiremontinfo\/2021\/07\/vosges-nouveau-drapeau-corps-departemental-sapeurs-pompiers\/","title":{"rendered":"Vosges\u00a0: un nouveau drapeau pour le corps d\u00e9partemental de sapeurs-pompiers"},"content":{"rendered":"<p>&nbsp;<\/p>\n\n<h2><span style=\"font-size: 12pt;\"><strong>Le corps d\u00e9partemental des sapeurs-pompiers des Vosges a d\u00e9sormais un nouveau drapeau. Le drapeau pr\u00e9c\u00e9dent, ab\u00eem\u00e9 par le temps, a \u00e9t\u00e9 remplac\u00e9. Il a repr\u00e9sent\u00e9 pendant 30 ans le collectif pour les moments de joie, de fraternit\u00e9, de gloire et de peine. Ce mardi, \u00e0 l&rsquo;occasion de la c\u00e9r\u00e9monie de remplacement, les corps d\u00e9partemental a \u00e9galement re\u00e7u une m\u00e9daille d&rsquo;honneur\u00a0pour acte de courage et d\u00e9vouement \u00e9chelon vermeil.<\/strong><\/span><\/h2>\n<p>Le drapeau a notamment re\u00e7u en 2000 la m\u00e9daille pour actes de courage et d\u00e9vouement, \u00e9chelon argent de 1\u00e8re classe, d\u00e9cern\u00e9e par le ministre de l&rsquo;Int\u00e9rieur pour r\u00e9compenser le comportement et l&rsquo;engagement exemplaires des sapeurs-pompiers vosgiens lors des op\u00e9rations qui ont suivi la temp\u00eate meurtri\u00e8re du 26 d\u00e9cembre 1999 et a accompagn\u00e9 la derni\u00e8re marche de 7 sapeurs pompiers. Le nouveau drapeau respecte les normes du D\u00e9cret n\u00b02001-108 du 6 f\u00e9vrier 2001 qui fixe l&rsquo;attribution d&rsquo;un drapeau \u00e0 chaque corps d\u00e9partemental de sapeurs-pompiers et sa composition au m\u00eame titre que les drapeaux de r\u00e9giment. Les inscriptions sur le nouveau drapeau sont les suivantes. Sur l&rsquo;avers : \u00ab\u00a0R\u00e9publique Fran\u00e7aise Corps d\u00e9partemental de sapeurs-pompiers des Vosges\u00a0\u00bb. Sur le revers, la devise des sapeurs-pompiers de France : \u00ab Courage et D\u00e9vouement\u00a0\u00bb.<\/p>\n<p>En 2020, la m\u00e9daille pour acte de courage et d\u00e9vouement \u00e9chelon vermeil a \u00e9t\u00e9 attribu\u00e9e au corps d\u00e9partemental de sapeurs-pompiers des Vosges. Ce mardi a eu lieu la remise officielle de cette d\u00e9coration par Yves S\u00e9guy, Pr\u00e9fet des Vosges, au nom du ministre de l&rsquo;Int\u00e9rieur. Cette m\u00e9daille rejoint les d\u00e9corations d\u00e9j\u00e0 port\u00e9es par le drapeau\u00a0: La m\u00e9daille pour acte de courage et d\u00e9vouement \u00e9chelon argent de 1\u00e8re classe, et 3 m\u00e9dailles plus anciennes h\u00e9rit\u00e9es des anciens corps dissous : \u00c9pinal le 6 mars 1946, Saint-Di\u00e9 le 24 novembre 1946, Remiremont le 15 f\u00e9vrier 1995. A partir de maintenant, les sapeurs-pompiers qui ont personnellement particip\u00e9 aux actions r\u00e9compens\u00e9es par cette m\u00e9daille collective porteront la fourrag\u00e8re tricolore \u00e0 titre individuel comme c&rsquo;\u00e9tait d\u00e9j\u00e0 le cas pour les d\u00e9corations pr\u00e9c\u00e9dentes, avec ajout de l&rsquo;insigne du corps en r\u00e9duction sur le cordon de la fourrag\u00e8re.<\/p>\n\n","protected":false},"excerpt":{"rendered":"<p>&nbsp; Le corps d\u00e9partemental des sapeurs-pompiers des Vosges a d\u00e9sormais un nouveau drapeau. Le drapeau pr\u00e9c\u00e9dent, ab\u00eem\u00e9 par le temps, [&hellip;]<\/p>\n","protected":false},"author":407,"featured_media":42990,"comment_status":"open","ping_status":"open","sticky":false,"template":"","format":"standard","meta":{"footnotes":""},"categories":[26,18],"tags":[],"class_list":["post-42989","post","type-post","status-publish","format-standard","has-post-thumbnail","hentry","category-a-la-une","category-vosges"],"acf":[],"yoast_head":"<!-- This site is optimized with the Yoast SEO plugin v22.5 - https:\/\/yoast.com\/wordpress\/plugins\/seo\/ -->\n<title>Vosges\u00a0: un nouveau drapeau pour le corps d\u00e9partemental de sapeurs-pompiers - Remiremont Info<\/title>\n<meta name=\"robots\" content=\"index, follow, max-snippet:-1, max-image-preview:large, max-video-preview:-1\" \/>\n<link rel=\"canonical\" href=\"https:\/\/vosgesinfo.fr\/remiremontinfo\/2021\/07\/vosges-nouveau-drapeau-corps-departemental-sapeurs-pompiers\/\" \/>\n<meta name=\"twitter:card\" content=\"summary_large_image\" \/>\n<meta name=\"twitter:title\" content=\"Vosges\u00a0: un nouveau drapeau pour le corps d\u00e9partemental de sapeurs-pompiers - Remiremont Info\" \/>\n<meta name=\"twitter:description\" content=\"&nbsp; Le corps d\u00e9partemental des sapeurs-pompiers des Vosges a d\u00e9sormais un nouveau drapeau. Le drapeau pr\u00e9c\u00e9dent, ab\u00eem\u00e9 par le temps, [&hellip;]\" \/>\n<meta name=\"twitter:image\" content=\"https:\/\/vosgesinfo.fr\/app\/uploads\/sites\/5\/2024\/09\/202107dsc-16591.jpg\" \/>\n<meta name=\"twitter:creator\" content=\"@VosgesInfo88\" \/>\n<meta name=\"twitter:site\" content=\"@VosgesInfo88\" \/>\n<meta name=\"twitter:label1\" content=\"\u00c9crit par\" \/>\n\t<meta name=\"twitter:data1\" content=\"C D\" \/>\n\t<meta name=\"twitter:label2\" content=\"Dur\u00e9e de lecture estim\u00e9e\" \/>\n\t<meta name=\"twitter:data2\" content=\"2 minutes\" \/>\n<script type=\"application\/ld+json\" class=\"yoast-schema-graph\">{\"@context\":\"https:\/\/schema.org\",\"@graph\":[{\"@type\":\"Article\",\"@id\":\"https:\/\/vosgesinfo.fr\/remiremontinfo\/2021\/07\/vosges-nouveau-drapeau-corps-departemental-sapeurs-pompiers\/#article\",\"isPartOf\":{\"@id\":\"https:\/\/vosgesinfo.fr\/remiremontinfo\/2021\/07\/vosges-nouveau-drapeau-corps-departemental-sapeurs-pompiers\/\"},\"author\":{\"name\":\"C D\",\"@id\":\"https:\/\/vosgesinfo.fr\/remiremontinfo\/#\/schema\/person\/3bfd164d5218a185b1db68655a265316\"},\"headline\":\"Vosges\u00a0: un nouveau drapeau pour le corps d\u00e9partemental de sapeurs-pompiers\",\"datePublished\":\"2021-07-07T05:13:32+00:00\",\"dateModified\":\"2021-07-07T05:13:32+00:00\",\"mainEntityOfPage\":{\"@id\":\"https:\/\/vosgesinfo.fr\/remiremontinfo\/2021\/07\/vosges-nouveau-drapeau-corps-departemental-sapeurs-pompiers\/\"},\"wordCount\":415,\"commentCount\":0,\"publisher\":{\"@id\":\"https:\/\/vosgesinfo.fr\/remiremontinfo\/#organization\"},\"image\":{\"@id\":\"https:\/\/vosgesinfo.fr\/remiremontinfo\/2021\/07\/vosges-nouveau-drapeau-corps-departemental-sapeurs-pompiers\/#primaryimage\"},\"thumbnailUrl\":\"https:\/\/vosgesinfo.fr\/app\/uploads\/sites\/5\/2024\/09\/202107dsc-16591.jpg\",\"articleSection\":[\"A la Une\",\"Vosges\"],\"inLanguage\":\"fr-FR\",\"potentialAction\":[{\"@type\":\"CommentAction\",\"name\":\"Comment\",\"target\":[\"https:\/\/vosgesinfo.fr\/remiremontinfo\/2021\/07\/vosges-nouveau-drapeau-corps-departemental-sapeurs-pompiers\/#respond\"]}]},{\"@type\":\"WebPage\",\"@id\":\"https:\/\/vosgesinfo.fr\/remiremontinfo\/2021\/07\/vosges-nouveau-drapeau-corps-departemental-sapeurs-pompiers\/\",\"url\":\"https:\/\/vosgesinfo.fr\/remiremontinfo\/2021\/07\/vosges-nouveau-drapeau-corps-departemental-sapeurs-pompiers\/\",\"name\":\"Vosges\u00a0: un nouveau drapeau pour le corps d\u00e9partemental de sapeurs-pompiers - Remiremont Info\",\"isPartOf\":{\"@id\":\"https:\/\/vosgesinfo.fr\/remiremontinfo\/#website\"},\"primaryImageOfPage\":{\"@id\":\"https:\/\/vosgesinfo.fr\/remiremontinfo\/2021\/07\/vosges-nouveau-drapeau-corps-departemental-sapeurs-pompiers\/#primaryimage\"},\"image\":{\"@id\":\"https:\/\/vosgesinfo.fr\/remiremontinfo\/2021\/07\/vosges-nouveau-drapeau-corps-departemental-sapeurs-pompiers\/#primaryimage\"},\"thumbnailUrl\":\"https:\/\/vosgesinfo.fr\/app\/uploads\/sites\/5\/2024\/09\/202107dsc-16591.jpg\",\"datePublished\":\"2021-07-07T05:13:32+00:00\",\"dateModified\":\"2021-07-07T05:13:32+00:00\",\"breadcrumb\":{\"@id\":\"https:\/\/vosgesinfo.fr\/remiremontinfo\/2021\/07\/vosges-nouveau-drapeau-corps-departemental-sapeurs-pompiers\/#breadcrumb\"},\"inLanguage\":\"fr-FR\",\"potentialAction\":[{\"@type\":\"ReadAction\",\"target\":[\"https:\/\/vosgesinfo.fr\/remiremontinfo\/2021\/07\/vosges-nouveau-drapeau-corps-departemental-sapeurs-pompiers\/\"]}]},{\"@type\":\"ImageObject\",\"inLanguage\":\"fr-FR\",\"@id\":\"https:\/\/vosgesinfo.fr\/remiremontinfo\/2021\/07\/vosges-nouveau-drapeau-corps-departemental-sapeurs-pompiers\/#primaryimage\",\"url\":\"https:\/\/vosgesinfo.fr\/app\/uploads\/sites\/5\/2024\/09\/202107dsc-16591.jpg\",\"contentUrl\":\"https:\/\/vosgesinfo.fr\/app\/uploads\/sites\/5\/2024\/09\/202107dsc-16591.jpg\",\"width\":800,\"height\":532},{\"@type\":\"BreadcrumbList\",\"@id\":\"https:\/\/vosgesinfo.fr\/remiremontinfo\/2021\/07\/vosges-nouveau-drapeau-corps-departemental-sapeurs-pompiers\/#breadcrumb\",\"itemListElement\":[{\"@type\":\"ListItem\",\"position\":1,\"name\":\"Home\",\"item\":\"https:\/\/vosgesinfo.fr\/remiremontinfo\/\"},{\"@type\":\"ListItem\",\"position\":2,\"name\":\"Vosges\u00a0: un nouveau drapeau pour le corps d\u00e9partemental de sapeurs-pompiers\"}]},{\"@type\":\"WebSite\",\"@id\":\"https:\/\/vosgesinfo.fr\/remiremontinfo\/#website\",\"url\":\"https:\/\/vosgesinfo.fr\/remiremontinfo\/\",\"name\":\"Remiremont Info\",\"description\":\"Toute l&#039;actualit\u00e9 de Remiremont\",\"publisher\":{\"@id\":\"https:\/\/vosgesinfo.fr\/remiremontinfo\/#organization\"},\"alternateName\":\"Toute l'actualit\u00e9 de Remiremont\",\"potentialAction\":[{\"@type\":\"SearchAction\",\"target\":{\"@type\":\"EntryPoint\",\"urlTemplate\":\"https:\/\/vosgesinfo.fr\/remiremontinfo\/?s={search_term_string}\"},\"query-input\":\"required name=search_term_string\"}],\"inLanguage\":\"fr-FR\"},{\"@type\":\"Organization\",\"@id\":\"https:\/\/vosgesinfo.fr\/remiremontinfo\/#organization\",\"name\":\"Remiremont Info\",\"url\":\"https:\/\/vosgesinfo.fr\/remiremontinfo\/\",\"logo\":{\"@type\":\"ImageObject\",\"inLanguage\":\"fr-FR\",\"@id\":\"https:\/\/vosgesinfo.fr\/remiremontinfo\/#\/schema\/logo\/image\/\",\"url\":\"https:\/\/vosgesinfo.fr\/app\/uploads\/sites\/5\/2023\/08\/favicon-remiremontinfo.png\",\"contentUrl\":\"https:\/\/vosgesinfo.fr\/app\/uploads\/sites\/5\/2023\/08\/favicon-remiremontinfo.png\",\"width\":512,\"height\":512,\"caption\":\"Remiremont Info\"},\"image\":{\"@id\":\"https:\/\/vosgesinfo.fr\/remiremontinfo\/#\/schema\/logo\/image\/\"},\"sameAs\":[\"https:\/\/www.facebook.com\/remiremontinfo\",\"https:\/\/x.com\/VosgesInfo88\",\"https:\/\/www.youtube.com\/@vosgesinfo\"]},{\"@type\":\"Person\",\"@id\":\"https:\/\/vosgesinfo.fr\/remiremontinfo\/#\/schema\/person\/3bfd164d5218a185b1db68655a265316\",\"name\":\"C D\",\"image\":{\"@type\":\"ImageObject\",\"inLanguage\":\"fr-FR\",\"@id\":\"https:\/\/vosgesinfo.fr\/remiremontinfo\/#\/schema\/person\/image\/\",\"url\":\"https:\/\/secure.gravatar.com\/avatar\/1f9a70007336511a47468b8f1c66f922b8b7cf617b02a31149ada43893a5d48f?s=96&d=mm&r=g\",\"contentUrl\":\"https:\/\/secure.gravatar.com\/avatar\/1f9a70007336511a47468b8f1c66f922b8b7cf617b02a31149ada43893a5d48f?s=96&d=mm&r=g\",\"caption\":\"C D\"},\"url\":\"https:\/\/vosgesinfo.fr\/remiremontinfo\/author\/cedric-drevet\/\"}]}<\/script>\n<!-- \/ Yoast SEO plugin. -->","yoast_head_json":{"title":"Vosges\u00a0: un nouveau drapeau pour le corps d\u00e9partemental de sapeurs-pompiers - Remiremont Info","robots":{"index":"index","follow":"follow","max-snippet":"max-snippet:-1","max-image-preview":"max-image-preview:large","max-video-preview":"max-video-preview:-1"},"canonical":"https:\/\/vosgesinfo.fr\/remiremontinfo\/2021\/07\/vosges-nouveau-drapeau-corps-departemental-sapeurs-pompiers\/","twitter_card":"summary_large_image","twitter_title":"Vosges\u00a0: un nouveau drapeau pour le corps d\u00e9partemental de sapeurs-pompiers - Remiremont Info","twitter_description":"&nbsp; Le corps d\u00e9partemental des sapeurs-pompiers des Vosges a d\u00e9sormais un nouveau drapeau. Le drapeau pr\u00e9c\u00e9dent, ab\u00eem\u00e9 par le temps, [&hellip;]","twitter_image":"https:\/\/vosgesinfo.fr\/app\/uploads\/sites\/5\/2024\/09\/202107dsc-16591.jpg","twitter_creator":"@VosgesInfo88","twitter_site":"@VosgesInfo88","twitter_misc":{"\u00c9crit par":"C D","Dur\u00e9e de lecture estim\u00e9e":"2 minutes"},"schema":{"@context":"https:\/\/schema.org","@graph":[{"@type":"Article","@id":"https:\/\/vosgesinfo.fr\/remiremontinfo\/2021\/07\/vosges-nouveau-drapeau-corps-departemental-sapeurs-pompiers\/#article","isPartOf":{"@id":"https:\/\/vosgesinfo.fr\/remiremontinfo\/2021\/07\/vosges-nouveau-drapeau-corps-departemental-sapeurs-pompiers\/"},"author":{"name":"C D","@id":"https:\/\/vosgesinfo.fr\/remiremontinfo\/#\/schema\/person\/3bfd164d5218a185b1db68655a265316"},"headline":"Vosges\u00a0: un nouveau drapeau pour le corps d\u00e9partemental de sapeurs-pompiers","datePublished":"2021-07-07T05:13:32+00:00","dateModified":"2021-07-07T05:13:32+00:00","mainEntityOfPage":{"@id":"https:\/\/vosgesinfo.fr\/remiremontinfo\/2021\/07\/vosges-nouveau-drapeau-corps-departemental-sapeurs-pompiers\/"},"wordCount":415,"commentCount":0,"publisher":{"@id":"https:\/\/vosgesinfo.fr\/remiremontinfo\/#organization"},"image":{"@id":"https:\/\/vosgesinfo.fr\/remiremontinfo\/2021\/07\/vosges-nouveau-drapeau-corps-departemental-sapeurs-pompiers\/#primaryimage"},"thumbnailUrl":"https:\/\/vosgesinfo.fr\/app\/uploads\/sites\/5\/2024\/09\/202107dsc-16591.jpg","articleSection":["A la Une","Vosges"],"inLanguage":"fr-FR","potentialAction":[{"@type":"CommentAction","name":"Comment","target":["https:\/\/vosgesinfo.fr\/remiremontinfo\/2021\/07\/vosges-nouveau-drapeau-corps-departemental-sapeurs-pompiers\/#respond"]}]},{"@type":"WebPage","@id":"https:\/\/vosgesinfo.fr\/remiremontinfo\/2021\/07\/vosges-nouveau-drapeau-corps-departemental-sapeurs-pompiers\/","url":"https:\/\/vosgesinfo.fr\/remiremontinfo\/2021\/07\/vosges-nouveau-drapeau-corps-departemental-sapeurs-pompiers\/","name":"Vosges\u00a0: un nouveau drapeau pour le corps d\u00e9partemental de sapeurs-pompiers - Remiremont Info","isPartOf":{"@id":"https:\/\/vosgesinfo.fr\/remiremontinfo\/#website"},"primaryImageOfPage":{"@id":"https:\/\/vosgesinfo.fr\/remiremontinfo\/2021\/07\/vosges-nouveau-drapeau-corps-departemental-sapeurs-pompiers\/#primaryimage"},"image":{"@id":"https:\/\/vosgesinfo.fr\/remiremontinfo\/2021\/07\/vosges-nouveau-drapeau-corps-departemental-sapeurs-pompiers\/#primaryimage"},"thumbnailUrl":"https:\/\/vosgesinfo.fr\/app\/uploads\/sites\/5\/2024\/09\/202107dsc-16591.jpg","datePublished":"2021-07-07T05:13:32+00:00","dateModified":"2021-07-07T05:13:32+00:00","breadcrumb":{"@id":"https:\/\/vosgesinfo.fr\/remiremontinfo\/2021\/07\/vosges-nouveau-drapeau-corps-departemental-sapeurs-pompiers\/#breadcrumb"},"inLanguage":"fr-FR","potentialAction":[{"@type":"ReadAction","target":["https:\/\/vosgesinfo.fr\/remiremontinfo\/2021\/07\/vosges-nouveau-drapeau-corps-departemental-sapeurs-pompiers\/"]}]},{"@type":"ImageObject","inLanguage":"fr-FR","@id":"https:\/\/vosgesinfo.fr\/remiremontinfo\/2021\/07\/vosges-nouveau-drapeau-corps-departemental-sapeurs-pompiers\/#primaryimage","url":"https:\/\/vosgesinfo.fr\/app\/uploads\/sites\/5\/2024\/09\/202107dsc-16591.jpg","contentUrl":"https:\/\/vosgesinfo.fr\/app\/uploads\/sites\/5\/2024\/09\/202107dsc-16591.jpg","width":800,"height":532},{"@type":"BreadcrumbList","@id":"https:\/\/vosgesinfo.fr\/remiremontinfo\/2021\/07\/vosges-nouveau-drapeau-corps-departemental-sapeurs-pompiers\/#breadcrumb","itemListElement":[{"@type":"ListItem","position":1,"name":"Home","item":"https:\/\/vosgesinfo.fr\/remiremontinfo\/"},{"@type":"ListItem","position":2,"name":"Vosges\u00a0: un nouveau drapeau pour le corps d\u00e9partemental de sapeurs-pompiers"}]},{"@type":"WebSite","@id":"https:\/\/vosgesinfo.fr\/remiremontinfo\/#website","url":"https:\/\/vosgesinfo.fr\/remiremontinfo\/","name":"Remiremont Info","description":"Toute l&#039;actualit\u00e9 de Remiremont","publisher":{"@id":"https:\/\/vosgesinfo.fr\/remiremontinfo\/#organization"},"alternateName":"Toute l'actualit\u00e9 de Remiremont","potentialAction":[{"@type":"SearchAction","target":{"@type":"EntryPoint","urlTemplate":"https:\/\/vosgesinfo.fr\/remiremontinfo\/?s={search_term_string}"},"query-input":"required name=search_term_string"}],"inLanguage":"fr-FR"},{"@type":"Organization","@id":"https:\/\/vosgesinfo.fr\/remiremontinfo\/#organization","name":"Remiremont Info","url":"https:\/\/vosgesinfo.fr\/remiremontinfo\/","logo":{"@type":"ImageObject","inLanguage":"fr-FR","@id":"https:\/\/vosgesinfo.fr\/remiremontinfo\/#\/schema\/logo\/image\/","url":"https:\/\/vosgesinfo.fr\/app\/uploads\/sites\/5\/2023\/08\/favicon-remiremontinfo.png","contentUrl":"https:\/\/vosgesinfo.fr\/app\/uploads\/sites\/5\/2023\/08\/favicon-remiremontinfo.png","width":512,"height":512,"caption":"Remiremont Info"},"image":{"@id":"https:\/\/vosgesinfo.fr\/remiremontinfo\/#\/schema\/logo\/image\/"},"sameAs":["https:\/\/www.facebook.com\/remiremontinfo","https:\/\/x.com\/VosgesInfo88","https:\/\/www.youtube.com\/@vosgesinfo"]},{"@type":"Person","@id":"https:\/\/vosgesinfo.fr\/remiremontinfo\/#\/schema\/person\/3bfd164d5218a185b1db68655a265316","name":"C D","image":{"@type":"ImageObject","inLanguage":"fr-FR","@id":"https:\/\/vosgesinfo.fr\/remiremontinfo\/#\/schema\/person\/image\/","url":"https:\/\/secure.gravatar.com\/avatar\/1f9a70007336511a47468b8f1c66f922b8b7cf617b02a31149ada43893a5d48f?s=96&d=mm&r=g","contentUrl":"https:\/\/secure.gravatar.com\/avatar\/1f9a70007336511a47468b8f1c66f922b8b7cf617b02a31149ada43893a5d48f?s=96&d=mm&r=g","caption":"C D"},"url":"https:\/\/vosgesinfo.fr\/remiremontinfo\/author\/cedric-drevet\/"}]}},"_links":{"self":[{"href":"https:\/\/vosgesinfo.fr\/remiremontinfo\/wp-json\/wp\/v2\/posts\/42989","targetHints":{"allow":["GET"]}}],"collection":[{"href":"https:\/\/vosgesinfo.fr\/remiremontinfo\/wp-json\/wp\/v2\/posts"}],"about":[{"href":"https:\/\/vosgesinfo.fr\/remiremontinfo\/wp-json\/wp\/v2\/types\/post"}],"author":[{"embeddable":true,"href":"https:\/\/vosgesinfo.fr\/remiremontinfo\/wp-json\/wp\/v2\/users\/407"}],"replies":[{"embeddable":true,"href":"https:\/\/vosgesinfo.fr\/remiremontinfo\/wp-json\/wp\/v2\/comments?post=42989"}],"version-history":[{"count":0,"href":"https:\/\/vosgesinfo.fr\/remiremontinfo\/wp-json\/wp\/v2\/posts\/42989\/revisions"}],"wp:featuredmedia":[{"embeddable":true,"href":"https:\/\/vosgesinfo.fr\/remiremontinfo\/wp-json\/wp\/v2\/media\/42990"}],"wp:attachment":[{"href":"https:\/\/vosgesinfo.fr\/remiremontinfo\/wp-json\/wp\/v2\/media?parent=42989"}],"wp:term":[{"taxonomy":"category","embeddable":true,"href":"https:\/\/vosgesinfo.fr\/remiremontinfo\/wp-json\/wp\/v2\/categories?post=42989"},{"taxonomy":"post_tag","embeddable":true,"href":"https:\/\/vosgesinfo.fr\/remiremontinfo\/wp-json\/wp\/v2\/tags?post=42989"}],"curies":[{"name":"wp","href":"https:\/\/api.w.org\/{rel}","templated":true}]}}