{"id":43099,"date":"2021-07-08T07:11:39","date_gmt":"2021-07-08T05:11:39","guid":{"rendered":"https:\/\/vosgesinfo.fr\/remiremontinfo\/2021\/07\/resonuances-naissance-dun-nouveau-festival-hautes-vosges\/"},"modified":"2021-07-08T07:11:39","modified_gmt":"2021-07-08T05:11:39","slug":"resonuances-naissance-dun-nouveau-festival-hautes-vosges","status":"publish","type":"post","link":"https:\/\/vosgesinfo.fr\/remiremontinfo\/2021\/07\/resonuances-naissance-dun-nouveau-festival-hautes-vosges\/","title":{"rendered":"r\u00e9soNuances : naissance d&rsquo;un nouveau festival dans les Hautes Vosges !"},"content":{"rendered":"<p style=\"text-align: center;\"><a href=\"\/2021\/07\/13.jpg\"><img decoding=\"async\" class=\"alignnone size-full wp-image-321287\" src=\"\/2021\/07\/13.jpg\" alt=\"1\" width=\"566\" height=\"800\" \/><\/a><\/p>\n<p>1,2,3, c\u2019est parti ! Solo, Duo, Trio, soit 9 artistes de talents : c\u2019est ce que vous propose le nouveau Festival de musique r\u00e9soNuances qui vient de na\u00eetre dans les Vosges.<\/p>\n<p>Le Festival r\u00e9soNuances est n\u00e9 de la rencontre entre un musicien et un jardin&#8230;<\/p>\n<p>Et\u00e9 2020, Stann Duguet donne un concert avec son ensemble Shams, au milieu des camomilles, alch\u00e9milles et mauves du jardin Chapeau de Paille et Bottes de Pluie, \u00e0 Le Tholy.<\/p>\n<p>Public, artistes et ses h\u00f4tes sont conquis par la po\u00e9sie du moment qui ne donne qu\u2019une envie : r\u00e9p\u00e9ter et partager l\u2019aventure !<\/p>\n<p>Et\u00e9 2021, du 20 juillet au 27 ao\u00fbt, amateurs de musique et propri\u00e9taires de jardin et la petite \u00e9quipe de b\u00e9n\u00e9voles motiv\u00e9s de la nouvelle association r\u00e9so-Nuances vous proposent la premi\u00e8re \u00e9dition du festival :<\/p>\n<p style=\"text-align: center;\"><strong>16 concerts dans 8 jardins des Vosges<\/strong><\/p>\n<p style=\"text-align: center;\"><strong>9 artistes \u00e0 d\u00e9couvrir<\/strong><\/p>\n<p style=\"text-align: center;\"><strong>Une invitation au voyage \u00e0 d\u00e9couvrir sans plus attendre !<\/strong><\/p>\n<p>Durant tout l\u2019\u00e9t\u00e9, le festival proposera au public, une exp\u00e9rience musicale insolite, en pleine nature, dans des jardins ou des lieux \u00e0 d\u00e9couvrir portant des projets \u00e0 vocation sociale, culturelle ou environnementale situ\u00e9s dans le p\u00e9rim\u00e8tre des Hautes Vosges.<\/p>\n<p>Il permettra ainsi de rendre accessible la culture au plus grand nombre en sortant des lieux habituels au plus proche des habitants.<\/p>\n<p>Pour cette premi\u00e8re \u00e9dition , le festival vous propose de d\u00e9couvrir des artistes r\u00e9gionaux ainsi que des artistes de renom dans leur domaine qui vous feront voyager dans leurs univers respectifs souvent inspir\u00e9s des musiques du monde et dans des registres aussi vari\u00e9s que le classique, le jazz, la country, le folk, le rock, ou encore le flamenco ou la musique br\u00e9silienne&#8230; Bref, une v\u00e9ritable invitation au voyage, entre compositions originales et improvisations.<\/p>\n<p>Le festival \u00e0 aussi pour vocation de soutenir la culture, et en particulier les musiciens, dans un contexte difficile, en offrant de nouvelles possibilit\u00e9s de se produire, en cr\u00e9ant des liens entre le public, les territoires et des porteurs de projets partageant des valeurs communes.<\/p>\n<p>Il s\u2019adresse \u00e0 un large public, local ou de passage, en proposant des tarifs accessibles tout en permettant de r\u00e9mun\u00e9rer les artistes \u00e0 leur juste valeur.<\/p>\n<p>&#8211;\u00a0Suivre l\u2019actualit\u00e9 du festival :<br \/>\nFacebook : FestivalResonuances<\/p>\n<p>&#8211;\u00a0Soutenir l\u2019association et acc\u00e9der \u00e0 la billetterie en ligne :<\/p>\n<p>www.helloasso.com<br \/>\nrechercher \u00ab Festival R\u00e9sonNuances<\/p>\n<p style=\"text-align: center;\"><a href=\"\/2021\/07\/dossier-presse-resoNuances-page-007.jpg\"><img decoding=\"async\" class=\"alignnone size-full wp-image-321289\" src=\"\/2021\/07\/dossier-presse-resoNuances-page-007.jpg\" alt=\"dossier presse resoNuances-page-007\" width=\"566\" height=\"800\" \/><\/a><\/p>\n<p style=\"text-align: center;\"><a href=\"\/2021\/07\/dossier-presse-resoNuances-page-008.jpg\"><img decoding=\"async\" class=\"alignnone size-full wp-image-321290\" src=\"\/2021\/07\/dossier-presse-resoNuances-page-008.jpg\" alt=\"dossier presse resoNuances-page-008\" width=\"566\" height=\"800\" \/><\/a><\/p>\n","protected":false},"excerpt":{"rendered":"<p>1,2,3, c\u2019est parti ! Solo, Duo, Trio, soit 9 artistes de talents : c\u2019est ce que vous propose le nouveau [&hellip;]<\/p>\n","protected":false},"author":407,"featured_media":43100,"comment_status":"open","ping_status":"open","sticky":false,"template":"","format":"standard","meta":{"footnotes":""},"categories":[26,4,18],"tags":[],"class_list":["post-43099","post","type-post","status-publish","format-standard","has-post-thumbnail","hentry","category-a-la-une","category-culture","category-vosges"],"acf":[],"yoast_head":"<!-- This site is optimized with the Yoast SEO plugin v22.5 - https:\/\/yoast.com\/wordpress\/plugins\/seo\/ -->\n<title>r\u00e9soNuances : naissance d&#039;un nouveau festival dans les Hautes Vosges ! - Remiremont Info<\/title>\n<meta name=\"robots\" content=\"index, follow, max-snippet:-1, max-image-preview:large, max-video-preview:-1\" \/>\n<link rel=\"canonical\" href=\"https:\/\/vosgesinfo.fr\/remiremontinfo\/2021\/07\/resonuances-naissance-dun-nouveau-festival-hautes-vosges\/\" \/>\n<meta name=\"twitter:card\" content=\"summary_large_image\" \/>\n<meta name=\"twitter:title\" content=\"r\u00e9soNuances : naissance d&#039;un nouveau festival dans les Hautes Vosges ! - Remiremont Info\" \/>\n<meta name=\"twitter:description\" content=\"1,2,3, c\u2019est parti ! Solo, Duo, Trio, soit 9 artistes de talents : c\u2019est ce que vous propose le nouveau [&hellip;]\" \/>\n<meta name=\"twitter:image\" content=\"https:\/\/vosgesinfo.fr\/app\/uploads\/sites\/5\/2024\/09\/20210711.png\" \/>\n<meta name=\"twitter:creator\" content=\"@VosgesInfo88\" \/>\n<meta name=\"twitter:site\" content=\"@VosgesInfo88\" \/>\n<meta name=\"twitter:label1\" content=\"\u00c9crit par\" \/>\n\t<meta name=\"twitter:data1\" content=\"C D\" \/>\n\t<meta name=\"twitter:label2\" content=\"Dur\u00e9e de lecture estim\u00e9e\" \/>\n\t<meta name=\"twitter:data2\" content=\"2 minutes\" \/>\n<script type=\"application\/ld+json\" class=\"yoast-schema-graph\">{\"@context\":\"https:\/\/schema.org\",\"@graph\":[{\"@type\":\"Article\",\"@id\":\"https:\/\/vosgesinfo.fr\/remiremontinfo\/2021\/07\/resonuances-naissance-dun-nouveau-festival-hautes-vosges\/#article\",\"isPartOf\":{\"@id\":\"https:\/\/vosgesinfo.fr\/remiremontinfo\/2021\/07\/resonuances-naissance-dun-nouveau-festival-hautes-vosges\/\"},\"author\":{\"name\":\"C D\",\"@id\":\"https:\/\/vosgesinfo.fr\/remiremontinfo\/#\/schema\/person\/3bfd164d5218a185b1db68655a265316\"},\"headline\":\"r\u00e9soNuances : naissance d&rsquo;un nouveau festival dans les Hautes Vosges !\",\"datePublished\":\"2021-07-08T05:11:39+00:00\",\"dateModified\":\"2021-07-08T05:11:39+00:00\",\"mainEntityOfPage\":{\"@id\":\"https:\/\/vosgesinfo.fr\/remiremontinfo\/2021\/07\/resonuances-naissance-dun-nouveau-festival-hautes-vosges\/\"},\"wordCount\":411,\"commentCount\":0,\"publisher\":{\"@id\":\"https:\/\/vosgesinfo.fr\/remiremontinfo\/#organization\"},\"image\":{\"@id\":\"https:\/\/vosgesinfo.fr\/remiremontinfo\/2021\/07\/resonuances-naissance-dun-nouveau-festival-hautes-vosges\/#primaryimage\"},\"thumbnailUrl\":\"https:\/\/vosgesinfo.fr\/app\/uploads\/sites\/5\/2024\/09\/20210711.png\",\"articleSection\":[\"A la Une\",\"Culture\",\"Vosges\"],\"inLanguage\":\"fr-FR\",\"potentialAction\":[{\"@type\":\"CommentAction\",\"name\":\"Comment\",\"target\":[\"https:\/\/vosgesinfo.fr\/remiremontinfo\/2021\/07\/resonuances-naissance-dun-nouveau-festival-hautes-vosges\/#respond\"]}]},{\"@type\":\"WebPage\",\"@id\":\"https:\/\/vosgesinfo.fr\/remiremontinfo\/2021\/07\/resonuances-naissance-dun-nouveau-festival-hautes-vosges\/\",\"url\":\"https:\/\/vosgesinfo.fr\/remiremontinfo\/2021\/07\/resonuances-naissance-dun-nouveau-festival-hautes-vosges\/\",\"name\":\"r\u00e9soNuances : naissance d'un nouveau festival dans les Hautes Vosges ! - Remiremont Info\",\"isPartOf\":{\"@id\":\"https:\/\/vosgesinfo.fr\/remiremontinfo\/#website\"},\"primaryImageOfPage\":{\"@id\":\"https:\/\/vosgesinfo.fr\/remiremontinfo\/2021\/07\/resonuances-naissance-dun-nouveau-festival-hautes-vosges\/#primaryimage\"},\"image\":{\"@id\":\"https:\/\/vosgesinfo.fr\/remiremontinfo\/2021\/07\/resonuances-naissance-dun-nouveau-festival-hautes-vosges\/#primaryimage\"},\"thumbnailUrl\":\"https:\/\/vosgesinfo.fr\/app\/uploads\/sites\/5\/2024\/09\/20210711.png\",\"datePublished\":\"2021-07-08T05:11:39+00:00\",\"dateModified\":\"2021-07-08T05:11:39+00:00\",\"breadcrumb\":{\"@id\":\"https:\/\/vosgesinfo.fr\/remiremontinfo\/2021\/07\/resonuances-naissance-dun-nouveau-festival-hautes-vosges\/#breadcrumb\"},\"inLanguage\":\"fr-FR\",\"potentialAction\":[{\"@type\":\"ReadAction\",\"target\":[\"https:\/\/vosgesinfo.fr\/remiremontinfo\/2021\/07\/resonuances-naissance-dun-nouveau-festival-hautes-vosges\/\"]}]},{\"@type\":\"ImageObject\",\"inLanguage\":\"fr-FR\",\"@id\":\"https:\/\/vosgesinfo.fr\/remiremontinfo\/2021\/07\/resonuances-naissance-dun-nouveau-festival-hautes-vosges\/#primaryimage\",\"url\":\"https:\/\/vosgesinfo.fr\/app\/uploads\/sites\/5\/2024\/09\/20210711.png\",\"contentUrl\":\"https:\/\/vosgesinfo.fr\/app\/uploads\/sites\/5\/2024\/09\/20210711.png\",\"width\":800,\"height\":450},{\"@type\":\"BreadcrumbList\",\"@id\":\"https:\/\/vosgesinfo.fr\/remiremontinfo\/2021\/07\/resonuances-naissance-dun-nouveau-festival-hautes-vosges\/#breadcrumb\",\"itemListElement\":[{\"@type\":\"ListItem\",\"position\":1,\"name\":\"Home\",\"item\":\"https:\/\/vosgesinfo.fr\/remiremontinfo\/\"},{\"@type\":\"ListItem\",\"position\":2,\"name\":\"r\u00e9soNuances : naissance d&rsquo;un nouveau festival dans les Hautes Vosges !\"}]},{\"@type\":\"WebSite\",\"@id\":\"https:\/\/vosgesinfo.fr\/remiremontinfo\/#website\",\"url\":\"https:\/\/vosgesinfo.fr\/remiremontinfo\/\",\"name\":\"Remiremont Info\",\"description\":\"Toute l&#039;actualit\u00e9 de Remiremont\",\"publisher\":{\"@id\":\"https:\/\/vosgesinfo.fr\/remiremontinfo\/#organization\"},\"alternateName\":\"Toute l'actualit\u00e9 de Remiremont\",\"potentialAction\":[{\"@type\":\"SearchAction\",\"target\":{\"@type\":\"EntryPoint\",\"urlTemplate\":\"https:\/\/vosgesinfo.fr\/remiremontinfo\/?s={search_term_string}\"},\"query-input\":\"required name=search_term_string\"}],\"inLanguage\":\"fr-FR\"},{\"@type\":\"Organization\",\"@id\":\"https:\/\/vosgesinfo.fr\/remiremontinfo\/#organization\",\"name\":\"Remiremont Info\",\"url\":\"https:\/\/vosgesinfo.fr\/remiremontinfo\/\",\"logo\":{\"@type\":\"ImageObject\",\"inLanguage\":\"fr-FR\",\"@id\":\"https:\/\/vosgesinfo.fr\/remiremontinfo\/#\/schema\/logo\/image\/\",\"url\":\"https:\/\/vosgesinfo.fr\/app\/uploads\/sites\/5\/2023\/08\/favicon-remiremontinfo.png\",\"contentUrl\":\"https:\/\/vosgesinfo.fr\/app\/uploads\/sites\/5\/2023\/08\/favicon-remiremontinfo.png\",\"width\":512,\"height\":512,\"caption\":\"Remiremont Info\"},\"image\":{\"@id\":\"https:\/\/vosgesinfo.fr\/remiremontinfo\/#\/schema\/logo\/image\/\"},\"sameAs\":[\"https:\/\/www.facebook.com\/remiremontinfo\",\"https:\/\/x.com\/VosgesInfo88\",\"https:\/\/www.youtube.com\/@vosgesinfo\"]},{\"@type\":\"Person\",\"@id\":\"https:\/\/vosgesinfo.fr\/remiremontinfo\/#\/schema\/person\/3bfd164d5218a185b1db68655a265316\",\"name\":\"C D\",\"image\":{\"@type\":\"ImageObject\",\"inLanguage\":\"fr-FR\",\"@id\":\"https:\/\/vosgesinfo.fr\/remiremontinfo\/#\/schema\/person\/image\/\",\"url\":\"https:\/\/secure.gravatar.com\/avatar\/1f9a70007336511a47468b8f1c66f922b8b7cf617b02a31149ada43893a5d48f?s=96&d=mm&r=g\",\"contentUrl\":\"https:\/\/secure.gravatar.com\/avatar\/1f9a70007336511a47468b8f1c66f922b8b7cf617b02a31149ada43893a5d48f?s=96&d=mm&r=g\",\"caption\":\"C D\"},\"url\":\"https:\/\/vosgesinfo.fr\/remiremontinfo\/author\/cedric-drevet\/\"}]}<\/script>\n<!-- \/ Yoast SEO plugin. -->","yoast_head_json":{"title":"r\u00e9soNuances : naissance d'un nouveau festival dans les Hautes Vosges ! - Remiremont Info","robots":{"index":"index","follow":"follow","max-snippet":"max-snippet:-1","max-image-preview":"max-image-preview:large","max-video-preview":"max-video-preview:-1"},"canonical":"https:\/\/vosgesinfo.fr\/remiremontinfo\/2021\/07\/resonuances-naissance-dun-nouveau-festival-hautes-vosges\/","twitter_card":"summary_large_image","twitter_title":"r\u00e9soNuances : naissance d'un nouveau festival dans les Hautes Vosges ! - Remiremont Info","twitter_description":"1,2,3, c\u2019est parti ! Solo, Duo, Trio, soit 9 artistes de talents : c\u2019est ce que vous propose le nouveau [&hellip;]","twitter_image":"https:\/\/vosgesinfo.fr\/app\/uploads\/sites\/5\/2024\/09\/20210711.png","twitter_creator":"@VosgesInfo88","twitter_site":"@VosgesInfo88","twitter_misc":{"\u00c9crit par":"C D","Dur\u00e9e de lecture estim\u00e9e":"2 minutes"},"schema":{"@context":"https:\/\/schema.org","@graph":[{"@type":"Article","@id":"https:\/\/vosgesinfo.fr\/remiremontinfo\/2021\/07\/resonuances-naissance-dun-nouveau-festival-hautes-vosges\/#article","isPartOf":{"@id":"https:\/\/vosgesinfo.fr\/remiremontinfo\/2021\/07\/resonuances-naissance-dun-nouveau-festival-hautes-vosges\/"},"author":{"name":"C D","@id":"https:\/\/vosgesinfo.fr\/remiremontinfo\/#\/schema\/person\/3bfd164d5218a185b1db68655a265316"},"headline":"r\u00e9soNuances : naissance d&rsquo;un nouveau festival dans les Hautes Vosges !","datePublished":"2021-07-08T05:11:39+00:00","dateModified":"2021-07-08T05:11:39+00:00","mainEntityOfPage":{"@id":"https:\/\/vosgesinfo.fr\/remiremontinfo\/2021\/07\/resonuances-naissance-dun-nouveau-festival-hautes-vosges\/"},"wordCount":411,"commentCount":0,"publisher":{"@id":"https:\/\/vosgesinfo.fr\/remiremontinfo\/#organization"},"image":{"@id":"https:\/\/vosgesinfo.fr\/remiremontinfo\/2021\/07\/resonuances-naissance-dun-nouveau-festival-hautes-vosges\/#primaryimage"},"thumbnailUrl":"https:\/\/vosgesinfo.fr\/app\/uploads\/sites\/5\/2024\/09\/20210711.png","articleSection":["A la Une","Culture","Vosges"],"inLanguage":"fr-FR","potentialAction":[{"@type":"CommentAction","name":"Comment","target":["https:\/\/vosgesinfo.fr\/remiremontinfo\/2021\/07\/resonuances-naissance-dun-nouveau-festival-hautes-vosges\/#respond"]}]},{"@type":"WebPage","@id":"https:\/\/vosgesinfo.fr\/remiremontinfo\/2021\/07\/resonuances-naissance-dun-nouveau-festival-hautes-vosges\/","url":"https:\/\/vosgesinfo.fr\/remiremontinfo\/2021\/07\/resonuances-naissance-dun-nouveau-festival-hautes-vosges\/","name":"r\u00e9soNuances : naissance d'un nouveau festival dans les Hautes Vosges ! - Remiremont Info","isPartOf":{"@id":"https:\/\/vosgesinfo.fr\/remiremontinfo\/#website"},"primaryImageOfPage":{"@id":"https:\/\/vosgesinfo.fr\/remiremontinfo\/2021\/07\/resonuances-naissance-dun-nouveau-festival-hautes-vosges\/#primaryimage"},"image":{"@id":"https:\/\/vosgesinfo.fr\/remiremontinfo\/2021\/07\/resonuances-naissance-dun-nouveau-festival-hautes-vosges\/#primaryimage"},"thumbnailUrl":"https:\/\/vosgesinfo.fr\/app\/uploads\/sites\/5\/2024\/09\/20210711.png","datePublished":"2021-07-08T05:11:39+00:00","dateModified":"2021-07-08T05:11:39+00:00","breadcrumb":{"@id":"https:\/\/vosgesinfo.fr\/remiremontinfo\/2021\/07\/resonuances-naissance-dun-nouveau-festival-hautes-vosges\/#breadcrumb"},"inLanguage":"fr-FR","potentialAction":[{"@type":"ReadAction","target":["https:\/\/vosgesinfo.fr\/remiremontinfo\/2021\/07\/resonuances-naissance-dun-nouveau-festival-hautes-vosges\/"]}]},{"@type":"ImageObject","inLanguage":"fr-FR","@id":"https:\/\/vosgesinfo.fr\/remiremontinfo\/2021\/07\/resonuances-naissance-dun-nouveau-festival-hautes-vosges\/#primaryimage","url":"https:\/\/vosgesinfo.fr\/app\/uploads\/sites\/5\/2024\/09\/20210711.png","contentUrl":"https:\/\/vosgesinfo.fr\/app\/uploads\/sites\/5\/2024\/09\/20210711.png","width":800,"height":450},{"@type":"BreadcrumbList","@id":"https:\/\/vosgesinfo.fr\/remiremontinfo\/2021\/07\/resonuances-naissance-dun-nouveau-festival-hautes-vosges\/#breadcrumb","itemListElement":[{"@type":"ListItem","position":1,"name":"Home","item":"https:\/\/vosgesinfo.fr\/remiremontinfo\/"},{"@type":"ListItem","position":2,"name":"r\u00e9soNuances : naissance d&rsquo;un nouveau festival dans les Hautes Vosges !"}]},{"@type":"WebSite","@id":"https:\/\/vosgesinfo.fr\/remiremontinfo\/#website","url":"https:\/\/vosgesinfo.fr\/remiremontinfo\/","name":"Remiremont Info","description":"Toute l&#039;actualit\u00e9 de Remiremont","publisher":{"@id":"https:\/\/vosgesinfo.fr\/remiremontinfo\/#organization"},"alternateName":"Toute l'actualit\u00e9 de Remiremont","potentialAction":[{"@type":"SearchAction","target":{"@type":"EntryPoint","urlTemplate":"https:\/\/vosgesinfo.fr\/remiremontinfo\/?s={search_term_string}"},"query-input":"required name=search_term_string"}],"inLanguage":"fr-FR"},{"@type":"Organization","@id":"https:\/\/vosgesinfo.fr\/remiremontinfo\/#organization","name":"Remiremont Info","url":"https:\/\/vosgesinfo.fr\/remiremontinfo\/","logo":{"@type":"ImageObject","inLanguage":"fr-FR","@id":"https:\/\/vosgesinfo.fr\/remiremontinfo\/#\/schema\/logo\/image\/","url":"https:\/\/vosgesinfo.fr\/app\/uploads\/sites\/5\/2023\/08\/favicon-remiremontinfo.png","contentUrl":"https:\/\/vosgesinfo.fr\/app\/uploads\/sites\/5\/2023\/08\/favicon-remiremontinfo.png","width":512,"height":512,"caption":"Remiremont Info"},"image":{"@id":"https:\/\/vosgesinfo.fr\/remiremontinfo\/#\/schema\/logo\/image\/"},"sameAs":["https:\/\/www.facebook.com\/remiremontinfo","https:\/\/x.com\/VosgesInfo88","https:\/\/www.youtube.com\/@vosgesinfo"]},{"@type":"Person","@id":"https:\/\/vosgesinfo.fr\/remiremontinfo\/#\/schema\/person\/3bfd164d5218a185b1db68655a265316","name":"C D","image":{"@type":"ImageObject","inLanguage":"fr-FR","@id":"https:\/\/vosgesinfo.fr\/remiremontinfo\/#\/schema\/person\/image\/","url":"https:\/\/secure.gravatar.com\/avatar\/1f9a70007336511a47468b8f1c66f922b8b7cf617b02a31149ada43893a5d48f?s=96&d=mm&r=g","contentUrl":"https:\/\/secure.gravatar.com\/avatar\/1f9a70007336511a47468b8f1c66f922b8b7cf617b02a31149ada43893a5d48f?s=96&d=mm&r=g","caption":"C D"},"url":"https:\/\/vosgesinfo.fr\/remiremontinfo\/author\/cedric-drevet\/"}]}},"_links":{"self":[{"href":"https:\/\/vosgesinfo.fr\/remiremontinfo\/wp-json\/wp\/v2\/posts\/43099","targetHints":{"allow":["GET"]}}],"collection":[{"href":"https:\/\/vosgesinfo.fr\/remiremontinfo\/wp-json\/wp\/v2\/posts"}],"about":[{"href":"https:\/\/vosgesinfo.fr\/remiremontinfo\/wp-json\/wp\/v2\/types\/post"}],"author":[{"embeddable":true,"href":"https:\/\/vosgesinfo.fr\/remiremontinfo\/wp-json\/wp\/v2\/users\/407"}],"replies":[{"embeddable":true,"href":"https:\/\/vosgesinfo.fr\/remiremontinfo\/wp-json\/wp\/v2\/comments?post=43099"}],"version-history":[{"count":0,"href":"https:\/\/vosgesinfo.fr\/remiremontinfo\/wp-json\/wp\/v2\/posts\/43099\/revisions"}],"wp:featuredmedia":[{"embeddable":true,"href":"https:\/\/vosgesinfo.fr\/remiremontinfo\/wp-json\/wp\/v2\/media\/43100"}],"wp:attachment":[{"href":"https:\/\/vosgesinfo.fr\/remiremontinfo\/wp-json\/wp\/v2\/media?parent=43099"}],"wp:term":[{"taxonomy":"category","embeddable":true,"href":"https:\/\/vosgesinfo.fr\/remiremontinfo\/wp-json\/wp\/v2\/categories?post=43099"},{"taxonomy":"post_tag","embeddable":true,"href":"https:\/\/vosgesinfo.fr\/remiremontinfo\/wp-json\/wp\/v2\/tags?post=43099"}],"curies":[{"name":"wp","href":"https:\/\/api.w.org\/{rel}","templated":true}]}}