{"id":43120,"date":"2021-07-08T11:09:32","date_gmt":"2021-07-08T09:09:32","guid":{"rendered":"https:\/\/vosgesinfo.fr\/remiremontinfo\/2021\/07\/defi-randonett-134-kilometres-chevet-de-nature\/"},"modified":"2021-07-08T11:09:32","modified_gmt":"2021-07-08T09:09:32","slug":"defi-randonett-134-kilometres-chevet-de-nature","status":"publish","type":"post","link":"https:\/\/vosgesinfo.fr\/remiremontinfo\/2021\/07\/defi-randonett-134-kilometres-chevet-de-nature\/","title":{"rendered":"D\u00e9fi \u00ab Rando\u2019nett \u00bb : 134 kilom\u00e8tres au chevet de la nature"},"content":{"rendered":"<p style=\"text-align: center;\"><a href=\"\/2021\/07\/YCrouvezier2.jpg\"><img decoding=\"async\" class=\"alignnone size-full wp-image-321320\" src=\"\/2021\/07\/YCrouvezier2.jpg\" alt=\"YCrouvezier2\" width=\"800\" height=\"450\" \/><\/a><\/p>\n<h2><span style=\"font-size: 12pt;\"><strong>En\u00a0juin\u00a0dernier, une randonn\u00e9e pas comme les autres a eu lieu dans le massif des Vosges. Yoann\u00a0Crouvezier, pr\u00e9sident de l\u2019association \u00ab<a href=\"https:\/\/www.facebook.com\/Randonetthautesvosges\/\" target=\"_blank\" rel=\"noopener\">\u202fRando\u2019nett\u00a0Hautes-Vosges<\/a>\u202f\u00bb s\u2019est lanc\u00e9 le\u00a0d\u00e9fi de\u00a0parcourir 134 kilom\u00e8tres de sentiers balis\u00e9s\u00a0pour y\u00a0ramasser les d\u00e9chets sur son\u00a0itin\u00e9raire<em>.\u00a0<\/em>Un d\u00e9fi\u00a0\u00ab\u00a0rando\u2019nett\u00a0\u00bb, qui lui a permis de se faire une id\u00e9e de la quantit\u00e9 de d\u00e9chets pr\u00e9sents\u00a0sur les sentiers du massif.\u00a0<\/strong><\/span><\/h2>\n<p>Le 14 juin, c\u2019est le grand d\u00e9part pour\u00a0Yoann qui\u00a0s\u2019\u00e9lance\u00a0dans sa \u00ab\u202frando\u2019nett\u202f\u00bb depuis Remiremont.\u00a07 jours plus tard\u00a0et\u00a0apr\u00e8s\u00a0134 kilom\u00e8tres et 4800 m\u00e8tres de d\u00e9nivel\u00e9s positifs engloutis,\u00a0il rallie\u00a0le si\u00e8ge du Parc Naturel\u00a0R\u00e9gional\u00a0du Ballons des Vosges\u00a0(PnrBV)\u00a0\u00e0\u00a0Munster en Alsace.\u00a0En moyenne, Yoann\u00a0a march\u00e9\u00a020 kilom\u00e8tres\u00a0par jour\u00a0et a ramass\u00e9\u00a0entre 5 et 10 kilos de d\u00e9chets. Ces derniers\u00a0sont sensiblement toujours les m\u00eames\u2026 Des m\u00e9gots, des papiers\u00a0de tous types, des bouteilles en verre et en acier, des chaussettes\u2026<\/p>\n<p>Au total, 48 kilos de d\u00e9chets ont \u00e9t\u00e9 ramass\u00e9\u00a0sur\u00a0toute la randonn\u00e9e. Pour lui, c\u2019est une quantit\u00e9 qui reste\u00a0raisonnable :\u00a0<em>\u201c L\u2019id\u00e9e de cette \u201cRando\u2019nett\u201d\u00a0de plusieurs jours \u00e9tait\u00a0une mani\u00e8re de monter que dans de nombreuses activit\u00e9s ext\u00e9rieures\u00a0en lien avec la nature,\u00a0on peut \u00eatre vigilants \u00e0 nos propres\u00a0d\u00e9chets et aussi ceux que l\u2019on peut trouver sur notre chemin. Globalement, je trouve\u00a0que les sentiers sont propres, mais malgr\u00e9 tout, on y\u00a0trouve certains types\u00a0de\u00a0d\u00e9chets que l\u2019on aurait pu simplement \u00e9viter\u00a0de jeter ou de perdre\u2026\u00a0Je pense par exemple aux m\u00e9gots\u00a0ou\u00a0aux\u00a0cannettes\u00a0de soda\u2026 \u201d\u00a0<\/em><\/p>\n<p>Ce n\u2019est pas un hasard si l\u2019association\u00a0\u201cRando\u2019nett\u00a0Hautes-Vosges\u00a0\u00bb, cr\u00e9\u00e9e il y a peine un an \u00e0 Cornimont, a \u00e9t\u00e9 laur\u00e9ate d\u2019un\u00a0appel \u00e0 projet d\u2019initiative citoyenne port\u00e9 par le Parc et ainsi a pu b\u00e9n\u00e9ficier de subventions pour ses\u00a0actions\u00a0en faveur de l\u2019environnement.\u00a0Les quelques 24\u00a0membres\u00a0\u201ctr\u00e8s actifs\u201d\u00a0de l\u2019association\u00a0ont\u00a0d\u00e9j\u00e0\u00a0ramass\u00e9\u00a0pr\u00e8s de 3,5 tonnes de d\u00e9chets en tout\u00a0genre. Esp\u00e9rons qu\u2019ils soient\u00a0toujours\u00a0de plus en plus, \u00e0\u00a0ramasser de moins en moins, de d\u00e9chets\u2026<\/p>\n<p>D\u00e9couvrir\u00a0et rester informer des actions et des actus de\u00a0Rando\u2019nett Hautes-Vosges :\u00a0<strong><a href=\"https:\/\/www.facebook.com\/Randonetthautesvosges\/\" target=\"_blank\" rel=\"noopener\">https:\/\/www.facebook.com\/Randonetthautesvosges\/<\/a><\/strong><\/p>\n<p>Participer aux actions\u00a0de l\u2019association \u00ab\u00a0Rando\u2019nett Hautes Vosges le groupe\u00a0\u00bb :\u00a0<strong><a href=\"https:\/\/www.facebook.com\/groups\/571876086817516\/?ref=pages_group_cta\" target=\"_blank\" rel=\"noopener\">https:\/\/www.facebook.com\/groups\/571876086817516\/?ref=pages_group_cta<\/a><\/strong><\/p>\n<p>Source :\u00a0<a href=\"http:\/\/www.vosgesmag.fr\/\" target=\"_blank\" rel=\"noopener\">www.vosgesmag.fr<\/a><\/p>\n\n","protected":false},"excerpt":{"rendered":"<p>En\u00a0juin\u00a0dernier, une randonn\u00e9e pas comme les autres a eu lieu dans le massif des Vosges. Yoann\u00a0Crouvezier, pr\u00e9sident de l\u2019association \u00ab\u202fRando\u2019nett\u00a0Hautes-Vosges\u202f\u00bb [&hellip;]<\/p>\n","protected":false},"author":407,"featured_media":43121,"comment_status":"open","ping_status":"open","sticky":false,"template":"","format":"standard","meta":{"footnotes":""},"categories":[26,7,18],"tags":[],"class_list":["post-43120","post","type-post","status-publish","format-standard","has-post-thumbnail","hentry","category-a-la-une","category-environnement","category-vosges"],"acf":[],"yoast_head":"<!-- This site is optimized with the Yoast SEO plugin v22.5 - https:\/\/yoast.com\/wordpress\/plugins\/seo\/ -->\n<title>D\u00e9fi \u00ab Rando\u2019nett \u00bb : 134 kilom\u00e8tres au chevet de la nature - Remiremont Info<\/title>\n<meta name=\"robots\" content=\"index, follow, max-snippet:-1, max-image-preview:large, max-video-preview:-1\" \/>\n<link rel=\"canonical\" href=\"https:\/\/vosgesinfo.fr\/remiremontinfo\/2021\/07\/defi-randonett-134-kilometres-chevet-de-nature\/\" \/>\n<meta name=\"twitter:card\" content=\"summary_large_image\" \/>\n<meta name=\"twitter:title\" content=\"D\u00e9fi \u00ab Rando\u2019nett \u00bb : 134 kilom\u00e8tres au chevet de la nature - Remiremont Info\" \/>\n<meta name=\"twitter:description\" content=\"En\u00a0juin\u00a0dernier, une randonn\u00e9e pas comme les autres a eu lieu dans le massif des Vosges. Yoann\u00a0Crouvezier, pr\u00e9sident de l\u2019association \u00ab\u202fRando\u2019nett\u00a0Hautes-Vosges\u202f\u00bb [&hellip;]\" \/>\n<meta name=\"twitter:image\" content=\"https:\/\/vosgesinfo.fr\/app\/uploads\/sites\/5\/2024\/09\/202107ycrouvezier2.jpg\" \/>\n<meta name=\"twitter:creator\" content=\"@VosgesInfo88\" \/>\n<meta name=\"twitter:site\" content=\"@VosgesInfo88\" \/>\n<meta name=\"twitter:label1\" content=\"\u00c9crit par\" \/>\n\t<meta name=\"twitter:data1\" content=\"C D\" \/>\n\t<meta name=\"twitter:label2\" content=\"Dur\u00e9e de lecture estim\u00e9e\" \/>\n\t<meta name=\"twitter:data2\" content=\"2 minutes\" \/>\n<script type=\"application\/ld+json\" class=\"yoast-schema-graph\">{\"@context\":\"https:\/\/schema.org\",\"@graph\":[{\"@type\":\"Article\",\"@id\":\"https:\/\/vosgesinfo.fr\/remiremontinfo\/2021\/07\/defi-randonett-134-kilometres-chevet-de-nature\/#article\",\"isPartOf\":{\"@id\":\"https:\/\/vosgesinfo.fr\/remiremontinfo\/2021\/07\/defi-randonett-134-kilometres-chevet-de-nature\/\"},\"author\":{\"name\":\"C D\",\"@id\":\"https:\/\/vosgesinfo.fr\/remiremontinfo\/#\/schema\/person\/3bfd164d5218a185b1db68655a265316\"},\"headline\":\"D\u00e9fi \u00ab Rando\u2019nett \u00bb : 134 kilom\u00e8tres au chevet de la nature\",\"datePublished\":\"2021-07-08T09:09:32+00:00\",\"dateModified\":\"2021-07-08T09:09:32+00:00\",\"mainEntityOfPage\":{\"@id\":\"https:\/\/vosgesinfo.fr\/remiremontinfo\/2021\/07\/defi-randonett-134-kilometres-chevet-de-nature\/\"},\"wordCount\":448,\"commentCount\":0,\"publisher\":{\"@id\":\"https:\/\/vosgesinfo.fr\/remiremontinfo\/#organization\"},\"image\":{\"@id\":\"https:\/\/vosgesinfo.fr\/remiremontinfo\/2021\/07\/defi-randonett-134-kilometres-chevet-de-nature\/#primaryimage\"},\"thumbnailUrl\":\"https:\/\/vosgesinfo.fr\/app\/uploads\/sites\/5\/2024\/09\/202107ycrouvezier2.jpg\",\"articleSection\":[\"A la Une\",\"Environnement\",\"Vosges\"],\"inLanguage\":\"fr-FR\",\"potentialAction\":[{\"@type\":\"CommentAction\",\"name\":\"Comment\",\"target\":[\"https:\/\/vosgesinfo.fr\/remiremontinfo\/2021\/07\/defi-randonett-134-kilometres-chevet-de-nature\/#respond\"]}]},{\"@type\":\"WebPage\",\"@id\":\"https:\/\/vosgesinfo.fr\/remiremontinfo\/2021\/07\/defi-randonett-134-kilometres-chevet-de-nature\/\",\"url\":\"https:\/\/vosgesinfo.fr\/remiremontinfo\/2021\/07\/defi-randonett-134-kilometres-chevet-de-nature\/\",\"name\":\"D\u00e9fi \u00ab Rando\u2019nett \u00bb : 134 kilom\u00e8tres au chevet de la nature - Remiremont Info\",\"isPartOf\":{\"@id\":\"https:\/\/vosgesinfo.fr\/remiremontinfo\/#website\"},\"primaryImageOfPage\":{\"@id\":\"https:\/\/vosgesinfo.fr\/remiremontinfo\/2021\/07\/defi-randonett-134-kilometres-chevet-de-nature\/#primaryimage\"},\"image\":{\"@id\":\"https:\/\/vosgesinfo.fr\/remiremontinfo\/2021\/07\/defi-randonett-134-kilometres-chevet-de-nature\/#primaryimage\"},\"thumbnailUrl\":\"https:\/\/vosgesinfo.fr\/app\/uploads\/sites\/5\/2024\/09\/202107ycrouvezier2.jpg\",\"datePublished\":\"2021-07-08T09:09:32+00:00\",\"dateModified\":\"2021-07-08T09:09:32+00:00\",\"breadcrumb\":{\"@id\":\"https:\/\/vosgesinfo.fr\/remiremontinfo\/2021\/07\/defi-randonett-134-kilometres-chevet-de-nature\/#breadcrumb\"},\"inLanguage\":\"fr-FR\",\"potentialAction\":[{\"@type\":\"ReadAction\",\"target\":[\"https:\/\/vosgesinfo.fr\/remiremontinfo\/2021\/07\/defi-randonett-134-kilometres-chevet-de-nature\/\"]}]},{\"@type\":\"ImageObject\",\"inLanguage\":\"fr-FR\",\"@id\":\"https:\/\/vosgesinfo.fr\/remiremontinfo\/2021\/07\/defi-randonett-134-kilometres-chevet-de-nature\/#primaryimage\",\"url\":\"https:\/\/vosgesinfo.fr\/app\/uploads\/sites\/5\/2024\/09\/202107ycrouvezier2.jpg\",\"contentUrl\":\"https:\/\/vosgesinfo.fr\/app\/uploads\/sites\/5\/2024\/09\/202107ycrouvezier2.jpg\",\"width\":800,\"height\":450},{\"@type\":\"BreadcrumbList\",\"@id\":\"https:\/\/vosgesinfo.fr\/remiremontinfo\/2021\/07\/defi-randonett-134-kilometres-chevet-de-nature\/#breadcrumb\",\"itemListElement\":[{\"@type\":\"ListItem\",\"position\":1,\"name\":\"Home\",\"item\":\"https:\/\/vosgesinfo.fr\/remiremontinfo\/\"},{\"@type\":\"ListItem\",\"position\":2,\"name\":\"D\u00e9fi \u00ab Rando\u2019nett \u00bb : 134 kilom\u00e8tres au chevet de la nature\"}]},{\"@type\":\"WebSite\",\"@id\":\"https:\/\/vosgesinfo.fr\/remiremontinfo\/#website\",\"url\":\"https:\/\/vosgesinfo.fr\/remiremontinfo\/\",\"name\":\"Remiremont Info\",\"description\":\"Toute l&#039;actualit\u00e9 de Remiremont\",\"publisher\":{\"@id\":\"https:\/\/vosgesinfo.fr\/remiremontinfo\/#organization\"},\"alternateName\":\"Toute l'actualit\u00e9 de Remiremont\",\"potentialAction\":[{\"@type\":\"SearchAction\",\"target\":{\"@type\":\"EntryPoint\",\"urlTemplate\":\"https:\/\/vosgesinfo.fr\/remiremontinfo\/?s={search_term_string}\"},\"query-input\":\"required name=search_term_string\"}],\"inLanguage\":\"fr-FR\"},{\"@type\":\"Organization\",\"@id\":\"https:\/\/vosgesinfo.fr\/remiremontinfo\/#organization\",\"name\":\"Remiremont Info\",\"url\":\"https:\/\/vosgesinfo.fr\/remiremontinfo\/\",\"logo\":{\"@type\":\"ImageObject\",\"inLanguage\":\"fr-FR\",\"@id\":\"https:\/\/vosgesinfo.fr\/remiremontinfo\/#\/schema\/logo\/image\/\",\"url\":\"https:\/\/vosgesinfo.fr\/app\/uploads\/sites\/5\/2023\/08\/favicon-remiremontinfo.png\",\"contentUrl\":\"https:\/\/vosgesinfo.fr\/app\/uploads\/sites\/5\/2023\/08\/favicon-remiremontinfo.png\",\"width\":512,\"height\":512,\"caption\":\"Remiremont Info\"},\"image\":{\"@id\":\"https:\/\/vosgesinfo.fr\/remiremontinfo\/#\/schema\/logo\/image\/\"},\"sameAs\":[\"https:\/\/www.facebook.com\/remiremontinfo\",\"https:\/\/x.com\/VosgesInfo88\",\"https:\/\/www.youtube.com\/@vosgesinfo\"]},{\"@type\":\"Person\",\"@id\":\"https:\/\/vosgesinfo.fr\/remiremontinfo\/#\/schema\/person\/3bfd164d5218a185b1db68655a265316\",\"name\":\"C D\",\"image\":{\"@type\":\"ImageObject\",\"inLanguage\":\"fr-FR\",\"@id\":\"https:\/\/vosgesinfo.fr\/remiremontinfo\/#\/schema\/person\/image\/\",\"url\":\"https:\/\/secure.gravatar.com\/avatar\/1f9a70007336511a47468b8f1c66f922b8b7cf617b02a31149ada43893a5d48f?s=96&d=mm&r=g\",\"contentUrl\":\"https:\/\/secure.gravatar.com\/avatar\/1f9a70007336511a47468b8f1c66f922b8b7cf617b02a31149ada43893a5d48f?s=96&d=mm&r=g\",\"caption\":\"C D\"},\"url\":\"https:\/\/vosgesinfo.fr\/remiremontinfo\/author\/cedric-drevet\/\"}]}<\/script>\n<!-- \/ Yoast SEO plugin. -->","yoast_head_json":{"title":"D\u00e9fi \u00ab Rando\u2019nett \u00bb : 134 kilom\u00e8tres au chevet de la nature - Remiremont Info","robots":{"index":"index","follow":"follow","max-snippet":"max-snippet:-1","max-image-preview":"max-image-preview:large","max-video-preview":"max-video-preview:-1"},"canonical":"https:\/\/vosgesinfo.fr\/remiremontinfo\/2021\/07\/defi-randonett-134-kilometres-chevet-de-nature\/","twitter_card":"summary_large_image","twitter_title":"D\u00e9fi \u00ab Rando\u2019nett \u00bb : 134 kilom\u00e8tres au chevet de la nature - Remiremont Info","twitter_description":"En\u00a0juin\u00a0dernier, une randonn\u00e9e pas comme les autres a eu lieu dans le massif des Vosges. Yoann\u00a0Crouvezier, pr\u00e9sident de l\u2019association \u00ab\u202fRando\u2019nett\u00a0Hautes-Vosges\u202f\u00bb [&hellip;]","twitter_image":"https:\/\/vosgesinfo.fr\/app\/uploads\/sites\/5\/2024\/09\/202107ycrouvezier2.jpg","twitter_creator":"@VosgesInfo88","twitter_site":"@VosgesInfo88","twitter_misc":{"\u00c9crit par":"C D","Dur\u00e9e de lecture estim\u00e9e":"2 minutes"},"schema":{"@context":"https:\/\/schema.org","@graph":[{"@type":"Article","@id":"https:\/\/vosgesinfo.fr\/remiremontinfo\/2021\/07\/defi-randonett-134-kilometres-chevet-de-nature\/#article","isPartOf":{"@id":"https:\/\/vosgesinfo.fr\/remiremontinfo\/2021\/07\/defi-randonett-134-kilometres-chevet-de-nature\/"},"author":{"name":"C D","@id":"https:\/\/vosgesinfo.fr\/remiremontinfo\/#\/schema\/person\/3bfd164d5218a185b1db68655a265316"},"headline":"D\u00e9fi \u00ab Rando\u2019nett \u00bb : 134 kilom\u00e8tres au chevet de la nature","datePublished":"2021-07-08T09:09:32+00:00","dateModified":"2021-07-08T09:09:32+00:00","mainEntityOfPage":{"@id":"https:\/\/vosgesinfo.fr\/remiremontinfo\/2021\/07\/defi-randonett-134-kilometres-chevet-de-nature\/"},"wordCount":448,"commentCount":0,"publisher":{"@id":"https:\/\/vosgesinfo.fr\/remiremontinfo\/#organization"},"image":{"@id":"https:\/\/vosgesinfo.fr\/remiremontinfo\/2021\/07\/defi-randonett-134-kilometres-chevet-de-nature\/#primaryimage"},"thumbnailUrl":"https:\/\/vosgesinfo.fr\/app\/uploads\/sites\/5\/2024\/09\/202107ycrouvezier2.jpg","articleSection":["A la Une","Environnement","Vosges"],"inLanguage":"fr-FR","potentialAction":[{"@type":"CommentAction","name":"Comment","target":["https:\/\/vosgesinfo.fr\/remiremontinfo\/2021\/07\/defi-randonett-134-kilometres-chevet-de-nature\/#respond"]}]},{"@type":"WebPage","@id":"https:\/\/vosgesinfo.fr\/remiremontinfo\/2021\/07\/defi-randonett-134-kilometres-chevet-de-nature\/","url":"https:\/\/vosgesinfo.fr\/remiremontinfo\/2021\/07\/defi-randonett-134-kilometres-chevet-de-nature\/","name":"D\u00e9fi \u00ab Rando\u2019nett \u00bb : 134 kilom\u00e8tres au chevet de la nature - Remiremont Info","isPartOf":{"@id":"https:\/\/vosgesinfo.fr\/remiremontinfo\/#website"},"primaryImageOfPage":{"@id":"https:\/\/vosgesinfo.fr\/remiremontinfo\/2021\/07\/defi-randonett-134-kilometres-chevet-de-nature\/#primaryimage"},"image":{"@id":"https:\/\/vosgesinfo.fr\/remiremontinfo\/2021\/07\/defi-randonett-134-kilometres-chevet-de-nature\/#primaryimage"},"thumbnailUrl":"https:\/\/vosgesinfo.fr\/app\/uploads\/sites\/5\/2024\/09\/202107ycrouvezier2.jpg","datePublished":"2021-07-08T09:09:32+00:00","dateModified":"2021-07-08T09:09:32+00:00","breadcrumb":{"@id":"https:\/\/vosgesinfo.fr\/remiremontinfo\/2021\/07\/defi-randonett-134-kilometres-chevet-de-nature\/#breadcrumb"},"inLanguage":"fr-FR","potentialAction":[{"@type":"ReadAction","target":["https:\/\/vosgesinfo.fr\/remiremontinfo\/2021\/07\/defi-randonett-134-kilometres-chevet-de-nature\/"]}]},{"@type":"ImageObject","inLanguage":"fr-FR","@id":"https:\/\/vosgesinfo.fr\/remiremontinfo\/2021\/07\/defi-randonett-134-kilometres-chevet-de-nature\/#primaryimage","url":"https:\/\/vosgesinfo.fr\/app\/uploads\/sites\/5\/2024\/09\/202107ycrouvezier2.jpg","contentUrl":"https:\/\/vosgesinfo.fr\/app\/uploads\/sites\/5\/2024\/09\/202107ycrouvezier2.jpg","width":800,"height":450},{"@type":"BreadcrumbList","@id":"https:\/\/vosgesinfo.fr\/remiremontinfo\/2021\/07\/defi-randonett-134-kilometres-chevet-de-nature\/#breadcrumb","itemListElement":[{"@type":"ListItem","position":1,"name":"Home","item":"https:\/\/vosgesinfo.fr\/remiremontinfo\/"},{"@type":"ListItem","position":2,"name":"D\u00e9fi \u00ab Rando\u2019nett \u00bb : 134 kilom\u00e8tres au chevet de la nature"}]},{"@type":"WebSite","@id":"https:\/\/vosgesinfo.fr\/remiremontinfo\/#website","url":"https:\/\/vosgesinfo.fr\/remiremontinfo\/","name":"Remiremont Info","description":"Toute l&#039;actualit\u00e9 de Remiremont","publisher":{"@id":"https:\/\/vosgesinfo.fr\/remiremontinfo\/#organization"},"alternateName":"Toute l'actualit\u00e9 de Remiremont","potentialAction":[{"@type":"SearchAction","target":{"@type":"EntryPoint","urlTemplate":"https:\/\/vosgesinfo.fr\/remiremontinfo\/?s={search_term_string}"},"query-input":"required name=search_term_string"}],"inLanguage":"fr-FR"},{"@type":"Organization","@id":"https:\/\/vosgesinfo.fr\/remiremontinfo\/#organization","name":"Remiremont Info","url":"https:\/\/vosgesinfo.fr\/remiremontinfo\/","logo":{"@type":"ImageObject","inLanguage":"fr-FR","@id":"https:\/\/vosgesinfo.fr\/remiremontinfo\/#\/schema\/logo\/image\/","url":"https:\/\/vosgesinfo.fr\/app\/uploads\/sites\/5\/2023\/08\/favicon-remiremontinfo.png","contentUrl":"https:\/\/vosgesinfo.fr\/app\/uploads\/sites\/5\/2023\/08\/favicon-remiremontinfo.png","width":512,"height":512,"caption":"Remiremont Info"},"image":{"@id":"https:\/\/vosgesinfo.fr\/remiremontinfo\/#\/schema\/logo\/image\/"},"sameAs":["https:\/\/www.facebook.com\/remiremontinfo","https:\/\/x.com\/VosgesInfo88","https:\/\/www.youtube.com\/@vosgesinfo"]},{"@type":"Person","@id":"https:\/\/vosgesinfo.fr\/remiremontinfo\/#\/schema\/person\/3bfd164d5218a185b1db68655a265316","name":"C D","image":{"@type":"ImageObject","inLanguage":"fr-FR","@id":"https:\/\/vosgesinfo.fr\/remiremontinfo\/#\/schema\/person\/image\/","url":"https:\/\/secure.gravatar.com\/avatar\/1f9a70007336511a47468b8f1c66f922b8b7cf617b02a31149ada43893a5d48f?s=96&d=mm&r=g","contentUrl":"https:\/\/secure.gravatar.com\/avatar\/1f9a70007336511a47468b8f1c66f922b8b7cf617b02a31149ada43893a5d48f?s=96&d=mm&r=g","caption":"C D"},"url":"https:\/\/vosgesinfo.fr\/remiremontinfo\/author\/cedric-drevet\/"}]}},"_links":{"self":[{"href":"https:\/\/vosgesinfo.fr\/remiremontinfo\/wp-json\/wp\/v2\/posts\/43120","targetHints":{"allow":["GET"]}}],"collection":[{"href":"https:\/\/vosgesinfo.fr\/remiremontinfo\/wp-json\/wp\/v2\/posts"}],"about":[{"href":"https:\/\/vosgesinfo.fr\/remiremontinfo\/wp-json\/wp\/v2\/types\/post"}],"author":[{"embeddable":true,"href":"https:\/\/vosgesinfo.fr\/remiremontinfo\/wp-json\/wp\/v2\/users\/407"}],"replies":[{"embeddable":true,"href":"https:\/\/vosgesinfo.fr\/remiremontinfo\/wp-json\/wp\/v2\/comments?post=43120"}],"version-history":[{"count":0,"href":"https:\/\/vosgesinfo.fr\/remiremontinfo\/wp-json\/wp\/v2\/posts\/43120\/revisions"}],"wp:featuredmedia":[{"embeddable":true,"href":"https:\/\/vosgesinfo.fr\/remiremontinfo\/wp-json\/wp\/v2\/media\/43121"}],"wp:attachment":[{"href":"https:\/\/vosgesinfo.fr\/remiremontinfo\/wp-json\/wp\/v2\/media?parent=43120"}],"wp:term":[{"taxonomy":"category","embeddable":true,"href":"https:\/\/vosgesinfo.fr\/remiremontinfo\/wp-json\/wp\/v2\/categories?post=43120"},{"taxonomy":"post_tag","embeddable":true,"href":"https:\/\/vosgesinfo.fr\/remiremontinfo\/wp-json\/wp\/v2\/tags?post=43120"}],"curies":[{"name":"wp","href":"https:\/\/api.w.org\/{rel}","templated":true}]}}