{"id":43124,"date":"2021-07-08T11:23:58","date_gmt":"2021-07-08T09:23:58","guid":{"rendered":"https:\/\/vosgesinfo.fr\/remiremontinfo\/2021\/07\/club-mandolines-examen-de-fin-dannee-eleves-de-lecole-de-musique\/"},"modified":"2021-07-08T11:23:58","modified_gmt":"2021-07-08T09:23:58","slug":"club-mandolines-examen-de-fin-dannee-eleves-de-lecole-de-musique","status":"publish","type":"post","link":"https:\/\/vosgesinfo.fr\/remiremontinfo\/2021\/07\/club-mandolines-examen-de-fin-dannee-eleves-de-lecole-de-musique\/","title":{"rendered":"Club des Mandolines : examen de fin d&rsquo;ann\u00e9e pour les \u00e9l\u00e8ves de l&rsquo;\u00e9cole de musique"},"content":{"rendered":"\n<h2><span style=\"font-size: 12pt;\"><strong>Le samedi 3 juillet dernier, les \u00e9l\u00e8ves de l&rsquo;\u00e9cole de musique du Club des Mandolines ont pass\u00e9 leur examen de fin d&rsquo;ann\u00e9e : une \u00e9preuve parfois stressante pour certains, mais chacun a fait de son mieux et les notes obtenues refl\u00e8tent le travail r\u00e9gulier fourni depuis septembre.<\/strong><\/span><\/h2>\n<p>Malgr\u00e9 des conditions peu favorables et une longue p\u00e9riode de cours en visioconf\u00e9rence, ces courageux \u00e9l\u00e8ves, jeunes et moins jeunes, ont redoubl\u00e9 d&rsquo;efforts et de volont\u00e9 pour continuer l&rsquo;apprentissage de la musique, et apprivoiser chaque jour un peu plus leur mandoline ou leur guitare . Depuis plusieurs semaines d\u00e9j\u00e0, nos musiciens en herbe avaient appris leurs morceaux et les avaient r\u00e9p\u00e9t\u00e9s jusqu&rsquo;\u00e0 en ma\u00eetriser la technique instrumentale, mais aussi pour en am\u00e9liorer leur expression musicale. A en juger par les excellents r\u00e9sultats des uns et des autres, le jury a bien ressenti le plaisir qu&rsquo;ils ont pris \u00e0 faire chanter leur instrument, et l&rsquo;\u00e9motion ainsi transmise. Bravo \u00e0 tous ! Deux de ces \u00e9l\u00e8ves, Jade et Ambre, ont amplement m\u00e9rit\u00e9 leur place de musiciennes au sein de l&rsquo;orchestre, puisqu&rsquo;elles ont termin\u00e9 leurs 5 ann\u00e9es de formation avec la note de 19\/20, une premi\u00e8re mention, et les f\u00e9licitations du jury.<\/p>\n<p style=\"text-align: center;\"><a href=\"\/2021\/07\/nthbf.jpg\"><img decoding=\"async\" class=\"alignnone size-full wp-image-321329\" src=\"\/2021\/07\/nthbf.jpg\" alt=\"nthbf\" width=\"800\" height=\"544\" \/><\/a><\/p>\n","protected":false},"excerpt":{"rendered":"<p>Le samedi 3 juillet dernier, les \u00e9l\u00e8ves de l&rsquo;\u00e9cole de musique du Club des Mandolines ont pass\u00e9 leur examen de [&hellip;]<\/p>\n","protected":false},"author":407,"featured_media":43125,"comment_status":"open","ping_status":"open","sticky":false,"template":"","format":"standard","meta":{"footnotes":""},"categories":[26,4,1556,35],"tags":[],"class_list":["post-43124","post","type-post","status-publish","format-standard","has-post-thumbnail","hentry","category-a-la-une","category-culture","category-remiremont-remiremont-son-canton-2","category-remiremont-son-canton"],"acf":[],"yoast_head":"<!-- This site is optimized with the Yoast SEO plugin v22.5 - https:\/\/yoast.com\/wordpress\/plugins\/seo\/ -->\n<title>Club des Mandolines : examen de fin d&#039;ann\u00e9e pour les \u00e9l\u00e8ves de l&#039;\u00e9cole de musique - Remiremont Info<\/title>\n<meta name=\"robots\" content=\"index, follow, max-snippet:-1, max-image-preview:large, max-video-preview:-1\" \/>\n<link rel=\"canonical\" href=\"https:\/\/vosgesinfo.fr\/remiremontinfo\/2021\/07\/club-mandolines-examen-de-fin-dannee-eleves-de-lecole-de-musique\/\" \/>\n<meta name=\"twitter:card\" content=\"summary_large_image\" \/>\n<meta name=\"twitter:title\" content=\"Club des Mandolines : examen de fin d&#039;ann\u00e9e pour les \u00e9l\u00e8ves de l&#039;\u00e9cole de musique - Remiremont Info\" \/>\n<meta name=\"twitter:description\" content=\"Le samedi 3 juillet dernier, les \u00e9l\u00e8ves de l&rsquo;\u00e9cole de musique du Club des Mandolines ont pass\u00e9 leur examen de [&hellip;]\" \/>\n<meta name=\"twitter:image\" content=\"https:\/\/vosgesinfo.fr\/app\/uploads\/sites\/5\/2024\/09\/202107rtnh1.jpg\" \/>\n<meta name=\"twitter:creator\" content=\"@VosgesInfo88\" \/>\n<meta name=\"twitter:site\" content=\"@VosgesInfo88\" \/>\n<meta name=\"twitter:label1\" content=\"\u00c9crit par\" \/>\n\t<meta name=\"twitter:data1\" content=\"C D\" \/>\n\t<meta name=\"twitter:label2\" content=\"Dur\u00e9e de lecture estim\u00e9e\" \/>\n\t<meta name=\"twitter:data2\" content=\"1 minute\" \/>\n<script type=\"application\/ld+json\" class=\"yoast-schema-graph\">{\"@context\":\"https:\/\/schema.org\",\"@graph\":[{\"@type\":\"Article\",\"@id\":\"https:\/\/vosgesinfo.fr\/remiremontinfo\/2021\/07\/club-mandolines-examen-de-fin-dannee-eleves-de-lecole-de-musique\/#article\",\"isPartOf\":{\"@id\":\"https:\/\/vosgesinfo.fr\/remiremontinfo\/2021\/07\/club-mandolines-examen-de-fin-dannee-eleves-de-lecole-de-musique\/\"},\"author\":{\"name\":\"C D\",\"@id\":\"https:\/\/vosgesinfo.fr\/remiremontinfo\/#\/schema\/person\/3bfd164d5218a185b1db68655a265316\"},\"headline\":\"Club des Mandolines : examen de fin d&rsquo;ann\u00e9e pour les \u00e9l\u00e8ves de l&rsquo;\u00e9cole de musique\",\"datePublished\":\"2021-07-08T09:23:58+00:00\",\"dateModified\":\"2021-07-08T09:23:58+00:00\",\"mainEntityOfPage\":{\"@id\":\"https:\/\/vosgesinfo.fr\/remiremontinfo\/2021\/07\/club-mandolines-examen-de-fin-dannee-eleves-de-lecole-de-musique\/\"},\"wordCount\":241,\"commentCount\":0,\"publisher\":{\"@id\":\"https:\/\/vosgesinfo.fr\/remiremontinfo\/#organization\"},\"image\":{\"@id\":\"https:\/\/vosgesinfo.fr\/remiremontinfo\/2021\/07\/club-mandolines-examen-de-fin-dannee-eleves-de-lecole-de-musique\/#primaryimage\"},\"thumbnailUrl\":\"https:\/\/vosgesinfo.fr\/app\/uploads\/sites\/5\/2024\/09\/202107rtnh1.jpg\",\"articleSection\":[\"A la Une\",\"Culture\",\"Remiremont\",\"Remiremont &amp; son canton\"],\"inLanguage\":\"fr-FR\",\"potentialAction\":[{\"@type\":\"CommentAction\",\"name\":\"Comment\",\"target\":[\"https:\/\/vosgesinfo.fr\/remiremontinfo\/2021\/07\/club-mandolines-examen-de-fin-dannee-eleves-de-lecole-de-musique\/#respond\"]}]},{\"@type\":\"WebPage\",\"@id\":\"https:\/\/vosgesinfo.fr\/remiremontinfo\/2021\/07\/club-mandolines-examen-de-fin-dannee-eleves-de-lecole-de-musique\/\",\"url\":\"https:\/\/vosgesinfo.fr\/remiremontinfo\/2021\/07\/club-mandolines-examen-de-fin-dannee-eleves-de-lecole-de-musique\/\",\"name\":\"Club des Mandolines : examen de fin d'ann\u00e9e pour les \u00e9l\u00e8ves de l'\u00e9cole de musique - Remiremont Info\",\"isPartOf\":{\"@id\":\"https:\/\/vosgesinfo.fr\/remiremontinfo\/#website\"},\"primaryImageOfPage\":{\"@id\":\"https:\/\/vosgesinfo.fr\/remiremontinfo\/2021\/07\/club-mandolines-examen-de-fin-dannee-eleves-de-lecole-de-musique\/#primaryimage\"},\"image\":{\"@id\":\"https:\/\/vosgesinfo.fr\/remiremontinfo\/2021\/07\/club-mandolines-examen-de-fin-dannee-eleves-de-lecole-de-musique\/#primaryimage\"},\"thumbnailUrl\":\"https:\/\/vosgesinfo.fr\/app\/uploads\/sites\/5\/2024\/09\/202107rtnh1.jpg\",\"datePublished\":\"2021-07-08T09:23:58+00:00\",\"dateModified\":\"2021-07-08T09:23:58+00:00\",\"breadcrumb\":{\"@id\":\"https:\/\/vosgesinfo.fr\/remiremontinfo\/2021\/07\/club-mandolines-examen-de-fin-dannee-eleves-de-lecole-de-musique\/#breadcrumb\"},\"inLanguage\":\"fr-FR\",\"potentialAction\":[{\"@type\":\"ReadAction\",\"target\":[\"https:\/\/vosgesinfo.fr\/remiremontinfo\/2021\/07\/club-mandolines-examen-de-fin-dannee-eleves-de-lecole-de-musique\/\"]}]},{\"@type\":\"ImageObject\",\"inLanguage\":\"fr-FR\",\"@id\":\"https:\/\/vosgesinfo.fr\/remiremontinfo\/2021\/07\/club-mandolines-examen-de-fin-dannee-eleves-de-lecole-de-musique\/#primaryimage\",\"url\":\"https:\/\/vosgesinfo.fr\/app\/uploads\/sites\/5\/2024\/09\/202107rtnh1.jpg\",\"contentUrl\":\"https:\/\/vosgesinfo.fr\/app\/uploads\/sites\/5\/2024\/09\/202107rtnh1.jpg\",\"width\":559,\"height\":432},{\"@type\":\"BreadcrumbList\",\"@id\":\"https:\/\/vosgesinfo.fr\/remiremontinfo\/2021\/07\/club-mandolines-examen-de-fin-dannee-eleves-de-lecole-de-musique\/#breadcrumb\",\"itemListElement\":[{\"@type\":\"ListItem\",\"position\":1,\"name\":\"Home\",\"item\":\"https:\/\/vosgesinfo.fr\/remiremontinfo\/\"},{\"@type\":\"ListItem\",\"position\":2,\"name\":\"Club des Mandolines : examen de fin d&rsquo;ann\u00e9e pour les \u00e9l\u00e8ves de l&rsquo;\u00e9cole de musique\"}]},{\"@type\":\"WebSite\",\"@id\":\"https:\/\/vosgesinfo.fr\/remiremontinfo\/#website\",\"url\":\"https:\/\/vosgesinfo.fr\/remiremontinfo\/\",\"name\":\"Remiremont Info\",\"description\":\"Toute l&#039;actualit\u00e9 de Remiremont\",\"publisher\":{\"@id\":\"https:\/\/vosgesinfo.fr\/remiremontinfo\/#organization\"},\"alternateName\":\"Toute l'actualit\u00e9 de Remiremont\",\"potentialAction\":[{\"@type\":\"SearchAction\",\"target\":{\"@type\":\"EntryPoint\",\"urlTemplate\":\"https:\/\/vosgesinfo.fr\/remiremontinfo\/?s={search_term_string}\"},\"query-input\":\"required name=search_term_string\"}],\"inLanguage\":\"fr-FR\"},{\"@type\":\"Organization\",\"@id\":\"https:\/\/vosgesinfo.fr\/remiremontinfo\/#organization\",\"name\":\"Remiremont Info\",\"url\":\"https:\/\/vosgesinfo.fr\/remiremontinfo\/\",\"logo\":{\"@type\":\"ImageObject\",\"inLanguage\":\"fr-FR\",\"@id\":\"https:\/\/vosgesinfo.fr\/remiremontinfo\/#\/schema\/logo\/image\/\",\"url\":\"https:\/\/vosgesinfo.fr\/app\/uploads\/sites\/5\/2023\/08\/favicon-remiremontinfo.png\",\"contentUrl\":\"https:\/\/vosgesinfo.fr\/app\/uploads\/sites\/5\/2023\/08\/favicon-remiremontinfo.png\",\"width\":512,\"height\":512,\"caption\":\"Remiremont Info\"},\"image\":{\"@id\":\"https:\/\/vosgesinfo.fr\/remiremontinfo\/#\/schema\/logo\/image\/\"},\"sameAs\":[\"https:\/\/www.facebook.com\/remiremontinfo\",\"https:\/\/x.com\/VosgesInfo88\",\"https:\/\/www.youtube.com\/@vosgesinfo\"]},{\"@type\":\"Person\",\"@id\":\"https:\/\/vosgesinfo.fr\/remiremontinfo\/#\/schema\/person\/3bfd164d5218a185b1db68655a265316\",\"name\":\"C D\",\"image\":{\"@type\":\"ImageObject\",\"inLanguage\":\"fr-FR\",\"@id\":\"https:\/\/vosgesinfo.fr\/remiremontinfo\/#\/schema\/person\/image\/\",\"url\":\"https:\/\/secure.gravatar.com\/avatar\/1f9a70007336511a47468b8f1c66f922b8b7cf617b02a31149ada43893a5d48f?s=96&d=mm&r=g\",\"contentUrl\":\"https:\/\/secure.gravatar.com\/avatar\/1f9a70007336511a47468b8f1c66f922b8b7cf617b02a31149ada43893a5d48f?s=96&d=mm&r=g\",\"caption\":\"C D\"},\"url\":\"https:\/\/vosgesinfo.fr\/remiremontinfo\/author\/cedric-drevet\/\"}]}<\/script>\n<!-- \/ Yoast SEO plugin. -->","yoast_head_json":{"title":"Club des Mandolines : examen de fin d'ann\u00e9e pour les \u00e9l\u00e8ves de l'\u00e9cole de musique - Remiremont Info","robots":{"index":"index","follow":"follow","max-snippet":"max-snippet:-1","max-image-preview":"max-image-preview:large","max-video-preview":"max-video-preview:-1"},"canonical":"https:\/\/vosgesinfo.fr\/remiremontinfo\/2021\/07\/club-mandolines-examen-de-fin-dannee-eleves-de-lecole-de-musique\/","twitter_card":"summary_large_image","twitter_title":"Club des Mandolines : examen de fin d'ann\u00e9e pour les \u00e9l\u00e8ves de l'\u00e9cole de musique - Remiremont Info","twitter_description":"Le samedi 3 juillet dernier, les \u00e9l\u00e8ves de l&rsquo;\u00e9cole de musique du Club des Mandolines ont pass\u00e9 leur examen de [&hellip;]","twitter_image":"https:\/\/vosgesinfo.fr\/app\/uploads\/sites\/5\/2024\/09\/202107rtnh1.jpg","twitter_creator":"@VosgesInfo88","twitter_site":"@VosgesInfo88","twitter_misc":{"\u00c9crit par":"C D","Dur\u00e9e de lecture estim\u00e9e":"1 minute"},"schema":{"@context":"https:\/\/schema.org","@graph":[{"@type":"Article","@id":"https:\/\/vosgesinfo.fr\/remiremontinfo\/2021\/07\/club-mandolines-examen-de-fin-dannee-eleves-de-lecole-de-musique\/#article","isPartOf":{"@id":"https:\/\/vosgesinfo.fr\/remiremontinfo\/2021\/07\/club-mandolines-examen-de-fin-dannee-eleves-de-lecole-de-musique\/"},"author":{"name":"C D","@id":"https:\/\/vosgesinfo.fr\/remiremontinfo\/#\/schema\/person\/3bfd164d5218a185b1db68655a265316"},"headline":"Club des Mandolines : examen de fin d&rsquo;ann\u00e9e pour les \u00e9l\u00e8ves de l&rsquo;\u00e9cole de musique","datePublished":"2021-07-08T09:23:58+00:00","dateModified":"2021-07-08T09:23:58+00:00","mainEntityOfPage":{"@id":"https:\/\/vosgesinfo.fr\/remiremontinfo\/2021\/07\/club-mandolines-examen-de-fin-dannee-eleves-de-lecole-de-musique\/"},"wordCount":241,"commentCount":0,"publisher":{"@id":"https:\/\/vosgesinfo.fr\/remiremontinfo\/#organization"},"image":{"@id":"https:\/\/vosgesinfo.fr\/remiremontinfo\/2021\/07\/club-mandolines-examen-de-fin-dannee-eleves-de-lecole-de-musique\/#primaryimage"},"thumbnailUrl":"https:\/\/vosgesinfo.fr\/app\/uploads\/sites\/5\/2024\/09\/202107rtnh1.jpg","articleSection":["A la Une","Culture","Remiremont","Remiremont &amp; son canton"],"inLanguage":"fr-FR","potentialAction":[{"@type":"CommentAction","name":"Comment","target":["https:\/\/vosgesinfo.fr\/remiremontinfo\/2021\/07\/club-mandolines-examen-de-fin-dannee-eleves-de-lecole-de-musique\/#respond"]}]},{"@type":"WebPage","@id":"https:\/\/vosgesinfo.fr\/remiremontinfo\/2021\/07\/club-mandolines-examen-de-fin-dannee-eleves-de-lecole-de-musique\/","url":"https:\/\/vosgesinfo.fr\/remiremontinfo\/2021\/07\/club-mandolines-examen-de-fin-dannee-eleves-de-lecole-de-musique\/","name":"Club des Mandolines : examen de fin d'ann\u00e9e pour les \u00e9l\u00e8ves de l'\u00e9cole de musique - Remiremont Info","isPartOf":{"@id":"https:\/\/vosgesinfo.fr\/remiremontinfo\/#website"},"primaryImageOfPage":{"@id":"https:\/\/vosgesinfo.fr\/remiremontinfo\/2021\/07\/club-mandolines-examen-de-fin-dannee-eleves-de-lecole-de-musique\/#primaryimage"},"image":{"@id":"https:\/\/vosgesinfo.fr\/remiremontinfo\/2021\/07\/club-mandolines-examen-de-fin-dannee-eleves-de-lecole-de-musique\/#primaryimage"},"thumbnailUrl":"https:\/\/vosgesinfo.fr\/app\/uploads\/sites\/5\/2024\/09\/202107rtnh1.jpg","datePublished":"2021-07-08T09:23:58+00:00","dateModified":"2021-07-08T09:23:58+00:00","breadcrumb":{"@id":"https:\/\/vosgesinfo.fr\/remiremontinfo\/2021\/07\/club-mandolines-examen-de-fin-dannee-eleves-de-lecole-de-musique\/#breadcrumb"},"inLanguage":"fr-FR","potentialAction":[{"@type":"ReadAction","target":["https:\/\/vosgesinfo.fr\/remiremontinfo\/2021\/07\/club-mandolines-examen-de-fin-dannee-eleves-de-lecole-de-musique\/"]}]},{"@type":"ImageObject","inLanguage":"fr-FR","@id":"https:\/\/vosgesinfo.fr\/remiremontinfo\/2021\/07\/club-mandolines-examen-de-fin-dannee-eleves-de-lecole-de-musique\/#primaryimage","url":"https:\/\/vosgesinfo.fr\/app\/uploads\/sites\/5\/2024\/09\/202107rtnh1.jpg","contentUrl":"https:\/\/vosgesinfo.fr\/app\/uploads\/sites\/5\/2024\/09\/202107rtnh1.jpg","width":559,"height":432},{"@type":"BreadcrumbList","@id":"https:\/\/vosgesinfo.fr\/remiremontinfo\/2021\/07\/club-mandolines-examen-de-fin-dannee-eleves-de-lecole-de-musique\/#breadcrumb","itemListElement":[{"@type":"ListItem","position":1,"name":"Home","item":"https:\/\/vosgesinfo.fr\/remiremontinfo\/"},{"@type":"ListItem","position":2,"name":"Club des Mandolines : examen de fin d&rsquo;ann\u00e9e pour les \u00e9l\u00e8ves de l&rsquo;\u00e9cole de musique"}]},{"@type":"WebSite","@id":"https:\/\/vosgesinfo.fr\/remiremontinfo\/#website","url":"https:\/\/vosgesinfo.fr\/remiremontinfo\/","name":"Remiremont Info","description":"Toute l&#039;actualit\u00e9 de Remiremont","publisher":{"@id":"https:\/\/vosgesinfo.fr\/remiremontinfo\/#organization"},"alternateName":"Toute l'actualit\u00e9 de Remiremont","potentialAction":[{"@type":"SearchAction","target":{"@type":"EntryPoint","urlTemplate":"https:\/\/vosgesinfo.fr\/remiremontinfo\/?s={search_term_string}"},"query-input":"required name=search_term_string"}],"inLanguage":"fr-FR"},{"@type":"Organization","@id":"https:\/\/vosgesinfo.fr\/remiremontinfo\/#organization","name":"Remiremont Info","url":"https:\/\/vosgesinfo.fr\/remiremontinfo\/","logo":{"@type":"ImageObject","inLanguage":"fr-FR","@id":"https:\/\/vosgesinfo.fr\/remiremontinfo\/#\/schema\/logo\/image\/","url":"https:\/\/vosgesinfo.fr\/app\/uploads\/sites\/5\/2023\/08\/favicon-remiremontinfo.png","contentUrl":"https:\/\/vosgesinfo.fr\/app\/uploads\/sites\/5\/2023\/08\/favicon-remiremontinfo.png","width":512,"height":512,"caption":"Remiremont Info"},"image":{"@id":"https:\/\/vosgesinfo.fr\/remiremontinfo\/#\/schema\/logo\/image\/"},"sameAs":["https:\/\/www.facebook.com\/remiremontinfo","https:\/\/x.com\/VosgesInfo88","https:\/\/www.youtube.com\/@vosgesinfo"]},{"@type":"Person","@id":"https:\/\/vosgesinfo.fr\/remiremontinfo\/#\/schema\/person\/3bfd164d5218a185b1db68655a265316","name":"C D","image":{"@type":"ImageObject","inLanguage":"fr-FR","@id":"https:\/\/vosgesinfo.fr\/remiremontinfo\/#\/schema\/person\/image\/","url":"https:\/\/secure.gravatar.com\/avatar\/1f9a70007336511a47468b8f1c66f922b8b7cf617b02a31149ada43893a5d48f?s=96&d=mm&r=g","contentUrl":"https:\/\/secure.gravatar.com\/avatar\/1f9a70007336511a47468b8f1c66f922b8b7cf617b02a31149ada43893a5d48f?s=96&d=mm&r=g","caption":"C D"},"url":"https:\/\/vosgesinfo.fr\/remiremontinfo\/author\/cedric-drevet\/"}]}},"_links":{"self":[{"href":"https:\/\/vosgesinfo.fr\/remiremontinfo\/wp-json\/wp\/v2\/posts\/43124","targetHints":{"allow":["GET"]}}],"collection":[{"href":"https:\/\/vosgesinfo.fr\/remiremontinfo\/wp-json\/wp\/v2\/posts"}],"about":[{"href":"https:\/\/vosgesinfo.fr\/remiremontinfo\/wp-json\/wp\/v2\/types\/post"}],"author":[{"embeddable":true,"href":"https:\/\/vosgesinfo.fr\/remiremontinfo\/wp-json\/wp\/v2\/users\/407"}],"replies":[{"embeddable":true,"href":"https:\/\/vosgesinfo.fr\/remiremontinfo\/wp-json\/wp\/v2\/comments?post=43124"}],"version-history":[{"count":0,"href":"https:\/\/vosgesinfo.fr\/remiremontinfo\/wp-json\/wp\/v2\/posts\/43124\/revisions"}],"wp:featuredmedia":[{"embeddable":true,"href":"https:\/\/vosgesinfo.fr\/remiremontinfo\/wp-json\/wp\/v2\/media\/43125"}],"wp:attachment":[{"href":"https:\/\/vosgesinfo.fr\/remiremontinfo\/wp-json\/wp\/v2\/media?parent=43124"}],"wp:term":[{"taxonomy":"category","embeddable":true,"href":"https:\/\/vosgesinfo.fr\/remiremontinfo\/wp-json\/wp\/v2\/categories?post=43124"},{"taxonomy":"post_tag","embeddable":true,"href":"https:\/\/vosgesinfo.fr\/remiremontinfo\/wp-json\/wp\/v2\/tags?post=43124"}],"curies":[{"name":"wp","href":"https:\/\/api.w.org\/{rel}","templated":true}]}}