{"id":43369,"date":"2021-07-13T08:20:24","date_gmt":"2021-07-13T06:20:24","guid":{"rendered":"https:\/\/vosgesinfo.fr\/remiremontinfo\/2021\/07\/vosgelis-evodia-sengagent-ensemble-linstallation-de-115-sites-de-compostage-partage\/"},"modified":"2021-07-13T08:20:24","modified_gmt":"2021-07-13T06:20:24","slug":"vosgelis-evodia-sengagent-ensemble-linstallation-de-115-sites-de-compostage-partage","status":"publish","type":"post","link":"https:\/\/vosgesinfo.fr\/remiremontinfo\/2021\/07\/vosgelis-evodia-sengagent-ensemble-linstallation-de-115-sites-de-compostage-partage\/","title":{"rendered":"Vosgelis et \u00c9vodia s\u2019engagent ensemble pour l\u2019installation de 115 sites de compostage partag\u00e9"},"content":{"rendered":"<header class=\"entry-header\">\n<p style=\"text-align: center;\"><a href=\"\/2021\/07\/IMG_1448.jpg\"><img decoding=\"async\" class=\"alignnone size-full wp-image-321742\" src=\"\/2021\/07\/IMG_1448.jpg\" alt=\"IMG_1448\" width=\"800\" height=\"533\" \/><\/a><\/p>\n<\/header>\n<div class=\"entry-content\">\n<h2><strong><span style=\"font-size: 12pt;\">Patrick Lagarde, pr\u00e9sident d\u2019\u00c9vodia et Fabrice Barbe, directeur g\u00e9n\u00e9ral de Vosgelis, se sont donn\u00e9 rendez-vous ce lundi\u00a0 pour formaliser leur engagement au service de la r\u00e9duction des d\u00e9chets, qui se traduit par une convention de partenariat pour le d\u00e9ploiement des sites de compostage partag\u00e9 dans le patrimoine de Vosgelis.<\/span><\/strong><\/h2>\n<p>Acteur vosgien de la r\u00e9duction des d\u00e9chets, \u00c9vodia a \u00e9labor\u00e9 en 2019, en collaboration avec ses collectivit\u00e9s adh\u00e9rentes (Sicovad, Sicotral, communaut\u00e9s d\u2019agglom\u00e9rations et de communes\u2026), un\u00a0Programme local de pr\u00e9vention des d\u00e9chets m\u00e9nagers et assimil\u00e9s\u00a0(PLPMDA). A ce titre, la r\u00e9duction des biod\u00e9chets et des d\u00e9chets verts est devenue un enjeu majeur du d\u00e9ploiement de ce programme, notamment pour anticiper l\u2019obligation de tri \u00e0 la source des biod\u00e9chets avanc\u00e9e par l\u2019Union Europ\u00e9enne au 31 d\u00e9cembre 2023.<\/p>\n<p>De son c\u00f4t\u00e9 Vosgelis, propri\u00e9taire de 110 hectares d\u2019espaces verts collectifs dans son patrimoine (soit l\u2019\u00e9quivalent de 155 terrains de foot), met ce potentiel au service de sa d\u00e9marche RSE en d\u00e9veloppant de nombreuses actions autour de l\u2019environnement et du lien social\u00a0: jardins partag\u00e9s, potagers en pieds d\u2019immeubles, vergers partag\u00e9s\u2026 tandis que les sites de compostage fleurissent un peu partout dans les quartiers pour atteindre le nombre de 21 \u00e0 la fin de l\u2019ann\u00e9e derni\u00e8re.<\/p>\n<p>En signant ce partenariat, \u00c9vodia et Vosgelis donnent un coup d\u2019acc\u00e9l\u00e9rateur au d\u00e9veloppement de cette initiative : en effet, pas moins de 115 sites ont \u00e9t\u00e9 identifi\u00e9s (principalement dans les Quartiers prioritaires de la ville) rien que pour l\u2019ann\u00e9e 2021, desservant 7000 foyers. Comme les pr\u00e9c\u00e9dents, ces sites seront install\u00e9s par les collectivit\u00e9s adh\u00e9rentes d\u2019\u00c9vodia sur l\u2019ensemble du d\u00e9partement.<\/p>\n<p>Mais la convention met aussi fortement l\u2019accent sur l\u2019accompagnement des habitants : des r\u00e9f\u00e9rents seront d\u00e9sign\u00e9s pour chaque site de compostage (habitants volontaires et\/ou collaborateurs de Vosgelis sur le terrain), une formation compl\u00e8te leur sera propos\u00e9e et un suivi sera assur\u00e9 par \u00c9vodia ou la collectivit\u00e9 concern\u00e9e. Ce d\u00e9veloppement exceptionnel du compostage sur le patrimoine de Vosgelis sera financ\u00e9 \u00e0 75% par \u00c9vodia et \u00e0 25% par le bailleur.<\/p>\n<p>A l\u2019occasion de cette rencontre qui s\u2019est tenue dans la nouvelle Salle Parisot, v\u00e9ritable vitrine du savoir-faire vosgien, Fabrice Barbe a soulign\u00e9 les actions concr\u00e8tes et surtout collectives qui traduisent l\u2019engagement de Vosgelis au service de la plan\u00e8te, troisi\u00e8me volet de son projet d\u2019entreprise : du bilan carbone au parrainage de ruches en passant par l\u2019achat d\u2019une \u00ab\u00a0Ami\u00a0\u00bb \u00e9lectrique ou le soutien aux producteurs locaux, les exemples sont nombreux. De son c\u00f4t\u00e9, Patrick Lagarde a rappel\u00e9 que <em>\u00ab\u00a0les meilleurs d\u00e9chets sont ceux que l\u2019on ne produit pas\u00a0\u00bb<\/em> et s\u2019est f\u00e9licit\u00e9 de ce qu\u2019il a qualifi\u00e9 d\u2019un <em>\u00ab\u00a0tr\u00e8s beau partenariat\u00a0\u00bb.<\/em><\/p>\n\n<p><iframe loading=\"lazy\" src=\"\/\/www.youtube.com\/embed\/M_sMfR5_uSk\" width=\"425\" height=\"350\" allowfullscreen=\"allowfullscreen\"><\/iframe><\/p>\n<figure class=\"wp-block-embed-youtube wp-block-embed is-type-video is-provider-youtube wp-embed-aspect-16-9 wp-has-aspect-ratio\"><\/figure>\n<\/div>\n","protected":false},"excerpt":{"rendered":"<p>Patrick Lagarde, pr\u00e9sident d\u2019\u00c9vodia et Fabrice Barbe, directeur g\u00e9n\u00e9ral de Vosgelis, se sont donn\u00e9 rendez-vous ce lundi\u00a0 pour formaliser leur [&hellip;]<\/p>\n","protected":false},"author":407,"featured_media":43370,"comment_status":"open","ping_status":"open","sticky":false,"template":"","format":"standard","meta":{"footnotes":""},"categories":[26,7,18],"tags":[],"class_list":["post-43369","post","type-post","status-publish","format-standard","has-post-thumbnail","hentry","category-a-la-une","category-environnement","category-vosges"],"acf":[],"yoast_head":"<!-- This site is optimized with the Yoast SEO plugin v22.5 - https:\/\/yoast.com\/wordpress\/plugins\/seo\/ -->\n<title>Vosgelis et \u00c9vodia s\u2019engagent ensemble pour l\u2019installation de 115 sites de compostage partag\u00e9 - Remiremont Info<\/title>\n<meta name=\"robots\" content=\"index, follow, max-snippet:-1, max-image-preview:large, max-video-preview:-1\" \/>\n<link rel=\"canonical\" href=\"https:\/\/vosgesinfo.fr\/remiremontinfo\/2021\/07\/vosgelis-evodia-sengagent-ensemble-linstallation-de-115-sites-de-compostage-partage\/\" \/>\n<meta name=\"twitter:card\" content=\"summary_large_image\" \/>\n<meta name=\"twitter:title\" content=\"Vosgelis et \u00c9vodia s\u2019engagent ensemble pour l\u2019installation de 115 sites de compostage partag\u00e9 - Remiremont Info\" \/>\n<meta name=\"twitter:description\" content=\"Patrick Lagarde, pr\u00e9sident d\u2019\u00c9vodia et Fabrice Barbe, directeur g\u00e9n\u00e9ral de Vosgelis, se sont donn\u00e9 rendez-vous ce lundi\u00a0 pour formaliser leur [&hellip;]\" \/>\n<meta name=\"twitter:image\" content=\"https:\/\/vosgesinfo.fr\/app\/uploads\/sites\/5\/2024\/09\/202107img-1448.jpg\" \/>\n<meta name=\"twitter:creator\" content=\"@VosgesInfo88\" \/>\n<meta name=\"twitter:site\" content=\"@VosgesInfo88\" \/>\n<meta name=\"twitter:label1\" content=\"\u00c9crit par\" \/>\n\t<meta name=\"twitter:data1\" content=\"C D\" \/>\n\t<meta name=\"twitter:label2\" content=\"Dur\u00e9e de lecture estim\u00e9e\" \/>\n\t<meta name=\"twitter:data2\" content=\"3 minutes\" \/>\n<script type=\"application\/ld+json\" class=\"yoast-schema-graph\">{\"@context\":\"https:\/\/schema.org\",\"@graph\":[{\"@type\":\"Article\",\"@id\":\"https:\/\/vosgesinfo.fr\/remiremontinfo\/2021\/07\/vosgelis-evodia-sengagent-ensemble-linstallation-de-115-sites-de-compostage-partage\/#article\",\"isPartOf\":{\"@id\":\"https:\/\/vosgesinfo.fr\/remiremontinfo\/2021\/07\/vosgelis-evodia-sengagent-ensemble-linstallation-de-115-sites-de-compostage-partage\/\"},\"author\":{\"name\":\"C D\",\"@id\":\"https:\/\/vosgesinfo.fr\/remiremontinfo\/#\/schema\/person\/3bfd164d5218a185b1db68655a265316\"},\"headline\":\"Vosgelis et \u00c9vodia s\u2019engagent ensemble pour l\u2019installation de 115 sites de compostage partag\u00e9\",\"datePublished\":\"2021-07-13T06:20:24+00:00\",\"dateModified\":\"2021-07-13T06:20:24+00:00\",\"mainEntityOfPage\":{\"@id\":\"https:\/\/vosgesinfo.fr\/remiremontinfo\/2021\/07\/vosgelis-evodia-sengagent-ensemble-linstallation-de-115-sites-de-compostage-partage\/\"},\"wordCount\":516,\"commentCount\":0,\"publisher\":{\"@id\":\"https:\/\/vosgesinfo.fr\/remiremontinfo\/#organization\"},\"image\":{\"@id\":\"https:\/\/vosgesinfo.fr\/remiremontinfo\/2021\/07\/vosgelis-evodia-sengagent-ensemble-linstallation-de-115-sites-de-compostage-partage\/#primaryimage\"},\"thumbnailUrl\":\"https:\/\/vosgesinfo.fr\/app\/uploads\/sites\/5\/2024\/09\/202107img-1448.jpg\",\"articleSection\":[\"A la Une\",\"Environnement\",\"Vosges\"],\"inLanguage\":\"fr-FR\",\"potentialAction\":[{\"@type\":\"CommentAction\",\"name\":\"Comment\",\"target\":[\"https:\/\/vosgesinfo.fr\/remiremontinfo\/2021\/07\/vosgelis-evodia-sengagent-ensemble-linstallation-de-115-sites-de-compostage-partage\/#respond\"]}]},{\"@type\":\"WebPage\",\"@id\":\"https:\/\/vosgesinfo.fr\/remiremontinfo\/2021\/07\/vosgelis-evodia-sengagent-ensemble-linstallation-de-115-sites-de-compostage-partage\/\",\"url\":\"https:\/\/vosgesinfo.fr\/remiremontinfo\/2021\/07\/vosgelis-evodia-sengagent-ensemble-linstallation-de-115-sites-de-compostage-partage\/\",\"name\":\"Vosgelis et \u00c9vodia s\u2019engagent ensemble pour l\u2019installation de 115 sites de compostage partag\u00e9 - Remiremont Info\",\"isPartOf\":{\"@id\":\"https:\/\/vosgesinfo.fr\/remiremontinfo\/#website\"},\"primaryImageOfPage\":{\"@id\":\"https:\/\/vosgesinfo.fr\/remiremontinfo\/2021\/07\/vosgelis-evodia-sengagent-ensemble-linstallation-de-115-sites-de-compostage-partage\/#primaryimage\"},\"image\":{\"@id\":\"https:\/\/vosgesinfo.fr\/remiremontinfo\/2021\/07\/vosgelis-evodia-sengagent-ensemble-linstallation-de-115-sites-de-compostage-partage\/#primaryimage\"},\"thumbnailUrl\":\"https:\/\/vosgesinfo.fr\/app\/uploads\/sites\/5\/2024\/09\/202107img-1448.jpg\",\"datePublished\":\"2021-07-13T06:20:24+00:00\",\"dateModified\":\"2021-07-13T06:20:24+00:00\",\"breadcrumb\":{\"@id\":\"https:\/\/vosgesinfo.fr\/remiremontinfo\/2021\/07\/vosgelis-evodia-sengagent-ensemble-linstallation-de-115-sites-de-compostage-partage\/#breadcrumb\"},\"inLanguage\":\"fr-FR\",\"potentialAction\":[{\"@type\":\"ReadAction\",\"target\":[\"https:\/\/vosgesinfo.fr\/remiremontinfo\/2021\/07\/vosgelis-evodia-sengagent-ensemble-linstallation-de-115-sites-de-compostage-partage\/\"]}]},{\"@type\":\"ImageObject\",\"inLanguage\":\"fr-FR\",\"@id\":\"https:\/\/vosgesinfo.fr\/remiremontinfo\/2021\/07\/vosgelis-evodia-sengagent-ensemble-linstallation-de-115-sites-de-compostage-partage\/#primaryimage\",\"url\":\"https:\/\/vosgesinfo.fr\/app\/uploads\/sites\/5\/2024\/09\/202107img-1448.jpg\",\"contentUrl\":\"https:\/\/vosgesinfo.fr\/app\/uploads\/sites\/5\/2024\/09\/202107img-1448.jpg\",\"width\":800,\"height\":533},{\"@type\":\"BreadcrumbList\",\"@id\":\"https:\/\/vosgesinfo.fr\/remiremontinfo\/2021\/07\/vosgelis-evodia-sengagent-ensemble-linstallation-de-115-sites-de-compostage-partage\/#breadcrumb\",\"itemListElement\":[{\"@type\":\"ListItem\",\"position\":1,\"name\":\"Home\",\"item\":\"https:\/\/vosgesinfo.fr\/remiremontinfo\/\"},{\"@type\":\"ListItem\",\"position\":2,\"name\":\"Vosgelis et \u00c9vodia s\u2019engagent ensemble pour l\u2019installation de 115 sites de compostage partag\u00e9\"}]},{\"@type\":\"WebSite\",\"@id\":\"https:\/\/vosgesinfo.fr\/remiremontinfo\/#website\",\"url\":\"https:\/\/vosgesinfo.fr\/remiremontinfo\/\",\"name\":\"Remiremont Info\",\"description\":\"Toute l&#039;actualit\u00e9 de Remiremont\",\"publisher\":{\"@id\":\"https:\/\/vosgesinfo.fr\/remiremontinfo\/#organization\"},\"alternateName\":\"Toute l'actualit\u00e9 de Remiremont\",\"potentialAction\":[{\"@type\":\"SearchAction\",\"target\":{\"@type\":\"EntryPoint\",\"urlTemplate\":\"https:\/\/vosgesinfo.fr\/remiremontinfo\/?s={search_term_string}\"},\"query-input\":\"required name=search_term_string\"}],\"inLanguage\":\"fr-FR\"},{\"@type\":\"Organization\",\"@id\":\"https:\/\/vosgesinfo.fr\/remiremontinfo\/#organization\",\"name\":\"Remiremont Info\",\"url\":\"https:\/\/vosgesinfo.fr\/remiremontinfo\/\",\"logo\":{\"@type\":\"ImageObject\",\"inLanguage\":\"fr-FR\",\"@id\":\"https:\/\/vosgesinfo.fr\/remiremontinfo\/#\/schema\/logo\/image\/\",\"url\":\"https:\/\/vosgesinfo.fr\/app\/uploads\/sites\/5\/2023\/08\/favicon-remiremontinfo.png\",\"contentUrl\":\"https:\/\/vosgesinfo.fr\/app\/uploads\/sites\/5\/2023\/08\/favicon-remiremontinfo.png\",\"width\":512,\"height\":512,\"caption\":\"Remiremont Info\"},\"image\":{\"@id\":\"https:\/\/vosgesinfo.fr\/remiremontinfo\/#\/schema\/logo\/image\/\"},\"sameAs\":[\"https:\/\/www.facebook.com\/remiremontinfo\",\"https:\/\/x.com\/VosgesInfo88\",\"https:\/\/www.youtube.com\/@vosgesinfo\"]},{\"@type\":\"Person\",\"@id\":\"https:\/\/vosgesinfo.fr\/remiremontinfo\/#\/schema\/person\/3bfd164d5218a185b1db68655a265316\",\"name\":\"C D\",\"image\":{\"@type\":\"ImageObject\",\"inLanguage\":\"fr-FR\",\"@id\":\"https:\/\/vosgesinfo.fr\/remiremontinfo\/#\/schema\/person\/image\/\",\"url\":\"https:\/\/secure.gravatar.com\/avatar\/1f9a70007336511a47468b8f1c66f922b8b7cf617b02a31149ada43893a5d48f?s=96&d=mm&r=g\",\"contentUrl\":\"https:\/\/secure.gravatar.com\/avatar\/1f9a70007336511a47468b8f1c66f922b8b7cf617b02a31149ada43893a5d48f?s=96&d=mm&r=g\",\"caption\":\"C D\"},\"url\":\"https:\/\/vosgesinfo.fr\/remiremontinfo\/author\/cedric-drevet\/\"}]}<\/script>\n<!-- \/ Yoast SEO plugin. -->","yoast_head_json":{"title":"Vosgelis et \u00c9vodia s\u2019engagent ensemble pour l\u2019installation de 115 sites de compostage partag\u00e9 - Remiremont Info","robots":{"index":"index","follow":"follow","max-snippet":"max-snippet:-1","max-image-preview":"max-image-preview:large","max-video-preview":"max-video-preview:-1"},"canonical":"https:\/\/vosgesinfo.fr\/remiremontinfo\/2021\/07\/vosgelis-evodia-sengagent-ensemble-linstallation-de-115-sites-de-compostage-partage\/","twitter_card":"summary_large_image","twitter_title":"Vosgelis et \u00c9vodia s\u2019engagent ensemble pour l\u2019installation de 115 sites de compostage partag\u00e9 - Remiremont Info","twitter_description":"Patrick Lagarde, pr\u00e9sident d\u2019\u00c9vodia et Fabrice Barbe, directeur g\u00e9n\u00e9ral de Vosgelis, se sont donn\u00e9 rendez-vous ce lundi\u00a0 pour formaliser leur [&hellip;]","twitter_image":"https:\/\/vosgesinfo.fr\/app\/uploads\/sites\/5\/2024\/09\/202107img-1448.jpg","twitter_creator":"@VosgesInfo88","twitter_site":"@VosgesInfo88","twitter_misc":{"\u00c9crit par":"C D","Dur\u00e9e de lecture estim\u00e9e":"3 minutes"},"schema":{"@context":"https:\/\/schema.org","@graph":[{"@type":"Article","@id":"https:\/\/vosgesinfo.fr\/remiremontinfo\/2021\/07\/vosgelis-evodia-sengagent-ensemble-linstallation-de-115-sites-de-compostage-partage\/#article","isPartOf":{"@id":"https:\/\/vosgesinfo.fr\/remiremontinfo\/2021\/07\/vosgelis-evodia-sengagent-ensemble-linstallation-de-115-sites-de-compostage-partage\/"},"author":{"name":"C D","@id":"https:\/\/vosgesinfo.fr\/remiremontinfo\/#\/schema\/person\/3bfd164d5218a185b1db68655a265316"},"headline":"Vosgelis et \u00c9vodia s\u2019engagent ensemble pour l\u2019installation de 115 sites de compostage partag\u00e9","datePublished":"2021-07-13T06:20:24+00:00","dateModified":"2021-07-13T06:20:24+00:00","mainEntityOfPage":{"@id":"https:\/\/vosgesinfo.fr\/remiremontinfo\/2021\/07\/vosgelis-evodia-sengagent-ensemble-linstallation-de-115-sites-de-compostage-partage\/"},"wordCount":516,"commentCount":0,"publisher":{"@id":"https:\/\/vosgesinfo.fr\/remiremontinfo\/#organization"},"image":{"@id":"https:\/\/vosgesinfo.fr\/remiremontinfo\/2021\/07\/vosgelis-evodia-sengagent-ensemble-linstallation-de-115-sites-de-compostage-partage\/#primaryimage"},"thumbnailUrl":"https:\/\/vosgesinfo.fr\/app\/uploads\/sites\/5\/2024\/09\/202107img-1448.jpg","articleSection":["A la Une","Environnement","Vosges"],"inLanguage":"fr-FR","potentialAction":[{"@type":"CommentAction","name":"Comment","target":["https:\/\/vosgesinfo.fr\/remiremontinfo\/2021\/07\/vosgelis-evodia-sengagent-ensemble-linstallation-de-115-sites-de-compostage-partage\/#respond"]}]},{"@type":"WebPage","@id":"https:\/\/vosgesinfo.fr\/remiremontinfo\/2021\/07\/vosgelis-evodia-sengagent-ensemble-linstallation-de-115-sites-de-compostage-partage\/","url":"https:\/\/vosgesinfo.fr\/remiremontinfo\/2021\/07\/vosgelis-evodia-sengagent-ensemble-linstallation-de-115-sites-de-compostage-partage\/","name":"Vosgelis et \u00c9vodia s\u2019engagent ensemble pour l\u2019installation de 115 sites de compostage partag\u00e9 - Remiremont Info","isPartOf":{"@id":"https:\/\/vosgesinfo.fr\/remiremontinfo\/#website"},"primaryImageOfPage":{"@id":"https:\/\/vosgesinfo.fr\/remiremontinfo\/2021\/07\/vosgelis-evodia-sengagent-ensemble-linstallation-de-115-sites-de-compostage-partage\/#primaryimage"},"image":{"@id":"https:\/\/vosgesinfo.fr\/remiremontinfo\/2021\/07\/vosgelis-evodia-sengagent-ensemble-linstallation-de-115-sites-de-compostage-partage\/#primaryimage"},"thumbnailUrl":"https:\/\/vosgesinfo.fr\/app\/uploads\/sites\/5\/2024\/09\/202107img-1448.jpg","datePublished":"2021-07-13T06:20:24+00:00","dateModified":"2021-07-13T06:20:24+00:00","breadcrumb":{"@id":"https:\/\/vosgesinfo.fr\/remiremontinfo\/2021\/07\/vosgelis-evodia-sengagent-ensemble-linstallation-de-115-sites-de-compostage-partage\/#breadcrumb"},"inLanguage":"fr-FR","potentialAction":[{"@type":"ReadAction","target":["https:\/\/vosgesinfo.fr\/remiremontinfo\/2021\/07\/vosgelis-evodia-sengagent-ensemble-linstallation-de-115-sites-de-compostage-partage\/"]}]},{"@type":"ImageObject","inLanguage":"fr-FR","@id":"https:\/\/vosgesinfo.fr\/remiremontinfo\/2021\/07\/vosgelis-evodia-sengagent-ensemble-linstallation-de-115-sites-de-compostage-partage\/#primaryimage","url":"https:\/\/vosgesinfo.fr\/app\/uploads\/sites\/5\/2024\/09\/202107img-1448.jpg","contentUrl":"https:\/\/vosgesinfo.fr\/app\/uploads\/sites\/5\/2024\/09\/202107img-1448.jpg","width":800,"height":533},{"@type":"BreadcrumbList","@id":"https:\/\/vosgesinfo.fr\/remiremontinfo\/2021\/07\/vosgelis-evodia-sengagent-ensemble-linstallation-de-115-sites-de-compostage-partage\/#breadcrumb","itemListElement":[{"@type":"ListItem","position":1,"name":"Home","item":"https:\/\/vosgesinfo.fr\/remiremontinfo\/"},{"@type":"ListItem","position":2,"name":"Vosgelis et \u00c9vodia s\u2019engagent ensemble pour l\u2019installation de 115 sites de compostage partag\u00e9"}]},{"@type":"WebSite","@id":"https:\/\/vosgesinfo.fr\/remiremontinfo\/#website","url":"https:\/\/vosgesinfo.fr\/remiremontinfo\/","name":"Remiremont Info","description":"Toute l&#039;actualit\u00e9 de Remiremont","publisher":{"@id":"https:\/\/vosgesinfo.fr\/remiremontinfo\/#organization"},"alternateName":"Toute l'actualit\u00e9 de Remiremont","potentialAction":[{"@type":"SearchAction","target":{"@type":"EntryPoint","urlTemplate":"https:\/\/vosgesinfo.fr\/remiremontinfo\/?s={search_term_string}"},"query-input":"required name=search_term_string"}],"inLanguage":"fr-FR"},{"@type":"Organization","@id":"https:\/\/vosgesinfo.fr\/remiremontinfo\/#organization","name":"Remiremont Info","url":"https:\/\/vosgesinfo.fr\/remiremontinfo\/","logo":{"@type":"ImageObject","inLanguage":"fr-FR","@id":"https:\/\/vosgesinfo.fr\/remiremontinfo\/#\/schema\/logo\/image\/","url":"https:\/\/vosgesinfo.fr\/app\/uploads\/sites\/5\/2023\/08\/favicon-remiremontinfo.png","contentUrl":"https:\/\/vosgesinfo.fr\/app\/uploads\/sites\/5\/2023\/08\/favicon-remiremontinfo.png","width":512,"height":512,"caption":"Remiremont Info"},"image":{"@id":"https:\/\/vosgesinfo.fr\/remiremontinfo\/#\/schema\/logo\/image\/"},"sameAs":["https:\/\/www.facebook.com\/remiremontinfo","https:\/\/x.com\/VosgesInfo88","https:\/\/www.youtube.com\/@vosgesinfo"]},{"@type":"Person","@id":"https:\/\/vosgesinfo.fr\/remiremontinfo\/#\/schema\/person\/3bfd164d5218a185b1db68655a265316","name":"C D","image":{"@type":"ImageObject","inLanguage":"fr-FR","@id":"https:\/\/vosgesinfo.fr\/remiremontinfo\/#\/schema\/person\/image\/","url":"https:\/\/secure.gravatar.com\/avatar\/1f9a70007336511a47468b8f1c66f922b8b7cf617b02a31149ada43893a5d48f?s=96&d=mm&r=g","contentUrl":"https:\/\/secure.gravatar.com\/avatar\/1f9a70007336511a47468b8f1c66f922b8b7cf617b02a31149ada43893a5d48f?s=96&d=mm&r=g","caption":"C D"},"url":"https:\/\/vosgesinfo.fr\/remiremontinfo\/author\/cedric-drevet\/"}]}},"_links":{"self":[{"href":"https:\/\/vosgesinfo.fr\/remiremontinfo\/wp-json\/wp\/v2\/posts\/43369","targetHints":{"allow":["GET"]}}],"collection":[{"href":"https:\/\/vosgesinfo.fr\/remiremontinfo\/wp-json\/wp\/v2\/posts"}],"about":[{"href":"https:\/\/vosgesinfo.fr\/remiremontinfo\/wp-json\/wp\/v2\/types\/post"}],"author":[{"embeddable":true,"href":"https:\/\/vosgesinfo.fr\/remiremontinfo\/wp-json\/wp\/v2\/users\/407"}],"replies":[{"embeddable":true,"href":"https:\/\/vosgesinfo.fr\/remiremontinfo\/wp-json\/wp\/v2\/comments?post=43369"}],"version-history":[{"count":0,"href":"https:\/\/vosgesinfo.fr\/remiremontinfo\/wp-json\/wp\/v2\/posts\/43369\/revisions"}],"wp:featuredmedia":[{"embeddable":true,"href":"https:\/\/vosgesinfo.fr\/remiremontinfo\/wp-json\/wp\/v2\/media\/43370"}],"wp:attachment":[{"href":"https:\/\/vosgesinfo.fr\/remiremontinfo\/wp-json\/wp\/v2\/media?parent=43369"}],"wp:term":[{"taxonomy":"category","embeddable":true,"href":"https:\/\/vosgesinfo.fr\/remiremontinfo\/wp-json\/wp\/v2\/categories?post=43369"},{"taxonomy":"post_tag","embeddable":true,"href":"https:\/\/vosgesinfo.fr\/remiremontinfo\/wp-json\/wp\/v2\/tags?post=43369"}],"curies":[{"name":"wp","href":"https:\/\/api.w.org\/{rel}","templated":true}]}}