{"id":43400,"date":"2021-07-13T12:37:24","date_gmt":"2021-07-13T10:37:24","guid":{"rendered":"https:\/\/vosgesinfo.fr\/remiremontinfo\/2021\/07\/bresse-construit-station-de-ski-miniature-jardin\/"},"modified":"2021-07-13T12:37:24","modified_gmt":"2021-07-13T10:37:24","slug":"bresse-construit-station-de-ski-miniature-jardin","status":"publish","type":"post","link":"https:\/\/vosgesinfo.fr\/remiremontinfo\/2021\/07\/bresse-construit-station-de-ski-miniature-jardin\/","title":{"rendered":"La Bresse\u00a0: il construit une station de ski miniature dans son jardin"},"content":{"rendered":"<p style=\"text-align: center;\"><a href=\"\/2021\/07\/190719543_630214375042103_2434323295073929537_n1.jpg\"><img decoding=\"async\" class=\"alignnone size-full wp-image-321826\" src=\"\/2021\/07\/190719543_630214375042103_2434323295073929537_n1.jpg\" alt=\"190719543_630214375042103_2434323295073929537_n\" width=\"800\" height=\"605\" \/><\/a><\/p>\n<h2><span style=\"font-size: 12pt;\"><strong>Antoine Colin a 16 ans, il habite La Bresse, et il s\u2019est lanc\u00e9 depuis plusieurs ann\u00e9es dans un projet tout \u00e0 fait insolite\u00a0: reproduire une station de ski miniature dans son jardin. Sa passion pour les remont\u00e9es m\u00e9caniques a pouss\u00e9 le jeune vosgien \u00e0 cr\u00e9er le domaine des \u00ab\u00a03 Glaciers\u00a0\u00bb, qui vit au rythme d&rsquo;une v\u00e9ritable station.<\/strong><\/span><\/h2>\n<p>C\u2019est apr\u00e8s des vacances dans les Alpes, \u00e0 Chamonix plus pr\u00e9cis\u00e9ment, que l\u2019id\u00e9e est apparue. <em>\u00ab\u00a0\u00c7\u00e0 a commenc\u00e9 avec quelques jouets\u00a0\u00bb<\/em>, explique Antoine Colin. <em>\u00ab\u00a0J\u2019ai commenc\u00e9 avec le t\u00e9l\u00e9ph\u00e9rique de Bellevue \u00bb.<\/em> C\u2019\u00e9tait en 2015. Depuis, la station a bien \u00e9t\u00e9 agrandie. <em>\u00ab\u00a0On a deux t\u00e9l\u00e9ph\u00e9riques, un funitel, et bient\u00f4t un t\u00e9l\u00e9ski\u00a0\u00bb<\/em>. Des installations r\u00e9alis\u00e9es au 1\/32\u00e8me. <em>\u00ab\u00a0J\u2019ai toujours \u00e9t\u00e9 passionn\u00e9 par les remont\u00e9es m\u00e9caniques\u00a0\u00bb<\/em>, affirme le g\u00e9rant de la station. Et ce depuis l\u2019enfance.<\/p>\n<p>L\u2019objectif est de faire <em>\u00ab\u00a0comme si c\u2019\u00e9tait un vrai domaine skiable\u00a0\u00bb<\/em>, explique Antoine Colin. <em>\u00ab\u00a0Entretenir, faire la maintenance, le damage en hiver\u00a0\u00bb.<\/em> Au moyen de personnages \u00ab\u00a0Playmobil\u00a0\u00bb, la station \u00ab\u00a0prend vie\u00a0\u00bb. Le domaine miniature suit le rythme r\u00e9el des saisons. Le mat\u00e9riel est pr\u00e9vu pour. <em>\u00ab\u00a0M\u00eame en hiver, \u00e7a fonctionne (\u2026) J\u2019essaie d\u2019\u00eatre le plus r\u00e9aliste possible\u00a0\u00bb.<\/em> Un r\u00e9seau \u00e9lectrique alimente les installations, avec un panneau de commande pour r\u00e9gler les appareils. <em>\u00ab\u00a0En cas de d\u00e9raillement, il y a des capteurs qui s\u2019allument\u00a0\u00bb.<\/em><\/p>\n<p>Des stations, des entreprises, s\u2019int\u00e9ressent \u00e0 la cr\u00e9ation de cette station hors du commun et contribuent \u00e0 son d\u00e9veloppement. <em>\u00ab\u00a0Val Thorens, ils nous ont envoy\u00e9 une dameuse t\u00e9l\u00e9command\u00e9e\u00a0\u00bb<\/em>. Sunkid, Caratch, ou encore IDM, qui a envoy\u00e9 des c\u00e2bles. Des m\u00e9caniciens ont par ailleurs apport\u00e9 de pr\u00e9cieux conseils. Depuis son lancement, le projet des \u00ab\u00a03 glaciers\u00a0\u00bb s\u2019est donc d\u00e9velopp\u00e9 progressivement, et ce n\u2019est pas fini\u00a0!<\/p>\n<p>Un nouveau t\u00e9l\u00e9ski est install\u00e9 cet \u00e9t\u00e9. Et un grand projet devrait arriver dans les mois \u00e0 venir\u00a0: <em>\u00ab\u00a0installer des poteaux de nocturne pour skier toute la nuit\u00a0\u00bb<\/em>. Antoine Colin fait vivre sa station sur les r\u00e9seaux sociaux, o\u00f9 il partage r\u00e9guli\u00e8rement des photos, des nouvelles concernant les travaux, la maintenance, le damage, et le d\u00e9veloppement du domaine. Pour suivre l\u2019actualit\u00e9 de la station, cliquez ici\u00a0:\u00a0<a href=\"https:\/\/www.facebook.com\/Les-3-Glaciers-Station-de-ski-miniature-102196801177199\">Les 3 Glaciers &#8211; Station de ski miniature | Facebook<\/a><\/p>\n\n","protected":false},"excerpt":{"rendered":"<p>Antoine Colin a 16 ans, il habite La Bresse, et il s\u2019est lanc\u00e9 depuis plusieurs ann\u00e9es dans un projet tout [&hellip;]<\/p>\n","protected":false},"author":407,"featured_media":43401,"comment_status":"open","ping_status":"open","sticky":false,"template":"","format":"standard","meta":{"footnotes":""},"categories":[26,104,25],"tags":[],"class_list":["post-43400","post","type-post","status-publish","format-standard","has-post-thumbnail","hentry","category-a-la-une","category-la-bresse-la-bresse-son-canton","category-la-bresse-son-canton"],"acf":[],"yoast_head":"<!-- This site is optimized with the Yoast SEO plugin v22.5 - https:\/\/yoast.com\/wordpress\/plugins\/seo\/ -->\n<title>La Bresse\u00a0: il construit une station de ski miniature dans son jardin - Remiremont Info<\/title>\n<meta name=\"robots\" content=\"index, follow, max-snippet:-1, max-image-preview:large, max-video-preview:-1\" \/>\n<link rel=\"canonical\" href=\"https:\/\/vosgesinfo.fr\/remiremontinfo\/2021\/07\/bresse-construit-station-de-ski-miniature-jardin\/\" \/>\n<meta name=\"twitter:card\" content=\"summary_large_image\" \/>\n<meta name=\"twitter:title\" content=\"La Bresse\u00a0: il construit une station de ski miniature dans son jardin - Remiremont Info\" \/>\n<meta name=\"twitter:description\" content=\"Antoine Colin a 16 ans, il habite La Bresse, et il s\u2019est lanc\u00e9 depuis plusieurs ann\u00e9es dans un projet tout [&hellip;]\" \/>\n<meta name=\"twitter:image\" content=\"https:\/\/vosgesinfo.fr\/app\/uploads\/sites\/5\/2024\/09\/202107190719543-630214375042103-2434323295073929537-n1.jpg\" \/>\n<meta name=\"twitter:creator\" content=\"@VosgesInfo88\" \/>\n<meta name=\"twitter:site\" content=\"@VosgesInfo88\" \/>\n<meta name=\"twitter:label1\" content=\"\u00c9crit par\" \/>\n\t<meta name=\"twitter:data1\" content=\"C D\" \/>\n\t<meta name=\"twitter:label2\" content=\"Dur\u00e9e de lecture estim\u00e9e\" \/>\n\t<meta name=\"twitter:data2\" content=\"2 minutes\" \/>\n<script type=\"application\/ld+json\" class=\"yoast-schema-graph\">{\"@context\":\"https:\/\/schema.org\",\"@graph\":[{\"@type\":\"Article\",\"@id\":\"https:\/\/vosgesinfo.fr\/remiremontinfo\/2021\/07\/bresse-construit-station-de-ski-miniature-jardin\/#article\",\"isPartOf\":{\"@id\":\"https:\/\/vosgesinfo.fr\/remiremontinfo\/2021\/07\/bresse-construit-station-de-ski-miniature-jardin\/\"},\"author\":{\"name\":\"C D\",\"@id\":\"https:\/\/vosgesinfo.fr\/remiremontinfo\/#\/schema\/person\/3bfd164d5218a185b1db68655a265316\"},\"headline\":\"La Bresse\u00a0: il construit une station de ski miniature dans son jardin\",\"datePublished\":\"2021-07-13T10:37:24+00:00\",\"dateModified\":\"2021-07-13T10:37:24+00:00\",\"mainEntityOfPage\":{\"@id\":\"https:\/\/vosgesinfo.fr\/remiremontinfo\/2021\/07\/bresse-construit-station-de-ski-miniature-jardin\/\"},\"wordCount\":424,\"commentCount\":0,\"publisher\":{\"@id\":\"https:\/\/vosgesinfo.fr\/remiremontinfo\/#organization\"},\"image\":{\"@id\":\"https:\/\/vosgesinfo.fr\/remiremontinfo\/2021\/07\/bresse-construit-station-de-ski-miniature-jardin\/#primaryimage\"},\"thumbnailUrl\":\"https:\/\/vosgesinfo.fr\/app\/uploads\/sites\/5\/2024\/09\/202107190719543-630214375042103-2434323295073929537-n1.jpg\",\"articleSection\":[\"A la Une\",\"La Bresse\",\"La Bresse &amp; son canton\"],\"inLanguage\":\"fr-FR\",\"potentialAction\":[{\"@type\":\"CommentAction\",\"name\":\"Comment\",\"target\":[\"https:\/\/vosgesinfo.fr\/remiremontinfo\/2021\/07\/bresse-construit-station-de-ski-miniature-jardin\/#respond\"]}]},{\"@type\":\"WebPage\",\"@id\":\"https:\/\/vosgesinfo.fr\/remiremontinfo\/2021\/07\/bresse-construit-station-de-ski-miniature-jardin\/\",\"url\":\"https:\/\/vosgesinfo.fr\/remiremontinfo\/2021\/07\/bresse-construit-station-de-ski-miniature-jardin\/\",\"name\":\"La Bresse\u00a0: il construit une station de ski miniature dans son jardin - Remiremont Info\",\"isPartOf\":{\"@id\":\"https:\/\/vosgesinfo.fr\/remiremontinfo\/#website\"},\"primaryImageOfPage\":{\"@id\":\"https:\/\/vosgesinfo.fr\/remiremontinfo\/2021\/07\/bresse-construit-station-de-ski-miniature-jardin\/#primaryimage\"},\"image\":{\"@id\":\"https:\/\/vosgesinfo.fr\/remiremontinfo\/2021\/07\/bresse-construit-station-de-ski-miniature-jardin\/#primaryimage\"},\"thumbnailUrl\":\"https:\/\/vosgesinfo.fr\/app\/uploads\/sites\/5\/2024\/09\/202107190719543-630214375042103-2434323295073929537-n1.jpg\",\"datePublished\":\"2021-07-13T10:37:24+00:00\",\"dateModified\":\"2021-07-13T10:37:24+00:00\",\"breadcrumb\":{\"@id\":\"https:\/\/vosgesinfo.fr\/remiremontinfo\/2021\/07\/bresse-construit-station-de-ski-miniature-jardin\/#breadcrumb\"},\"inLanguage\":\"fr-FR\",\"potentialAction\":[{\"@type\":\"ReadAction\",\"target\":[\"https:\/\/vosgesinfo.fr\/remiremontinfo\/2021\/07\/bresse-construit-station-de-ski-miniature-jardin\/\"]}]},{\"@type\":\"ImageObject\",\"inLanguage\":\"fr-FR\",\"@id\":\"https:\/\/vosgesinfo.fr\/remiremontinfo\/2021\/07\/bresse-construit-station-de-ski-miniature-jardin\/#primaryimage\",\"url\":\"https:\/\/vosgesinfo.fr\/app\/uploads\/sites\/5\/2024\/09\/202107190719543-630214375042103-2434323295073929537-n1.jpg\",\"contentUrl\":\"https:\/\/vosgesinfo.fr\/app\/uploads\/sites\/5\/2024\/09\/202107190719543-630214375042103-2434323295073929537-n1.jpg\",\"width\":800,\"height\":605},{\"@type\":\"BreadcrumbList\",\"@id\":\"https:\/\/vosgesinfo.fr\/remiremontinfo\/2021\/07\/bresse-construit-station-de-ski-miniature-jardin\/#breadcrumb\",\"itemListElement\":[{\"@type\":\"ListItem\",\"position\":1,\"name\":\"Home\",\"item\":\"https:\/\/vosgesinfo.fr\/remiremontinfo\/\"},{\"@type\":\"ListItem\",\"position\":2,\"name\":\"La Bresse\u00a0: il construit une station de ski miniature dans son jardin\"}]},{\"@type\":\"WebSite\",\"@id\":\"https:\/\/vosgesinfo.fr\/remiremontinfo\/#website\",\"url\":\"https:\/\/vosgesinfo.fr\/remiremontinfo\/\",\"name\":\"Remiremont Info\",\"description\":\"Toute l&#039;actualit\u00e9 de Remiremont\",\"publisher\":{\"@id\":\"https:\/\/vosgesinfo.fr\/remiremontinfo\/#organization\"},\"alternateName\":\"Toute l'actualit\u00e9 de Remiremont\",\"potentialAction\":[{\"@type\":\"SearchAction\",\"target\":{\"@type\":\"EntryPoint\",\"urlTemplate\":\"https:\/\/vosgesinfo.fr\/remiremontinfo\/?s={search_term_string}\"},\"query-input\":\"required name=search_term_string\"}],\"inLanguage\":\"fr-FR\"},{\"@type\":\"Organization\",\"@id\":\"https:\/\/vosgesinfo.fr\/remiremontinfo\/#organization\",\"name\":\"Remiremont Info\",\"url\":\"https:\/\/vosgesinfo.fr\/remiremontinfo\/\",\"logo\":{\"@type\":\"ImageObject\",\"inLanguage\":\"fr-FR\",\"@id\":\"https:\/\/vosgesinfo.fr\/remiremontinfo\/#\/schema\/logo\/image\/\",\"url\":\"https:\/\/vosgesinfo.fr\/app\/uploads\/sites\/5\/2023\/08\/favicon-remiremontinfo.png\",\"contentUrl\":\"https:\/\/vosgesinfo.fr\/app\/uploads\/sites\/5\/2023\/08\/favicon-remiremontinfo.png\",\"width\":512,\"height\":512,\"caption\":\"Remiremont Info\"},\"image\":{\"@id\":\"https:\/\/vosgesinfo.fr\/remiremontinfo\/#\/schema\/logo\/image\/\"},\"sameAs\":[\"https:\/\/www.facebook.com\/remiremontinfo\",\"https:\/\/x.com\/VosgesInfo88\",\"https:\/\/www.youtube.com\/@vosgesinfo\"]},{\"@type\":\"Person\",\"@id\":\"https:\/\/vosgesinfo.fr\/remiremontinfo\/#\/schema\/person\/3bfd164d5218a185b1db68655a265316\",\"name\":\"C D\",\"image\":{\"@type\":\"ImageObject\",\"inLanguage\":\"fr-FR\",\"@id\":\"https:\/\/vosgesinfo.fr\/remiremontinfo\/#\/schema\/person\/image\/\",\"url\":\"https:\/\/secure.gravatar.com\/avatar\/1f9a70007336511a47468b8f1c66f922b8b7cf617b02a31149ada43893a5d48f?s=96&d=mm&r=g\",\"contentUrl\":\"https:\/\/secure.gravatar.com\/avatar\/1f9a70007336511a47468b8f1c66f922b8b7cf617b02a31149ada43893a5d48f?s=96&d=mm&r=g\",\"caption\":\"C D\"},\"url\":\"https:\/\/vosgesinfo.fr\/remiremontinfo\/author\/cedric-drevet\/\"}]}<\/script>\n<!-- \/ Yoast SEO plugin. -->","yoast_head_json":{"title":"La Bresse\u00a0: il construit une station de ski miniature dans son jardin - Remiremont Info","robots":{"index":"index","follow":"follow","max-snippet":"max-snippet:-1","max-image-preview":"max-image-preview:large","max-video-preview":"max-video-preview:-1"},"canonical":"https:\/\/vosgesinfo.fr\/remiremontinfo\/2021\/07\/bresse-construit-station-de-ski-miniature-jardin\/","twitter_card":"summary_large_image","twitter_title":"La Bresse\u00a0: il construit une station de ski miniature dans son jardin - Remiremont Info","twitter_description":"Antoine Colin a 16 ans, il habite La Bresse, et il s\u2019est lanc\u00e9 depuis plusieurs ann\u00e9es dans un projet tout [&hellip;]","twitter_image":"https:\/\/vosgesinfo.fr\/app\/uploads\/sites\/5\/2024\/09\/202107190719543-630214375042103-2434323295073929537-n1.jpg","twitter_creator":"@VosgesInfo88","twitter_site":"@VosgesInfo88","twitter_misc":{"\u00c9crit par":"C D","Dur\u00e9e de lecture estim\u00e9e":"2 minutes"},"schema":{"@context":"https:\/\/schema.org","@graph":[{"@type":"Article","@id":"https:\/\/vosgesinfo.fr\/remiremontinfo\/2021\/07\/bresse-construit-station-de-ski-miniature-jardin\/#article","isPartOf":{"@id":"https:\/\/vosgesinfo.fr\/remiremontinfo\/2021\/07\/bresse-construit-station-de-ski-miniature-jardin\/"},"author":{"name":"C D","@id":"https:\/\/vosgesinfo.fr\/remiremontinfo\/#\/schema\/person\/3bfd164d5218a185b1db68655a265316"},"headline":"La Bresse\u00a0: il construit une station de ski miniature dans son jardin","datePublished":"2021-07-13T10:37:24+00:00","dateModified":"2021-07-13T10:37:24+00:00","mainEntityOfPage":{"@id":"https:\/\/vosgesinfo.fr\/remiremontinfo\/2021\/07\/bresse-construit-station-de-ski-miniature-jardin\/"},"wordCount":424,"commentCount":0,"publisher":{"@id":"https:\/\/vosgesinfo.fr\/remiremontinfo\/#organization"},"image":{"@id":"https:\/\/vosgesinfo.fr\/remiremontinfo\/2021\/07\/bresse-construit-station-de-ski-miniature-jardin\/#primaryimage"},"thumbnailUrl":"https:\/\/vosgesinfo.fr\/app\/uploads\/sites\/5\/2024\/09\/202107190719543-630214375042103-2434323295073929537-n1.jpg","articleSection":["A la Une","La Bresse","La Bresse &amp; son canton"],"inLanguage":"fr-FR","potentialAction":[{"@type":"CommentAction","name":"Comment","target":["https:\/\/vosgesinfo.fr\/remiremontinfo\/2021\/07\/bresse-construit-station-de-ski-miniature-jardin\/#respond"]}]},{"@type":"WebPage","@id":"https:\/\/vosgesinfo.fr\/remiremontinfo\/2021\/07\/bresse-construit-station-de-ski-miniature-jardin\/","url":"https:\/\/vosgesinfo.fr\/remiremontinfo\/2021\/07\/bresse-construit-station-de-ski-miniature-jardin\/","name":"La Bresse\u00a0: il construit une station de ski miniature dans son jardin - Remiremont Info","isPartOf":{"@id":"https:\/\/vosgesinfo.fr\/remiremontinfo\/#website"},"primaryImageOfPage":{"@id":"https:\/\/vosgesinfo.fr\/remiremontinfo\/2021\/07\/bresse-construit-station-de-ski-miniature-jardin\/#primaryimage"},"image":{"@id":"https:\/\/vosgesinfo.fr\/remiremontinfo\/2021\/07\/bresse-construit-station-de-ski-miniature-jardin\/#primaryimage"},"thumbnailUrl":"https:\/\/vosgesinfo.fr\/app\/uploads\/sites\/5\/2024\/09\/202107190719543-630214375042103-2434323295073929537-n1.jpg","datePublished":"2021-07-13T10:37:24+00:00","dateModified":"2021-07-13T10:37:24+00:00","breadcrumb":{"@id":"https:\/\/vosgesinfo.fr\/remiremontinfo\/2021\/07\/bresse-construit-station-de-ski-miniature-jardin\/#breadcrumb"},"inLanguage":"fr-FR","potentialAction":[{"@type":"ReadAction","target":["https:\/\/vosgesinfo.fr\/remiremontinfo\/2021\/07\/bresse-construit-station-de-ski-miniature-jardin\/"]}]},{"@type":"ImageObject","inLanguage":"fr-FR","@id":"https:\/\/vosgesinfo.fr\/remiremontinfo\/2021\/07\/bresse-construit-station-de-ski-miniature-jardin\/#primaryimage","url":"https:\/\/vosgesinfo.fr\/app\/uploads\/sites\/5\/2024\/09\/202107190719543-630214375042103-2434323295073929537-n1.jpg","contentUrl":"https:\/\/vosgesinfo.fr\/app\/uploads\/sites\/5\/2024\/09\/202107190719543-630214375042103-2434323295073929537-n1.jpg","width":800,"height":605},{"@type":"BreadcrumbList","@id":"https:\/\/vosgesinfo.fr\/remiremontinfo\/2021\/07\/bresse-construit-station-de-ski-miniature-jardin\/#breadcrumb","itemListElement":[{"@type":"ListItem","position":1,"name":"Home","item":"https:\/\/vosgesinfo.fr\/remiremontinfo\/"},{"@type":"ListItem","position":2,"name":"La Bresse\u00a0: il construit une station de ski miniature dans son jardin"}]},{"@type":"WebSite","@id":"https:\/\/vosgesinfo.fr\/remiremontinfo\/#website","url":"https:\/\/vosgesinfo.fr\/remiremontinfo\/","name":"Remiremont Info","description":"Toute l&#039;actualit\u00e9 de Remiremont","publisher":{"@id":"https:\/\/vosgesinfo.fr\/remiremontinfo\/#organization"},"alternateName":"Toute l'actualit\u00e9 de Remiremont","potentialAction":[{"@type":"SearchAction","target":{"@type":"EntryPoint","urlTemplate":"https:\/\/vosgesinfo.fr\/remiremontinfo\/?s={search_term_string}"},"query-input":"required name=search_term_string"}],"inLanguage":"fr-FR"},{"@type":"Organization","@id":"https:\/\/vosgesinfo.fr\/remiremontinfo\/#organization","name":"Remiremont Info","url":"https:\/\/vosgesinfo.fr\/remiremontinfo\/","logo":{"@type":"ImageObject","inLanguage":"fr-FR","@id":"https:\/\/vosgesinfo.fr\/remiremontinfo\/#\/schema\/logo\/image\/","url":"https:\/\/vosgesinfo.fr\/app\/uploads\/sites\/5\/2023\/08\/favicon-remiremontinfo.png","contentUrl":"https:\/\/vosgesinfo.fr\/app\/uploads\/sites\/5\/2023\/08\/favicon-remiremontinfo.png","width":512,"height":512,"caption":"Remiremont Info"},"image":{"@id":"https:\/\/vosgesinfo.fr\/remiremontinfo\/#\/schema\/logo\/image\/"},"sameAs":["https:\/\/www.facebook.com\/remiremontinfo","https:\/\/x.com\/VosgesInfo88","https:\/\/www.youtube.com\/@vosgesinfo"]},{"@type":"Person","@id":"https:\/\/vosgesinfo.fr\/remiremontinfo\/#\/schema\/person\/3bfd164d5218a185b1db68655a265316","name":"C D","image":{"@type":"ImageObject","inLanguage":"fr-FR","@id":"https:\/\/vosgesinfo.fr\/remiremontinfo\/#\/schema\/person\/image\/","url":"https:\/\/secure.gravatar.com\/avatar\/1f9a70007336511a47468b8f1c66f922b8b7cf617b02a31149ada43893a5d48f?s=96&d=mm&r=g","contentUrl":"https:\/\/secure.gravatar.com\/avatar\/1f9a70007336511a47468b8f1c66f922b8b7cf617b02a31149ada43893a5d48f?s=96&d=mm&r=g","caption":"C D"},"url":"https:\/\/vosgesinfo.fr\/remiremontinfo\/author\/cedric-drevet\/"}]}},"_links":{"self":[{"href":"https:\/\/vosgesinfo.fr\/remiremontinfo\/wp-json\/wp\/v2\/posts\/43400","targetHints":{"allow":["GET"]}}],"collection":[{"href":"https:\/\/vosgesinfo.fr\/remiremontinfo\/wp-json\/wp\/v2\/posts"}],"about":[{"href":"https:\/\/vosgesinfo.fr\/remiremontinfo\/wp-json\/wp\/v2\/types\/post"}],"author":[{"embeddable":true,"href":"https:\/\/vosgesinfo.fr\/remiremontinfo\/wp-json\/wp\/v2\/users\/407"}],"replies":[{"embeddable":true,"href":"https:\/\/vosgesinfo.fr\/remiremontinfo\/wp-json\/wp\/v2\/comments?post=43400"}],"version-history":[{"count":0,"href":"https:\/\/vosgesinfo.fr\/remiremontinfo\/wp-json\/wp\/v2\/posts\/43400\/revisions"}],"wp:featuredmedia":[{"embeddable":true,"href":"https:\/\/vosgesinfo.fr\/remiremontinfo\/wp-json\/wp\/v2\/media\/43401"}],"wp:attachment":[{"href":"https:\/\/vosgesinfo.fr\/remiremontinfo\/wp-json\/wp\/v2\/media?parent=43400"}],"wp:term":[{"taxonomy":"category","embeddable":true,"href":"https:\/\/vosgesinfo.fr\/remiremontinfo\/wp-json\/wp\/v2\/categories?post=43400"},{"taxonomy":"post_tag","embeddable":true,"href":"https:\/\/vosgesinfo.fr\/remiremontinfo\/wp-json\/wp\/v2\/tags?post=43400"}],"curies":[{"name":"wp","href":"https:\/\/api.w.org\/{rel}","templated":true}]}}