{"id":4343,"date":"2024-02-10T17:38:11","date_gmt":"2024-02-10T16:38:11","guid":{"rendered":"https:\/\/vosgesinfo.fr\/remiremontinfo\/?p=4343"},"modified":"2024-02-10T17:38:11","modified_gmt":"2024-02-10T16:38:11","slug":"saint-nabord-il-manque-4-a-5-enfants-pour-sauver-une-classe-a-lecole-des-breuchottes","status":"publish","type":"post","link":"https:\/\/vosgesinfo.fr\/remiremontinfo\/2024\/02\/saint-nabord-il-manque-4-a-5-enfants-pour-sauver-une-classe-a-lecole-des-breuchottes\/","title":{"rendered":"Saint-Nabord &#8211; Il manque 4 \u00e0 5 enfants pour sauver une classe \u00e0 l\u2019\u00e9cole des Breuchottes !"},"content":{"rendered":"<h2><strong><img decoding=\"async\" class=\"aligncenter wp-image-4344 size-large\" src=\"https:\/\/vosgesinfo.fr\/app\/uploads\/sites\/5\/2024\/02\/saint-nabord-fermetures-de-classes-1024x764.jpg\" alt=\"\" width=\"1024\" height=\"764\" srcset=\"https:\/\/vosgesinfo.fr\/app\/uploads\/sites\/5\/2024\/02\/saint-nabord-fermetures-de-classes-1024x764.jpg 1024w, https:\/\/vosgesinfo.fr\/app\/uploads\/sites\/5\/2024\/02\/saint-nabord-fermetures-de-classes-300x224.jpg 300w, https:\/\/vosgesinfo.fr\/app\/uploads\/sites\/5\/2024\/02\/saint-nabord-fermetures-de-classes-768x573.jpg 768w, https:\/\/vosgesinfo.fr\/app\/uploads\/sites\/5\/2024\/02\/saint-nabord-fermetures-de-classes-1536x1146.jpg 1536w, https:\/\/vosgesinfo.fr\/app\/uploads\/sites\/5\/2024\/02\/saint-nabord-fermetures-de-classes.jpg 1920w\" sizes=\"(max-width: 1024px) 100vw, 1024px\" \/>Depuis une semaine, c\u2019est un v\u00e9ritable branle-bas de combat qui est men\u00e9 par la municipalit\u00e9 et les repr\u00e9sentants de parents d\u2019\u00e9l\u00e8ves pour sauver l\u2019une des huit classes du groupe scolaire des Breuchottes \u00e0 la prochaine rentr\u00e9e. Les jours qui arrivent vont \u00eatre franchement d\u00e9terminants pour ce sauvetage. Mobilisation g\u00e9n\u00e9rale\u00a0! <\/strong><\/h2>\n<p><img decoding=\"async\" class=\"alignleft size-medium wp-image-4345\" src=\"https:\/\/vosgesinfo.fr\/app\/uploads\/sites\/5\/2024\/02\/saint-nabord-fermetures-de-classes3-300x224.jpg\" alt=\"\" width=\"300\" height=\"224\" srcset=\"https:\/\/vosgesinfo.fr\/app\/uploads\/sites\/5\/2024\/02\/saint-nabord-fermetures-de-classes3-300x224.jpg 300w, https:\/\/vosgesinfo.fr\/app\/uploads\/sites\/5\/2024\/02\/saint-nabord-fermetures-de-classes3-1024x764.jpg 1024w, https:\/\/vosgesinfo.fr\/app\/uploads\/sites\/5\/2024\/02\/saint-nabord-fermetures-de-classes3-768x573.jpg 768w, https:\/\/vosgesinfo.fr\/app\/uploads\/sites\/5\/2024\/02\/saint-nabord-fermetures-de-classes3-1536x1146.jpg 1536w, https:\/\/vosgesinfo.fr\/app\/uploads\/sites\/5\/2024\/02\/saint-nabord-fermetures-de-classes3.jpg 1920w\" sizes=\"(max-width: 300px) 100vw, 300px\" \/>Il y a une dizaine de jours, la municipalit\u00e9 navoiriaude lan\u00e7ait une v\u00e9ritable alerte face \u00e0 la menace de fermeture de l\u2019une des 8 classes au groupe scolaire des Breuchottes r\u00e9unissant \u00e9cole maternelle et \u00e9l\u00e9mentaire. L\u2019inspection acad\u00e9mique venait effectivement de signifier \u00ab\u00a0le risque imminent d\u2019une fermeture d\u2019une classe\u00a0\u00bb pour la rentr\u00e9e scolaire 2024-2025.<\/p>\n<p>Ceci en raison d\u2019un effectif global jug\u00e9 insuffisant, soit 168 \u00e9l\u00e8ves inscrits, traduisant 21 enfants par classe, sachant que les enfants qui ne sont pas en \u00e2ge scolaire (moins de 3 ans au 31 d\u00e9cembre 2024) ne sont pas pris en compte dans les statistiques.<\/p>\n<p>Pour Jean-Pierre Calmels, le maire de la commune, il paraissait n\u00e9cessaire de g\u00e9rer au plus vite afin d\u2019\u00e9viter cette fermeture. Pour ce faire, il suffirait de trouver 6 \u00e0 7 enfants suppl\u00e9mentaires.\u00a0 Un appel a \u00e9t\u00e9 doublement lanc\u00e9 en ce sens, tout d\u2019abord aux familles nouvellement install\u00e9es sur la commune, mais encore aux familles avec fr\u00e8res et s\u0153urs ayant des enfants scolaris\u00e9s \u00e0 Saint-Nabord, mais r\u00e9sidant hors de la commune.<\/p>\n<p><img decoding=\"async\" class=\"alignright size-medium wp-image-4346\" src=\"https:\/\/vosgesinfo.fr\/app\/uploads\/sites\/5\/2024\/02\/saint-nabord-fermetures-de-classes4-300x224.jpg\" alt=\"\" width=\"300\" height=\"224\" srcset=\"https:\/\/vosgesinfo.fr\/app\/uploads\/sites\/5\/2024\/02\/saint-nabord-fermetures-de-classes4-300x224.jpg 300w, https:\/\/vosgesinfo.fr\/app\/uploads\/sites\/5\/2024\/02\/saint-nabord-fermetures-de-classes4-1024x764.jpg 1024w, https:\/\/vosgesinfo.fr\/app\/uploads\/sites\/5\/2024\/02\/saint-nabord-fermetures-de-classes4-768x573.jpg 768w, https:\/\/vosgesinfo.fr\/app\/uploads\/sites\/5\/2024\/02\/saint-nabord-fermetures-de-classes4-1536x1146.jpg 1536w, https:\/\/vosgesinfo.fr\/app\/uploads\/sites\/5\/2024\/02\/saint-nabord-fermetures-de-classes4.jpg 1920w\" sizes=\"(max-width: 300px) 100vw, 300px\" \/>Durant cette semaine, c\u2019est donc une mobilisation g\u00e9n\u00e9rale qui a \u00e9t\u00e9 d\u00e9clench\u00e9e, op\u00e9ration bien entendu relay\u00e9e par les repr\u00e9sentants de parents d\u2019\u00e9l\u00e8ves. Des banderoles ont \u00e9t\u00e9 accroch\u00e9es sur les grilles de l\u2019\u00e9cole afin de sensibiliser chacun. \u00ab <em>Gardons 8 classes\u00a0\u00bb <\/em>ou encore \u00ab\u00a0<em>Aidez-nous\u00a0\u00bb. <\/em><\/p>\n<p>Aux derni\u00e8res nouvelles, des familles se sont fait conna\u00eetre pour inscrire leurs enfants \u00e0 la carte de la rentr\u00e9e scolaire. Mais il en manquerait encore 4 \u00e0 5 pour que le contrat soit rempli afin de sauver la classe en question. Et il va falloir faire vite, car le dossier doit \u00eatre renvoy\u00e9 tr\u00e8s rapidement \u00e0 l\u2019inspection acad\u00e9mique\u00a0!<\/p>\n","protected":false},"excerpt":{"rendered":"<p>Depuis une semaine, c\u2019est un v\u00e9ritable branle-bas de combat qui est men\u00e9 par la municipalit\u00e9 et les repr\u00e9sentants de parents [&hellip;]<\/p>\n","protected":false},"author":52,"featured_media":4344,"comment_status":"open","ping_status":"open","sticky":false,"template":"","format":"standard","meta":{"footnotes":""},"categories":[26,165,100],"tags":[],"class_list":["post-4343","post","type-post","status-publish","format-standard","has-post-thumbnail","hentry","category-a-la-une","category-enseignement","category-saint-nabord"],"acf":[],"yoast_head":"<!-- This site is optimized with the Yoast SEO plugin v22.5 - https:\/\/yoast.com\/wordpress\/plugins\/seo\/ -->\n<title>Saint-Nabord - Il manque 4 \u00e0 5 enfants pour sauver une classe \u00e0 l\u2019\u00e9cole des Breuchottes ! - Remiremont Info<\/title>\n<meta name=\"robots\" content=\"index, follow, max-snippet:-1, max-image-preview:large, max-video-preview:-1\" \/>\n<link rel=\"canonical\" href=\"https:\/\/vosgesinfo.fr\/remiremontinfo\/2024\/02\/saint-nabord-il-manque-4-a-5-enfants-pour-sauver-une-classe-a-lecole-des-breuchottes\/\" \/>\n<meta name=\"twitter:card\" content=\"summary_large_image\" \/>\n<meta name=\"twitter:title\" content=\"Saint-Nabord - Il manque 4 \u00e0 5 enfants pour sauver une classe \u00e0 l\u2019\u00e9cole des Breuchottes ! - Remiremont Info\" \/>\n<meta name=\"twitter:description\" content=\"Depuis une semaine, c\u2019est un v\u00e9ritable branle-bas de combat qui est men\u00e9 par la municipalit\u00e9 et les repr\u00e9sentants de parents [&hellip;]\" \/>\n<meta name=\"twitter:image\" content=\"https:\/\/vosgesinfo.fr\/app\/uploads\/sites\/5\/2024\/02\/saint-nabord-fermetures-de-classes.jpg\" \/>\n<meta name=\"twitter:creator\" content=\"@VosgesInfo88\" \/>\n<meta name=\"twitter:site\" content=\"@VosgesInfo88\" \/>\n<meta name=\"twitter:label1\" content=\"\u00c9crit par\" \/>\n\t<meta name=\"twitter:data1\" content=\"C.K.\" \/>\n\t<meta name=\"twitter:label2\" content=\"Dur\u00e9e de lecture estim\u00e9e\" \/>\n\t<meta name=\"twitter:data2\" content=\"2 minutes\" \/>\n<script type=\"application\/ld+json\" class=\"yoast-schema-graph\">{\"@context\":\"https:\/\/schema.org\",\"@graph\":[{\"@type\":\"Article\",\"@id\":\"https:\/\/vosgesinfo.fr\/remiremontinfo\/2024\/02\/saint-nabord-il-manque-4-a-5-enfants-pour-sauver-une-classe-a-lecole-des-breuchottes\/#article\",\"isPartOf\":{\"@id\":\"https:\/\/vosgesinfo.fr\/remiremontinfo\/2024\/02\/saint-nabord-il-manque-4-a-5-enfants-pour-sauver-une-classe-a-lecole-des-breuchottes\/\"},\"author\":{\"name\":\"C.K.\",\"@id\":\"https:\/\/vosgesinfo.fr\/remiremontinfo\/#\/schema\/person\/6f9a650eeea99d969b6c4ab78fccbe81\"},\"headline\":\"Saint-Nabord &#8211; Il manque 4 \u00e0 5 enfants pour sauver une classe \u00e0 l\u2019\u00e9cole des Breuchottes !\",\"datePublished\":\"2024-02-10T16:38:11+00:00\",\"dateModified\":\"2024-02-10T16:38:11+00:00\",\"mainEntityOfPage\":{\"@id\":\"https:\/\/vosgesinfo.fr\/remiremontinfo\/2024\/02\/saint-nabord-il-manque-4-a-5-enfants-pour-sauver-une-classe-a-lecole-des-breuchottes\/\"},\"wordCount\":363,\"commentCount\":0,\"publisher\":{\"@id\":\"https:\/\/vosgesinfo.fr\/remiremontinfo\/#organization\"},\"image\":{\"@id\":\"https:\/\/vosgesinfo.fr\/remiremontinfo\/2024\/02\/saint-nabord-il-manque-4-a-5-enfants-pour-sauver-une-classe-a-lecole-des-breuchottes\/#primaryimage\"},\"thumbnailUrl\":\"https:\/\/vosgesinfo.fr\/app\/uploads\/sites\/5\/2024\/02\/saint-nabord-fermetures-de-classes.jpg\",\"articleSection\":[\"A la Une\",\"Enseignement\",\"Saint-Nabord\"],\"inLanguage\":\"fr-FR\",\"potentialAction\":[{\"@type\":\"CommentAction\",\"name\":\"Comment\",\"target\":[\"https:\/\/vosgesinfo.fr\/remiremontinfo\/2024\/02\/saint-nabord-il-manque-4-a-5-enfants-pour-sauver-une-classe-a-lecole-des-breuchottes\/#respond\"]}]},{\"@type\":\"WebPage\",\"@id\":\"https:\/\/vosgesinfo.fr\/remiremontinfo\/2024\/02\/saint-nabord-il-manque-4-a-5-enfants-pour-sauver-une-classe-a-lecole-des-breuchottes\/\",\"url\":\"https:\/\/vosgesinfo.fr\/remiremontinfo\/2024\/02\/saint-nabord-il-manque-4-a-5-enfants-pour-sauver-une-classe-a-lecole-des-breuchottes\/\",\"name\":\"Saint-Nabord - Il manque 4 \u00e0 5 enfants pour sauver une classe \u00e0 l\u2019\u00e9cole des Breuchottes ! - Remiremont Info\",\"isPartOf\":{\"@id\":\"https:\/\/vosgesinfo.fr\/remiremontinfo\/#website\"},\"primaryImageOfPage\":{\"@id\":\"https:\/\/vosgesinfo.fr\/remiremontinfo\/2024\/02\/saint-nabord-il-manque-4-a-5-enfants-pour-sauver-une-classe-a-lecole-des-breuchottes\/#primaryimage\"},\"image\":{\"@id\":\"https:\/\/vosgesinfo.fr\/remiremontinfo\/2024\/02\/saint-nabord-il-manque-4-a-5-enfants-pour-sauver-une-classe-a-lecole-des-breuchottes\/#primaryimage\"},\"thumbnailUrl\":\"https:\/\/vosgesinfo.fr\/app\/uploads\/sites\/5\/2024\/02\/saint-nabord-fermetures-de-classes.jpg\",\"datePublished\":\"2024-02-10T16:38:11+00:00\",\"dateModified\":\"2024-02-10T16:38:11+00:00\",\"breadcrumb\":{\"@id\":\"https:\/\/vosgesinfo.fr\/remiremontinfo\/2024\/02\/saint-nabord-il-manque-4-a-5-enfants-pour-sauver-une-classe-a-lecole-des-breuchottes\/#breadcrumb\"},\"inLanguage\":\"fr-FR\",\"potentialAction\":[{\"@type\":\"ReadAction\",\"target\":[\"https:\/\/vosgesinfo.fr\/remiremontinfo\/2024\/02\/saint-nabord-il-manque-4-a-5-enfants-pour-sauver-une-classe-a-lecole-des-breuchottes\/\"]}]},{\"@type\":\"ImageObject\",\"inLanguage\":\"fr-FR\",\"@id\":\"https:\/\/vosgesinfo.fr\/remiremontinfo\/2024\/02\/saint-nabord-il-manque-4-a-5-enfants-pour-sauver-une-classe-a-lecole-des-breuchottes\/#primaryimage\",\"url\":\"https:\/\/vosgesinfo.fr\/app\/uploads\/sites\/5\/2024\/02\/saint-nabord-fermetures-de-classes.jpg\",\"contentUrl\":\"https:\/\/vosgesinfo.fr\/app\/uploads\/sites\/5\/2024\/02\/saint-nabord-fermetures-de-classes.jpg\",\"width\":1920,\"height\":1433},{\"@type\":\"BreadcrumbList\",\"@id\":\"https:\/\/vosgesinfo.fr\/remiremontinfo\/2024\/02\/saint-nabord-il-manque-4-a-5-enfants-pour-sauver-une-classe-a-lecole-des-breuchottes\/#breadcrumb\",\"itemListElement\":[{\"@type\":\"ListItem\",\"position\":1,\"name\":\"Home\",\"item\":\"https:\/\/vosgesinfo.fr\/remiremontinfo\/\"},{\"@type\":\"ListItem\",\"position\":2,\"name\":\"Saint-Nabord &#8211; Il manque 4 \u00e0 5 enfants pour sauver une classe \u00e0 l\u2019\u00e9cole des Breuchottes !\"}]},{\"@type\":\"WebSite\",\"@id\":\"https:\/\/vosgesinfo.fr\/remiremontinfo\/#website\",\"url\":\"https:\/\/vosgesinfo.fr\/remiremontinfo\/\",\"name\":\"Remiremont Info\",\"description\":\"Toute l&#039;actualit\u00e9 de Remiremont\",\"publisher\":{\"@id\":\"https:\/\/vosgesinfo.fr\/remiremontinfo\/#organization\"},\"alternateName\":\"Toute l'actualit\u00e9 de Remiremont\",\"potentialAction\":[{\"@type\":\"SearchAction\",\"target\":{\"@type\":\"EntryPoint\",\"urlTemplate\":\"https:\/\/vosgesinfo.fr\/remiremontinfo\/?s={search_term_string}\"},\"query-input\":\"required name=search_term_string\"}],\"inLanguage\":\"fr-FR\"},{\"@type\":\"Organization\",\"@id\":\"https:\/\/vosgesinfo.fr\/remiremontinfo\/#organization\",\"name\":\"Remiremont Info\",\"url\":\"https:\/\/vosgesinfo.fr\/remiremontinfo\/\",\"logo\":{\"@type\":\"ImageObject\",\"inLanguage\":\"fr-FR\",\"@id\":\"https:\/\/vosgesinfo.fr\/remiremontinfo\/#\/schema\/logo\/image\/\",\"url\":\"https:\/\/vosgesinfo.fr\/app\/uploads\/sites\/5\/2023\/08\/favicon-remiremontinfo.png\",\"contentUrl\":\"https:\/\/vosgesinfo.fr\/app\/uploads\/sites\/5\/2023\/08\/favicon-remiremontinfo.png\",\"width\":512,\"height\":512,\"caption\":\"Remiremont Info\"},\"image\":{\"@id\":\"https:\/\/vosgesinfo.fr\/remiremontinfo\/#\/schema\/logo\/image\/\"},\"sameAs\":[\"https:\/\/www.facebook.com\/remiremontinfo\",\"https:\/\/x.com\/VosgesInfo88\",\"https:\/\/www.youtube.com\/@vosgesinfo\"]},{\"@type\":\"Person\",\"@id\":\"https:\/\/vosgesinfo.fr\/remiremontinfo\/#\/schema\/person\/6f9a650eeea99d969b6c4ab78fccbe81\",\"name\":\"C.K.\",\"image\":{\"@type\":\"ImageObject\",\"inLanguage\":\"fr-FR\",\"@id\":\"https:\/\/vosgesinfo.fr\/remiremontinfo\/#\/schema\/person\/image\/\",\"url\":\"https:\/\/secure.gravatar.com\/avatar\/48e3fc7f8421ba8942be6b74a2b7f014ca39bc00dece156b7a8e098ae7dc87bf?s=96&d=mm&r=g\",\"contentUrl\":\"https:\/\/secure.gravatar.com\/avatar\/48e3fc7f8421ba8942be6b74a2b7f014ca39bc00dece156b7a8e098ae7dc87bf?s=96&d=mm&r=g\",\"caption\":\"C.K.\"},\"url\":\"https:\/\/vosgesinfo.fr\/remiremontinfo\/author\/celia-k-n\/\"}]}<\/script>\n<!-- \/ Yoast SEO plugin. -->","yoast_head_json":{"title":"Saint-Nabord - Il manque 4 \u00e0 5 enfants pour sauver une classe \u00e0 l\u2019\u00e9cole des Breuchottes ! - Remiremont Info","robots":{"index":"index","follow":"follow","max-snippet":"max-snippet:-1","max-image-preview":"max-image-preview:large","max-video-preview":"max-video-preview:-1"},"canonical":"https:\/\/vosgesinfo.fr\/remiremontinfo\/2024\/02\/saint-nabord-il-manque-4-a-5-enfants-pour-sauver-une-classe-a-lecole-des-breuchottes\/","twitter_card":"summary_large_image","twitter_title":"Saint-Nabord - Il manque 4 \u00e0 5 enfants pour sauver une classe \u00e0 l\u2019\u00e9cole des Breuchottes ! - Remiremont Info","twitter_description":"Depuis une semaine, c\u2019est un v\u00e9ritable branle-bas de combat qui est men\u00e9 par la municipalit\u00e9 et les repr\u00e9sentants de parents [&hellip;]","twitter_image":"https:\/\/vosgesinfo.fr\/app\/uploads\/sites\/5\/2024\/02\/saint-nabord-fermetures-de-classes.jpg","twitter_creator":"@VosgesInfo88","twitter_site":"@VosgesInfo88","twitter_misc":{"\u00c9crit par":"C.K.","Dur\u00e9e de lecture estim\u00e9e":"2 minutes"},"schema":{"@context":"https:\/\/schema.org","@graph":[{"@type":"Article","@id":"https:\/\/vosgesinfo.fr\/remiremontinfo\/2024\/02\/saint-nabord-il-manque-4-a-5-enfants-pour-sauver-une-classe-a-lecole-des-breuchottes\/#article","isPartOf":{"@id":"https:\/\/vosgesinfo.fr\/remiremontinfo\/2024\/02\/saint-nabord-il-manque-4-a-5-enfants-pour-sauver-une-classe-a-lecole-des-breuchottes\/"},"author":{"name":"C.K.","@id":"https:\/\/vosgesinfo.fr\/remiremontinfo\/#\/schema\/person\/6f9a650eeea99d969b6c4ab78fccbe81"},"headline":"Saint-Nabord &#8211; Il manque 4 \u00e0 5 enfants pour sauver une classe \u00e0 l\u2019\u00e9cole des Breuchottes !","datePublished":"2024-02-10T16:38:11+00:00","dateModified":"2024-02-10T16:38:11+00:00","mainEntityOfPage":{"@id":"https:\/\/vosgesinfo.fr\/remiremontinfo\/2024\/02\/saint-nabord-il-manque-4-a-5-enfants-pour-sauver-une-classe-a-lecole-des-breuchottes\/"},"wordCount":363,"commentCount":0,"publisher":{"@id":"https:\/\/vosgesinfo.fr\/remiremontinfo\/#organization"},"image":{"@id":"https:\/\/vosgesinfo.fr\/remiremontinfo\/2024\/02\/saint-nabord-il-manque-4-a-5-enfants-pour-sauver-une-classe-a-lecole-des-breuchottes\/#primaryimage"},"thumbnailUrl":"https:\/\/vosgesinfo.fr\/app\/uploads\/sites\/5\/2024\/02\/saint-nabord-fermetures-de-classes.jpg","articleSection":["A la Une","Enseignement","Saint-Nabord"],"inLanguage":"fr-FR","potentialAction":[{"@type":"CommentAction","name":"Comment","target":["https:\/\/vosgesinfo.fr\/remiremontinfo\/2024\/02\/saint-nabord-il-manque-4-a-5-enfants-pour-sauver-une-classe-a-lecole-des-breuchottes\/#respond"]}]},{"@type":"WebPage","@id":"https:\/\/vosgesinfo.fr\/remiremontinfo\/2024\/02\/saint-nabord-il-manque-4-a-5-enfants-pour-sauver-une-classe-a-lecole-des-breuchottes\/","url":"https:\/\/vosgesinfo.fr\/remiremontinfo\/2024\/02\/saint-nabord-il-manque-4-a-5-enfants-pour-sauver-une-classe-a-lecole-des-breuchottes\/","name":"Saint-Nabord - Il manque 4 \u00e0 5 enfants pour sauver une classe \u00e0 l\u2019\u00e9cole des Breuchottes ! - Remiremont Info","isPartOf":{"@id":"https:\/\/vosgesinfo.fr\/remiremontinfo\/#website"},"primaryImageOfPage":{"@id":"https:\/\/vosgesinfo.fr\/remiremontinfo\/2024\/02\/saint-nabord-il-manque-4-a-5-enfants-pour-sauver-une-classe-a-lecole-des-breuchottes\/#primaryimage"},"image":{"@id":"https:\/\/vosgesinfo.fr\/remiremontinfo\/2024\/02\/saint-nabord-il-manque-4-a-5-enfants-pour-sauver-une-classe-a-lecole-des-breuchottes\/#primaryimage"},"thumbnailUrl":"https:\/\/vosgesinfo.fr\/app\/uploads\/sites\/5\/2024\/02\/saint-nabord-fermetures-de-classes.jpg","datePublished":"2024-02-10T16:38:11+00:00","dateModified":"2024-02-10T16:38:11+00:00","breadcrumb":{"@id":"https:\/\/vosgesinfo.fr\/remiremontinfo\/2024\/02\/saint-nabord-il-manque-4-a-5-enfants-pour-sauver-une-classe-a-lecole-des-breuchottes\/#breadcrumb"},"inLanguage":"fr-FR","potentialAction":[{"@type":"ReadAction","target":["https:\/\/vosgesinfo.fr\/remiremontinfo\/2024\/02\/saint-nabord-il-manque-4-a-5-enfants-pour-sauver-une-classe-a-lecole-des-breuchottes\/"]}]},{"@type":"ImageObject","inLanguage":"fr-FR","@id":"https:\/\/vosgesinfo.fr\/remiremontinfo\/2024\/02\/saint-nabord-il-manque-4-a-5-enfants-pour-sauver-une-classe-a-lecole-des-breuchottes\/#primaryimage","url":"https:\/\/vosgesinfo.fr\/app\/uploads\/sites\/5\/2024\/02\/saint-nabord-fermetures-de-classes.jpg","contentUrl":"https:\/\/vosgesinfo.fr\/app\/uploads\/sites\/5\/2024\/02\/saint-nabord-fermetures-de-classes.jpg","width":1920,"height":1433},{"@type":"BreadcrumbList","@id":"https:\/\/vosgesinfo.fr\/remiremontinfo\/2024\/02\/saint-nabord-il-manque-4-a-5-enfants-pour-sauver-une-classe-a-lecole-des-breuchottes\/#breadcrumb","itemListElement":[{"@type":"ListItem","position":1,"name":"Home","item":"https:\/\/vosgesinfo.fr\/remiremontinfo\/"},{"@type":"ListItem","position":2,"name":"Saint-Nabord &#8211; Il manque 4 \u00e0 5 enfants pour sauver une classe \u00e0 l\u2019\u00e9cole des Breuchottes !"}]},{"@type":"WebSite","@id":"https:\/\/vosgesinfo.fr\/remiremontinfo\/#website","url":"https:\/\/vosgesinfo.fr\/remiremontinfo\/","name":"Remiremont Info","description":"Toute l&#039;actualit\u00e9 de Remiremont","publisher":{"@id":"https:\/\/vosgesinfo.fr\/remiremontinfo\/#organization"},"alternateName":"Toute l'actualit\u00e9 de Remiremont","potentialAction":[{"@type":"SearchAction","target":{"@type":"EntryPoint","urlTemplate":"https:\/\/vosgesinfo.fr\/remiremontinfo\/?s={search_term_string}"},"query-input":"required name=search_term_string"}],"inLanguage":"fr-FR"},{"@type":"Organization","@id":"https:\/\/vosgesinfo.fr\/remiremontinfo\/#organization","name":"Remiremont Info","url":"https:\/\/vosgesinfo.fr\/remiremontinfo\/","logo":{"@type":"ImageObject","inLanguage":"fr-FR","@id":"https:\/\/vosgesinfo.fr\/remiremontinfo\/#\/schema\/logo\/image\/","url":"https:\/\/vosgesinfo.fr\/app\/uploads\/sites\/5\/2023\/08\/favicon-remiremontinfo.png","contentUrl":"https:\/\/vosgesinfo.fr\/app\/uploads\/sites\/5\/2023\/08\/favicon-remiremontinfo.png","width":512,"height":512,"caption":"Remiremont Info"},"image":{"@id":"https:\/\/vosgesinfo.fr\/remiremontinfo\/#\/schema\/logo\/image\/"},"sameAs":["https:\/\/www.facebook.com\/remiremontinfo","https:\/\/x.com\/VosgesInfo88","https:\/\/www.youtube.com\/@vosgesinfo"]},{"@type":"Person","@id":"https:\/\/vosgesinfo.fr\/remiremontinfo\/#\/schema\/person\/6f9a650eeea99d969b6c4ab78fccbe81","name":"C.K.","image":{"@type":"ImageObject","inLanguage":"fr-FR","@id":"https:\/\/vosgesinfo.fr\/remiremontinfo\/#\/schema\/person\/image\/","url":"https:\/\/secure.gravatar.com\/avatar\/48e3fc7f8421ba8942be6b74a2b7f014ca39bc00dece156b7a8e098ae7dc87bf?s=96&d=mm&r=g","contentUrl":"https:\/\/secure.gravatar.com\/avatar\/48e3fc7f8421ba8942be6b74a2b7f014ca39bc00dece156b7a8e098ae7dc87bf?s=96&d=mm&r=g","caption":"C.K."},"url":"https:\/\/vosgesinfo.fr\/remiremontinfo\/author\/celia-k-n\/"}]}},"_links":{"self":[{"href":"https:\/\/vosgesinfo.fr\/remiremontinfo\/wp-json\/wp\/v2\/posts\/4343","targetHints":{"allow":["GET"]}}],"collection":[{"href":"https:\/\/vosgesinfo.fr\/remiremontinfo\/wp-json\/wp\/v2\/posts"}],"about":[{"href":"https:\/\/vosgesinfo.fr\/remiremontinfo\/wp-json\/wp\/v2\/types\/post"}],"author":[{"embeddable":true,"href":"https:\/\/vosgesinfo.fr\/remiremontinfo\/wp-json\/wp\/v2\/users\/52"}],"replies":[{"embeddable":true,"href":"https:\/\/vosgesinfo.fr\/remiremontinfo\/wp-json\/wp\/v2\/comments?post=4343"}],"version-history":[{"count":1,"href":"https:\/\/vosgesinfo.fr\/remiremontinfo\/wp-json\/wp\/v2\/posts\/4343\/revisions"}],"predecessor-version":[{"id":4348,"href":"https:\/\/vosgesinfo.fr\/remiremontinfo\/wp-json\/wp\/v2\/posts\/4343\/revisions\/4348"}],"wp:featuredmedia":[{"embeddable":true,"href":"https:\/\/vosgesinfo.fr\/remiremontinfo\/wp-json\/wp\/v2\/media\/4344"}],"wp:attachment":[{"href":"https:\/\/vosgesinfo.fr\/remiremontinfo\/wp-json\/wp\/v2\/media?parent=4343"}],"wp:term":[{"taxonomy":"category","embeddable":true,"href":"https:\/\/vosgesinfo.fr\/remiremontinfo\/wp-json\/wp\/v2\/categories?post=4343"},{"taxonomy":"post_tag","embeddable":true,"href":"https:\/\/vosgesinfo.fr\/remiremontinfo\/wp-json\/wp\/v2\/tags?post=4343"}],"curies":[{"name":"wp","href":"https:\/\/api.w.org\/{rel}","templated":true}]}}