{"id":44632,"date":"2021-08-21T07:23:41","date_gmt":"2021-08-21T05:23:41","guid":{"rendered":"https:\/\/vosgesinfo.fr\/remiremontinfo\/2021\/08\/vosgien-retenu-turquie-petition-liberation-depasse-11-000-signatures\/"},"modified":"2021-08-21T07:23:41","modified_gmt":"2021-08-21T05:23:41","slug":"vosgien-retenu-turquie-petition-liberation-depasse-11-000-signatures","status":"publish","type":"post","link":"https:\/\/vosgesinfo.fr\/remiremontinfo\/2021\/08\/vosgien-retenu-turquie-petition-liberation-depasse-11-000-signatures\/","title":{"rendered":"Vosgien retenu en Turquie : la p\u00e9tition pour sa lib\u00e9ration d\u00e9passe les 11 000 signatures"},"content":{"rendered":"<h2 class=\"western\" style=\"text-align: center;\"><a href=\"\/2021\/08\/Capture-d\u2019\u00e9cran-2021-08-17-121837.png\"><img decoding=\"async\" class=\"alignnone size-full wp-image-323823\" src=\"\/2021\/08\/Capture-d\u2019\u00e9cran-2021-08-17-121837.png\" alt=\"Capture d\u2019\u00e9cran 2021-08-17 121837\" width=\"800\" height=\"510\" \/><\/a><\/h2>\n<p><span style=\"font-size: 10pt;\"><em>Photo de la page Facebook de Mehdi G\u00e9rardin\u00a0<\/em><\/span><\/p>\n<h2 class=\"western\"><span style=\"color: #444444;\"><span style=\"font-family: 'Times New Roman', serif;\"><span style=\"font-size: medium;\"><strong>Mehdi est un jeune homme de 25 ans, habitant le Thillot. Il est en 2\u00e8me ann\u00e9e de licence d\u2019anglais et travaille partiellement depuis 4 ans en tant que surveillant dans un coll\u00e8ge. C\u2019est \u00e9galement l\u2019entra\u00eeneur du club de foot de la commune. Accus\u00e9 d\u2019agression sexuelle, il est retenu en Turquie. <\/strong><\/span><\/span><\/span><\/h2>\n<p class=\"western\"><span style=\"color: #444444;\"><span style=\"font-family: 'Times New Roman', serif;\"><span style=\"font-size: medium;\"><a href=\"https:\/\/remiremontinfo.fr\/2021\/08\/petition-liberation-dun-thillotin-de-25-ans-detenu-turquie-2\/\">Un comit\u00e9 de soutien s\u2019est form\u00e9 pour lui venir en aide.<\/a> <em>\u00ab Nous sommes aujourd\u2019hui face \u00e0 une grosse injustice dont Mehdi G\u00e9rardin est victime \u00bb<\/em>, affirment les r\u00e9dacteurs de la p\u00e9tition publi\u00e9e sur le site MesOpinions.com. Selon le comit\u00e9 de soutien, le jeune vosgien aurait \u00e9t\u00e9 <em>\u00ab victime d\u2019un coup mont\u00e9 \u00bb<\/em>. Un appel est lanc\u00e9 pour signer la p\u00e9tition <em>\u00ab pour la lib\u00e9ration d\u2019un innocent d\u00e9tenu en Turquie \u00bb<\/em>. <a href=\"https:\/\/www.mesopinions.com\/petition\/justice\/urgent-petition-liberation-innocent-detenu-turquie\/155410\">Celle ci compte actuellement <\/a><\/span><\/span><\/span><a href=\"https:\/\/www.mesopinions.com\/petition\/justice\/urgent-petition-liberation-innocent-detenu-turquie\/155410\"><span style=\"color: #444444;\"><span style=\"font-family: 'Times New Roman', serif;\"><span style=\"font-size: medium;\">plus de 11 000 signatures.<\/span><\/span><\/span><\/a><\/p>\n<p>&nbsp;<\/p>\n","protected":false},"excerpt":{"rendered":"<p>Photo de la page Facebook de Mehdi G\u00e9rardin\u00a0 Mehdi est un jeune homme de 25 ans, habitant le Thillot. Il [&hellip;]<\/p>\n","protected":false},"author":407,"featured_media":44633,"comment_status":"open","ping_status":"open","sticky":false,"template":"","format":"standard","meta":{"footnotes":""},"categories":[26,13,18],"tags":[1637,2041,2042],"class_list":["post-44632","post","type-post","status-publish","format-standard","has-post-thumbnail","hentry","category-a-la-une","category-societe","category-vosges","tag-petition","tag-turquie","tag-vosgien"],"acf":[],"yoast_head":"<!-- This site is optimized with the Yoast SEO plugin v22.5 - https:\/\/yoast.com\/wordpress\/plugins\/seo\/ -->\n<title>Vosgien retenu en Turquie : la p\u00e9tition pour sa lib\u00e9ration d\u00e9passe les 11 000 signatures - Remiremont Info<\/title>\n<meta name=\"robots\" content=\"index, follow, max-snippet:-1, max-image-preview:large, max-video-preview:-1\" \/>\n<link rel=\"canonical\" href=\"https:\/\/vosgesinfo.fr\/remiremontinfo\/2021\/08\/vosgien-retenu-turquie-petition-liberation-depasse-11-000-signatures\/\" \/>\n<meta name=\"twitter:card\" content=\"summary_large_image\" \/>\n<meta name=\"twitter:title\" content=\"Vosgien retenu en Turquie : la p\u00e9tition pour sa lib\u00e9ration d\u00e9passe les 11 000 signatures - Remiremont Info\" \/>\n<meta name=\"twitter:description\" content=\"Photo de la page Facebook de Mehdi G\u00e9rardin\u00a0 Mehdi est un jeune homme de 25 ans, habitant le Thillot. Il [&hellip;]\" \/>\n<meta name=\"twitter:image\" content=\"https:\/\/vosgesinfo.fr\/app\/uploads\/sites\/5\/2024\/09\/202108capture-decran-2021-08-17-121837.png\" \/>\n<meta name=\"twitter:creator\" content=\"@VosgesInfo88\" \/>\n<meta name=\"twitter:site\" content=\"@VosgesInfo88\" \/>\n<meta name=\"twitter:label1\" content=\"\u00c9crit par\" \/>\n\t<meta name=\"twitter:data1\" content=\"C D\" \/>\n\t<meta name=\"twitter:label2\" content=\"Dur\u00e9e de lecture estim\u00e9e\" \/>\n\t<meta name=\"twitter:data2\" content=\"1 minute\" \/>\n<script type=\"application\/ld+json\" class=\"yoast-schema-graph\">{\"@context\":\"https:\/\/schema.org\",\"@graph\":[{\"@type\":\"Article\",\"@id\":\"https:\/\/vosgesinfo.fr\/remiremontinfo\/2021\/08\/vosgien-retenu-turquie-petition-liberation-depasse-11-000-signatures\/#article\",\"isPartOf\":{\"@id\":\"https:\/\/vosgesinfo.fr\/remiremontinfo\/2021\/08\/vosgien-retenu-turquie-petition-liberation-depasse-11-000-signatures\/\"},\"author\":{\"name\":\"C D\",\"@id\":\"https:\/\/vosgesinfo.fr\/remiremontinfo\/#\/schema\/person\/3bfd164d5218a185b1db68655a265316\"},\"headline\":\"Vosgien retenu en Turquie : la p\u00e9tition pour sa lib\u00e9ration d\u00e9passe les 11 000 signatures\",\"datePublished\":\"2021-08-21T05:23:41+00:00\",\"dateModified\":\"2021-08-21T05:23:41+00:00\",\"mainEntityOfPage\":{\"@id\":\"https:\/\/vosgesinfo.fr\/remiremontinfo\/2021\/08\/vosgien-retenu-turquie-petition-liberation-depasse-11-000-signatures\/\"},\"wordCount\":163,\"commentCount\":0,\"publisher\":{\"@id\":\"https:\/\/vosgesinfo.fr\/remiremontinfo\/#organization\"},\"image\":{\"@id\":\"https:\/\/vosgesinfo.fr\/remiremontinfo\/2021\/08\/vosgien-retenu-turquie-petition-liberation-depasse-11-000-signatures\/#primaryimage\"},\"thumbnailUrl\":\"https:\/\/vosgesinfo.fr\/app\/uploads\/sites\/5\/2024\/09\/202108capture-decran-2021-08-17-121837.png\",\"keywords\":[\"p\u00e9tition\",\"Turquie\",\"Vosgien\"],\"articleSection\":[\"A la Une\",\"Soci\u00e9t\u00e9\",\"Vosges\"],\"inLanguage\":\"fr-FR\",\"potentialAction\":[{\"@type\":\"CommentAction\",\"name\":\"Comment\",\"target\":[\"https:\/\/vosgesinfo.fr\/remiremontinfo\/2021\/08\/vosgien-retenu-turquie-petition-liberation-depasse-11-000-signatures\/#respond\"]}]},{\"@type\":\"WebPage\",\"@id\":\"https:\/\/vosgesinfo.fr\/remiremontinfo\/2021\/08\/vosgien-retenu-turquie-petition-liberation-depasse-11-000-signatures\/\",\"url\":\"https:\/\/vosgesinfo.fr\/remiremontinfo\/2021\/08\/vosgien-retenu-turquie-petition-liberation-depasse-11-000-signatures\/\",\"name\":\"Vosgien retenu en Turquie : la p\u00e9tition pour sa lib\u00e9ration d\u00e9passe les 11 000 signatures - Remiremont Info\",\"isPartOf\":{\"@id\":\"https:\/\/vosgesinfo.fr\/remiremontinfo\/#website\"},\"primaryImageOfPage\":{\"@id\":\"https:\/\/vosgesinfo.fr\/remiremontinfo\/2021\/08\/vosgien-retenu-turquie-petition-liberation-depasse-11-000-signatures\/#primaryimage\"},\"image\":{\"@id\":\"https:\/\/vosgesinfo.fr\/remiremontinfo\/2021\/08\/vosgien-retenu-turquie-petition-liberation-depasse-11-000-signatures\/#primaryimage\"},\"thumbnailUrl\":\"https:\/\/vosgesinfo.fr\/app\/uploads\/sites\/5\/2024\/09\/202108capture-decran-2021-08-17-121837.png\",\"datePublished\":\"2021-08-21T05:23:41+00:00\",\"dateModified\":\"2021-08-21T05:23:41+00:00\",\"breadcrumb\":{\"@id\":\"https:\/\/vosgesinfo.fr\/remiremontinfo\/2021\/08\/vosgien-retenu-turquie-petition-liberation-depasse-11-000-signatures\/#breadcrumb\"},\"inLanguage\":\"fr-FR\",\"potentialAction\":[{\"@type\":\"ReadAction\",\"target\":[\"https:\/\/vosgesinfo.fr\/remiremontinfo\/2021\/08\/vosgien-retenu-turquie-petition-liberation-depasse-11-000-signatures\/\"]}]},{\"@type\":\"ImageObject\",\"inLanguage\":\"fr-FR\",\"@id\":\"https:\/\/vosgesinfo.fr\/remiremontinfo\/2021\/08\/vosgien-retenu-turquie-petition-liberation-depasse-11-000-signatures\/#primaryimage\",\"url\":\"https:\/\/vosgesinfo.fr\/app\/uploads\/sites\/5\/2024\/09\/202108capture-decran-2021-08-17-121837.png\",\"contentUrl\":\"https:\/\/vosgesinfo.fr\/app\/uploads\/sites\/5\/2024\/09\/202108capture-decran-2021-08-17-121837.png\",\"width\":800,\"height\":510},{\"@type\":\"BreadcrumbList\",\"@id\":\"https:\/\/vosgesinfo.fr\/remiremontinfo\/2021\/08\/vosgien-retenu-turquie-petition-liberation-depasse-11-000-signatures\/#breadcrumb\",\"itemListElement\":[{\"@type\":\"ListItem\",\"position\":1,\"name\":\"Home\",\"item\":\"https:\/\/vosgesinfo.fr\/remiremontinfo\/\"},{\"@type\":\"ListItem\",\"position\":2,\"name\":\"Vosgien retenu en Turquie : la p\u00e9tition pour sa lib\u00e9ration d\u00e9passe les 11 000 signatures\"}]},{\"@type\":\"WebSite\",\"@id\":\"https:\/\/vosgesinfo.fr\/remiremontinfo\/#website\",\"url\":\"https:\/\/vosgesinfo.fr\/remiremontinfo\/\",\"name\":\"Remiremont Info\",\"description\":\"Toute l&#039;actualit\u00e9 de Remiremont\",\"publisher\":{\"@id\":\"https:\/\/vosgesinfo.fr\/remiremontinfo\/#organization\"},\"alternateName\":\"Toute l'actualit\u00e9 de Remiremont\",\"potentialAction\":[{\"@type\":\"SearchAction\",\"target\":{\"@type\":\"EntryPoint\",\"urlTemplate\":\"https:\/\/vosgesinfo.fr\/remiremontinfo\/?s={search_term_string}\"},\"query-input\":\"required name=search_term_string\"}],\"inLanguage\":\"fr-FR\"},{\"@type\":\"Organization\",\"@id\":\"https:\/\/vosgesinfo.fr\/remiremontinfo\/#organization\",\"name\":\"Remiremont Info\",\"url\":\"https:\/\/vosgesinfo.fr\/remiremontinfo\/\",\"logo\":{\"@type\":\"ImageObject\",\"inLanguage\":\"fr-FR\",\"@id\":\"https:\/\/vosgesinfo.fr\/remiremontinfo\/#\/schema\/logo\/image\/\",\"url\":\"https:\/\/vosgesinfo.fr\/app\/uploads\/sites\/5\/2023\/08\/favicon-remiremontinfo.png\",\"contentUrl\":\"https:\/\/vosgesinfo.fr\/app\/uploads\/sites\/5\/2023\/08\/favicon-remiremontinfo.png\",\"width\":512,\"height\":512,\"caption\":\"Remiremont Info\"},\"image\":{\"@id\":\"https:\/\/vosgesinfo.fr\/remiremontinfo\/#\/schema\/logo\/image\/\"},\"sameAs\":[\"https:\/\/www.facebook.com\/remiremontinfo\",\"https:\/\/x.com\/VosgesInfo88\",\"https:\/\/www.youtube.com\/@vosgesinfo\"]},{\"@type\":\"Person\",\"@id\":\"https:\/\/vosgesinfo.fr\/remiremontinfo\/#\/schema\/person\/3bfd164d5218a185b1db68655a265316\",\"name\":\"C D\",\"image\":{\"@type\":\"ImageObject\",\"inLanguage\":\"fr-FR\",\"@id\":\"https:\/\/vosgesinfo.fr\/remiremontinfo\/#\/schema\/person\/image\/\",\"url\":\"https:\/\/secure.gravatar.com\/avatar\/1f9a70007336511a47468b8f1c66f922b8b7cf617b02a31149ada43893a5d48f?s=96&d=mm&r=g\",\"contentUrl\":\"https:\/\/secure.gravatar.com\/avatar\/1f9a70007336511a47468b8f1c66f922b8b7cf617b02a31149ada43893a5d48f?s=96&d=mm&r=g\",\"caption\":\"C D\"},\"url\":\"https:\/\/vosgesinfo.fr\/remiremontinfo\/author\/cedric-drevet\/\"}]}<\/script>\n<!-- \/ Yoast SEO plugin. -->","yoast_head_json":{"title":"Vosgien retenu en Turquie : la p\u00e9tition pour sa lib\u00e9ration d\u00e9passe les 11 000 signatures - Remiremont Info","robots":{"index":"index","follow":"follow","max-snippet":"max-snippet:-1","max-image-preview":"max-image-preview:large","max-video-preview":"max-video-preview:-1"},"canonical":"https:\/\/vosgesinfo.fr\/remiremontinfo\/2021\/08\/vosgien-retenu-turquie-petition-liberation-depasse-11-000-signatures\/","twitter_card":"summary_large_image","twitter_title":"Vosgien retenu en Turquie : la p\u00e9tition pour sa lib\u00e9ration d\u00e9passe les 11 000 signatures - Remiremont Info","twitter_description":"Photo de la page Facebook de Mehdi G\u00e9rardin\u00a0 Mehdi est un jeune homme de 25 ans, habitant le Thillot. Il [&hellip;]","twitter_image":"https:\/\/vosgesinfo.fr\/app\/uploads\/sites\/5\/2024\/09\/202108capture-decran-2021-08-17-121837.png","twitter_creator":"@VosgesInfo88","twitter_site":"@VosgesInfo88","twitter_misc":{"\u00c9crit par":"C D","Dur\u00e9e de lecture estim\u00e9e":"1 minute"},"schema":{"@context":"https:\/\/schema.org","@graph":[{"@type":"Article","@id":"https:\/\/vosgesinfo.fr\/remiremontinfo\/2021\/08\/vosgien-retenu-turquie-petition-liberation-depasse-11-000-signatures\/#article","isPartOf":{"@id":"https:\/\/vosgesinfo.fr\/remiremontinfo\/2021\/08\/vosgien-retenu-turquie-petition-liberation-depasse-11-000-signatures\/"},"author":{"name":"C D","@id":"https:\/\/vosgesinfo.fr\/remiremontinfo\/#\/schema\/person\/3bfd164d5218a185b1db68655a265316"},"headline":"Vosgien retenu en Turquie : la p\u00e9tition pour sa lib\u00e9ration d\u00e9passe les 11 000 signatures","datePublished":"2021-08-21T05:23:41+00:00","dateModified":"2021-08-21T05:23:41+00:00","mainEntityOfPage":{"@id":"https:\/\/vosgesinfo.fr\/remiremontinfo\/2021\/08\/vosgien-retenu-turquie-petition-liberation-depasse-11-000-signatures\/"},"wordCount":163,"commentCount":0,"publisher":{"@id":"https:\/\/vosgesinfo.fr\/remiremontinfo\/#organization"},"image":{"@id":"https:\/\/vosgesinfo.fr\/remiremontinfo\/2021\/08\/vosgien-retenu-turquie-petition-liberation-depasse-11-000-signatures\/#primaryimage"},"thumbnailUrl":"https:\/\/vosgesinfo.fr\/app\/uploads\/sites\/5\/2024\/09\/202108capture-decran-2021-08-17-121837.png","keywords":["p\u00e9tition","Turquie","Vosgien"],"articleSection":["A la Une","Soci\u00e9t\u00e9","Vosges"],"inLanguage":"fr-FR","potentialAction":[{"@type":"CommentAction","name":"Comment","target":["https:\/\/vosgesinfo.fr\/remiremontinfo\/2021\/08\/vosgien-retenu-turquie-petition-liberation-depasse-11-000-signatures\/#respond"]}]},{"@type":"WebPage","@id":"https:\/\/vosgesinfo.fr\/remiremontinfo\/2021\/08\/vosgien-retenu-turquie-petition-liberation-depasse-11-000-signatures\/","url":"https:\/\/vosgesinfo.fr\/remiremontinfo\/2021\/08\/vosgien-retenu-turquie-petition-liberation-depasse-11-000-signatures\/","name":"Vosgien retenu en Turquie : la p\u00e9tition pour sa lib\u00e9ration d\u00e9passe les 11 000 signatures - Remiremont Info","isPartOf":{"@id":"https:\/\/vosgesinfo.fr\/remiremontinfo\/#website"},"primaryImageOfPage":{"@id":"https:\/\/vosgesinfo.fr\/remiremontinfo\/2021\/08\/vosgien-retenu-turquie-petition-liberation-depasse-11-000-signatures\/#primaryimage"},"image":{"@id":"https:\/\/vosgesinfo.fr\/remiremontinfo\/2021\/08\/vosgien-retenu-turquie-petition-liberation-depasse-11-000-signatures\/#primaryimage"},"thumbnailUrl":"https:\/\/vosgesinfo.fr\/app\/uploads\/sites\/5\/2024\/09\/202108capture-decran-2021-08-17-121837.png","datePublished":"2021-08-21T05:23:41+00:00","dateModified":"2021-08-21T05:23:41+00:00","breadcrumb":{"@id":"https:\/\/vosgesinfo.fr\/remiremontinfo\/2021\/08\/vosgien-retenu-turquie-petition-liberation-depasse-11-000-signatures\/#breadcrumb"},"inLanguage":"fr-FR","potentialAction":[{"@type":"ReadAction","target":["https:\/\/vosgesinfo.fr\/remiremontinfo\/2021\/08\/vosgien-retenu-turquie-petition-liberation-depasse-11-000-signatures\/"]}]},{"@type":"ImageObject","inLanguage":"fr-FR","@id":"https:\/\/vosgesinfo.fr\/remiremontinfo\/2021\/08\/vosgien-retenu-turquie-petition-liberation-depasse-11-000-signatures\/#primaryimage","url":"https:\/\/vosgesinfo.fr\/app\/uploads\/sites\/5\/2024\/09\/202108capture-decran-2021-08-17-121837.png","contentUrl":"https:\/\/vosgesinfo.fr\/app\/uploads\/sites\/5\/2024\/09\/202108capture-decran-2021-08-17-121837.png","width":800,"height":510},{"@type":"BreadcrumbList","@id":"https:\/\/vosgesinfo.fr\/remiremontinfo\/2021\/08\/vosgien-retenu-turquie-petition-liberation-depasse-11-000-signatures\/#breadcrumb","itemListElement":[{"@type":"ListItem","position":1,"name":"Home","item":"https:\/\/vosgesinfo.fr\/remiremontinfo\/"},{"@type":"ListItem","position":2,"name":"Vosgien retenu en Turquie : la p\u00e9tition pour sa lib\u00e9ration d\u00e9passe les 11 000 signatures"}]},{"@type":"WebSite","@id":"https:\/\/vosgesinfo.fr\/remiremontinfo\/#website","url":"https:\/\/vosgesinfo.fr\/remiremontinfo\/","name":"Remiremont Info","description":"Toute l&#039;actualit\u00e9 de Remiremont","publisher":{"@id":"https:\/\/vosgesinfo.fr\/remiremontinfo\/#organization"},"alternateName":"Toute l'actualit\u00e9 de Remiremont","potentialAction":[{"@type":"SearchAction","target":{"@type":"EntryPoint","urlTemplate":"https:\/\/vosgesinfo.fr\/remiremontinfo\/?s={search_term_string}"},"query-input":"required name=search_term_string"}],"inLanguage":"fr-FR"},{"@type":"Organization","@id":"https:\/\/vosgesinfo.fr\/remiremontinfo\/#organization","name":"Remiremont Info","url":"https:\/\/vosgesinfo.fr\/remiremontinfo\/","logo":{"@type":"ImageObject","inLanguage":"fr-FR","@id":"https:\/\/vosgesinfo.fr\/remiremontinfo\/#\/schema\/logo\/image\/","url":"https:\/\/vosgesinfo.fr\/app\/uploads\/sites\/5\/2023\/08\/favicon-remiremontinfo.png","contentUrl":"https:\/\/vosgesinfo.fr\/app\/uploads\/sites\/5\/2023\/08\/favicon-remiremontinfo.png","width":512,"height":512,"caption":"Remiremont Info"},"image":{"@id":"https:\/\/vosgesinfo.fr\/remiremontinfo\/#\/schema\/logo\/image\/"},"sameAs":["https:\/\/www.facebook.com\/remiremontinfo","https:\/\/x.com\/VosgesInfo88","https:\/\/www.youtube.com\/@vosgesinfo"]},{"@type":"Person","@id":"https:\/\/vosgesinfo.fr\/remiremontinfo\/#\/schema\/person\/3bfd164d5218a185b1db68655a265316","name":"C D","image":{"@type":"ImageObject","inLanguage":"fr-FR","@id":"https:\/\/vosgesinfo.fr\/remiremontinfo\/#\/schema\/person\/image\/","url":"https:\/\/secure.gravatar.com\/avatar\/1f9a70007336511a47468b8f1c66f922b8b7cf617b02a31149ada43893a5d48f?s=96&d=mm&r=g","contentUrl":"https:\/\/secure.gravatar.com\/avatar\/1f9a70007336511a47468b8f1c66f922b8b7cf617b02a31149ada43893a5d48f?s=96&d=mm&r=g","caption":"C D"},"url":"https:\/\/vosgesinfo.fr\/remiremontinfo\/author\/cedric-drevet\/"}]}},"_links":{"self":[{"href":"https:\/\/vosgesinfo.fr\/remiremontinfo\/wp-json\/wp\/v2\/posts\/44632","targetHints":{"allow":["GET"]}}],"collection":[{"href":"https:\/\/vosgesinfo.fr\/remiremontinfo\/wp-json\/wp\/v2\/posts"}],"about":[{"href":"https:\/\/vosgesinfo.fr\/remiremontinfo\/wp-json\/wp\/v2\/types\/post"}],"author":[{"embeddable":true,"href":"https:\/\/vosgesinfo.fr\/remiremontinfo\/wp-json\/wp\/v2\/users\/407"}],"replies":[{"embeddable":true,"href":"https:\/\/vosgesinfo.fr\/remiremontinfo\/wp-json\/wp\/v2\/comments?post=44632"}],"version-history":[{"count":0,"href":"https:\/\/vosgesinfo.fr\/remiremontinfo\/wp-json\/wp\/v2\/posts\/44632\/revisions"}],"wp:featuredmedia":[{"embeddable":true,"href":"https:\/\/vosgesinfo.fr\/remiremontinfo\/wp-json\/wp\/v2\/media\/44633"}],"wp:attachment":[{"href":"https:\/\/vosgesinfo.fr\/remiremontinfo\/wp-json\/wp\/v2\/media?parent=44632"}],"wp:term":[{"taxonomy":"category","embeddable":true,"href":"https:\/\/vosgesinfo.fr\/remiremontinfo\/wp-json\/wp\/v2\/categories?post=44632"},{"taxonomy":"post_tag","embeddable":true,"href":"https:\/\/vosgesinfo.fr\/remiremontinfo\/wp-json\/wp\/v2\/tags?post=44632"}],"curies":[{"name":"wp","href":"https:\/\/api.w.org\/{rel}","templated":true}]}}