{"id":44634,"date":"2021-08-21T06:06:43","date_gmt":"2021-08-21T04:06:43","guid":{"rendered":"https:\/\/vosgesinfo.fr\/remiremontinfo\/2021\/08\/dommartin-derniere-edition-sapins-barbus-preparation\/"},"modified":"2021-08-21T06:06:43","modified_gmt":"2021-08-21T04:06:43","slug":"dommartin-derniere-edition-sapins-barbus-preparation","status":"publish","type":"post","link":"https:\/\/vosgesinfo.fr\/remiremontinfo\/2021\/08\/dommartin-derniere-edition-sapins-barbus-preparation\/","title":{"rendered":"Dommartin\u00a0: la derni\u00e8re \u00e9dition des \u00ab\u00a0Sapins Barbus\u00a0\u00bb est en pr\u00e9paration"},"content":{"rendered":"\n<h2><span style=\"font-size: 12pt;\"><span style=\"color: #444444;\"><span style=\"font-family: 'Times New Roman', serif;\"><strong>L\u2019\u00e9dition \u00ab\u00a0ultime\u00a0\u00bb du festival musical des \u00ab\u00a0Sapins Barbus\u00a0\u00bb aura lieu ce samedi<\/strong><\/span><\/span><span style=\"color: #444444;\"><span style=\"font-family: 'Times New Roman', serif;\"><strong> 21 ao\u00fbt \u00e0 Dommartin-les-Remiremont ! <\/strong><\/span><\/span><span style=\"color: #444444;\"><span style=\"font-family: 'Times New Roman', serif;\"><strong>Ce vendredi, les organisateurs \u00e9taient en pleins pr\u00e9paratifs pour accueillir les spectateurs pour cette toute derni\u00e8re \u00e9dition.<\/strong><\/span><\/span><\/span><\/h2>\n<p><span style=\"color: #444444;\"><span style=\"font-family: 'Times New Roman', serif;\"><span style=\"font-size: medium;\">Au programme, 5 concerts\u00a0: \u00ab\u00a0<\/span><\/span><\/span><span style=\"color: #444444;\"><span style=\"font-family: 'Times New Roman', serif;\"><span style=\"font-size: medium;\">No one is innocent\u00a0\u00bb, \u00ab\u00a0Opium du peuple\u00a0\u00bb, \u00ab\u00a0Les Bredelers\u00a0\u00bb,, \u00ab\u00a0Black River Sons\u00a0\u00bb, et \u00ab\u00a0Bottomz Up\u00a0\u00bb. C\u00f4t\u00e9 installations, les organisateurs promettent <\/span><\/span><\/span><span style=\"color: #444444;\"><span style=\"font-family: 'Times New Roman', serif;\"><span style=\"font-size: medium;\">\u00ab\u00a0<\/span><\/span><\/span><span style=\"color: #444444;\"><span style=\"font-family: 'Times New Roman', serif;\"><span style=\"font-size: medium;\">d<\/span><\/span><\/span><span style=\"color: #444444;\"><span style=\"font-family: 'Times New Roman', serif;\"><span style=\"font-size: medium;\">es d\u00e9cors et une sc\u00e8ne 100% maison, en bois bien de chez nous, dans un d\u00e9cor idyllique en plein c\u0153ur des massifs vosgiens.\u2028\u2028\u00a0\u00bb <\/span><\/span><\/span><span style=\"color: #444444;\"><span style=\"font-family: 'Times New Roman', serif;\"><span style=\"font-size: medium;\">Il n\u2019y a plus \u00e0 l\u2019heure actuelle de billets en vente. Il n\u2019est pas possible de les acheter sur place. Un \u00ab\u00a0pass sanitaire\u00a0\u00bb, c\u2019est \u00e0 dire une preuve de vaccination ou un test PCR n\u00e9gatif de moins de 48h, et une pi\u00e8ce d\u2019identit\u00e9 seront demand\u00e9es \u00e0 l\u2019entr\u00e9e du festival. <\/span><\/span><\/span><\/p>\n<p>&nbsp;<\/p>\n<p>&nbsp;<\/p>\n","protected":false},"excerpt":{"rendered":"<p>L\u2019\u00e9dition \u00ab\u00a0ultime\u00a0\u00bb du festival musical des \u00ab\u00a0Sapins Barbus\u00a0\u00bb aura lieu ce samedi 21 ao\u00fbt \u00e0 Dommartin-les-Remiremont ! Ce vendredi, les [&hellip;]<\/p>\n","protected":false},"author":407,"featured_media":44635,"comment_status":"open","ping_status":"open","sticky":false,"template":"","format":"standard","meta":{"footnotes":""},"categories":[26,4,37],"tags":[2043,235,2044],"class_list":["post-44634","post","type-post","status-publish","format-standard","has-post-thumbnail","hentry","category-a-la-une","category-culture","category-le-thillot-son-canton","tag-dommartin","tag-festival","tag-sapins-barbus"],"acf":[],"yoast_head":"<!-- This site is optimized with the Yoast SEO plugin v22.5 - https:\/\/yoast.com\/wordpress\/plugins\/seo\/ -->\n<title>Dommartin\u00a0: la derni\u00e8re \u00e9dition des \u00ab\u00a0Sapins Barbus\u00a0\u00bb est en pr\u00e9paration - Remiremont Info<\/title>\n<meta name=\"robots\" content=\"index, follow, max-snippet:-1, max-image-preview:large, max-video-preview:-1\" \/>\n<link rel=\"canonical\" href=\"https:\/\/vosgesinfo.fr\/remiremontinfo\/2021\/08\/dommartin-derniere-edition-sapins-barbus-preparation\/\" \/>\n<meta name=\"twitter:card\" content=\"summary_large_image\" \/>\n<meta name=\"twitter:title\" content=\"Dommartin\u00a0: la derni\u00e8re \u00e9dition des \u00ab\u00a0Sapins Barbus\u00a0\u00bb est en pr\u00e9paration - Remiremont Info\" \/>\n<meta name=\"twitter:description\" content=\"L\u2019\u00e9dition \u00ab\u00a0ultime\u00a0\u00bb du festival musical des \u00ab\u00a0Sapins Barbus\u00a0\u00bb aura lieu ce samedi 21 ao\u00fbt \u00e0 Dommartin-les-Remiremont ! Ce vendredi, les [&hellip;]\" \/>\n<meta name=\"twitter:image\" content=\"https:\/\/vosgesinfo.fr\/app\/uploads\/sites\/5\/2024\/09\/202108capture-decran-2021-08-21-111954.png\" \/>\n<meta name=\"twitter:creator\" content=\"@VosgesInfo88\" \/>\n<meta name=\"twitter:site\" content=\"@VosgesInfo88\" \/>\n<meta name=\"twitter:label1\" content=\"\u00c9crit par\" \/>\n\t<meta name=\"twitter:data1\" content=\"C D\" \/>\n\t<meta name=\"twitter:label2\" content=\"Dur\u00e9e de lecture estim\u00e9e\" \/>\n\t<meta name=\"twitter:data2\" content=\"1 minute\" \/>\n<script type=\"application\/ld+json\" class=\"yoast-schema-graph\">{\"@context\":\"https:\/\/schema.org\",\"@graph\":[{\"@type\":\"Article\",\"@id\":\"https:\/\/vosgesinfo.fr\/remiremontinfo\/2021\/08\/dommartin-derniere-edition-sapins-barbus-preparation\/#article\",\"isPartOf\":{\"@id\":\"https:\/\/vosgesinfo.fr\/remiremontinfo\/2021\/08\/dommartin-derniere-edition-sapins-barbus-preparation\/\"},\"author\":{\"name\":\"C D\",\"@id\":\"https:\/\/vosgesinfo.fr\/remiremontinfo\/#\/schema\/person\/3bfd164d5218a185b1db68655a265316\"},\"headline\":\"Dommartin\u00a0: la derni\u00e8re \u00e9dition des \u00ab\u00a0Sapins Barbus\u00a0\u00bb est en pr\u00e9paration\",\"datePublished\":\"2021-08-21T04:06:43+00:00\",\"dateModified\":\"2021-08-21T04:06:43+00:00\",\"mainEntityOfPage\":{\"@id\":\"https:\/\/vosgesinfo.fr\/remiremontinfo\/2021\/08\/dommartin-derniere-edition-sapins-barbus-preparation\/\"},\"wordCount\":164,\"commentCount\":0,\"publisher\":{\"@id\":\"https:\/\/vosgesinfo.fr\/remiremontinfo\/#organization\"},\"image\":{\"@id\":\"https:\/\/vosgesinfo.fr\/remiremontinfo\/2021\/08\/dommartin-derniere-edition-sapins-barbus-preparation\/#primaryimage\"},\"thumbnailUrl\":\"https:\/\/vosgesinfo.fr\/app\/uploads\/sites\/5\/2024\/09\/202108capture-decran-2021-08-21-111954.png\",\"keywords\":[\"dommartin\",\"festival\",\"sapins barbus\"],\"articleSection\":[\"A la Une\",\"Culture\",\"Le Thillot &amp; son canton\"],\"inLanguage\":\"fr-FR\",\"potentialAction\":[{\"@type\":\"CommentAction\",\"name\":\"Comment\",\"target\":[\"https:\/\/vosgesinfo.fr\/remiremontinfo\/2021\/08\/dommartin-derniere-edition-sapins-barbus-preparation\/#respond\"]}]},{\"@type\":\"WebPage\",\"@id\":\"https:\/\/vosgesinfo.fr\/remiremontinfo\/2021\/08\/dommartin-derniere-edition-sapins-barbus-preparation\/\",\"url\":\"https:\/\/vosgesinfo.fr\/remiremontinfo\/2021\/08\/dommartin-derniere-edition-sapins-barbus-preparation\/\",\"name\":\"Dommartin\u00a0: la derni\u00e8re \u00e9dition des \u00ab\u00a0Sapins Barbus\u00a0\u00bb est en pr\u00e9paration - Remiremont Info\",\"isPartOf\":{\"@id\":\"https:\/\/vosgesinfo.fr\/remiremontinfo\/#website\"},\"primaryImageOfPage\":{\"@id\":\"https:\/\/vosgesinfo.fr\/remiremontinfo\/2021\/08\/dommartin-derniere-edition-sapins-barbus-preparation\/#primaryimage\"},\"image\":{\"@id\":\"https:\/\/vosgesinfo.fr\/remiremontinfo\/2021\/08\/dommartin-derniere-edition-sapins-barbus-preparation\/#primaryimage\"},\"thumbnailUrl\":\"https:\/\/vosgesinfo.fr\/app\/uploads\/sites\/5\/2024\/09\/202108capture-decran-2021-08-21-111954.png\",\"datePublished\":\"2021-08-21T04:06:43+00:00\",\"dateModified\":\"2021-08-21T04:06:43+00:00\",\"breadcrumb\":{\"@id\":\"https:\/\/vosgesinfo.fr\/remiremontinfo\/2021\/08\/dommartin-derniere-edition-sapins-barbus-preparation\/#breadcrumb\"},\"inLanguage\":\"fr-FR\",\"potentialAction\":[{\"@type\":\"ReadAction\",\"target\":[\"https:\/\/vosgesinfo.fr\/remiremontinfo\/2021\/08\/dommartin-derniere-edition-sapins-barbus-preparation\/\"]}]},{\"@type\":\"ImageObject\",\"inLanguage\":\"fr-FR\",\"@id\":\"https:\/\/vosgesinfo.fr\/remiremontinfo\/2021\/08\/dommartin-derniere-edition-sapins-barbus-preparation\/#primaryimage\",\"url\":\"https:\/\/vosgesinfo.fr\/app\/uploads\/sites\/5\/2024\/09\/202108capture-decran-2021-08-21-111954.png\",\"contentUrl\":\"https:\/\/vosgesinfo.fr\/app\/uploads\/sites\/5\/2024\/09\/202108capture-decran-2021-08-21-111954.png\",\"width\":800,\"height\":471},{\"@type\":\"BreadcrumbList\",\"@id\":\"https:\/\/vosgesinfo.fr\/remiremontinfo\/2021\/08\/dommartin-derniere-edition-sapins-barbus-preparation\/#breadcrumb\",\"itemListElement\":[{\"@type\":\"ListItem\",\"position\":1,\"name\":\"Home\",\"item\":\"https:\/\/vosgesinfo.fr\/remiremontinfo\/\"},{\"@type\":\"ListItem\",\"position\":2,\"name\":\"Dommartin\u00a0: la derni\u00e8re \u00e9dition des \u00ab\u00a0Sapins Barbus\u00a0\u00bb est en pr\u00e9paration\"}]},{\"@type\":\"WebSite\",\"@id\":\"https:\/\/vosgesinfo.fr\/remiremontinfo\/#website\",\"url\":\"https:\/\/vosgesinfo.fr\/remiremontinfo\/\",\"name\":\"Remiremont Info\",\"description\":\"Toute l&#039;actualit\u00e9 de Remiremont\",\"publisher\":{\"@id\":\"https:\/\/vosgesinfo.fr\/remiremontinfo\/#organization\"},\"alternateName\":\"Toute l'actualit\u00e9 de Remiremont\",\"potentialAction\":[{\"@type\":\"SearchAction\",\"target\":{\"@type\":\"EntryPoint\",\"urlTemplate\":\"https:\/\/vosgesinfo.fr\/remiremontinfo\/?s={search_term_string}\"},\"query-input\":\"required name=search_term_string\"}],\"inLanguage\":\"fr-FR\"},{\"@type\":\"Organization\",\"@id\":\"https:\/\/vosgesinfo.fr\/remiremontinfo\/#organization\",\"name\":\"Remiremont Info\",\"url\":\"https:\/\/vosgesinfo.fr\/remiremontinfo\/\",\"logo\":{\"@type\":\"ImageObject\",\"inLanguage\":\"fr-FR\",\"@id\":\"https:\/\/vosgesinfo.fr\/remiremontinfo\/#\/schema\/logo\/image\/\",\"url\":\"https:\/\/vosgesinfo.fr\/app\/uploads\/sites\/5\/2023\/08\/favicon-remiremontinfo.png\",\"contentUrl\":\"https:\/\/vosgesinfo.fr\/app\/uploads\/sites\/5\/2023\/08\/favicon-remiremontinfo.png\",\"width\":512,\"height\":512,\"caption\":\"Remiremont Info\"},\"image\":{\"@id\":\"https:\/\/vosgesinfo.fr\/remiremontinfo\/#\/schema\/logo\/image\/\"},\"sameAs\":[\"https:\/\/www.facebook.com\/remiremontinfo\",\"https:\/\/x.com\/VosgesInfo88\",\"https:\/\/www.youtube.com\/@vosgesinfo\"]},{\"@type\":\"Person\",\"@id\":\"https:\/\/vosgesinfo.fr\/remiremontinfo\/#\/schema\/person\/3bfd164d5218a185b1db68655a265316\",\"name\":\"C D\",\"image\":{\"@type\":\"ImageObject\",\"inLanguage\":\"fr-FR\",\"@id\":\"https:\/\/vosgesinfo.fr\/remiremontinfo\/#\/schema\/person\/image\/\",\"url\":\"https:\/\/secure.gravatar.com\/avatar\/1f9a70007336511a47468b8f1c66f922b8b7cf617b02a31149ada43893a5d48f?s=96&d=mm&r=g\",\"contentUrl\":\"https:\/\/secure.gravatar.com\/avatar\/1f9a70007336511a47468b8f1c66f922b8b7cf617b02a31149ada43893a5d48f?s=96&d=mm&r=g\",\"caption\":\"C D\"},\"url\":\"https:\/\/vosgesinfo.fr\/remiremontinfo\/author\/cedric-drevet\/\"}]}<\/script>\n<!-- \/ Yoast SEO plugin. -->","yoast_head_json":{"title":"Dommartin\u00a0: la derni\u00e8re \u00e9dition des \u00ab\u00a0Sapins Barbus\u00a0\u00bb est en pr\u00e9paration - Remiremont Info","robots":{"index":"index","follow":"follow","max-snippet":"max-snippet:-1","max-image-preview":"max-image-preview:large","max-video-preview":"max-video-preview:-1"},"canonical":"https:\/\/vosgesinfo.fr\/remiremontinfo\/2021\/08\/dommartin-derniere-edition-sapins-barbus-preparation\/","twitter_card":"summary_large_image","twitter_title":"Dommartin\u00a0: la derni\u00e8re \u00e9dition des \u00ab\u00a0Sapins Barbus\u00a0\u00bb est en pr\u00e9paration - Remiremont Info","twitter_description":"L\u2019\u00e9dition \u00ab\u00a0ultime\u00a0\u00bb du festival musical des \u00ab\u00a0Sapins Barbus\u00a0\u00bb aura lieu ce samedi 21 ao\u00fbt \u00e0 Dommartin-les-Remiremont ! Ce vendredi, les [&hellip;]","twitter_image":"https:\/\/vosgesinfo.fr\/app\/uploads\/sites\/5\/2024\/09\/202108capture-decran-2021-08-21-111954.png","twitter_creator":"@VosgesInfo88","twitter_site":"@VosgesInfo88","twitter_misc":{"\u00c9crit par":"C D","Dur\u00e9e de lecture estim\u00e9e":"1 minute"},"schema":{"@context":"https:\/\/schema.org","@graph":[{"@type":"Article","@id":"https:\/\/vosgesinfo.fr\/remiremontinfo\/2021\/08\/dommartin-derniere-edition-sapins-barbus-preparation\/#article","isPartOf":{"@id":"https:\/\/vosgesinfo.fr\/remiremontinfo\/2021\/08\/dommartin-derniere-edition-sapins-barbus-preparation\/"},"author":{"name":"C D","@id":"https:\/\/vosgesinfo.fr\/remiremontinfo\/#\/schema\/person\/3bfd164d5218a185b1db68655a265316"},"headline":"Dommartin\u00a0: la derni\u00e8re \u00e9dition des \u00ab\u00a0Sapins Barbus\u00a0\u00bb est en pr\u00e9paration","datePublished":"2021-08-21T04:06:43+00:00","dateModified":"2021-08-21T04:06:43+00:00","mainEntityOfPage":{"@id":"https:\/\/vosgesinfo.fr\/remiremontinfo\/2021\/08\/dommartin-derniere-edition-sapins-barbus-preparation\/"},"wordCount":164,"commentCount":0,"publisher":{"@id":"https:\/\/vosgesinfo.fr\/remiremontinfo\/#organization"},"image":{"@id":"https:\/\/vosgesinfo.fr\/remiremontinfo\/2021\/08\/dommartin-derniere-edition-sapins-barbus-preparation\/#primaryimage"},"thumbnailUrl":"https:\/\/vosgesinfo.fr\/app\/uploads\/sites\/5\/2024\/09\/202108capture-decran-2021-08-21-111954.png","keywords":["dommartin","festival","sapins barbus"],"articleSection":["A la Une","Culture","Le Thillot &amp; son canton"],"inLanguage":"fr-FR","potentialAction":[{"@type":"CommentAction","name":"Comment","target":["https:\/\/vosgesinfo.fr\/remiremontinfo\/2021\/08\/dommartin-derniere-edition-sapins-barbus-preparation\/#respond"]}]},{"@type":"WebPage","@id":"https:\/\/vosgesinfo.fr\/remiremontinfo\/2021\/08\/dommartin-derniere-edition-sapins-barbus-preparation\/","url":"https:\/\/vosgesinfo.fr\/remiremontinfo\/2021\/08\/dommartin-derniere-edition-sapins-barbus-preparation\/","name":"Dommartin\u00a0: la derni\u00e8re \u00e9dition des \u00ab\u00a0Sapins Barbus\u00a0\u00bb est en pr\u00e9paration - Remiremont Info","isPartOf":{"@id":"https:\/\/vosgesinfo.fr\/remiremontinfo\/#website"},"primaryImageOfPage":{"@id":"https:\/\/vosgesinfo.fr\/remiremontinfo\/2021\/08\/dommartin-derniere-edition-sapins-barbus-preparation\/#primaryimage"},"image":{"@id":"https:\/\/vosgesinfo.fr\/remiremontinfo\/2021\/08\/dommartin-derniere-edition-sapins-barbus-preparation\/#primaryimage"},"thumbnailUrl":"https:\/\/vosgesinfo.fr\/app\/uploads\/sites\/5\/2024\/09\/202108capture-decran-2021-08-21-111954.png","datePublished":"2021-08-21T04:06:43+00:00","dateModified":"2021-08-21T04:06:43+00:00","breadcrumb":{"@id":"https:\/\/vosgesinfo.fr\/remiremontinfo\/2021\/08\/dommartin-derniere-edition-sapins-barbus-preparation\/#breadcrumb"},"inLanguage":"fr-FR","potentialAction":[{"@type":"ReadAction","target":["https:\/\/vosgesinfo.fr\/remiremontinfo\/2021\/08\/dommartin-derniere-edition-sapins-barbus-preparation\/"]}]},{"@type":"ImageObject","inLanguage":"fr-FR","@id":"https:\/\/vosgesinfo.fr\/remiremontinfo\/2021\/08\/dommartin-derniere-edition-sapins-barbus-preparation\/#primaryimage","url":"https:\/\/vosgesinfo.fr\/app\/uploads\/sites\/5\/2024\/09\/202108capture-decran-2021-08-21-111954.png","contentUrl":"https:\/\/vosgesinfo.fr\/app\/uploads\/sites\/5\/2024\/09\/202108capture-decran-2021-08-21-111954.png","width":800,"height":471},{"@type":"BreadcrumbList","@id":"https:\/\/vosgesinfo.fr\/remiremontinfo\/2021\/08\/dommartin-derniere-edition-sapins-barbus-preparation\/#breadcrumb","itemListElement":[{"@type":"ListItem","position":1,"name":"Home","item":"https:\/\/vosgesinfo.fr\/remiremontinfo\/"},{"@type":"ListItem","position":2,"name":"Dommartin\u00a0: la derni\u00e8re \u00e9dition des \u00ab\u00a0Sapins Barbus\u00a0\u00bb est en pr\u00e9paration"}]},{"@type":"WebSite","@id":"https:\/\/vosgesinfo.fr\/remiremontinfo\/#website","url":"https:\/\/vosgesinfo.fr\/remiremontinfo\/","name":"Remiremont Info","description":"Toute l&#039;actualit\u00e9 de Remiremont","publisher":{"@id":"https:\/\/vosgesinfo.fr\/remiremontinfo\/#organization"},"alternateName":"Toute l'actualit\u00e9 de Remiremont","potentialAction":[{"@type":"SearchAction","target":{"@type":"EntryPoint","urlTemplate":"https:\/\/vosgesinfo.fr\/remiremontinfo\/?s={search_term_string}"},"query-input":"required name=search_term_string"}],"inLanguage":"fr-FR"},{"@type":"Organization","@id":"https:\/\/vosgesinfo.fr\/remiremontinfo\/#organization","name":"Remiremont Info","url":"https:\/\/vosgesinfo.fr\/remiremontinfo\/","logo":{"@type":"ImageObject","inLanguage":"fr-FR","@id":"https:\/\/vosgesinfo.fr\/remiremontinfo\/#\/schema\/logo\/image\/","url":"https:\/\/vosgesinfo.fr\/app\/uploads\/sites\/5\/2023\/08\/favicon-remiremontinfo.png","contentUrl":"https:\/\/vosgesinfo.fr\/app\/uploads\/sites\/5\/2023\/08\/favicon-remiremontinfo.png","width":512,"height":512,"caption":"Remiremont Info"},"image":{"@id":"https:\/\/vosgesinfo.fr\/remiremontinfo\/#\/schema\/logo\/image\/"},"sameAs":["https:\/\/www.facebook.com\/remiremontinfo","https:\/\/x.com\/VosgesInfo88","https:\/\/www.youtube.com\/@vosgesinfo"]},{"@type":"Person","@id":"https:\/\/vosgesinfo.fr\/remiremontinfo\/#\/schema\/person\/3bfd164d5218a185b1db68655a265316","name":"C D","image":{"@type":"ImageObject","inLanguage":"fr-FR","@id":"https:\/\/vosgesinfo.fr\/remiremontinfo\/#\/schema\/person\/image\/","url":"https:\/\/secure.gravatar.com\/avatar\/1f9a70007336511a47468b8f1c66f922b8b7cf617b02a31149ada43893a5d48f?s=96&d=mm&r=g","contentUrl":"https:\/\/secure.gravatar.com\/avatar\/1f9a70007336511a47468b8f1c66f922b8b7cf617b02a31149ada43893a5d48f?s=96&d=mm&r=g","caption":"C D"},"url":"https:\/\/vosgesinfo.fr\/remiremontinfo\/author\/cedric-drevet\/"}]}},"_links":{"self":[{"href":"https:\/\/vosgesinfo.fr\/remiremontinfo\/wp-json\/wp\/v2\/posts\/44634","targetHints":{"allow":["GET"]}}],"collection":[{"href":"https:\/\/vosgesinfo.fr\/remiremontinfo\/wp-json\/wp\/v2\/posts"}],"about":[{"href":"https:\/\/vosgesinfo.fr\/remiremontinfo\/wp-json\/wp\/v2\/types\/post"}],"author":[{"embeddable":true,"href":"https:\/\/vosgesinfo.fr\/remiremontinfo\/wp-json\/wp\/v2\/users\/407"}],"replies":[{"embeddable":true,"href":"https:\/\/vosgesinfo.fr\/remiremontinfo\/wp-json\/wp\/v2\/comments?post=44634"}],"version-history":[{"count":0,"href":"https:\/\/vosgesinfo.fr\/remiremontinfo\/wp-json\/wp\/v2\/posts\/44634\/revisions"}],"wp:featuredmedia":[{"embeddable":true,"href":"https:\/\/vosgesinfo.fr\/remiremontinfo\/wp-json\/wp\/v2\/media\/44635"}],"wp:attachment":[{"href":"https:\/\/vosgesinfo.fr\/remiremontinfo\/wp-json\/wp\/v2\/media?parent=44634"}],"wp:term":[{"taxonomy":"category","embeddable":true,"href":"https:\/\/vosgesinfo.fr\/remiremontinfo\/wp-json\/wp\/v2\/categories?post=44634"},{"taxonomy":"post_tag","embeddable":true,"href":"https:\/\/vosgesinfo.fr\/remiremontinfo\/wp-json\/wp\/v2\/tags?post=44634"}],"curies":[{"name":"wp","href":"https:\/\/api.w.org\/{rel}","templated":true}]}}