{"id":4474,"date":"2024-02-16T15:38:34","date_gmt":"2024-02-16T14:38:34","guid":{"rendered":"https:\/\/vosgesinfo.fr\/remiremontinfo\/?p=4474"},"modified":"2024-02-17T16:27:03","modified_gmt":"2024-02-17T15:27:03","slug":"ventron-un-carnaval-sur-le-theme-des-super-heros-pour-les-5-ans-de-lassociation-festiventron","status":"publish","type":"post","link":"https:\/\/vosgesinfo.fr\/remiremontinfo\/2024\/02\/ventron-un-carnaval-sur-le-theme-des-super-heros-pour-les-5-ans-de-lassociation-festiventron\/","title":{"rendered":"Ventron &#8211; Un carnaval sur le th\u00e8me des super-h\u00e9ros pour les 5 ans de l&rsquo;association Festi&rsquo;Ventron"},"content":{"rendered":"<p>\u00ab\u00a0Festi&rsquo;Ventron organise le samedi 24 f\u00e9vrier son traditionnel carnaval. Cette ann\u00e9e, \u00e0 l&rsquo;occasion des 5 ans de l&rsquo;association nous vous proposons \u00e0 partir de 15h la d\u00e9coration de monsieur carnaval \u00e0 la salle des f\u00eates, suivi d&rsquo;un grand d\u00e9fil\u00e9 \u00e0 16h dans les rues de Ventron. Pour finir retour \u00e0 la salle pour un go\u00fbter offert aux enfants et buvette sur place \u00e0 petit prix pour les plus grands. Pour f\u00eater les 5 ans nous organisons un concours de pes\u00e9, avec \u00e0 la clef un panier garni \u00e0 gagner, \u00a0offert par le domaine du Kos. Donc, on vous attend nombreux et d\u00e9guis\u00e9 en super h\u00e9ros.\u00a0\u00bb<\/p>\n<p>&nbsp;<\/p>\n<p><img decoding=\"async\" class=\"aligncenter wp-image-4475 size-large\" src=\"https:\/\/vosgesinfo.fr\/app\/uploads\/sites\/5\/2024\/02\/screenshot-20240212-215512-samsung-notes-725x1024.jpg\" alt=\"\" width=\"725\" height=\"1024\" srcset=\"https:\/\/vosgesinfo.fr\/app\/uploads\/sites\/5\/2024\/02\/screenshot-20240212-215512-samsung-notes-725x1024.jpg 725w, https:\/\/vosgesinfo.fr\/app\/uploads\/sites\/5\/2024\/02\/screenshot-20240212-215512-samsung-notes-212x300.jpg 212w, https:\/\/vosgesinfo.fr\/app\/uploads\/sites\/5\/2024\/02\/screenshot-20240212-215512-samsung-notes-768x1084.jpg 768w, https:\/\/vosgesinfo.fr\/app\/uploads\/sites\/5\/2024\/02\/screenshot-20240212-215512-samsung-notes.jpg 1080w\" sizes=\"(max-width: 725px) 100vw, 725px\" \/><\/p>\n","protected":false},"excerpt":{"rendered":"<p>\u00ab\u00a0Festi&rsquo;Ventron organise le samedi 24 f\u00e9vrier son traditionnel carnaval. Cette ann\u00e9e, \u00e0 l&rsquo;occasion des 5 ans de l&rsquo;association nous vous [&hellip;]<\/p>\n","protected":false},"author":392,"featured_media":4475,"comment_status":"open","ping_status":"open","sticky":false,"template":"","format":"standard","meta":{"footnotes":""},"categories":[26,298,17],"tags":[820,642,838],"class_list":["post-4474","post","type-post","status-publish","format-standard","has-post-thumbnail","hentry","category-a-la-une","category-ventron","category-vie-associative","tag-carnaval","tag-festiventron","tag-super-heros"],"acf":[],"yoast_head":"<!-- This site is optimized with the Yoast SEO plugin v22.5 - https:\/\/yoast.com\/wordpress\/plugins\/seo\/ -->\n<title>Ventron - Un carnaval sur le th\u00e8me des super-h\u00e9ros pour les 5 ans de l&#039;association Festi&#039;Ventron - Remiremont Info<\/title>\n<meta name=\"robots\" content=\"index, follow, max-snippet:-1, max-image-preview:large, max-video-preview:-1\" \/>\n<link rel=\"canonical\" href=\"https:\/\/vosgesinfo.fr\/remiremontinfo\/2024\/02\/ventron-un-carnaval-sur-le-theme-des-super-heros-pour-les-5-ans-de-lassociation-festiventron\/\" \/>\n<meta name=\"twitter:card\" content=\"summary_large_image\" \/>\n<meta name=\"twitter:title\" content=\"Ventron - Un carnaval sur le th\u00e8me des super-h\u00e9ros pour les 5 ans de l&#039;association Festi&#039;Ventron - Remiremont Info\" \/>\n<meta name=\"twitter:description\" content=\"\u00ab\u00a0Festi&rsquo;Ventron organise le samedi 24 f\u00e9vrier son traditionnel carnaval. Cette ann\u00e9e, \u00e0 l&rsquo;occasion des 5 ans de l&rsquo;association nous vous [&hellip;]\" \/>\n<meta name=\"twitter:image\" content=\"https:\/\/vosgesinfo.fr\/app\/uploads\/sites\/5\/2024\/02\/screenshot-20240212-215512-samsung-notes.jpg\" \/>\n<meta name=\"twitter:creator\" content=\"@VosgesInfo88\" \/>\n<meta name=\"twitter:site\" content=\"@VosgesInfo88\" \/>\n<meta name=\"twitter:label1\" content=\"\u00c9crit par\" \/>\n\t<meta name=\"twitter:data1\" content=\"La redaction\" \/>\n\t<meta name=\"twitter:label2\" content=\"Dur\u00e9e de lecture estim\u00e9e\" \/>\n\t<meta name=\"twitter:data2\" content=\"1 minute\" \/>\n<script type=\"application\/ld+json\" class=\"yoast-schema-graph\">{\"@context\":\"https:\/\/schema.org\",\"@graph\":[{\"@type\":\"Article\",\"@id\":\"https:\/\/vosgesinfo.fr\/remiremontinfo\/2024\/02\/ventron-un-carnaval-sur-le-theme-des-super-heros-pour-les-5-ans-de-lassociation-festiventron\/#article\",\"isPartOf\":{\"@id\":\"https:\/\/vosgesinfo.fr\/remiremontinfo\/2024\/02\/ventron-un-carnaval-sur-le-theme-des-super-heros-pour-les-5-ans-de-lassociation-festiventron\/\"},\"author\":{\"name\":\"La redaction\",\"@id\":\"https:\/\/vosgesinfo.fr\/remiremontinfo\/#\/schema\/person\/80c6ea85ff4afefe81dceaf949954c76\"},\"headline\":\"Ventron &#8211; Un carnaval sur le th\u00e8me des super-h\u00e9ros pour les 5 ans de l&rsquo;association Festi&rsquo;Ventron\",\"datePublished\":\"2024-02-16T14:38:34+00:00\",\"dateModified\":\"2024-02-17T15:27:03+00:00\",\"mainEntityOfPage\":{\"@id\":\"https:\/\/vosgesinfo.fr\/remiremontinfo\/2024\/02\/ventron-un-carnaval-sur-le-theme-des-super-heros-pour-les-5-ans-de-lassociation-festiventron\/\"},\"wordCount\":127,\"commentCount\":0,\"publisher\":{\"@id\":\"https:\/\/vosgesinfo.fr\/remiremontinfo\/#organization\"},\"image\":{\"@id\":\"https:\/\/vosgesinfo.fr\/remiremontinfo\/2024\/02\/ventron-un-carnaval-sur-le-theme-des-super-heros-pour-les-5-ans-de-lassociation-festiventron\/#primaryimage\"},\"thumbnailUrl\":\"https:\/\/vosgesinfo.fr\/app\/uploads\/sites\/5\/2024\/02\/screenshot-20240212-215512-samsung-notes.jpg\",\"keywords\":[\"Carnaval\",\"Festi'Ventron\",\"Super-h\u00e9ros\"],\"articleSection\":[\"A la Une\",\"Ventron\",\"Vie associative\"],\"inLanguage\":\"fr-FR\",\"potentialAction\":[{\"@type\":\"CommentAction\",\"name\":\"Comment\",\"target\":[\"https:\/\/vosgesinfo.fr\/remiremontinfo\/2024\/02\/ventron-un-carnaval-sur-le-theme-des-super-heros-pour-les-5-ans-de-lassociation-festiventron\/#respond\"]}]},{\"@type\":\"WebPage\",\"@id\":\"https:\/\/vosgesinfo.fr\/remiremontinfo\/2024\/02\/ventron-un-carnaval-sur-le-theme-des-super-heros-pour-les-5-ans-de-lassociation-festiventron\/\",\"url\":\"https:\/\/vosgesinfo.fr\/remiremontinfo\/2024\/02\/ventron-un-carnaval-sur-le-theme-des-super-heros-pour-les-5-ans-de-lassociation-festiventron\/\",\"name\":\"Ventron - Un carnaval sur le th\u00e8me des super-h\u00e9ros pour les 5 ans de l'association Festi'Ventron - Remiremont Info\",\"isPartOf\":{\"@id\":\"https:\/\/vosgesinfo.fr\/remiremontinfo\/#website\"},\"primaryImageOfPage\":{\"@id\":\"https:\/\/vosgesinfo.fr\/remiremontinfo\/2024\/02\/ventron-un-carnaval-sur-le-theme-des-super-heros-pour-les-5-ans-de-lassociation-festiventron\/#primaryimage\"},\"image\":{\"@id\":\"https:\/\/vosgesinfo.fr\/remiremontinfo\/2024\/02\/ventron-un-carnaval-sur-le-theme-des-super-heros-pour-les-5-ans-de-lassociation-festiventron\/#primaryimage\"},\"thumbnailUrl\":\"https:\/\/vosgesinfo.fr\/app\/uploads\/sites\/5\/2024\/02\/screenshot-20240212-215512-samsung-notes.jpg\",\"datePublished\":\"2024-02-16T14:38:34+00:00\",\"dateModified\":\"2024-02-17T15:27:03+00:00\",\"breadcrumb\":{\"@id\":\"https:\/\/vosgesinfo.fr\/remiremontinfo\/2024\/02\/ventron-un-carnaval-sur-le-theme-des-super-heros-pour-les-5-ans-de-lassociation-festiventron\/#breadcrumb\"},\"inLanguage\":\"fr-FR\",\"potentialAction\":[{\"@type\":\"ReadAction\",\"target\":[\"https:\/\/vosgesinfo.fr\/remiremontinfo\/2024\/02\/ventron-un-carnaval-sur-le-theme-des-super-heros-pour-les-5-ans-de-lassociation-festiventron\/\"]}]},{\"@type\":\"ImageObject\",\"inLanguage\":\"fr-FR\",\"@id\":\"https:\/\/vosgesinfo.fr\/remiremontinfo\/2024\/02\/ventron-un-carnaval-sur-le-theme-des-super-heros-pour-les-5-ans-de-lassociation-festiventron\/#primaryimage\",\"url\":\"https:\/\/vosgesinfo.fr\/app\/uploads\/sites\/5\/2024\/02\/screenshot-20240212-215512-samsung-notes.jpg\",\"contentUrl\":\"https:\/\/vosgesinfo.fr\/app\/uploads\/sites\/5\/2024\/02\/screenshot-20240212-215512-samsung-notes.jpg\",\"width\":1080,\"height\":1525},{\"@type\":\"BreadcrumbList\",\"@id\":\"https:\/\/vosgesinfo.fr\/remiremontinfo\/2024\/02\/ventron-un-carnaval-sur-le-theme-des-super-heros-pour-les-5-ans-de-lassociation-festiventron\/#breadcrumb\",\"itemListElement\":[{\"@type\":\"ListItem\",\"position\":1,\"name\":\"Home\",\"item\":\"https:\/\/vosgesinfo.fr\/remiremontinfo\/\"},{\"@type\":\"ListItem\",\"position\":2,\"name\":\"Ventron &#8211; Un carnaval sur le th\u00e8me des super-h\u00e9ros pour les 5 ans de l&rsquo;association Festi&rsquo;Ventron\"}]},{\"@type\":\"WebSite\",\"@id\":\"https:\/\/vosgesinfo.fr\/remiremontinfo\/#website\",\"url\":\"https:\/\/vosgesinfo.fr\/remiremontinfo\/\",\"name\":\"Remiremont Info\",\"description\":\"Toute l&#039;actualit\u00e9 de Remiremont\",\"publisher\":{\"@id\":\"https:\/\/vosgesinfo.fr\/remiremontinfo\/#organization\"},\"alternateName\":\"Toute l'actualit\u00e9 de Remiremont\",\"potentialAction\":[{\"@type\":\"SearchAction\",\"target\":{\"@type\":\"EntryPoint\",\"urlTemplate\":\"https:\/\/vosgesinfo.fr\/remiremontinfo\/?s={search_term_string}\"},\"query-input\":\"required name=search_term_string\"}],\"inLanguage\":\"fr-FR\"},{\"@type\":\"Organization\",\"@id\":\"https:\/\/vosgesinfo.fr\/remiremontinfo\/#organization\",\"name\":\"Remiremont Info\",\"url\":\"https:\/\/vosgesinfo.fr\/remiremontinfo\/\",\"logo\":{\"@type\":\"ImageObject\",\"inLanguage\":\"fr-FR\",\"@id\":\"https:\/\/vosgesinfo.fr\/remiremontinfo\/#\/schema\/logo\/image\/\",\"url\":\"https:\/\/vosgesinfo.fr\/app\/uploads\/sites\/5\/2023\/08\/favicon-remiremontinfo.png\",\"contentUrl\":\"https:\/\/vosgesinfo.fr\/app\/uploads\/sites\/5\/2023\/08\/favicon-remiremontinfo.png\",\"width\":512,\"height\":512,\"caption\":\"Remiremont Info\"},\"image\":{\"@id\":\"https:\/\/vosgesinfo.fr\/remiremontinfo\/#\/schema\/logo\/image\/\"},\"sameAs\":[\"https:\/\/www.facebook.com\/remiremontinfo\",\"https:\/\/x.com\/VosgesInfo88\",\"https:\/\/www.youtube.com\/@vosgesinfo\"]},{\"@type\":\"Person\",\"@id\":\"https:\/\/vosgesinfo.fr\/remiremontinfo\/#\/schema\/person\/80c6ea85ff4afefe81dceaf949954c76\",\"name\":\"La redaction\",\"image\":{\"@type\":\"ImageObject\",\"inLanguage\":\"fr-FR\",\"@id\":\"https:\/\/vosgesinfo.fr\/remiremontinfo\/#\/schema\/person\/image\/\",\"url\":\"https:\/\/secure.gravatar.com\/avatar\/fa684fed8c27e631d40f39d17520286009f89cf7526728ea4e58b5a8c426c16a?s=96&d=mm&r=g\",\"contentUrl\":\"https:\/\/secure.gravatar.com\/avatar\/fa684fed8c27e631d40f39d17520286009f89cf7526728ea4e58b5a8c426c16a?s=96&d=mm&r=g\",\"caption\":\"La redaction\"},\"url\":\"https:\/\/vosgesinfo.fr\/remiremontinfo\/author\/d-p\/\"}]}<\/script>\n<!-- \/ Yoast SEO plugin. -->","yoast_head_json":{"title":"Ventron - Un carnaval sur le th\u00e8me des super-h\u00e9ros pour les 5 ans de l'association Festi'Ventron - Remiremont Info","robots":{"index":"index","follow":"follow","max-snippet":"max-snippet:-1","max-image-preview":"max-image-preview:large","max-video-preview":"max-video-preview:-1"},"canonical":"https:\/\/vosgesinfo.fr\/remiremontinfo\/2024\/02\/ventron-un-carnaval-sur-le-theme-des-super-heros-pour-les-5-ans-de-lassociation-festiventron\/","twitter_card":"summary_large_image","twitter_title":"Ventron - Un carnaval sur le th\u00e8me des super-h\u00e9ros pour les 5 ans de l'association Festi'Ventron - Remiremont Info","twitter_description":"\u00ab\u00a0Festi&rsquo;Ventron organise le samedi 24 f\u00e9vrier son traditionnel carnaval. Cette ann\u00e9e, \u00e0 l&rsquo;occasion des 5 ans de l&rsquo;association nous vous [&hellip;]","twitter_image":"https:\/\/vosgesinfo.fr\/app\/uploads\/sites\/5\/2024\/02\/screenshot-20240212-215512-samsung-notes.jpg","twitter_creator":"@VosgesInfo88","twitter_site":"@VosgesInfo88","twitter_misc":{"\u00c9crit par":"La redaction","Dur\u00e9e de lecture estim\u00e9e":"1 minute"},"schema":{"@context":"https:\/\/schema.org","@graph":[{"@type":"Article","@id":"https:\/\/vosgesinfo.fr\/remiremontinfo\/2024\/02\/ventron-un-carnaval-sur-le-theme-des-super-heros-pour-les-5-ans-de-lassociation-festiventron\/#article","isPartOf":{"@id":"https:\/\/vosgesinfo.fr\/remiremontinfo\/2024\/02\/ventron-un-carnaval-sur-le-theme-des-super-heros-pour-les-5-ans-de-lassociation-festiventron\/"},"author":{"name":"La redaction","@id":"https:\/\/vosgesinfo.fr\/remiremontinfo\/#\/schema\/person\/80c6ea85ff4afefe81dceaf949954c76"},"headline":"Ventron &#8211; Un carnaval sur le th\u00e8me des super-h\u00e9ros pour les 5 ans de l&rsquo;association Festi&rsquo;Ventron","datePublished":"2024-02-16T14:38:34+00:00","dateModified":"2024-02-17T15:27:03+00:00","mainEntityOfPage":{"@id":"https:\/\/vosgesinfo.fr\/remiremontinfo\/2024\/02\/ventron-un-carnaval-sur-le-theme-des-super-heros-pour-les-5-ans-de-lassociation-festiventron\/"},"wordCount":127,"commentCount":0,"publisher":{"@id":"https:\/\/vosgesinfo.fr\/remiremontinfo\/#organization"},"image":{"@id":"https:\/\/vosgesinfo.fr\/remiremontinfo\/2024\/02\/ventron-un-carnaval-sur-le-theme-des-super-heros-pour-les-5-ans-de-lassociation-festiventron\/#primaryimage"},"thumbnailUrl":"https:\/\/vosgesinfo.fr\/app\/uploads\/sites\/5\/2024\/02\/screenshot-20240212-215512-samsung-notes.jpg","keywords":["Carnaval","Festi'Ventron","Super-h\u00e9ros"],"articleSection":["A la Une","Ventron","Vie associative"],"inLanguage":"fr-FR","potentialAction":[{"@type":"CommentAction","name":"Comment","target":["https:\/\/vosgesinfo.fr\/remiremontinfo\/2024\/02\/ventron-un-carnaval-sur-le-theme-des-super-heros-pour-les-5-ans-de-lassociation-festiventron\/#respond"]}]},{"@type":"WebPage","@id":"https:\/\/vosgesinfo.fr\/remiremontinfo\/2024\/02\/ventron-un-carnaval-sur-le-theme-des-super-heros-pour-les-5-ans-de-lassociation-festiventron\/","url":"https:\/\/vosgesinfo.fr\/remiremontinfo\/2024\/02\/ventron-un-carnaval-sur-le-theme-des-super-heros-pour-les-5-ans-de-lassociation-festiventron\/","name":"Ventron - Un carnaval sur le th\u00e8me des super-h\u00e9ros pour les 5 ans de l'association Festi'Ventron - Remiremont Info","isPartOf":{"@id":"https:\/\/vosgesinfo.fr\/remiremontinfo\/#website"},"primaryImageOfPage":{"@id":"https:\/\/vosgesinfo.fr\/remiremontinfo\/2024\/02\/ventron-un-carnaval-sur-le-theme-des-super-heros-pour-les-5-ans-de-lassociation-festiventron\/#primaryimage"},"image":{"@id":"https:\/\/vosgesinfo.fr\/remiremontinfo\/2024\/02\/ventron-un-carnaval-sur-le-theme-des-super-heros-pour-les-5-ans-de-lassociation-festiventron\/#primaryimage"},"thumbnailUrl":"https:\/\/vosgesinfo.fr\/app\/uploads\/sites\/5\/2024\/02\/screenshot-20240212-215512-samsung-notes.jpg","datePublished":"2024-02-16T14:38:34+00:00","dateModified":"2024-02-17T15:27:03+00:00","breadcrumb":{"@id":"https:\/\/vosgesinfo.fr\/remiremontinfo\/2024\/02\/ventron-un-carnaval-sur-le-theme-des-super-heros-pour-les-5-ans-de-lassociation-festiventron\/#breadcrumb"},"inLanguage":"fr-FR","potentialAction":[{"@type":"ReadAction","target":["https:\/\/vosgesinfo.fr\/remiremontinfo\/2024\/02\/ventron-un-carnaval-sur-le-theme-des-super-heros-pour-les-5-ans-de-lassociation-festiventron\/"]}]},{"@type":"ImageObject","inLanguage":"fr-FR","@id":"https:\/\/vosgesinfo.fr\/remiremontinfo\/2024\/02\/ventron-un-carnaval-sur-le-theme-des-super-heros-pour-les-5-ans-de-lassociation-festiventron\/#primaryimage","url":"https:\/\/vosgesinfo.fr\/app\/uploads\/sites\/5\/2024\/02\/screenshot-20240212-215512-samsung-notes.jpg","contentUrl":"https:\/\/vosgesinfo.fr\/app\/uploads\/sites\/5\/2024\/02\/screenshot-20240212-215512-samsung-notes.jpg","width":1080,"height":1525},{"@type":"BreadcrumbList","@id":"https:\/\/vosgesinfo.fr\/remiremontinfo\/2024\/02\/ventron-un-carnaval-sur-le-theme-des-super-heros-pour-les-5-ans-de-lassociation-festiventron\/#breadcrumb","itemListElement":[{"@type":"ListItem","position":1,"name":"Home","item":"https:\/\/vosgesinfo.fr\/remiremontinfo\/"},{"@type":"ListItem","position":2,"name":"Ventron &#8211; Un carnaval sur le th\u00e8me des super-h\u00e9ros pour les 5 ans de l&rsquo;association Festi&rsquo;Ventron"}]},{"@type":"WebSite","@id":"https:\/\/vosgesinfo.fr\/remiremontinfo\/#website","url":"https:\/\/vosgesinfo.fr\/remiremontinfo\/","name":"Remiremont Info","description":"Toute l&#039;actualit\u00e9 de Remiremont","publisher":{"@id":"https:\/\/vosgesinfo.fr\/remiremontinfo\/#organization"},"alternateName":"Toute l'actualit\u00e9 de Remiremont","potentialAction":[{"@type":"SearchAction","target":{"@type":"EntryPoint","urlTemplate":"https:\/\/vosgesinfo.fr\/remiremontinfo\/?s={search_term_string}"},"query-input":"required name=search_term_string"}],"inLanguage":"fr-FR"},{"@type":"Organization","@id":"https:\/\/vosgesinfo.fr\/remiremontinfo\/#organization","name":"Remiremont Info","url":"https:\/\/vosgesinfo.fr\/remiremontinfo\/","logo":{"@type":"ImageObject","inLanguage":"fr-FR","@id":"https:\/\/vosgesinfo.fr\/remiremontinfo\/#\/schema\/logo\/image\/","url":"https:\/\/vosgesinfo.fr\/app\/uploads\/sites\/5\/2023\/08\/favicon-remiremontinfo.png","contentUrl":"https:\/\/vosgesinfo.fr\/app\/uploads\/sites\/5\/2023\/08\/favicon-remiremontinfo.png","width":512,"height":512,"caption":"Remiremont Info"},"image":{"@id":"https:\/\/vosgesinfo.fr\/remiremontinfo\/#\/schema\/logo\/image\/"},"sameAs":["https:\/\/www.facebook.com\/remiremontinfo","https:\/\/x.com\/VosgesInfo88","https:\/\/www.youtube.com\/@vosgesinfo"]},{"@type":"Person","@id":"https:\/\/vosgesinfo.fr\/remiremontinfo\/#\/schema\/person\/80c6ea85ff4afefe81dceaf949954c76","name":"La redaction","image":{"@type":"ImageObject","inLanguage":"fr-FR","@id":"https:\/\/vosgesinfo.fr\/remiremontinfo\/#\/schema\/person\/image\/","url":"https:\/\/secure.gravatar.com\/avatar\/fa684fed8c27e631d40f39d17520286009f89cf7526728ea4e58b5a8c426c16a?s=96&d=mm&r=g","contentUrl":"https:\/\/secure.gravatar.com\/avatar\/fa684fed8c27e631d40f39d17520286009f89cf7526728ea4e58b5a8c426c16a?s=96&d=mm&r=g","caption":"La redaction"},"url":"https:\/\/vosgesinfo.fr\/remiremontinfo\/author\/d-p\/"}]}},"_links":{"self":[{"href":"https:\/\/vosgesinfo.fr\/remiremontinfo\/wp-json\/wp\/v2\/posts\/4474","targetHints":{"allow":["GET"]}}],"collection":[{"href":"https:\/\/vosgesinfo.fr\/remiremontinfo\/wp-json\/wp\/v2\/posts"}],"about":[{"href":"https:\/\/vosgesinfo.fr\/remiremontinfo\/wp-json\/wp\/v2\/types\/post"}],"author":[{"embeddable":true,"href":"https:\/\/vosgesinfo.fr\/remiremontinfo\/wp-json\/wp\/v2\/users\/392"}],"replies":[{"embeddable":true,"href":"https:\/\/vosgesinfo.fr\/remiremontinfo\/wp-json\/wp\/v2\/comments?post=4474"}],"version-history":[{"count":2,"href":"https:\/\/vosgesinfo.fr\/remiremontinfo\/wp-json\/wp\/v2\/posts\/4474\/revisions"}],"predecessor-version":[{"id":4477,"href":"https:\/\/vosgesinfo.fr\/remiremontinfo\/wp-json\/wp\/v2\/posts\/4474\/revisions\/4477"}],"wp:featuredmedia":[{"embeddable":true,"href":"https:\/\/vosgesinfo.fr\/remiremontinfo\/wp-json\/wp\/v2\/media\/4475"}],"wp:attachment":[{"href":"https:\/\/vosgesinfo.fr\/remiremontinfo\/wp-json\/wp\/v2\/media?parent=4474"}],"wp:term":[{"taxonomy":"category","embeddable":true,"href":"https:\/\/vosgesinfo.fr\/remiremontinfo\/wp-json\/wp\/v2\/categories?post=4474"},{"taxonomy":"post_tag","embeddable":true,"href":"https:\/\/vosgesinfo.fr\/remiremontinfo\/wp-json\/wp\/v2\/tags?post=4474"}],"curies":[{"name":"wp","href":"https:\/\/api.w.org\/{rel}","templated":true}]}}