{"id":4482,"date":"2024-02-17T12:25:37","date_gmt":"2024-02-17T11:25:37","guid":{"rendered":"https:\/\/vosgesinfo.fr\/remiremontinfo\/?p=4482"},"modified":"2024-02-17T12:26:03","modified_gmt":"2024-02-17T11:26:03","slug":"saint-nabord-la-fermeture-dune-classe-abandonnee-au-groupe-scolaire-des-breuchottes","status":"publish","type":"post","link":"https:\/\/vosgesinfo.fr\/remiremontinfo\/2024\/02\/saint-nabord-la-fermeture-dune-classe-abandonnee-au-groupe-scolaire-des-breuchottes\/","title":{"rendered":"Saint-Nabord &#8211; La fermeture d\u2019une classe abandonn\u00e9e au groupe scolaire des Breuchottes !"},"content":{"rendered":"<h2><img decoding=\"async\" class=\"aligncenter size-full wp-image-4483\" src=\"https:\/\/vosgesinfo.fr\/app\/uploads\/sites\/5\/2024\/02\/thumbnail-dscf4376.jpg\" alt=\"\" width=\"1920\" height=\"1433\" srcset=\"https:\/\/vosgesinfo.fr\/app\/uploads\/sites\/5\/2024\/02\/thumbnail-dscf4376.jpg 1920w, https:\/\/vosgesinfo.fr\/app\/uploads\/sites\/5\/2024\/02\/thumbnail-dscf4376-300x224.jpg 300w, https:\/\/vosgesinfo.fr\/app\/uploads\/sites\/5\/2024\/02\/thumbnail-dscf4376-1024x764.jpg 1024w, https:\/\/vosgesinfo.fr\/app\/uploads\/sites\/5\/2024\/02\/thumbnail-dscf4376-768x573.jpg 768w, https:\/\/vosgesinfo.fr\/app\/uploads\/sites\/5\/2024\/02\/thumbnail-dscf4376-1536x1146.jpg 1536w\" sizes=\"(max-width: 1920px) 100vw, 1920px\" \/>Ainsi que pr\u00e9vue, une nouvelle r\u00e9union demeurait d\u00e9di\u00e9e \u00e0 la carte scolaire de la rentr\u00e9e 2024-2025 ce dernier vendredi, 16 f\u00e9vrier, au si\u00e8ge de la Direction D\u00e9partementale\u00a0 de l\u2019Education Nationale, ceci en pr\u00e9sence des syndicats et de la directrice d\u00e9partementale, Val\u00e9rie Dautresme.<\/h2>\n<p>&nbsp;<\/p>\n<p>Si la carte scolaire pr\u00e9voit toujours 38 suppressions de postes au niveau d\u00e9partemental, la mobilisation entam\u00e9e autour de l\u2019annonce de certaines fermetures de classes, semble avoir \u00e9t\u00e9 convaincante. C\u2019est le cas pour Saint-Nabord o\u00f9 la fermeture d\u2019une classe a \u00e9t\u00e9 abandonn\u00e9e au groupe scolaire des Breuchottes. La mobilisation g\u00e9n\u00e9r\u00e9e \u00e0 la fois par la municipalit\u00e9 et les repr\u00e9sentants de parents d\u2019\u00e9l\u00e8ves se serait donc av\u00e9r\u00e9e payante, gr\u00e2ce notamment \u00e0 l\u2019inscription in-extremis de 4 \u00e0 5 enfants suppl\u00e9mentaires, alors que d\u2019autres sont encore susceptibles de rejoindre les rangs \u00e0 quelques mois de la rentr\u00e9e de septembre.<\/p>\n<p>&nbsp;<\/p>\n<p>Le maintien de la 8\u00e8me classe au groupe scolaire des Breuchottes appara\u00eet donc aujourd\u2019hui comme une bonne nouvelle \u00e0 partager\u2026<\/p>\n<p><img decoding=\"async\" class=\"aligncenter size-full wp-image-4484\" src=\"https:\/\/vosgesinfo.fr\/app\/uploads\/sites\/5\/2024\/02\/thumbnail-dscf4374.jpg\" alt=\"\" width=\"1920\" height=\"1433\" srcset=\"https:\/\/vosgesinfo.fr\/app\/uploads\/sites\/5\/2024\/02\/thumbnail-dscf4374.jpg 1920w, https:\/\/vosgesinfo.fr\/app\/uploads\/sites\/5\/2024\/02\/thumbnail-dscf4374-300x224.jpg 300w, https:\/\/vosgesinfo.fr\/app\/uploads\/sites\/5\/2024\/02\/thumbnail-dscf4374-1024x764.jpg 1024w, https:\/\/vosgesinfo.fr\/app\/uploads\/sites\/5\/2024\/02\/thumbnail-dscf4374-768x573.jpg 768w, https:\/\/vosgesinfo.fr\/app\/uploads\/sites\/5\/2024\/02\/thumbnail-dscf4374-1536x1146.jpg 1536w\" sizes=\"(max-width: 1920px) 100vw, 1920px\" \/><\/p>\n","protected":false},"excerpt":{"rendered":"<p>Ainsi que pr\u00e9vue, une nouvelle r\u00e9union demeurait d\u00e9di\u00e9e \u00e0 la carte scolaire de la rentr\u00e9e 2024-2025 ce dernier vendredi, 16 [&hellip;]<\/p>\n","protected":false},"author":52,"featured_media":4483,"comment_status":"open","ping_status":"open","sticky":false,"template":"","format":"standard","meta":{"footnotes":""},"categories":[26,100],"tags":[],"class_list":["post-4482","post","type-post","status-publish","format-standard","has-post-thumbnail","hentry","category-a-la-une","category-saint-nabord"],"acf":[],"yoast_head":"<!-- This site is optimized with the Yoast SEO plugin v22.5 - https:\/\/yoast.com\/wordpress\/plugins\/seo\/ -->\n<title>Saint-Nabord - La fermeture d\u2019une classe abandonn\u00e9e au groupe scolaire des Breuchottes ! - Remiremont Info<\/title>\n<meta name=\"robots\" content=\"index, follow, max-snippet:-1, max-image-preview:large, max-video-preview:-1\" \/>\n<link rel=\"canonical\" href=\"https:\/\/vosgesinfo.fr\/remiremontinfo\/2024\/02\/saint-nabord-la-fermeture-dune-classe-abandonnee-au-groupe-scolaire-des-breuchottes\/\" \/>\n<meta name=\"twitter:card\" content=\"summary_large_image\" \/>\n<meta name=\"twitter:title\" content=\"Saint-Nabord - La fermeture d\u2019une classe abandonn\u00e9e au groupe scolaire des Breuchottes ! - Remiremont Info\" \/>\n<meta name=\"twitter:description\" content=\"Ainsi que pr\u00e9vue, une nouvelle r\u00e9union demeurait d\u00e9di\u00e9e \u00e0 la carte scolaire de la rentr\u00e9e 2024-2025 ce dernier vendredi, 16 [&hellip;]\" \/>\n<meta name=\"twitter:image\" content=\"https:\/\/vosgesinfo.fr\/app\/uploads\/sites\/5\/2024\/02\/thumbnail-dscf4376.jpg\" \/>\n<meta name=\"twitter:creator\" content=\"@VosgesInfo88\" \/>\n<meta name=\"twitter:site\" content=\"@VosgesInfo88\" \/>\n<meta name=\"twitter:label1\" content=\"\u00c9crit par\" \/>\n\t<meta name=\"twitter:data1\" content=\"C.K.\" \/>\n\t<meta name=\"twitter:label2\" content=\"Dur\u00e9e de lecture estim\u00e9e\" \/>\n\t<meta name=\"twitter:data2\" content=\"1 minute\" \/>\n<script type=\"application\/ld+json\" class=\"yoast-schema-graph\">{\"@context\":\"https:\/\/schema.org\",\"@graph\":[{\"@type\":\"Article\",\"@id\":\"https:\/\/vosgesinfo.fr\/remiremontinfo\/2024\/02\/saint-nabord-la-fermeture-dune-classe-abandonnee-au-groupe-scolaire-des-breuchottes\/#article\",\"isPartOf\":{\"@id\":\"https:\/\/vosgesinfo.fr\/remiremontinfo\/2024\/02\/saint-nabord-la-fermeture-dune-classe-abandonnee-au-groupe-scolaire-des-breuchottes\/\"},\"author\":{\"name\":\"C.K.\",\"@id\":\"https:\/\/vosgesinfo.fr\/remiremontinfo\/#\/schema\/person\/6f9a650eeea99d969b6c4ab78fccbe81\"},\"headline\":\"Saint-Nabord &#8211; La fermeture d\u2019une classe abandonn\u00e9e au groupe scolaire des Breuchottes !\",\"datePublished\":\"2024-02-17T11:25:37+00:00\",\"dateModified\":\"2024-02-17T11:26:03+00:00\",\"mainEntityOfPage\":{\"@id\":\"https:\/\/vosgesinfo.fr\/remiremontinfo\/2024\/02\/saint-nabord-la-fermeture-dune-classe-abandonnee-au-groupe-scolaire-des-breuchottes\/\"},\"wordCount\":197,\"commentCount\":0,\"publisher\":{\"@id\":\"https:\/\/vosgesinfo.fr\/remiremontinfo\/#organization\"},\"image\":{\"@id\":\"https:\/\/vosgesinfo.fr\/remiremontinfo\/2024\/02\/saint-nabord-la-fermeture-dune-classe-abandonnee-au-groupe-scolaire-des-breuchottes\/#primaryimage\"},\"thumbnailUrl\":\"https:\/\/vosgesinfo.fr\/app\/uploads\/sites\/5\/2024\/02\/thumbnail-dscf4376.jpg\",\"articleSection\":[\"A la Une\",\"Saint-Nabord\"],\"inLanguage\":\"fr-FR\",\"potentialAction\":[{\"@type\":\"CommentAction\",\"name\":\"Comment\",\"target\":[\"https:\/\/vosgesinfo.fr\/remiremontinfo\/2024\/02\/saint-nabord-la-fermeture-dune-classe-abandonnee-au-groupe-scolaire-des-breuchottes\/#respond\"]}]},{\"@type\":\"WebPage\",\"@id\":\"https:\/\/vosgesinfo.fr\/remiremontinfo\/2024\/02\/saint-nabord-la-fermeture-dune-classe-abandonnee-au-groupe-scolaire-des-breuchottes\/\",\"url\":\"https:\/\/vosgesinfo.fr\/remiremontinfo\/2024\/02\/saint-nabord-la-fermeture-dune-classe-abandonnee-au-groupe-scolaire-des-breuchottes\/\",\"name\":\"Saint-Nabord - La fermeture d\u2019une classe abandonn\u00e9e au groupe scolaire des Breuchottes ! - Remiremont Info\",\"isPartOf\":{\"@id\":\"https:\/\/vosgesinfo.fr\/remiremontinfo\/#website\"},\"primaryImageOfPage\":{\"@id\":\"https:\/\/vosgesinfo.fr\/remiremontinfo\/2024\/02\/saint-nabord-la-fermeture-dune-classe-abandonnee-au-groupe-scolaire-des-breuchottes\/#primaryimage\"},\"image\":{\"@id\":\"https:\/\/vosgesinfo.fr\/remiremontinfo\/2024\/02\/saint-nabord-la-fermeture-dune-classe-abandonnee-au-groupe-scolaire-des-breuchottes\/#primaryimage\"},\"thumbnailUrl\":\"https:\/\/vosgesinfo.fr\/app\/uploads\/sites\/5\/2024\/02\/thumbnail-dscf4376.jpg\",\"datePublished\":\"2024-02-17T11:25:37+00:00\",\"dateModified\":\"2024-02-17T11:26:03+00:00\",\"breadcrumb\":{\"@id\":\"https:\/\/vosgesinfo.fr\/remiremontinfo\/2024\/02\/saint-nabord-la-fermeture-dune-classe-abandonnee-au-groupe-scolaire-des-breuchottes\/#breadcrumb\"},\"inLanguage\":\"fr-FR\",\"potentialAction\":[{\"@type\":\"ReadAction\",\"target\":[\"https:\/\/vosgesinfo.fr\/remiremontinfo\/2024\/02\/saint-nabord-la-fermeture-dune-classe-abandonnee-au-groupe-scolaire-des-breuchottes\/\"]}]},{\"@type\":\"ImageObject\",\"inLanguage\":\"fr-FR\",\"@id\":\"https:\/\/vosgesinfo.fr\/remiremontinfo\/2024\/02\/saint-nabord-la-fermeture-dune-classe-abandonnee-au-groupe-scolaire-des-breuchottes\/#primaryimage\",\"url\":\"https:\/\/vosgesinfo.fr\/app\/uploads\/sites\/5\/2024\/02\/thumbnail-dscf4376.jpg\",\"contentUrl\":\"https:\/\/vosgesinfo.fr\/app\/uploads\/sites\/5\/2024\/02\/thumbnail-dscf4376.jpg\",\"width\":1920,\"height\":1433},{\"@type\":\"BreadcrumbList\",\"@id\":\"https:\/\/vosgesinfo.fr\/remiremontinfo\/2024\/02\/saint-nabord-la-fermeture-dune-classe-abandonnee-au-groupe-scolaire-des-breuchottes\/#breadcrumb\",\"itemListElement\":[{\"@type\":\"ListItem\",\"position\":1,\"name\":\"Home\",\"item\":\"https:\/\/vosgesinfo.fr\/remiremontinfo\/\"},{\"@type\":\"ListItem\",\"position\":2,\"name\":\"Saint-Nabord &#8211; La fermeture d\u2019une classe abandonn\u00e9e au groupe scolaire des Breuchottes !\"}]},{\"@type\":\"WebSite\",\"@id\":\"https:\/\/vosgesinfo.fr\/remiremontinfo\/#website\",\"url\":\"https:\/\/vosgesinfo.fr\/remiremontinfo\/\",\"name\":\"Remiremont Info\",\"description\":\"Toute l&#039;actualit\u00e9 de Remiremont\",\"publisher\":{\"@id\":\"https:\/\/vosgesinfo.fr\/remiremontinfo\/#organization\"},\"alternateName\":\"Toute l'actualit\u00e9 de Remiremont\",\"potentialAction\":[{\"@type\":\"SearchAction\",\"target\":{\"@type\":\"EntryPoint\",\"urlTemplate\":\"https:\/\/vosgesinfo.fr\/remiremontinfo\/?s={search_term_string}\"},\"query-input\":\"required name=search_term_string\"}],\"inLanguage\":\"fr-FR\"},{\"@type\":\"Organization\",\"@id\":\"https:\/\/vosgesinfo.fr\/remiremontinfo\/#organization\",\"name\":\"Remiremont Info\",\"url\":\"https:\/\/vosgesinfo.fr\/remiremontinfo\/\",\"logo\":{\"@type\":\"ImageObject\",\"inLanguage\":\"fr-FR\",\"@id\":\"https:\/\/vosgesinfo.fr\/remiremontinfo\/#\/schema\/logo\/image\/\",\"url\":\"https:\/\/vosgesinfo.fr\/app\/uploads\/sites\/5\/2023\/08\/favicon-remiremontinfo.png\",\"contentUrl\":\"https:\/\/vosgesinfo.fr\/app\/uploads\/sites\/5\/2023\/08\/favicon-remiremontinfo.png\",\"width\":512,\"height\":512,\"caption\":\"Remiremont Info\"},\"image\":{\"@id\":\"https:\/\/vosgesinfo.fr\/remiremontinfo\/#\/schema\/logo\/image\/\"},\"sameAs\":[\"https:\/\/www.facebook.com\/remiremontinfo\",\"https:\/\/x.com\/VosgesInfo88\",\"https:\/\/www.youtube.com\/@vosgesinfo\"]},{\"@type\":\"Person\",\"@id\":\"https:\/\/vosgesinfo.fr\/remiremontinfo\/#\/schema\/person\/6f9a650eeea99d969b6c4ab78fccbe81\",\"name\":\"C.K.\",\"image\":{\"@type\":\"ImageObject\",\"inLanguage\":\"fr-FR\",\"@id\":\"https:\/\/vosgesinfo.fr\/remiremontinfo\/#\/schema\/person\/image\/\",\"url\":\"https:\/\/secure.gravatar.com\/avatar\/48e3fc7f8421ba8942be6b74a2b7f014ca39bc00dece156b7a8e098ae7dc87bf?s=96&d=mm&r=g\",\"contentUrl\":\"https:\/\/secure.gravatar.com\/avatar\/48e3fc7f8421ba8942be6b74a2b7f014ca39bc00dece156b7a8e098ae7dc87bf?s=96&d=mm&r=g\",\"caption\":\"C.K.\"},\"url\":\"https:\/\/vosgesinfo.fr\/remiremontinfo\/author\/celia-k-n\/\"}]}<\/script>\n<!-- \/ Yoast SEO plugin. -->","yoast_head_json":{"title":"Saint-Nabord - La fermeture d\u2019une classe abandonn\u00e9e au groupe scolaire des Breuchottes ! - Remiremont Info","robots":{"index":"index","follow":"follow","max-snippet":"max-snippet:-1","max-image-preview":"max-image-preview:large","max-video-preview":"max-video-preview:-1"},"canonical":"https:\/\/vosgesinfo.fr\/remiremontinfo\/2024\/02\/saint-nabord-la-fermeture-dune-classe-abandonnee-au-groupe-scolaire-des-breuchottes\/","twitter_card":"summary_large_image","twitter_title":"Saint-Nabord - La fermeture d\u2019une classe abandonn\u00e9e au groupe scolaire des Breuchottes ! - Remiremont Info","twitter_description":"Ainsi que pr\u00e9vue, une nouvelle r\u00e9union demeurait d\u00e9di\u00e9e \u00e0 la carte scolaire de la rentr\u00e9e 2024-2025 ce dernier vendredi, 16 [&hellip;]","twitter_image":"https:\/\/vosgesinfo.fr\/app\/uploads\/sites\/5\/2024\/02\/thumbnail-dscf4376.jpg","twitter_creator":"@VosgesInfo88","twitter_site":"@VosgesInfo88","twitter_misc":{"\u00c9crit par":"C.K.","Dur\u00e9e de lecture estim\u00e9e":"1 minute"},"schema":{"@context":"https:\/\/schema.org","@graph":[{"@type":"Article","@id":"https:\/\/vosgesinfo.fr\/remiremontinfo\/2024\/02\/saint-nabord-la-fermeture-dune-classe-abandonnee-au-groupe-scolaire-des-breuchottes\/#article","isPartOf":{"@id":"https:\/\/vosgesinfo.fr\/remiremontinfo\/2024\/02\/saint-nabord-la-fermeture-dune-classe-abandonnee-au-groupe-scolaire-des-breuchottes\/"},"author":{"name":"C.K.","@id":"https:\/\/vosgesinfo.fr\/remiremontinfo\/#\/schema\/person\/6f9a650eeea99d969b6c4ab78fccbe81"},"headline":"Saint-Nabord &#8211; La fermeture d\u2019une classe abandonn\u00e9e au groupe scolaire des Breuchottes !","datePublished":"2024-02-17T11:25:37+00:00","dateModified":"2024-02-17T11:26:03+00:00","mainEntityOfPage":{"@id":"https:\/\/vosgesinfo.fr\/remiremontinfo\/2024\/02\/saint-nabord-la-fermeture-dune-classe-abandonnee-au-groupe-scolaire-des-breuchottes\/"},"wordCount":197,"commentCount":0,"publisher":{"@id":"https:\/\/vosgesinfo.fr\/remiremontinfo\/#organization"},"image":{"@id":"https:\/\/vosgesinfo.fr\/remiremontinfo\/2024\/02\/saint-nabord-la-fermeture-dune-classe-abandonnee-au-groupe-scolaire-des-breuchottes\/#primaryimage"},"thumbnailUrl":"https:\/\/vosgesinfo.fr\/app\/uploads\/sites\/5\/2024\/02\/thumbnail-dscf4376.jpg","articleSection":["A la Une","Saint-Nabord"],"inLanguage":"fr-FR","potentialAction":[{"@type":"CommentAction","name":"Comment","target":["https:\/\/vosgesinfo.fr\/remiremontinfo\/2024\/02\/saint-nabord-la-fermeture-dune-classe-abandonnee-au-groupe-scolaire-des-breuchottes\/#respond"]}]},{"@type":"WebPage","@id":"https:\/\/vosgesinfo.fr\/remiremontinfo\/2024\/02\/saint-nabord-la-fermeture-dune-classe-abandonnee-au-groupe-scolaire-des-breuchottes\/","url":"https:\/\/vosgesinfo.fr\/remiremontinfo\/2024\/02\/saint-nabord-la-fermeture-dune-classe-abandonnee-au-groupe-scolaire-des-breuchottes\/","name":"Saint-Nabord - La fermeture d\u2019une classe abandonn\u00e9e au groupe scolaire des Breuchottes ! - Remiremont Info","isPartOf":{"@id":"https:\/\/vosgesinfo.fr\/remiremontinfo\/#website"},"primaryImageOfPage":{"@id":"https:\/\/vosgesinfo.fr\/remiremontinfo\/2024\/02\/saint-nabord-la-fermeture-dune-classe-abandonnee-au-groupe-scolaire-des-breuchottes\/#primaryimage"},"image":{"@id":"https:\/\/vosgesinfo.fr\/remiremontinfo\/2024\/02\/saint-nabord-la-fermeture-dune-classe-abandonnee-au-groupe-scolaire-des-breuchottes\/#primaryimage"},"thumbnailUrl":"https:\/\/vosgesinfo.fr\/app\/uploads\/sites\/5\/2024\/02\/thumbnail-dscf4376.jpg","datePublished":"2024-02-17T11:25:37+00:00","dateModified":"2024-02-17T11:26:03+00:00","breadcrumb":{"@id":"https:\/\/vosgesinfo.fr\/remiremontinfo\/2024\/02\/saint-nabord-la-fermeture-dune-classe-abandonnee-au-groupe-scolaire-des-breuchottes\/#breadcrumb"},"inLanguage":"fr-FR","potentialAction":[{"@type":"ReadAction","target":["https:\/\/vosgesinfo.fr\/remiremontinfo\/2024\/02\/saint-nabord-la-fermeture-dune-classe-abandonnee-au-groupe-scolaire-des-breuchottes\/"]}]},{"@type":"ImageObject","inLanguage":"fr-FR","@id":"https:\/\/vosgesinfo.fr\/remiremontinfo\/2024\/02\/saint-nabord-la-fermeture-dune-classe-abandonnee-au-groupe-scolaire-des-breuchottes\/#primaryimage","url":"https:\/\/vosgesinfo.fr\/app\/uploads\/sites\/5\/2024\/02\/thumbnail-dscf4376.jpg","contentUrl":"https:\/\/vosgesinfo.fr\/app\/uploads\/sites\/5\/2024\/02\/thumbnail-dscf4376.jpg","width":1920,"height":1433},{"@type":"BreadcrumbList","@id":"https:\/\/vosgesinfo.fr\/remiremontinfo\/2024\/02\/saint-nabord-la-fermeture-dune-classe-abandonnee-au-groupe-scolaire-des-breuchottes\/#breadcrumb","itemListElement":[{"@type":"ListItem","position":1,"name":"Home","item":"https:\/\/vosgesinfo.fr\/remiremontinfo\/"},{"@type":"ListItem","position":2,"name":"Saint-Nabord &#8211; La fermeture d\u2019une classe abandonn\u00e9e au groupe scolaire des Breuchottes !"}]},{"@type":"WebSite","@id":"https:\/\/vosgesinfo.fr\/remiremontinfo\/#website","url":"https:\/\/vosgesinfo.fr\/remiremontinfo\/","name":"Remiremont Info","description":"Toute l&#039;actualit\u00e9 de Remiremont","publisher":{"@id":"https:\/\/vosgesinfo.fr\/remiremontinfo\/#organization"},"alternateName":"Toute l'actualit\u00e9 de Remiremont","potentialAction":[{"@type":"SearchAction","target":{"@type":"EntryPoint","urlTemplate":"https:\/\/vosgesinfo.fr\/remiremontinfo\/?s={search_term_string}"},"query-input":"required name=search_term_string"}],"inLanguage":"fr-FR"},{"@type":"Organization","@id":"https:\/\/vosgesinfo.fr\/remiremontinfo\/#organization","name":"Remiremont Info","url":"https:\/\/vosgesinfo.fr\/remiremontinfo\/","logo":{"@type":"ImageObject","inLanguage":"fr-FR","@id":"https:\/\/vosgesinfo.fr\/remiremontinfo\/#\/schema\/logo\/image\/","url":"https:\/\/vosgesinfo.fr\/app\/uploads\/sites\/5\/2023\/08\/favicon-remiremontinfo.png","contentUrl":"https:\/\/vosgesinfo.fr\/app\/uploads\/sites\/5\/2023\/08\/favicon-remiremontinfo.png","width":512,"height":512,"caption":"Remiremont Info"},"image":{"@id":"https:\/\/vosgesinfo.fr\/remiremontinfo\/#\/schema\/logo\/image\/"},"sameAs":["https:\/\/www.facebook.com\/remiremontinfo","https:\/\/x.com\/VosgesInfo88","https:\/\/www.youtube.com\/@vosgesinfo"]},{"@type":"Person","@id":"https:\/\/vosgesinfo.fr\/remiremontinfo\/#\/schema\/person\/6f9a650eeea99d969b6c4ab78fccbe81","name":"C.K.","image":{"@type":"ImageObject","inLanguage":"fr-FR","@id":"https:\/\/vosgesinfo.fr\/remiremontinfo\/#\/schema\/person\/image\/","url":"https:\/\/secure.gravatar.com\/avatar\/48e3fc7f8421ba8942be6b74a2b7f014ca39bc00dece156b7a8e098ae7dc87bf?s=96&d=mm&r=g","contentUrl":"https:\/\/secure.gravatar.com\/avatar\/48e3fc7f8421ba8942be6b74a2b7f014ca39bc00dece156b7a8e098ae7dc87bf?s=96&d=mm&r=g","caption":"C.K."},"url":"https:\/\/vosgesinfo.fr\/remiremontinfo\/author\/celia-k-n\/"}]}},"_links":{"self":[{"href":"https:\/\/vosgesinfo.fr\/remiremontinfo\/wp-json\/wp\/v2\/posts\/4482","targetHints":{"allow":["GET"]}}],"collection":[{"href":"https:\/\/vosgesinfo.fr\/remiremontinfo\/wp-json\/wp\/v2\/posts"}],"about":[{"href":"https:\/\/vosgesinfo.fr\/remiremontinfo\/wp-json\/wp\/v2\/types\/post"}],"author":[{"embeddable":true,"href":"https:\/\/vosgesinfo.fr\/remiremontinfo\/wp-json\/wp\/v2\/users\/52"}],"replies":[{"embeddable":true,"href":"https:\/\/vosgesinfo.fr\/remiremontinfo\/wp-json\/wp\/v2\/comments?post=4482"}],"version-history":[{"count":2,"href":"https:\/\/vosgesinfo.fr\/remiremontinfo\/wp-json\/wp\/v2\/posts\/4482\/revisions"}],"predecessor-version":[{"id":4486,"href":"https:\/\/vosgesinfo.fr\/remiremontinfo\/wp-json\/wp\/v2\/posts\/4482\/revisions\/4486"}],"wp:featuredmedia":[{"embeddable":true,"href":"https:\/\/vosgesinfo.fr\/remiremontinfo\/wp-json\/wp\/v2\/media\/4483"}],"wp:attachment":[{"href":"https:\/\/vosgesinfo.fr\/remiremontinfo\/wp-json\/wp\/v2\/media?parent=4482"}],"wp:term":[{"taxonomy":"category","embeddable":true,"href":"https:\/\/vosgesinfo.fr\/remiremontinfo\/wp-json\/wp\/v2\/categories?post=4482"},{"taxonomy":"post_tag","embeddable":true,"href":"https:\/\/vosgesinfo.fr\/remiremontinfo\/wp-json\/wp\/v2\/tags?post=4482"}],"curies":[{"name":"wp","href":"https:\/\/api.w.org\/{rel}","templated":true}]}}