{"id":45030,"date":"2021-08-30T06:28:27","date_gmt":"2021-08-30T04:28:27","guid":{"rendered":"https:\/\/vosgesinfo.fr\/remiremontinfo\/2021\/08\/dommartin-lespace-culturel-inaugure\/"},"modified":"2021-08-30T06:28:27","modified_gmt":"2021-08-30T04:28:27","slug":"dommartin-lespace-culturel-inaugure","status":"publish","type":"post","link":"https:\/\/vosgesinfo.fr\/remiremontinfo\/2021\/08\/dommartin-lespace-culturel-inaugure\/","title":{"rendered":"Dommartin\u00a0: l\u2019Espace Culturel est inaugur\u00e9"},"content":{"rendered":"<p style=\"text-align: center;\"><a href=\"\/2021\/08\/240827864_4202976709800415_7636080743845200943_n1.jpg\"><img decoding=\"async\" class=\"alignnone size-full wp-image-324843\" src=\"\/2021\/08\/240827864_4202976709800415_7636080743845200943_n1.jpg\" alt=\"240827864_4202976709800415_7636080743845200943_n\" width=\"800\" height=\"632\" \/><\/a><\/p>\n<p><span style=\"font-size: 10pt;\"><em><span style=\"color: #444444; font-family: 'Times New Roman', serif; font-size: medium;\">Photos de la page Facebook\u00a0de Catherine Louis, maire de Dommartin<\/span><\/em><\/span><\/p>\n<h2><span style=\"font-size: 12pt;\"><span style=\"color: #444444;\"><span style=\"font-family: 'Times New Roman', serif;\"><strong>La municipalit\u00e9 de Dommartin a organis\u00e9 ce week-end les portes ouvertes et l\u2019inauguration de l\u2019Espace Culturel.Anne Girardin. Au programme, visite des installations, concert gratuit de l\u2019Orchestre de Mandolines de Remiremont <\/strong><\/span><\/span><span style=\"color: #444444;\"><span style=\"font-family: 'Times New Roman', serif;\"><strong>et le traditionnel d\u00e9coupage du petit ruban.<\/strong><\/span><\/span><\/span><\/h2>\n<p><span style=\"font-size: 12pt;\"><span style=\"color: #444444;\"><span style=\"font-family: 'Times New Roman', serif;\">Le maire de Dommartin, Catherine Louis, \u00e9tait accompagn\u00e9 pour l\u2019occasion de nombreux \u00e9lus et habitants, parmi lesquels le s\u00e9nateur Jean Hingray, le d\u00e9put\u00e9 Christophe Naegelen, le pr\u00e9sident du Conseil D\u00e9partemental Fran\u00e7ois Vannson, le maire de Saint-Etienne, Michel Demange, le maire de Remiremont, Jean Beno\u00eet Tisserand, ou encore le maire du Val d\u2019Ajol, Anne Girardin. <em>\u00ab\u00a0<\/em><\/span><\/span><em><span style=\"color: #444444;\"><span style=\"font-family: 'Times New Roman', serif;\">C<\/span><\/span><\/em><span style=\"color: #444444;\"><span style=\"font-family: 'Times New Roman', serif;\"><em>&lsquo;est avec joie que toute l&rsquo;\u00e9quipe municipale et moi-m\u00eame vous livrons votre projet tant attendu\u00a0\u00bb<\/em>, <\/span><\/span><span style=\"color: #444444;\"><span style=\"font-family: 'Times New Roman', serif;\">affirme le m\u00eame de la commune.<\/span><\/span><em><span style=\"color: #444444;\"><span style=\"font-family: 'Times New Roman', serif;\"> \u00ab\u00a0Voil\u00e0 un bel outil pour notre village au service de tous \u00e0 faire vivre au quotidien\u00a0\u00bb.<\/span><\/span><\/em><\/span><\/p>\n<p>&nbsp;<\/p>\n\n","protected":false},"excerpt":{"rendered":"<p>Photos de la page Facebook\u00a0de Catherine Louis, maire de Dommartin La municipalit\u00e9 de Dommartin a organis\u00e9 ce week-end les portes [&hellip;]<\/p>\n","protected":false},"author":407,"featured_media":45031,"comment_status":"open","ping_status":"open","sticky":false,"template":"","format":"standard","meta":{"footnotes":""},"categories":[26,37],"tags":[2043,2095,1534],"class_list":["post-45030","post","type-post","status-publish","format-standard","has-post-thumbnail","hentry","category-a-la-une","category-le-thillot-son-canton","tag-dommartin","tag-espace-culturel","tag-inauguration"],"acf":[],"yoast_head":"<!-- This site is optimized with the Yoast SEO plugin v22.5 - https:\/\/yoast.com\/wordpress\/plugins\/seo\/ -->\n<title>Dommartin\u00a0: l\u2019Espace Culturel est inaugur\u00e9 - Remiremont Info<\/title>\n<meta name=\"robots\" content=\"index, follow, max-snippet:-1, max-image-preview:large, max-video-preview:-1\" \/>\n<link rel=\"canonical\" href=\"https:\/\/vosgesinfo.fr\/remiremontinfo\/2021\/08\/dommartin-lespace-culturel-inaugure\/\" \/>\n<meta name=\"twitter:card\" content=\"summary_large_image\" \/>\n<meta name=\"twitter:title\" content=\"Dommartin\u00a0: l\u2019Espace Culturel est inaugur\u00e9 - Remiremont Info\" \/>\n<meta name=\"twitter:description\" content=\"Photos de la page Facebook\u00a0de Catherine Louis, maire de Dommartin La municipalit\u00e9 de Dommartin a organis\u00e9 ce week-end les portes [&hellip;]\" \/>\n<meta name=\"twitter:image\" content=\"https:\/\/vosgesinfo.fr\/app\/uploads\/sites\/5\/2024\/09\/202108240827864-4202976709800415-7636080743845200943-n1.jpg\" \/>\n<meta name=\"twitter:creator\" content=\"@VosgesInfo88\" \/>\n<meta name=\"twitter:site\" content=\"@VosgesInfo88\" \/>\n<meta name=\"twitter:label1\" content=\"\u00c9crit par\" \/>\n\t<meta name=\"twitter:data1\" content=\"C D\" \/>\n\t<meta name=\"twitter:label2\" content=\"Dur\u00e9e de lecture estim\u00e9e\" \/>\n\t<meta name=\"twitter:data2\" content=\"1 minute\" \/>\n<script type=\"application\/ld+json\" class=\"yoast-schema-graph\">{\"@context\":\"https:\/\/schema.org\",\"@graph\":[{\"@type\":\"Article\",\"@id\":\"https:\/\/vosgesinfo.fr\/remiremontinfo\/2021\/08\/dommartin-lespace-culturel-inaugure\/#article\",\"isPartOf\":{\"@id\":\"https:\/\/vosgesinfo.fr\/remiremontinfo\/2021\/08\/dommartin-lespace-culturel-inaugure\/\"},\"author\":{\"name\":\"C D\",\"@id\":\"https:\/\/vosgesinfo.fr\/remiremontinfo\/#\/schema\/person\/3bfd164d5218a185b1db68655a265316\"},\"headline\":\"Dommartin\u00a0: l\u2019Espace Culturel est inaugur\u00e9\",\"datePublished\":\"2021-08-30T04:28:27+00:00\",\"dateModified\":\"2021-08-30T04:28:27+00:00\",\"mainEntityOfPage\":{\"@id\":\"https:\/\/vosgesinfo.fr\/remiremontinfo\/2021\/08\/dommartin-lespace-culturel-inaugure\/\"},\"wordCount\":170,\"commentCount\":0,\"publisher\":{\"@id\":\"https:\/\/vosgesinfo.fr\/remiremontinfo\/#organization\"},\"image\":{\"@id\":\"https:\/\/vosgesinfo.fr\/remiremontinfo\/2021\/08\/dommartin-lespace-culturel-inaugure\/#primaryimage\"},\"thumbnailUrl\":\"https:\/\/vosgesinfo.fr\/app\/uploads\/sites\/5\/2024\/09\/202108240827864-4202976709800415-7636080743845200943-n1.jpg\",\"keywords\":[\"dommartin\",\"espace culturel\",\"Inauguration\"],\"articleSection\":[\"A la Une\",\"Le Thillot &amp; son canton\"],\"inLanguage\":\"fr-FR\",\"potentialAction\":[{\"@type\":\"CommentAction\",\"name\":\"Comment\",\"target\":[\"https:\/\/vosgesinfo.fr\/remiremontinfo\/2021\/08\/dommartin-lespace-culturel-inaugure\/#respond\"]}]},{\"@type\":\"WebPage\",\"@id\":\"https:\/\/vosgesinfo.fr\/remiremontinfo\/2021\/08\/dommartin-lespace-culturel-inaugure\/\",\"url\":\"https:\/\/vosgesinfo.fr\/remiremontinfo\/2021\/08\/dommartin-lespace-culturel-inaugure\/\",\"name\":\"Dommartin\u00a0: l\u2019Espace Culturel est inaugur\u00e9 - Remiremont Info\",\"isPartOf\":{\"@id\":\"https:\/\/vosgesinfo.fr\/remiremontinfo\/#website\"},\"primaryImageOfPage\":{\"@id\":\"https:\/\/vosgesinfo.fr\/remiremontinfo\/2021\/08\/dommartin-lespace-culturel-inaugure\/#primaryimage\"},\"image\":{\"@id\":\"https:\/\/vosgesinfo.fr\/remiremontinfo\/2021\/08\/dommartin-lespace-culturel-inaugure\/#primaryimage\"},\"thumbnailUrl\":\"https:\/\/vosgesinfo.fr\/app\/uploads\/sites\/5\/2024\/09\/202108240827864-4202976709800415-7636080743845200943-n1.jpg\",\"datePublished\":\"2021-08-30T04:28:27+00:00\",\"dateModified\":\"2021-08-30T04:28:27+00:00\",\"breadcrumb\":{\"@id\":\"https:\/\/vosgesinfo.fr\/remiremontinfo\/2021\/08\/dommartin-lespace-culturel-inaugure\/#breadcrumb\"},\"inLanguage\":\"fr-FR\",\"potentialAction\":[{\"@type\":\"ReadAction\",\"target\":[\"https:\/\/vosgesinfo.fr\/remiremontinfo\/2021\/08\/dommartin-lespace-culturel-inaugure\/\"]}]},{\"@type\":\"ImageObject\",\"inLanguage\":\"fr-FR\",\"@id\":\"https:\/\/vosgesinfo.fr\/remiremontinfo\/2021\/08\/dommartin-lespace-culturel-inaugure\/#primaryimage\",\"url\":\"https:\/\/vosgesinfo.fr\/app\/uploads\/sites\/5\/2024\/09\/202108240827864-4202976709800415-7636080743845200943-n1.jpg\",\"contentUrl\":\"https:\/\/vosgesinfo.fr\/app\/uploads\/sites\/5\/2024\/09\/202108240827864-4202976709800415-7636080743845200943-n1.jpg\",\"width\":800,\"height\":632},{\"@type\":\"BreadcrumbList\",\"@id\":\"https:\/\/vosgesinfo.fr\/remiremontinfo\/2021\/08\/dommartin-lespace-culturel-inaugure\/#breadcrumb\",\"itemListElement\":[{\"@type\":\"ListItem\",\"position\":1,\"name\":\"Home\",\"item\":\"https:\/\/vosgesinfo.fr\/remiremontinfo\/\"},{\"@type\":\"ListItem\",\"position\":2,\"name\":\"Dommartin\u00a0: l\u2019Espace Culturel est inaugur\u00e9\"}]},{\"@type\":\"WebSite\",\"@id\":\"https:\/\/vosgesinfo.fr\/remiremontinfo\/#website\",\"url\":\"https:\/\/vosgesinfo.fr\/remiremontinfo\/\",\"name\":\"Remiremont Info\",\"description\":\"Toute l&#039;actualit\u00e9 de Remiremont\",\"publisher\":{\"@id\":\"https:\/\/vosgesinfo.fr\/remiremontinfo\/#organization\"},\"alternateName\":\"Toute l'actualit\u00e9 de Remiremont\",\"potentialAction\":[{\"@type\":\"SearchAction\",\"target\":{\"@type\":\"EntryPoint\",\"urlTemplate\":\"https:\/\/vosgesinfo.fr\/remiremontinfo\/?s={search_term_string}\"},\"query-input\":\"required name=search_term_string\"}],\"inLanguage\":\"fr-FR\"},{\"@type\":\"Organization\",\"@id\":\"https:\/\/vosgesinfo.fr\/remiremontinfo\/#organization\",\"name\":\"Remiremont Info\",\"url\":\"https:\/\/vosgesinfo.fr\/remiremontinfo\/\",\"logo\":{\"@type\":\"ImageObject\",\"inLanguage\":\"fr-FR\",\"@id\":\"https:\/\/vosgesinfo.fr\/remiremontinfo\/#\/schema\/logo\/image\/\",\"url\":\"https:\/\/vosgesinfo.fr\/app\/uploads\/sites\/5\/2023\/08\/favicon-remiremontinfo.png\",\"contentUrl\":\"https:\/\/vosgesinfo.fr\/app\/uploads\/sites\/5\/2023\/08\/favicon-remiremontinfo.png\",\"width\":512,\"height\":512,\"caption\":\"Remiremont Info\"},\"image\":{\"@id\":\"https:\/\/vosgesinfo.fr\/remiremontinfo\/#\/schema\/logo\/image\/\"},\"sameAs\":[\"https:\/\/www.facebook.com\/remiremontinfo\",\"https:\/\/x.com\/VosgesInfo88\",\"https:\/\/www.youtube.com\/@vosgesinfo\"]},{\"@type\":\"Person\",\"@id\":\"https:\/\/vosgesinfo.fr\/remiremontinfo\/#\/schema\/person\/3bfd164d5218a185b1db68655a265316\",\"name\":\"C D\",\"image\":{\"@type\":\"ImageObject\",\"inLanguage\":\"fr-FR\",\"@id\":\"https:\/\/vosgesinfo.fr\/remiremontinfo\/#\/schema\/person\/image\/\",\"url\":\"https:\/\/secure.gravatar.com\/avatar\/1f9a70007336511a47468b8f1c66f922b8b7cf617b02a31149ada43893a5d48f?s=96&d=mm&r=g\",\"contentUrl\":\"https:\/\/secure.gravatar.com\/avatar\/1f9a70007336511a47468b8f1c66f922b8b7cf617b02a31149ada43893a5d48f?s=96&d=mm&r=g\",\"caption\":\"C D\"},\"url\":\"https:\/\/vosgesinfo.fr\/remiremontinfo\/author\/cedric-drevet\/\"}]}<\/script>\n<!-- \/ Yoast SEO plugin. -->","yoast_head_json":{"title":"Dommartin\u00a0: l\u2019Espace Culturel est inaugur\u00e9 - Remiremont Info","robots":{"index":"index","follow":"follow","max-snippet":"max-snippet:-1","max-image-preview":"max-image-preview:large","max-video-preview":"max-video-preview:-1"},"canonical":"https:\/\/vosgesinfo.fr\/remiremontinfo\/2021\/08\/dommartin-lespace-culturel-inaugure\/","twitter_card":"summary_large_image","twitter_title":"Dommartin\u00a0: l\u2019Espace Culturel est inaugur\u00e9 - Remiremont Info","twitter_description":"Photos de la page Facebook\u00a0de Catherine Louis, maire de Dommartin La municipalit\u00e9 de Dommartin a organis\u00e9 ce week-end les portes [&hellip;]","twitter_image":"https:\/\/vosgesinfo.fr\/app\/uploads\/sites\/5\/2024\/09\/202108240827864-4202976709800415-7636080743845200943-n1.jpg","twitter_creator":"@VosgesInfo88","twitter_site":"@VosgesInfo88","twitter_misc":{"\u00c9crit par":"C D","Dur\u00e9e de lecture estim\u00e9e":"1 minute"},"schema":{"@context":"https:\/\/schema.org","@graph":[{"@type":"Article","@id":"https:\/\/vosgesinfo.fr\/remiremontinfo\/2021\/08\/dommartin-lespace-culturel-inaugure\/#article","isPartOf":{"@id":"https:\/\/vosgesinfo.fr\/remiremontinfo\/2021\/08\/dommartin-lespace-culturel-inaugure\/"},"author":{"name":"C D","@id":"https:\/\/vosgesinfo.fr\/remiremontinfo\/#\/schema\/person\/3bfd164d5218a185b1db68655a265316"},"headline":"Dommartin\u00a0: l\u2019Espace Culturel est inaugur\u00e9","datePublished":"2021-08-30T04:28:27+00:00","dateModified":"2021-08-30T04:28:27+00:00","mainEntityOfPage":{"@id":"https:\/\/vosgesinfo.fr\/remiremontinfo\/2021\/08\/dommartin-lespace-culturel-inaugure\/"},"wordCount":170,"commentCount":0,"publisher":{"@id":"https:\/\/vosgesinfo.fr\/remiremontinfo\/#organization"},"image":{"@id":"https:\/\/vosgesinfo.fr\/remiremontinfo\/2021\/08\/dommartin-lespace-culturel-inaugure\/#primaryimage"},"thumbnailUrl":"https:\/\/vosgesinfo.fr\/app\/uploads\/sites\/5\/2024\/09\/202108240827864-4202976709800415-7636080743845200943-n1.jpg","keywords":["dommartin","espace culturel","Inauguration"],"articleSection":["A la Une","Le Thillot &amp; son canton"],"inLanguage":"fr-FR","potentialAction":[{"@type":"CommentAction","name":"Comment","target":["https:\/\/vosgesinfo.fr\/remiremontinfo\/2021\/08\/dommartin-lespace-culturel-inaugure\/#respond"]}]},{"@type":"WebPage","@id":"https:\/\/vosgesinfo.fr\/remiremontinfo\/2021\/08\/dommartin-lespace-culturel-inaugure\/","url":"https:\/\/vosgesinfo.fr\/remiremontinfo\/2021\/08\/dommartin-lespace-culturel-inaugure\/","name":"Dommartin\u00a0: l\u2019Espace Culturel est inaugur\u00e9 - Remiremont Info","isPartOf":{"@id":"https:\/\/vosgesinfo.fr\/remiremontinfo\/#website"},"primaryImageOfPage":{"@id":"https:\/\/vosgesinfo.fr\/remiremontinfo\/2021\/08\/dommartin-lespace-culturel-inaugure\/#primaryimage"},"image":{"@id":"https:\/\/vosgesinfo.fr\/remiremontinfo\/2021\/08\/dommartin-lespace-culturel-inaugure\/#primaryimage"},"thumbnailUrl":"https:\/\/vosgesinfo.fr\/app\/uploads\/sites\/5\/2024\/09\/202108240827864-4202976709800415-7636080743845200943-n1.jpg","datePublished":"2021-08-30T04:28:27+00:00","dateModified":"2021-08-30T04:28:27+00:00","breadcrumb":{"@id":"https:\/\/vosgesinfo.fr\/remiremontinfo\/2021\/08\/dommartin-lespace-culturel-inaugure\/#breadcrumb"},"inLanguage":"fr-FR","potentialAction":[{"@type":"ReadAction","target":["https:\/\/vosgesinfo.fr\/remiremontinfo\/2021\/08\/dommartin-lespace-culturel-inaugure\/"]}]},{"@type":"ImageObject","inLanguage":"fr-FR","@id":"https:\/\/vosgesinfo.fr\/remiremontinfo\/2021\/08\/dommartin-lespace-culturel-inaugure\/#primaryimage","url":"https:\/\/vosgesinfo.fr\/app\/uploads\/sites\/5\/2024\/09\/202108240827864-4202976709800415-7636080743845200943-n1.jpg","contentUrl":"https:\/\/vosgesinfo.fr\/app\/uploads\/sites\/5\/2024\/09\/202108240827864-4202976709800415-7636080743845200943-n1.jpg","width":800,"height":632},{"@type":"BreadcrumbList","@id":"https:\/\/vosgesinfo.fr\/remiremontinfo\/2021\/08\/dommartin-lespace-culturel-inaugure\/#breadcrumb","itemListElement":[{"@type":"ListItem","position":1,"name":"Home","item":"https:\/\/vosgesinfo.fr\/remiremontinfo\/"},{"@type":"ListItem","position":2,"name":"Dommartin\u00a0: l\u2019Espace Culturel est inaugur\u00e9"}]},{"@type":"WebSite","@id":"https:\/\/vosgesinfo.fr\/remiremontinfo\/#website","url":"https:\/\/vosgesinfo.fr\/remiremontinfo\/","name":"Remiremont Info","description":"Toute l&#039;actualit\u00e9 de Remiremont","publisher":{"@id":"https:\/\/vosgesinfo.fr\/remiremontinfo\/#organization"},"alternateName":"Toute l'actualit\u00e9 de Remiremont","potentialAction":[{"@type":"SearchAction","target":{"@type":"EntryPoint","urlTemplate":"https:\/\/vosgesinfo.fr\/remiremontinfo\/?s={search_term_string}"},"query-input":"required name=search_term_string"}],"inLanguage":"fr-FR"},{"@type":"Organization","@id":"https:\/\/vosgesinfo.fr\/remiremontinfo\/#organization","name":"Remiremont Info","url":"https:\/\/vosgesinfo.fr\/remiremontinfo\/","logo":{"@type":"ImageObject","inLanguage":"fr-FR","@id":"https:\/\/vosgesinfo.fr\/remiremontinfo\/#\/schema\/logo\/image\/","url":"https:\/\/vosgesinfo.fr\/app\/uploads\/sites\/5\/2023\/08\/favicon-remiremontinfo.png","contentUrl":"https:\/\/vosgesinfo.fr\/app\/uploads\/sites\/5\/2023\/08\/favicon-remiremontinfo.png","width":512,"height":512,"caption":"Remiremont Info"},"image":{"@id":"https:\/\/vosgesinfo.fr\/remiremontinfo\/#\/schema\/logo\/image\/"},"sameAs":["https:\/\/www.facebook.com\/remiremontinfo","https:\/\/x.com\/VosgesInfo88","https:\/\/www.youtube.com\/@vosgesinfo"]},{"@type":"Person","@id":"https:\/\/vosgesinfo.fr\/remiremontinfo\/#\/schema\/person\/3bfd164d5218a185b1db68655a265316","name":"C D","image":{"@type":"ImageObject","inLanguage":"fr-FR","@id":"https:\/\/vosgesinfo.fr\/remiremontinfo\/#\/schema\/person\/image\/","url":"https:\/\/secure.gravatar.com\/avatar\/1f9a70007336511a47468b8f1c66f922b8b7cf617b02a31149ada43893a5d48f?s=96&d=mm&r=g","contentUrl":"https:\/\/secure.gravatar.com\/avatar\/1f9a70007336511a47468b8f1c66f922b8b7cf617b02a31149ada43893a5d48f?s=96&d=mm&r=g","caption":"C D"},"url":"https:\/\/vosgesinfo.fr\/remiremontinfo\/author\/cedric-drevet\/"}]}},"_links":{"self":[{"href":"https:\/\/vosgesinfo.fr\/remiremontinfo\/wp-json\/wp\/v2\/posts\/45030","targetHints":{"allow":["GET"]}}],"collection":[{"href":"https:\/\/vosgesinfo.fr\/remiremontinfo\/wp-json\/wp\/v2\/posts"}],"about":[{"href":"https:\/\/vosgesinfo.fr\/remiremontinfo\/wp-json\/wp\/v2\/types\/post"}],"author":[{"embeddable":true,"href":"https:\/\/vosgesinfo.fr\/remiremontinfo\/wp-json\/wp\/v2\/users\/407"}],"replies":[{"embeddable":true,"href":"https:\/\/vosgesinfo.fr\/remiremontinfo\/wp-json\/wp\/v2\/comments?post=45030"}],"version-history":[{"count":0,"href":"https:\/\/vosgesinfo.fr\/remiremontinfo\/wp-json\/wp\/v2\/posts\/45030\/revisions"}],"wp:featuredmedia":[{"embeddable":true,"href":"https:\/\/vosgesinfo.fr\/remiremontinfo\/wp-json\/wp\/v2\/media\/45031"}],"wp:attachment":[{"href":"https:\/\/vosgesinfo.fr\/remiremontinfo\/wp-json\/wp\/v2\/media?parent=45030"}],"wp:term":[{"taxonomy":"category","embeddable":true,"href":"https:\/\/vosgesinfo.fr\/remiremontinfo\/wp-json\/wp\/v2\/categories?post=45030"},{"taxonomy":"post_tag","embeddable":true,"href":"https:\/\/vosgesinfo.fr\/remiremontinfo\/wp-json\/wp\/v2\/tags?post=45030"}],"curies":[{"name":"wp","href":"https:\/\/api.w.org\/{rel}","templated":true}]}}