{"id":4527,"date":"2024-02-19T15:34:11","date_gmt":"2024-02-19T14:34:11","guid":{"rendered":"https:\/\/vosgesinfo.fr\/remiremontinfo\/?p=4527"},"modified":"2024-02-19T15:34:11","modified_gmt":"2024-02-19T14:34:11","slug":"vagney-16-dossiers-a-letude-lors-du-conseil-municipal-ce-jeudi","status":"publish","type":"post","link":"https:\/\/vosgesinfo.fr\/remiremontinfo\/2024\/02\/vagney-16-dossiers-a-letude-lors-du-conseil-municipal-ce-jeudi\/","title":{"rendered":"Vagney &#8211; 16 dossiers \u00e0 l&rsquo;\u00e9tude lors du conseil municipal ce jeudi"},"content":{"rendered":"<h3>Ce jeudi 22 f\u00e9vrier, 16 dossiers seront \u00e0 l&rsquo;ordre du jour lors du conseil municipal de Vagney :<\/h3>\n<p>\u2022 Examen et validation du proc\u00e8s-verbal de la s\u00e9ance du 25 janvier 2024<br \/>\n\u2022 Compte rendu des d\u00e9l\u00e9gations du Conseil Municipal au Maire<br \/>\no Exercice du droit de pr\u00e9emption urbain ;<br \/>\no March\u00e9s publics, avenants, devis, baux et contrats divers.<br \/>\n1 \u2013 Finances \u2013 Tarifs communaux 2024 \u2013 Modificatif<br \/>\n2 \u2013 Finances \u2013 Cr\u00e9dits d\u2019avance 2024 \u2013 Modificatif<br \/>\n3 \u2013 Finances \u2013 D\u00e9termination de la contribution syndicale au SIVUIS pour 2024<br \/>\n4 \u2013 Personnel \u2013 Convention avec le centre de gestion des Vosges pour le traitement des<br \/>\ndossiers de retraite<br \/>\n5 \u2013 Personnel \u2013 Cr\u00e9ation d\u2019un poste d\u2019adjoint technique \u00e0 temps non-complet (28h00)<br \/>\n6 \u2013 Personnel \u2013 Cr\u00e9ation d\u2019un poste de r\u00e9dacteur territorial \u00e0 temps complet<br \/>\n7 \u2013 Associations \u2013 Renouvellement de la convention d\u2019occupation du trait d\u2019union et de<br \/>\nMariabel avec l\u2019association des p\u2019tits fr\u00e8res des pauvres<br \/>\n8 \u2013 Affaires p\u00e9riscolaires \u2013 Renouvellement de la convention territoriale globale<br \/>\n9 \u2013 For\u00eat \u2013 D\u00e9finition de l\u2019\u00e9tat d\u2019assiette des coupes en for\u00eat communale au titre de<br \/>\nl\u2019exercice 2024<br \/>\n10 \u2013 For\u00eat \u2013 Achat de terrain forestier \u00e0 Madame Nadine TOUSSAINT<br \/>\n11 \u2013 Intercommunalit\u00e9 \u2013 R\u00e9gularisation du transfert du cin\u00e9ma de Vagney \u00e0 la communaut\u00e9<br \/>\nde communes des Hautes Vosges<br \/>\n12 \u2013 Domaines \u2013 Achat de terrain \u00e0 M. et Mme Jean-Pierre BARABAN chemin de la Logette<br \/>\n(AO 345)<br \/>\n13 \u2013 Domaines \u2013 Vente de terrain \u00e0 la SCI des Roches de Fontaine (AO 476)<br \/>\n14 \u2013 Domaines \u2013 Achat de terrain \u00e0 l\u2019indivision CUNY-MENIL au Lieudit \u00ab Les cailles \u00bb (AM<br \/>\n123)<br \/>\n15 \u2013 Domaines \u2013 Vente de terrain \u00e0 M. et Mme Guillaume ROYER rue de la Bauch\u00e9 (AP<br \/>\n784)<br \/>\n16 \u2013 Questions et informations diverses<br \/>\no Travaux.<br \/>\no Agenda.<br \/>\no R\u00e9flexions relatives \u00e0 l\u2019int\u00e9gration des nouveaux habitants.<\/p>\n","protected":false},"excerpt":{"rendered":"<p>Ce jeudi 22 f\u00e9vrier, 16 dossiers seront \u00e0 l&rsquo;ordre du jour lors du conseil municipal de Vagney : \u2022 Examen [&hellip;]<\/p>\n","protected":false},"author":414,"featured_media":4528,"comment_status":"open","ping_status":"open","sticky":false,"template":"","format":"standard","meta":{"footnotes":""},"categories":[26,10,36],"tags":[581,160],"class_list":["post-4527","post","type-post","status-publish","format-standard","has-post-thumbnail","hentry","category-a-la-une","category-politique","category-vagney","tag-conseil-municipal","tag-vagney"],"acf":[],"yoast_head":"<!-- This site is optimized with the Yoast SEO plugin v22.5 - https:\/\/yoast.com\/wordpress\/plugins\/seo\/ -->\n<title>Vagney - 16 dossiers \u00e0 l&#039;\u00e9tude lors du conseil municipal ce jeudi - Remiremont Info<\/title>\n<meta name=\"robots\" content=\"index, follow, max-snippet:-1, max-image-preview:large, max-video-preview:-1\" \/>\n<link rel=\"canonical\" href=\"https:\/\/vosgesinfo.fr\/remiremontinfo\/2024\/02\/vagney-16-dossiers-a-letude-lors-du-conseil-municipal-ce-jeudi\/\" \/>\n<meta name=\"twitter:card\" content=\"summary_large_image\" \/>\n<meta name=\"twitter:title\" content=\"Vagney - 16 dossiers \u00e0 l&#039;\u00e9tude lors du conseil municipal ce jeudi - Remiremont Info\" \/>\n<meta name=\"twitter:description\" content=\"Ce jeudi 22 f\u00e9vrier, 16 dossiers seront \u00e0 l&rsquo;ordre du jour lors du conseil municipal de Vagney : \u2022 Examen [&hellip;]\" \/>\n<meta name=\"twitter:image\" content=\"https:\/\/vosgesinfo.fr\/app\/uploads\/sites\/5\/2024\/02\/mairie-vagney-scaled.jpg\" \/>\n<meta name=\"twitter:creator\" content=\"@VosgesInfo88\" \/>\n<meta name=\"twitter:site\" content=\"@VosgesInfo88\" \/>\n<meta name=\"twitter:label1\" content=\"\u00c9crit par\" \/>\n\t<meta name=\"twitter:data1\" content=\"Julien Chassard\" \/>\n\t<meta name=\"twitter:label2\" content=\"Dur\u00e9e de lecture estim\u00e9e\" \/>\n\t<meta name=\"twitter:data2\" content=\"1 minute\" \/>\n<script type=\"application\/ld+json\" class=\"yoast-schema-graph\">{\"@context\":\"https:\/\/schema.org\",\"@graph\":[{\"@type\":\"Article\",\"@id\":\"https:\/\/vosgesinfo.fr\/remiremontinfo\/2024\/02\/vagney-16-dossiers-a-letude-lors-du-conseil-municipal-ce-jeudi\/#article\",\"isPartOf\":{\"@id\":\"https:\/\/vosgesinfo.fr\/remiremontinfo\/2024\/02\/vagney-16-dossiers-a-letude-lors-du-conseil-municipal-ce-jeudi\/\"},\"author\":{\"name\":\"Julien Chassard\",\"@id\":\"https:\/\/vosgesinfo.fr\/remiremontinfo\/#\/schema\/person\/9f7d5afbed21dfe30e21502db85507c8\"},\"headline\":\"Vagney &#8211; 16 dossiers \u00e0 l&rsquo;\u00e9tude lors du conseil municipal ce jeudi\",\"datePublished\":\"2024-02-19T14:34:11+00:00\",\"dateModified\":\"2024-02-19T14:34:11+00:00\",\"mainEntityOfPage\":{\"@id\":\"https:\/\/vosgesinfo.fr\/remiremontinfo\/2024\/02\/vagney-16-dossiers-a-letude-lors-du-conseil-municipal-ce-jeudi\/\"},\"wordCount\":276,\"commentCount\":0,\"publisher\":{\"@id\":\"https:\/\/vosgesinfo.fr\/remiremontinfo\/#organization\"},\"image\":{\"@id\":\"https:\/\/vosgesinfo.fr\/remiremontinfo\/2024\/02\/vagney-16-dossiers-a-letude-lors-du-conseil-municipal-ce-jeudi\/#primaryimage\"},\"thumbnailUrl\":\"https:\/\/vosgesinfo.fr\/app\/uploads\/sites\/5\/2024\/02\/mairie-vagney-scaled.jpg\",\"keywords\":[\"conseil municipal\",\"vagney\"],\"articleSection\":[\"A la Une\",\"Politique\",\"Vagney\"],\"inLanguage\":\"fr-FR\",\"potentialAction\":[{\"@type\":\"CommentAction\",\"name\":\"Comment\",\"target\":[\"https:\/\/vosgesinfo.fr\/remiremontinfo\/2024\/02\/vagney-16-dossiers-a-letude-lors-du-conseil-municipal-ce-jeudi\/#respond\"]}]},{\"@type\":\"WebPage\",\"@id\":\"https:\/\/vosgesinfo.fr\/remiremontinfo\/2024\/02\/vagney-16-dossiers-a-letude-lors-du-conseil-municipal-ce-jeudi\/\",\"url\":\"https:\/\/vosgesinfo.fr\/remiremontinfo\/2024\/02\/vagney-16-dossiers-a-letude-lors-du-conseil-municipal-ce-jeudi\/\",\"name\":\"Vagney - 16 dossiers \u00e0 l'\u00e9tude lors du conseil municipal ce jeudi - Remiremont Info\",\"isPartOf\":{\"@id\":\"https:\/\/vosgesinfo.fr\/remiremontinfo\/#website\"},\"primaryImageOfPage\":{\"@id\":\"https:\/\/vosgesinfo.fr\/remiremontinfo\/2024\/02\/vagney-16-dossiers-a-letude-lors-du-conseil-municipal-ce-jeudi\/#primaryimage\"},\"image\":{\"@id\":\"https:\/\/vosgesinfo.fr\/remiremontinfo\/2024\/02\/vagney-16-dossiers-a-letude-lors-du-conseil-municipal-ce-jeudi\/#primaryimage\"},\"thumbnailUrl\":\"https:\/\/vosgesinfo.fr\/app\/uploads\/sites\/5\/2024\/02\/mairie-vagney-scaled.jpg\",\"datePublished\":\"2024-02-19T14:34:11+00:00\",\"dateModified\":\"2024-02-19T14:34:11+00:00\",\"breadcrumb\":{\"@id\":\"https:\/\/vosgesinfo.fr\/remiremontinfo\/2024\/02\/vagney-16-dossiers-a-letude-lors-du-conseil-municipal-ce-jeudi\/#breadcrumb\"},\"inLanguage\":\"fr-FR\",\"potentialAction\":[{\"@type\":\"ReadAction\",\"target\":[\"https:\/\/vosgesinfo.fr\/remiremontinfo\/2024\/02\/vagney-16-dossiers-a-letude-lors-du-conseil-municipal-ce-jeudi\/\"]}]},{\"@type\":\"ImageObject\",\"inLanguage\":\"fr-FR\",\"@id\":\"https:\/\/vosgesinfo.fr\/remiremontinfo\/2024\/02\/vagney-16-dossiers-a-letude-lors-du-conseil-municipal-ce-jeudi\/#primaryimage\",\"url\":\"https:\/\/vosgesinfo.fr\/app\/uploads\/sites\/5\/2024\/02\/mairie-vagney-scaled.jpg\",\"contentUrl\":\"https:\/\/vosgesinfo.fr\/app\/uploads\/sites\/5\/2024\/02\/mairie-vagney-scaled.jpg\",\"width\":2560,\"height\":1920},{\"@type\":\"BreadcrumbList\",\"@id\":\"https:\/\/vosgesinfo.fr\/remiremontinfo\/2024\/02\/vagney-16-dossiers-a-letude-lors-du-conseil-municipal-ce-jeudi\/#breadcrumb\",\"itemListElement\":[{\"@type\":\"ListItem\",\"position\":1,\"name\":\"Home\",\"item\":\"https:\/\/vosgesinfo.fr\/remiremontinfo\/\"},{\"@type\":\"ListItem\",\"position\":2,\"name\":\"Vagney &#8211; 16 dossiers \u00e0 l&rsquo;\u00e9tude lors du conseil municipal ce jeudi\"}]},{\"@type\":\"WebSite\",\"@id\":\"https:\/\/vosgesinfo.fr\/remiremontinfo\/#website\",\"url\":\"https:\/\/vosgesinfo.fr\/remiremontinfo\/\",\"name\":\"Remiremont Info\",\"description\":\"Toute l&#039;actualit\u00e9 de Remiremont\",\"publisher\":{\"@id\":\"https:\/\/vosgesinfo.fr\/remiremontinfo\/#organization\"},\"alternateName\":\"Toute l'actualit\u00e9 de Remiremont\",\"potentialAction\":[{\"@type\":\"SearchAction\",\"target\":{\"@type\":\"EntryPoint\",\"urlTemplate\":\"https:\/\/vosgesinfo.fr\/remiremontinfo\/?s={search_term_string}\"},\"query-input\":\"required name=search_term_string\"}],\"inLanguage\":\"fr-FR\"},{\"@type\":\"Organization\",\"@id\":\"https:\/\/vosgesinfo.fr\/remiremontinfo\/#organization\",\"name\":\"Remiremont Info\",\"url\":\"https:\/\/vosgesinfo.fr\/remiremontinfo\/\",\"logo\":{\"@type\":\"ImageObject\",\"inLanguage\":\"fr-FR\",\"@id\":\"https:\/\/vosgesinfo.fr\/remiremontinfo\/#\/schema\/logo\/image\/\",\"url\":\"https:\/\/vosgesinfo.fr\/app\/uploads\/sites\/5\/2023\/08\/favicon-remiremontinfo.png\",\"contentUrl\":\"https:\/\/vosgesinfo.fr\/app\/uploads\/sites\/5\/2023\/08\/favicon-remiremontinfo.png\",\"width\":512,\"height\":512,\"caption\":\"Remiremont Info\"},\"image\":{\"@id\":\"https:\/\/vosgesinfo.fr\/remiremontinfo\/#\/schema\/logo\/image\/\"},\"sameAs\":[\"https:\/\/www.facebook.com\/remiremontinfo\",\"https:\/\/x.com\/VosgesInfo88\",\"https:\/\/www.youtube.com\/@vosgesinfo\"]},{\"@type\":\"Person\",\"@id\":\"https:\/\/vosgesinfo.fr\/remiremontinfo\/#\/schema\/person\/9f7d5afbed21dfe30e21502db85507c8\",\"name\":\"Julien Chassard\",\"image\":{\"@type\":\"ImageObject\",\"inLanguage\":\"fr-FR\",\"@id\":\"https:\/\/vosgesinfo.fr\/remiremontinfo\/#\/schema\/person\/image\/\",\"url\":\"https:\/\/secure.gravatar.com\/avatar\/b1edc920568095a5269cc92a13830411052ebb396f029db539972c12276b9ba9?s=96&d=mm&r=g\",\"contentUrl\":\"https:\/\/secure.gravatar.com\/avatar\/b1edc920568095a5269cc92a13830411052ebb396f029db539972c12276b9ba9?s=96&d=mm&r=g\",\"caption\":\"Julien Chassard\"},\"url\":\"https:\/\/vosgesinfo.fr\/remiremontinfo\/author\/j-chassard882\/\"}]}<\/script>\n<!-- \/ Yoast SEO plugin. -->","yoast_head_json":{"title":"Vagney - 16 dossiers \u00e0 l'\u00e9tude lors du conseil municipal ce jeudi - Remiremont Info","robots":{"index":"index","follow":"follow","max-snippet":"max-snippet:-1","max-image-preview":"max-image-preview:large","max-video-preview":"max-video-preview:-1"},"canonical":"https:\/\/vosgesinfo.fr\/remiremontinfo\/2024\/02\/vagney-16-dossiers-a-letude-lors-du-conseil-municipal-ce-jeudi\/","twitter_card":"summary_large_image","twitter_title":"Vagney - 16 dossiers \u00e0 l'\u00e9tude lors du conseil municipal ce jeudi - Remiremont Info","twitter_description":"Ce jeudi 22 f\u00e9vrier, 16 dossiers seront \u00e0 l&rsquo;ordre du jour lors du conseil municipal de Vagney : \u2022 Examen [&hellip;]","twitter_image":"https:\/\/vosgesinfo.fr\/app\/uploads\/sites\/5\/2024\/02\/mairie-vagney-scaled.jpg","twitter_creator":"@VosgesInfo88","twitter_site":"@VosgesInfo88","twitter_misc":{"\u00c9crit par":"Julien Chassard","Dur\u00e9e de lecture estim\u00e9e":"1 minute"},"schema":{"@context":"https:\/\/schema.org","@graph":[{"@type":"Article","@id":"https:\/\/vosgesinfo.fr\/remiremontinfo\/2024\/02\/vagney-16-dossiers-a-letude-lors-du-conseil-municipal-ce-jeudi\/#article","isPartOf":{"@id":"https:\/\/vosgesinfo.fr\/remiremontinfo\/2024\/02\/vagney-16-dossiers-a-letude-lors-du-conseil-municipal-ce-jeudi\/"},"author":{"name":"Julien Chassard","@id":"https:\/\/vosgesinfo.fr\/remiremontinfo\/#\/schema\/person\/9f7d5afbed21dfe30e21502db85507c8"},"headline":"Vagney &#8211; 16 dossiers \u00e0 l&rsquo;\u00e9tude lors du conseil municipal ce jeudi","datePublished":"2024-02-19T14:34:11+00:00","dateModified":"2024-02-19T14:34:11+00:00","mainEntityOfPage":{"@id":"https:\/\/vosgesinfo.fr\/remiremontinfo\/2024\/02\/vagney-16-dossiers-a-letude-lors-du-conseil-municipal-ce-jeudi\/"},"wordCount":276,"commentCount":0,"publisher":{"@id":"https:\/\/vosgesinfo.fr\/remiremontinfo\/#organization"},"image":{"@id":"https:\/\/vosgesinfo.fr\/remiremontinfo\/2024\/02\/vagney-16-dossiers-a-letude-lors-du-conseil-municipal-ce-jeudi\/#primaryimage"},"thumbnailUrl":"https:\/\/vosgesinfo.fr\/app\/uploads\/sites\/5\/2024\/02\/mairie-vagney-scaled.jpg","keywords":["conseil municipal","vagney"],"articleSection":["A la Une","Politique","Vagney"],"inLanguage":"fr-FR","potentialAction":[{"@type":"CommentAction","name":"Comment","target":["https:\/\/vosgesinfo.fr\/remiremontinfo\/2024\/02\/vagney-16-dossiers-a-letude-lors-du-conseil-municipal-ce-jeudi\/#respond"]}]},{"@type":"WebPage","@id":"https:\/\/vosgesinfo.fr\/remiremontinfo\/2024\/02\/vagney-16-dossiers-a-letude-lors-du-conseil-municipal-ce-jeudi\/","url":"https:\/\/vosgesinfo.fr\/remiremontinfo\/2024\/02\/vagney-16-dossiers-a-letude-lors-du-conseil-municipal-ce-jeudi\/","name":"Vagney - 16 dossiers \u00e0 l'\u00e9tude lors du conseil municipal ce jeudi - Remiremont Info","isPartOf":{"@id":"https:\/\/vosgesinfo.fr\/remiremontinfo\/#website"},"primaryImageOfPage":{"@id":"https:\/\/vosgesinfo.fr\/remiremontinfo\/2024\/02\/vagney-16-dossiers-a-letude-lors-du-conseil-municipal-ce-jeudi\/#primaryimage"},"image":{"@id":"https:\/\/vosgesinfo.fr\/remiremontinfo\/2024\/02\/vagney-16-dossiers-a-letude-lors-du-conseil-municipal-ce-jeudi\/#primaryimage"},"thumbnailUrl":"https:\/\/vosgesinfo.fr\/app\/uploads\/sites\/5\/2024\/02\/mairie-vagney-scaled.jpg","datePublished":"2024-02-19T14:34:11+00:00","dateModified":"2024-02-19T14:34:11+00:00","breadcrumb":{"@id":"https:\/\/vosgesinfo.fr\/remiremontinfo\/2024\/02\/vagney-16-dossiers-a-letude-lors-du-conseil-municipal-ce-jeudi\/#breadcrumb"},"inLanguage":"fr-FR","potentialAction":[{"@type":"ReadAction","target":["https:\/\/vosgesinfo.fr\/remiremontinfo\/2024\/02\/vagney-16-dossiers-a-letude-lors-du-conseil-municipal-ce-jeudi\/"]}]},{"@type":"ImageObject","inLanguage":"fr-FR","@id":"https:\/\/vosgesinfo.fr\/remiremontinfo\/2024\/02\/vagney-16-dossiers-a-letude-lors-du-conseil-municipal-ce-jeudi\/#primaryimage","url":"https:\/\/vosgesinfo.fr\/app\/uploads\/sites\/5\/2024\/02\/mairie-vagney-scaled.jpg","contentUrl":"https:\/\/vosgesinfo.fr\/app\/uploads\/sites\/5\/2024\/02\/mairie-vagney-scaled.jpg","width":2560,"height":1920},{"@type":"BreadcrumbList","@id":"https:\/\/vosgesinfo.fr\/remiremontinfo\/2024\/02\/vagney-16-dossiers-a-letude-lors-du-conseil-municipal-ce-jeudi\/#breadcrumb","itemListElement":[{"@type":"ListItem","position":1,"name":"Home","item":"https:\/\/vosgesinfo.fr\/remiremontinfo\/"},{"@type":"ListItem","position":2,"name":"Vagney &#8211; 16 dossiers \u00e0 l&rsquo;\u00e9tude lors du conseil municipal ce jeudi"}]},{"@type":"WebSite","@id":"https:\/\/vosgesinfo.fr\/remiremontinfo\/#website","url":"https:\/\/vosgesinfo.fr\/remiremontinfo\/","name":"Remiremont Info","description":"Toute l&#039;actualit\u00e9 de Remiremont","publisher":{"@id":"https:\/\/vosgesinfo.fr\/remiremontinfo\/#organization"},"alternateName":"Toute l'actualit\u00e9 de Remiremont","potentialAction":[{"@type":"SearchAction","target":{"@type":"EntryPoint","urlTemplate":"https:\/\/vosgesinfo.fr\/remiremontinfo\/?s={search_term_string}"},"query-input":"required name=search_term_string"}],"inLanguage":"fr-FR"},{"@type":"Organization","@id":"https:\/\/vosgesinfo.fr\/remiremontinfo\/#organization","name":"Remiremont Info","url":"https:\/\/vosgesinfo.fr\/remiremontinfo\/","logo":{"@type":"ImageObject","inLanguage":"fr-FR","@id":"https:\/\/vosgesinfo.fr\/remiremontinfo\/#\/schema\/logo\/image\/","url":"https:\/\/vosgesinfo.fr\/app\/uploads\/sites\/5\/2023\/08\/favicon-remiremontinfo.png","contentUrl":"https:\/\/vosgesinfo.fr\/app\/uploads\/sites\/5\/2023\/08\/favicon-remiremontinfo.png","width":512,"height":512,"caption":"Remiremont Info"},"image":{"@id":"https:\/\/vosgesinfo.fr\/remiremontinfo\/#\/schema\/logo\/image\/"},"sameAs":["https:\/\/www.facebook.com\/remiremontinfo","https:\/\/x.com\/VosgesInfo88","https:\/\/www.youtube.com\/@vosgesinfo"]},{"@type":"Person","@id":"https:\/\/vosgesinfo.fr\/remiremontinfo\/#\/schema\/person\/9f7d5afbed21dfe30e21502db85507c8","name":"Julien Chassard","image":{"@type":"ImageObject","inLanguage":"fr-FR","@id":"https:\/\/vosgesinfo.fr\/remiremontinfo\/#\/schema\/person\/image\/","url":"https:\/\/secure.gravatar.com\/avatar\/b1edc920568095a5269cc92a13830411052ebb396f029db539972c12276b9ba9?s=96&d=mm&r=g","contentUrl":"https:\/\/secure.gravatar.com\/avatar\/b1edc920568095a5269cc92a13830411052ebb396f029db539972c12276b9ba9?s=96&d=mm&r=g","caption":"Julien Chassard"},"url":"https:\/\/vosgesinfo.fr\/remiremontinfo\/author\/j-chassard882\/"}]}},"_links":{"self":[{"href":"https:\/\/vosgesinfo.fr\/remiremontinfo\/wp-json\/wp\/v2\/posts\/4527","targetHints":{"allow":["GET"]}}],"collection":[{"href":"https:\/\/vosgesinfo.fr\/remiremontinfo\/wp-json\/wp\/v2\/posts"}],"about":[{"href":"https:\/\/vosgesinfo.fr\/remiremontinfo\/wp-json\/wp\/v2\/types\/post"}],"author":[{"embeddable":true,"href":"https:\/\/vosgesinfo.fr\/remiremontinfo\/wp-json\/wp\/v2\/users\/414"}],"replies":[{"embeddable":true,"href":"https:\/\/vosgesinfo.fr\/remiremontinfo\/wp-json\/wp\/v2\/comments?post=4527"}],"version-history":[{"count":1,"href":"https:\/\/vosgesinfo.fr\/remiremontinfo\/wp-json\/wp\/v2\/posts\/4527\/revisions"}],"predecessor-version":[{"id":4529,"href":"https:\/\/vosgesinfo.fr\/remiremontinfo\/wp-json\/wp\/v2\/posts\/4527\/revisions\/4529"}],"wp:featuredmedia":[{"embeddable":true,"href":"https:\/\/vosgesinfo.fr\/remiremontinfo\/wp-json\/wp\/v2\/media\/4528"}],"wp:attachment":[{"href":"https:\/\/vosgesinfo.fr\/remiremontinfo\/wp-json\/wp\/v2\/media?parent=4527"}],"wp:term":[{"taxonomy":"category","embeddable":true,"href":"https:\/\/vosgesinfo.fr\/remiremontinfo\/wp-json\/wp\/v2\/categories?post=4527"},{"taxonomy":"post_tag","embeddable":true,"href":"https:\/\/vosgesinfo.fr\/remiremontinfo\/wp-json\/wp\/v2\/tags?post=4527"}],"curies":[{"name":"wp","href":"https:\/\/api.w.org\/{rel}","templated":true}]}}