{"id":45418,"date":"2021-09-04T15:36:09","date_gmt":"2021-09-04T13:36:09","guid":{"rendered":"https:\/\/vosgesinfo.fr\/remiremontinfo\/2021\/09\/manifestation-anti-pass-sanitaire-environ-600-personnes-a-epinal\/"},"modified":"2021-09-04T15:36:09","modified_gmt":"2021-09-04T13:36:09","slug":"manifestation-anti-pass-sanitaire-environ-600-personnes-a-epinal","status":"publish","type":"post","link":"https:\/\/vosgesinfo.fr\/remiremontinfo\/2021\/09\/manifestation-anti-pass-sanitaire-environ-600-personnes-a-epinal\/","title":{"rendered":"Manifestation des anti-pass sanitaire : environ 600 personnes \u00e0 Epinal"},"content":{"rendered":"<h2 style=\"text-align: center;\"><a href=\"\/2021\/09\/IMG_4432.jpg\"><img decoding=\"async\" class=\"alignnone size-full wp-image-325455\" src=\"\/2021\/09\/IMG_4432.jpg\" alt=\"IMG_4432\" width=\"800\" height=\"533\" \/><\/a><\/h2>\n<h2><span style=\"font-size: 12pt;\"><strong>Les manifestations contre le pass sanitaire ce sont poursuivies ce samedi \u00e0 Epinal. Quelques 600 personnes, un peu moins que la semaine derni\u00e8re, ont battu le pav\u00e9 de la cit\u00e9 des images pour faire entendre leurs revendications. \u00ab\u00a0Macron, ton pass on n\u2019en veut pas\u00a0\u00bb, \u00ab\u00a0libert\u00e9\u00a0\u00bb sont sans conteste les slogans qui ont rythm\u00e9 le d\u00e9fil\u00e9.<\/strong><\/span><\/h2>\n<p><span style=\"font-size: 12pt;\">M\u00eame si les rangs s\u2019affinent un peu au fil des semaines, les opinions sont, quant \u00e0 elles, \u00a0de plus en plus affin\u00e9es et pr\u00e9cises. Il ne s\u2019agit pas seulement d\u2019\u00eatre contre le vaccin et le pass sanitaire, les manifestants mettent en avant les r\u00e9sultats d\u2019autres sources qui recensent les d\u00e9c\u00e8s, les malaises et les handicaps li\u00e9s \u00e0 l\u2019injection des divers vaccins contre la COVID 19.<\/span><\/p>\n<p><span style=\"font-size: 12pt;\">C\u2019est le cas d\u2019un enseignant en allemand d\u2019un lyc\u00e9e spinalien qui manifeste \u00e0 titre priv\u00e9.\u00a0<em>\u00ab Le protocole d\u00e9cid\u00e9 par le ministre de l\u2019\u00e9ducation nationale Jean-Michel Blanquer viole tous les trait\u00e9s internationaux, y compris la convention des droits de l\u2019homme et la constitution fran\u00e7aise. Je me r\u00e9f\u00e8re \u00e0 l\u2019article 225 alin\u00e9a 1 et 2 du code p\u00e9nal qui \u00e9voque les crimes et d\u00e9lits contre les personnes et les atteintes \u00e0 la personne humaine. Il ne peut y avoir de discrimination au niveau de l\u2019\u00e9tat de sant\u00e9 des \u00e9l\u00e8ves. Comment des enseignants peuvent demander \u00e0 leurs \u00e9l\u00e8ves s\u2019ils sont vaccin\u00e9s ou pas\u00a0? C\u2019est le viol du secret m\u00e9dical et c\u2019est discriminatoire. L\u2019\u00e9ducation nationale sort de son cadre en collaborant avec l\u2019ARS. \u00c7a me choque au plus profond de mes tripes. C\u2019est honteux\u00a0\u00bb<\/em>.<\/span><\/p>\n<p><span style=\"font-size: 12pt;\">Cet enseignant se r\u00e9f\u00e8re \u00e0 des sources comme eudravigilance, base de donn\u00e9es europ\u00e9enne des rapports des effets ind\u00e9sirables suspect\u00e9s sur des m\u00e9dicaments en cours. Des propos relay\u00e9s notamment par l\u2019association REACTION 19.<\/span><\/p>\n<p><span style=\"font-size: 12pt;\">Le th\u00e8me de la vaccination des enfants et des adolescents a pris\u00a0 tout son sens apr\u00e8s la rentr\u00e9e scolaire. Et ses opposants veulent faire entendre leur opposition et leurs arguments aussi longtemps qu\u2019ils seront inquiets des effets secondaires pour la population.\u00a0<\/span><\/p>\n<p>&nbsp;<\/p>\n","protected":false},"excerpt":{"rendered":"<p>Les manifestations contre le pass sanitaire ce sont poursuivies ce samedi \u00e0 Epinal. Quelques 600 personnes, un peu moins que [&hellip;]<\/p>\n","protected":false},"author":407,"featured_media":45419,"comment_status":"open","ping_status":"open","sticky":false,"template":"","format":"standard","meta":{"footnotes":""},"categories":[26,13,18],"tags":[109,199,2046],"class_list":["post-45418","post","type-post","status-publish","format-standard","has-post-thumbnail","hentry","category-a-la-une","category-societe","category-vosges","tag-epinal","tag-manifestation","tag-pass-sanitaire"],"acf":[],"yoast_head":"<!-- This site is optimized with the Yoast SEO plugin v22.5 - https:\/\/yoast.com\/wordpress\/plugins\/seo\/ -->\n<title>Manifestation des anti-pass sanitaire : environ 600 personnes \u00e0 Epinal - Remiremont Info<\/title>\n<meta name=\"robots\" content=\"index, follow, max-snippet:-1, max-image-preview:large, max-video-preview:-1\" \/>\n<link rel=\"canonical\" href=\"https:\/\/vosgesinfo.fr\/remiremontinfo\/2021\/09\/manifestation-anti-pass-sanitaire-environ-600-personnes-a-epinal\/\" \/>\n<meta name=\"twitter:card\" content=\"summary_large_image\" \/>\n<meta name=\"twitter:title\" content=\"Manifestation des anti-pass sanitaire : environ 600 personnes \u00e0 Epinal - Remiremont Info\" \/>\n<meta name=\"twitter:description\" content=\"Les manifestations contre le pass sanitaire ce sont poursuivies ce samedi \u00e0 Epinal. Quelques 600 personnes, un peu moins que [&hellip;]\" \/>\n<meta name=\"twitter:image\" content=\"https:\/\/vosgesinfo.fr\/app\/uploads\/sites\/5\/2024\/09\/202109img-4432.jpg\" \/>\n<meta name=\"twitter:creator\" content=\"@VosgesInfo88\" \/>\n<meta name=\"twitter:site\" content=\"@VosgesInfo88\" \/>\n<meta name=\"twitter:label1\" content=\"\u00c9crit par\" \/>\n\t<meta name=\"twitter:data1\" content=\"C D\" \/>\n\t<meta name=\"twitter:label2\" content=\"Dur\u00e9e de lecture estim\u00e9e\" \/>\n\t<meta name=\"twitter:data2\" content=\"2 minutes\" \/>\n<script type=\"application\/ld+json\" class=\"yoast-schema-graph\">{\"@context\":\"https:\/\/schema.org\",\"@graph\":[{\"@type\":\"Article\",\"@id\":\"https:\/\/vosgesinfo.fr\/remiremontinfo\/2021\/09\/manifestation-anti-pass-sanitaire-environ-600-personnes-a-epinal\/#article\",\"isPartOf\":{\"@id\":\"https:\/\/vosgesinfo.fr\/remiremontinfo\/2021\/09\/manifestation-anti-pass-sanitaire-environ-600-personnes-a-epinal\/\"},\"author\":{\"name\":\"C D\",\"@id\":\"https:\/\/vosgesinfo.fr\/remiremontinfo\/#\/schema\/person\/3bfd164d5218a185b1db68655a265316\"},\"headline\":\"Manifestation des anti-pass sanitaire : environ 600 personnes \u00e0 Epinal\",\"datePublished\":\"2021-09-04T13:36:09+00:00\",\"dateModified\":\"2021-09-04T13:36:09+00:00\",\"mainEntityOfPage\":{\"@id\":\"https:\/\/vosgesinfo.fr\/remiremontinfo\/2021\/09\/manifestation-anti-pass-sanitaire-environ-600-personnes-a-epinal\/\"},\"wordCount\":371,\"commentCount\":0,\"publisher\":{\"@id\":\"https:\/\/vosgesinfo.fr\/remiremontinfo\/#organization\"},\"image\":{\"@id\":\"https:\/\/vosgesinfo.fr\/remiremontinfo\/2021\/09\/manifestation-anti-pass-sanitaire-environ-600-personnes-a-epinal\/#primaryimage\"},\"thumbnailUrl\":\"https:\/\/vosgesinfo.fr\/app\/uploads\/sites\/5\/2024\/09\/202109img-4432.jpg\",\"keywords\":[\"\u00e9pinal\",\"manifestation\",\"pass sanitaire\"],\"articleSection\":[\"A la Une\",\"Soci\u00e9t\u00e9\",\"Vosges\"],\"inLanguage\":\"fr-FR\",\"potentialAction\":[{\"@type\":\"CommentAction\",\"name\":\"Comment\",\"target\":[\"https:\/\/vosgesinfo.fr\/remiremontinfo\/2021\/09\/manifestation-anti-pass-sanitaire-environ-600-personnes-a-epinal\/#respond\"]}]},{\"@type\":\"WebPage\",\"@id\":\"https:\/\/vosgesinfo.fr\/remiremontinfo\/2021\/09\/manifestation-anti-pass-sanitaire-environ-600-personnes-a-epinal\/\",\"url\":\"https:\/\/vosgesinfo.fr\/remiremontinfo\/2021\/09\/manifestation-anti-pass-sanitaire-environ-600-personnes-a-epinal\/\",\"name\":\"Manifestation des anti-pass sanitaire : environ 600 personnes \u00e0 Epinal - Remiremont Info\",\"isPartOf\":{\"@id\":\"https:\/\/vosgesinfo.fr\/remiremontinfo\/#website\"},\"primaryImageOfPage\":{\"@id\":\"https:\/\/vosgesinfo.fr\/remiremontinfo\/2021\/09\/manifestation-anti-pass-sanitaire-environ-600-personnes-a-epinal\/#primaryimage\"},\"image\":{\"@id\":\"https:\/\/vosgesinfo.fr\/remiremontinfo\/2021\/09\/manifestation-anti-pass-sanitaire-environ-600-personnes-a-epinal\/#primaryimage\"},\"thumbnailUrl\":\"https:\/\/vosgesinfo.fr\/app\/uploads\/sites\/5\/2024\/09\/202109img-4432.jpg\",\"datePublished\":\"2021-09-04T13:36:09+00:00\",\"dateModified\":\"2021-09-04T13:36:09+00:00\",\"breadcrumb\":{\"@id\":\"https:\/\/vosgesinfo.fr\/remiremontinfo\/2021\/09\/manifestation-anti-pass-sanitaire-environ-600-personnes-a-epinal\/#breadcrumb\"},\"inLanguage\":\"fr-FR\",\"potentialAction\":[{\"@type\":\"ReadAction\",\"target\":[\"https:\/\/vosgesinfo.fr\/remiremontinfo\/2021\/09\/manifestation-anti-pass-sanitaire-environ-600-personnes-a-epinal\/\"]}]},{\"@type\":\"ImageObject\",\"inLanguage\":\"fr-FR\",\"@id\":\"https:\/\/vosgesinfo.fr\/remiremontinfo\/2021\/09\/manifestation-anti-pass-sanitaire-environ-600-personnes-a-epinal\/#primaryimage\",\"url\":\"https:\/\/vosgesinfo.fr\/app\/uploads\/sites\/5\/2024\/09\/202109img-4432.jpg\",\"contentUrl\":\"https:\/\/vosgesinfo.fr\/app\/uploads\/sites\/5\/2024\/09\/202109img-4432.jpg\",\"width\":800,\"height\":533},{\"@type\":\"BreadcrumbList\",\"@id\":\"https:\/\/vosgesinfo.fr\/remiremontinfo\/2021\/09\/manifestation-anti-pass-sanitaire-environ-600-personnes-a-epinal\/#breadcrumb\",\"itemListElement\":[{\"@type\":\"ListItem\",\"position\":1,\"name\":\"Home\",\"item\":\"https:\/\/vosgesinfo.fr\/remiremontinfo\/\"},{\"@type\":\"ListItem\",\"position\":2,\"name\":\"Manifestation des anti-pass sanitaire : environ 600 personnes \u00e0 Epinal\"}]},{\"@type\":\"WebSite\",\"@id\":\"https:\/\/vosgesinfo.fr\/remiremontinfo\/#website\",\"url\":\"https:\/\/vosgesinfo.fr\/remiremontinfo\/\",\"name\":\"Remiremont Info\",\"description\":\"Toute l&#039;actualit\u00e9 de Remiremont\",\"publisher\":{\"@id\":\"https:\/\/vosgesinfo.fr\/remiremontinfo\/#organization\"},\"alternateName\":\"Toute l'actualit\u00e9 de Remiremont\",\"potentialAction\":[{\"@type\":\"SearchAction\",\"target\":{\"@type\":\"EntryPoint\",\"urlTemplate\":\"https:\/\/vosgesinfo.fr\/remiremontinfo\/?s={search_term_string}\"},\"query-input\":\"required name=search_term_string\"}],\"inLanguage\":\"fr-FR\"},{\"@type\":\"Organization\",\"@id\":\"https:\/\/vosgesinfo.fr\/remiremontinfo\/#organization\",\"name\":\"Remiremont Info\",\"url\":\"https:\/\/vosgesinfo.fr\/remiremontinfo\/\",\"logo\":{\"@type\":\"ImageObject\",\"inLanguage\":\"fr-FR\",\"@id\":\"https:\/\/vosgesinfo.fr\/remiremontinfo\/#\/schema\/logo\/image\/\",\"url\":\"https:\/\/vosgesinfo.fr\/app\/uploads\/sites\/5\/2023\/08\/favicon-remiremontinfo.png\",\"contentUrl\":\"https:\/\/vosgesinfo.fr\/app\/uploads\/sites\/5\/2023\/08\/favicon-remiremontinfo.png\",\"width\":512,\"height\":512,\"caption\":\"Remiremont Info\"},\"image\":{\"@id\":\"https:\/\/vosgesinfo.fr\/remiremontinfo\/#\/schema\/logo\/image\/\"},\"sameAs\":[\"https:\/\/www.facebook.com\/remiremontinfo\",\"https:\/\/x.com\/VosgesInfo88\",\"https:\/\/www.youtube.com\/@vosgesinfo\"]},{\"@type\":\"Person\",\"@id\":\"https:\/\/vosgesinfo.fr\/remiremontinfo\/#\/schema\/person\/3bfd164d5218a185b1db68655a265316\",\"name\":\"C D\",\"image\":{\"@type\":\"ImageObject\",\"inLanguage\":\"fr-FR\",\"@id\":\"https:\/\/vosgesinfo.fr\/remiremontinfo\/#\/schema\/person\/image\/\",\"url\":\"https:\/\/secure.gravatar.com\/avatar\/1f9a70007336511a47468b8f1c66f922b8b7cf617b02a31149ada43893a5d48f?s=96&d=mm&r=g\",\"contentUrl\":\"https:\/\/secure.gravatar.com\/avatar\/1f9a70007336511a47468b8f1c66f922b8b7cf617b02a31149ada43893a5d48f?s=96&d=mm&r=g\",\"caption\":\"C D\"},\"url\":\"https:\/\/vosgesinfo.fr\/remiremontinfo\/author\/cedric-drevet\/\"}]}<\/script>\n<!-- \/ Yoast SEO plugin. -->","yoast_head_json":{"title":"Manifestation des anti-pass sanitaire : environ 600 personnes \u00e0 Epinal - Remiremont Info","robots":{"index":"index","follow":"follow","max-snippet":"max-snippet:-1","max-image-preview":"max-image-preview:large","max-video-preview":"max-video-preview:-1"},"canonical":"https:\/\/vosgesinfo.fr\/remiremontinfo\/2021\/09\/manifestation-anti-pass-sanitaire-environ-600-personnes-a-epinal\/","twitter_card":"summary_large_image","twitter_title":"Manifestation des anti-pass sanitaire : environ 600 personnes \u00e0 Epinal - Remiremont Info","twitter_description":"Les manifestations contre le pass sanitaire ce sont poursuivies ce samedi \u00e0 Epinal. Quelques 600 personnes, un peu moins que [&hellip;]","twitter_image":"https:\/\/vosgesinfo.fr\/app\/uploads\/sites\/5\/2024\/09\/202109img-4432.jpg","twitter_creator":"@VosgesInfo88","twitter_site":"@VosgesInfo88","twitter_misc":{"\u00c9crit par":"C D","Dur\u00e9e de lecture estim\u00e9e":"2 minutes"},"schema":{"@context":"https:\/\/schema.org","@graph":[{"@type":"Article","@id":"https:\/\/vosgesinfo.fr\/remiremontinfo\/2021\/09\/manifestation-anti-pass-sanitaire-environ-600-personnes-a-epinal\/#article","isPartOf":{"@id":"https:\/\/vosgesinfo.fr\/remiremontinfo\/2021\/09\/manifestation-anti-pass-sanitaire-environ-600-personnes-a-epinal\/"},"author":{"name":"C D","@id":"https:\/\/vosgesinfo.fr\/remiremontinfo\/#\/schema\/person\/3bfd164d5218a185b1db68655a265316"},"headline":"Manifestation des anti-pass sanitaire : environ 600 personnes \u00e0 Epinal","datePublished":"2021-09-04T13:36:09+00:00","dateModified":"2021-09-04T13:36:09+00:00","mainEntityOfPage":{"@id":"https:\/\/vosgesinfo.fr\/remiremontinfo\/2021\/09\/manifestation-anti-pass-sanitaire-environ-600-personnes-a-epinal\/"},"wordCount":371,"commentCount":0,"publisher":{"@id":"https:\/\/vosgesinfo.fr\/remiremontinfo\/#organization"},"image":{"@id":"https:\/\/vosgesinfo.fr\/remiremontinfo\/2021\/09\/manifestation-anti-pass-sanitaire-environ-600-personnes-a-epinal\/#primaryimage"},"thumbnailUrl":"https:\/\/vosgesinfo.fr\/app\/uploads\/sites\/5\/2024\/09\/202109img-4432.jpg","keywords":["\u00e9pinal","manifestation","pass sanitaire"],"articleSection":["A la Une","Soci\u00e9t\u00e9","Vosges"],"inLanguage":"fr-FR","potentialAction":[{"@type":"CommentAction","name":"Comment","target":["https:\/\/vosgesinfo.fr\/remiremontinfo\/2021\/09\/manifestation-anti-pass-sanitaire-environ-600-personnes-a-epinal\/#respond"]}]},{"@type":"WebPage","@id":"https:\/\/vosgesinfo.fr\/remiremontinfo\/2021\/09\/manifestation-anti-pass-sanitaire-environ-600-personnes-a-epinal\/","url":"https:\/\/vosgesinfo.fr\/remiremontinfo\/2021\/09\/manifestation-anti-pass-sanitaire-environ-600-personnes-a-epinal\/","name":"Manifestation des anti-pass sanitaire : environ 600 personnes \u00e0 Epinal - Remiremont Info","isPartOf":{"@id":"https:\/\/vosgesinfo.fr\/remiremontinfo\/#website"},"primaryImageOfPage":{"@id":"https:\/\/vosgesinfo.fr\/remiremontinfo\/2021\/09\/manifestation-anti-pass-sanitaire-environ-600-personnes-a-epinal\/#primaryimage"},"image":{"@id":"https:\/\/vosgesinfo.fr\/remiremontinfo\/2021\/09\/manifestation-anti-pass-sanitaire-environ-600-personnes-a-epinal\/#primaryimage"},"thumbnailUrl":"https:\/\/vosgesinfo.fr\/app\/uploads\/sites\/5\/2024\/09\/202109img-4432.jpg","datePublished":"2021-09-04T13:36:09+00:00","dateModified":"2021-09-04T13:36:09+00:00","breadcrumb":{"@id":"https:\/\/vosgesinfo.fr\/remiremontinfo\/2021\/09\/manifestation-anti-pass-sanitaire-environ-600-personnes-a-epinal\/#breadcrumb"},"inLanguage":"fr-FR","potentialAction":[{"@type":"ReadAction","target":["https:\/\/vosgesinfo.fr\/remiremontinfo\/2021\/09\/manifestation-anti-pass-sanitaire-environ-600-personnes-a-epinal\/"]}]},{"@type":"ImageObject","inLanguage":"fr-FR","@id":"https:\/\/vosgesinfo.fr\/remiremontinfo\/2021\/09\/manifestation-anti-pass-sanitaire-environ-600-personnes-a-epinal\/#primaryimage","url":"https:\/\/vosgesinfo.fr\/app\/uploads\/sites\/5\/2024\/09\/202109img-4432.jpg","contentUrl":"https:\/\/vosgesinfo.fr\/app\/uploads\/sites\/5\/2024\/09\/202109img-4432.jpg","width":800,"height":533},{"@type":"BreadcrumbList","@id":"https:\/\/vosgesinfo.fr\/remiremontinfo\/2021\/09\/manifestation-anti-pass-sanitaire-environ-600-personnes-a-epinal\/#breadcrumb","itemListElement":[{"@type":"ListItem","position":1,"name":"Home","item":"https:\/\/vosgesinfo.fr\/remiremontinfo\/"},{"@type":"ListItem","position":2,"name":"Manifestation des anti-pass sanitaire : environ 600 personnes \u00e0 Epinal"}]},{"@type":"WebSite","@id":"https:\/\/vosgesinfo.fr\/remiremontinfo\/#website","url":"https:\/\/vosgesinfo.fr\/remiremontinfo\/","name":"Remiremont Info","description":"Toute l&#039;actualit\u00e9 de Remiremont","publisher":{"@id":"https:\/\/vosgesinfo.fr\/remiremontinfo\/#organization"},"alternateName":"Toute l'actualit\u00e9 de Remiremont","potentialAction":[{"@type":"SearchAction","target":{"@type":"EntryPoint","urlTemplate":"https:\/\/vosgesinfo.fr\/remiremontinfo\/?s={search_term_string}"},"query-input":"required name=search_term_string"}],"inLanguage":"fr-FR"},{"@type":"Organization","@id":"https:\/\/vosgesinfo.fr\/remiremontinfo\/#organization","name":"Remiremont Info","url":"https:\/\/vosgesinfo.fr\/remiremontinfo\/","logo":{"@type":"ImageObject","inLanguage":"fr-FR","@id":"https:\/\/vosgesinfo.fr\/remiremontinfo\/#\/schema\/logo\/image\/","url":"https:\/\/vosgesinfo.fr\/app\/uploads\/sites\/5\/2023\/08\/favicon-remiremontinfo.png","contentUrl":"https:\/\/vosgesinfo.fr\/app\/uploads\/sites\/5\/2023\/08\/favicon-remiremontinfo.png","width":512,"height":512,"caption":"Remiremont Info"},"image":{"@id":"https:\/\/vosgesinfo.fr\/remiremontinfo\/#\/schema\/logo\/image\/"},"sameAs":["https:\/\/www.facebook.com\/remiremontinfo","https:\/\/x.com\/VosgesInfo88","https:\/\/www.youtube.com\/@vosgesinfo"]},{"@type":"Person","@id":"https:\/\/vosgesinfo.fr\/remiremontinfo\/#\/schema\/person\/3bfd164d5218a185b1db68655a265316","name":"C D","image":{"@type":"ImageObject","inLanguage":"fr-FR","@id":"https:\/\/vosgesinfo.fr\/remiremontinfo\/#\/schema\/person\/image\/","url":"https:\/\/secure.gravatar.com\/avatar\/1f9a70007336511a47468b8f1c66f922b8b7cf617b02a31149ada43893a5d48f?s=96&d=mm&r=g","contentUrl":"https:\/\/secure.gravatar.com\/avatar\/1f9a70007336511a47468b8f1c66f922b8b7cf617b02a31149ada43893a5d48f?s=96&d=mm&r=g","caption":"C D"},"url":"https:\/\/vosgesinfo.fr\/remiremontinfo\/author\/cedric-drevet\/"}]}},"_links":{"self":[{"href":"https:\/\/vosgesinfo.fr\/remiremontinfo\/wp-json\/wp\/v2\/posts\/45418","targetHints":{"allow":["GET"]}}],"collection":[{"href":"https:\/\/vosgesinfo.fr\/remiremontinfo\/wp-json\/wp\/v2\/posts"}],"about":[{"href":"https:\/\/vosgesinfo.fr\/remiremontinfo\/wp-json\/wp\/v2\/types\/post"}],"author":[{"embeddable":true,"href":"https:\/\/vosgesinfo.fr\/remiremontinfo\/wp-json\/wp\/v2\/users\/407"}],"replies":[{"embeddable":true,"href":"https:\/\/vosgesinfo.fr\/remiremontinfo\/wp-json\/wp\/v2\/comments?post=45418"}],"version-history":[{"count":0,"href":"https:\/\/vosgesinfo.fr\/remiremontinfo\/wp-json\/wp\/v2\/posts\/45418\/revisions"}],"wp:featuredmedia":[{"embeddable":true,"href":"https:\/\/vosgesinfo.fr\/remiremontinfo\/wp-json\/wp\/v2\/media\/45419"}],"wp:attachment":[{"href":"https:\/\/vosgesinfo.fr\/remiremontinfo\/wp-json\/wp\/v2\/media?parent=45418"}],"wp:term":[{"taxonomy":"category","embeddable":true,"href":"https:\/\/vosgesinfo.fr\/remiremontinfo\/wp-json\/wp\/v2\/categories?post=45418"},{"taxonomy":"post_tag","embeddable":true,"href":"https:\/\/vosgesinfo.fr\/remiremontinfo\/wp-json\/wp\/v2\/tags?post=45418"}],"curies":[{"name":"wp","href":"https:\/\/api.w.org\/{rel}","templated":true}]}}