{"id":45424,"date":"2021-09-05T04:10:26","date_gmt":"2021-09-05T02:10:26","guid":{"rendered":"https:\/\/vosgesinfo.fr\/remiremontinfo\/2021\/09\/saint-etienne-deux-ateliers-coeur-bouger-plus\/"},"modified":"2021-09-05T04:10:26","modified_gmt":"2021-09-05T02:10:26","slug":"saint-etienne-deux-ateliers-coeur-bouger-plus","status":"publish","type":"post","link":"https:\/\/vosgesinfo.fr\/remiremontinfo\/2021\/09\/saint-etienne-deux-ateliers-coeur-bouger-plus\/","title":{"rendered":"Saint-Etienne : deux ateliers \u00ab\u00a0Pour votre coeur, bouger plus ! \u00ab\u00a0"},"content":{"rendered":"<p style=\"text-align: center;\"><a href=\"\/2021\/09\/Capture-d\u2019\u00e9cran-2021-09-05-101706.png\"><img decoding=\"async\" class=\"alignnone size-full wp-image-325481\" src=\"\/2021\/09\/Capture-d\u2019\u00e9cran-2021-09-05-101706.png\" alt=\"Capture d\u2019\u00e9cran 2021-09-05 101706\" width=\"803\" height=\"558\" \/><\/a><\/p>\n<p style=\"text-align: center;\"><span style=\"font-size: 10pt;\"><em>Photo d&rsquo;illustration<\/em><\/span><\/p>\n<p style=\"text-align: center;\"><span style=\"font-size: 12pt;\"><em>Communiqu\u00e9 de la Mutualit\u00e9 Fran\u00e7aise Grand-Est<\/em><\/span><\/p>\n<h2><strong><span style=\"font-size: 12pt;\">La Mutualit\u00e9 Fran\u00e7aise Grand Est &amp; ses partenaires organisent les 14 et 28 septembre 2021 \u00e0 Saint-\u00c9tienne-l\u00e8s-Remiremont deux ateliers visant \u00e0 pr\u00e9venir les risques li\u00e9s aux maladies cardiovasculaires intitul\u00e9s : \u00ab\u00a0Pour votre coeur, bouger plus ! \u00ab\u00a0<\/span><\/strong><\/h2>\n<p>Depuis 2012, l\u2019inactivit\u00e9 physique est devenue la premi\u00e8re cause de mortalit\u00e9 \u00e9vitable dans le monde, responsable de plus de d\u00e9c\u00e8s que le tabagisme. Selon l\u2019Organisation Mondiale de la Sant\u00e9, l\u2019inactivit\u00e9 physique est responsable \u00e0 elle seule de 10 % des d\u00e9c\u00e8s en Europe. A l\u2019inverse, l\u2019activit\u00e9 physique peut diminuer significativement la mortalit\u00e9 pr\u00e9coce. Ainsi, ajouter \u00e0 son mode de vie 15 minutes de marche tous les jours diminue la mortalit\u00e9 de 14 %, que l\u2019on soit jeune ou \u00e2g\u00e9, un homme ou une femme, en bonne sant\u00e9 cardiovasculaire ou non, hypertendu ou non, ob\u00e8se ou non, diab\u00e9tique ou non. (sources : Minist\u00e8re Charg\u00e9 des Sports).<\/p>\n<p>Forts de ce constat, la Mutualit\u00e9 Fran\u00e7aise Grand Est, l\u2019APS Vosges et l\u2019Espace Sant\u00e9 du Pays de Remiremont organisent une rencontre sant\u00e9 intitul\u00e9e \u201cPour votre c\u0153ur, bougez plus !\u201d \u00e0 Saint-Etienne-l\u00e8s-Remiremont les mardis 14 et 28 septembre 2021. Ces deux ateliers ont vocation \u00e0 permettre aux participants de s\u2019informer sur les bienfaits de l\u2019activit\u00e9 physique dans la pr\u00e9vention des maladies chroniques, de prendre conscience de leur niveau d\u2019activit\u00e9 physique et de faire \u00e9voluer leurs habitudes au quotidien.<\/p>\n<p style=\"text-align: center;\"><em><strong>14 et 28.09.2021<\/strong> | 17h-19h \u201cPour votre c\u0153ur, bougez plus !\u201d<\/em><br \/>\n<em>Salle multi-activit\u00e9s, 30 route de Xennois \u00e0 Saint-\u00c9tienne-l\u00e8s-Remiremont<\/em><\/p>\n<p>Cette rencontre sant\u00e9 sera anim\u00e9e par une charg\u00e9e de pr\u00e9vention de la Mutualit\u00e9 Fran\u00e7aise Grand Est, \u00e9galement \u00e9ducatrice sportive. Elle a pour objectifs :<br \/>\n\u2022 d\u2019apporter des informations et des rep\u00e8res mais aussi de montrer que la pratique d\u2019une activit\u00e9 physique r\u00e9guli\u00e8re peut se faire sans contrainte,<br \/>\n\u2022 de faire prendre conscience aux participants de leur niveau de condition physique,<br \/>\n\u2022 d\u2019\u00e9changer et de donner des cl\u00e9s pour faire \u00e9voluer les habitudes au quotidien<\/p>\n<p>Ces ateliers sont gratuits et ouverts \u00e0 toute personne de plus de 18 ans souhaitant se (re)mettre \u00e0 une activit\u00e9 physique. Il est recommand\u00e9 de venir en tenue d\u00e9contract\u00e9e pour le premier atelier.<\/p>\n<p>Gratuit et ouvert \u00e0 tou.te.s sous r\u00e9serve d\u2019inscription pr\u00e9alable. Pour participer \u00e0 cet \u00e9v\u00e8nement, merci de vous munir de votre pass sanitaire valide, papier ou num\u00e9rique (certificat de vaccination ou certificat de test n\u00e9gatif de moins de 72h).<\/p>\n<p><em>Communiqu\u00e9 de la Mutualit\u00e9 Fran\u00e7aise Grand-Est<\/em><\/p>\n","protected":false},"excerpt":{"rendered":"<p>Photo d&rsquo;illustration Communiqu\u00e9 de la Mutualit\u00e9 Fran\u00e7aise Grand-Est La Mutualit\u00e9 Fran\u00e7aise Grand Est &amp; ses partenaires organisent les 14 et [&hellip;]<\/p>\n","protected":false},"author":407,"featured_media":45425,"comment_status":"open","ping_status":"open","sticky":false,"template":"","format":"standard","meta":{"footnotes":""},"categories":[26,35,155,12],"tags":[614,2249,2250,46,61],"class_list":["post-45424","post","type-post","status-publish","format-standard","has-post-thumbnail","hentry","category-a-la-une","category-remiremont-son-canton","category-saint-etienne","category-sante","tag-atelier","tag-coeur","tag-mutualite-francaise","tag-sante","tag-sport"],"acf":[],"yoast_head":"<!-- This site is optimized with the Yoast SEO plugin v22.5 - https:\/\/yoast.com\/wordpress\/plugins\/seo\/ -->\n<title>Saint-Etienne : deux ateliers &quot;Pour votre coeur, bouger plus ! &quot; - Remiremont Info<\/title>\n<meta name=\"robots\" content=\"index, follow, max-snippet:-1, max-image-preview:large, max-video-preview:-1\" \/>\n<link rel=\"canonical\" href=\"https:\/\/vosgesinfo.fr\/remiremontinfo\/2021\/09\/saint-etienne-deux-ateliers-coeur-bouger-plus\/\" \/>\n<meta name=\"twitter:card\" content=\"summary_large_image\" \/>\n<meta name=\"twitter:title\" content=\"Saint-Etienne : deux ateliers &quot;Pour votre coeur, bouger plus ! &quot; - Remiremont Info\" \/>\n<meta name=\"twitter:description\" content=\"Photo d&rsquo;illustration Communiqu\u00e9 de la Mutualit\u00e9 Fran\u00e7aise Grand-Est La Mutualit\u00e9 Fran\u00e7aise Grand Est &amp; ses partenaires organisent les 14 et [&hellip;]\" \/>\n<meta name=\"twitter:image\" content=\"https:\/\/vosgesinfo.fr\/app\/uploads\/sites\/5\/2024\/09\/202109capture-decran-2021-09-05-101706.png\" \/>\n<meta name=\"twitter:creator\" content=\"@VosgesInfo88\" \/>\n<meta name=\"twitter:site\" content=\"@VosgesInfo88\" \/>\n<meta name=\"twitter:label1\" content=\"\u00c9crit par\" \/>\n\t<meta name=\"twitter:data1\" content=\"C D\" \/>\n\t<meta name=\"twitter:label2\" content=\"Dur\u00e9e de lecture estim\u00e9e\" \/>\n\t<meta name=\"twitter:data2\" content=\"2 minutes\" \/>\n<script type=\"application\/ld+json\" class=\"yoast-schema-graph\">{\"@context\":\"https:\/\/schema.org\",\"@graph\":[{\"@type\":\"Article\",\"@id\":\"https:\/\/vosgesinfo.fr\/remiremontinfo\/2021\/09\/saint-etienne-deux-ateliers-coeur-bouger-plus\/#article\",\"isPartOf\":{\"@id\":\"https:\/\/vosgesinfo.fr\/remiremontinfo\/2021\/09\/saint-etienne-deux-ateliers-coeur-bouger-plus\/\"},\"author\":{\"name\":\"C D\",\"@id\":\"https:\/\/vosgesinfo.fr\/remiremontinfo\/#\/schema\/person\/3bfd164d5218a185b1db68655a265316\"},\"headline\":\"Saint-Etienne : deux ateliers \u00ab\u00a0Pour votre coeur, bouger plus ! \u00ab\u00a0\",\"datePublished\":\"2021-09-05T02:10:26+00:00\",\"dateModified\":\"2021-09-05T02:10:26+00:00\",\"mainEntityOfPage\":{\"@id\":\"https:\/\/vosgesinfo.fr\/remiremontinfo\/2021\/09\/saint-etienne-deux-ateliers-coeur-bouger-plus\/\"},\"wordCount\":428,\"commentCount\":0,\"publisher\":{\"@id\":\"https:\/\/vosgesinfo.fr\/remiremontinfo\/#organization\"},\"image\":{\"@id\":\"https:\/\/vosgesinfo.fr\/remiremontinfo\/2021\/09\/saint-etienne-deux-ateliers-coeur-bouger-plus\/#primaryimage\"},\"thumbnailUrl\":\"https:\/\/vosgesinfo.fr\/app\/uploads\/sites\/5\/2024\/09\/202109capture-decran-2021-09-05-101706.png\",\"keywords\":[\"Atelier\",\"coeur\",\"mutualit\u00e9 fran\u00e7aise\",\"sant\u00e9\",\"sport\"],\"articleSection\":[\"A la Une\",\"Remiremont &amp; son canton\",\"Saint-Etienne\",\"Sant\u00e9\"],\"inLanguage\":\"fr-FR\",\"potentialAction\":[{\"@type\":\"CommentAction\",\"name\":\"Comment\",\"target\":[\"https:\/\/vosgesinfo.fr\/remiremontinfo\/2021\/09\/saint-etienne-deux-ateliers-coeur-bouger-plus\/#respond\"]}]},{\"@type\":\"WebPage\",\"@id\":\"https:\/\/vosgesinfo.fr\/remiremontinfo\/2021\/09\/saint-etienne-deux-ateliers-coeur-bouger-plus\/\",\"url\":\"https:\/\/vosgesinfo.fr\/remiremontinfo\/2021\/09\/saint-etienne-deux-ateliers-coeur-bouger-plus\/\",\"name\":\"Saint-Etienne : deux ateliers \\\"Pour votre coeur, bouger plus ! \\\" - Remiremont Info\",\"isPartOf\":{\"@id\":\"https:\/\/vosgesinfo.fr\/remiremontinfo\/#website\"},\"primaryImageOfPage\":{\"@id\":\"https:\/\/vosgesinfo.fr\/remiremontinfo\/2021\/09\/saint-etienne-deux-ateliers-coeur-bouger-plus\/#primaryimage\"},\"image\":{\"@id\":\"https:\/\/vosgesinfo.fr\/remiremontinfo\/2021\/09\/saint-etienne-deux-ateliers-coeur-bouger-plus\/#primaryimage\"},\"thumbnailUrl\":\"https:\/\/vosgesinfo.fr\/app\/uploads\/sites\/5\/2024\/09\/202109capture-decran-2021-09-05-101706.png\",\"datePublished\":\"2021-09-05T02:10:26+00:00\",\"dateModified\":\"2021-09-05T02:10:26+00:00\",\"breadcrumb\":{\"@id\":\"https:\/\/vosgesinfo.fr\/remiremontinfo\/2021\/09\/saint-etienne-deux-ateliers-coeur-bouger-plus\/#breadcrumb\"},\"inLanguage\":\"fr-FR\",\"potentialAction\":[{\"@type\":\"ReadAction\",\"target\":[\"https:\/\/vosgesinfo.fr\/remiremontinfo\/2021\/09\/saint-etienne-deux-ateliers-coeur-bouger-plus\/\"]}]},{\"@type\":\"ImageObject\",\"inLanguage\":\"fr-FR\",\"@id\":\"https:\/\/vosgesinfo.fr\/remiremontinfo\/2021\/09\/saint-etienne-deux-ateliers-coeur-bouger-plus\/#primaryimage\",\"url\":\"https:\/\/vosgesinfo.fr\/app\/uploads\/sites\/5\/2024\/09\/202109capture-decran-2021-09-05-101706.png\",\"contentUrl\":\"https:\/\/vosgesinfo.fr\/app\/uploads\/sites\/5\/2024\/09\/202109capture-decran-2021-09-05-101706.png\",\"width\":803,\"height\":558},{\"@type\":\"BreadcrumbList\",\"@id\":\"https:\/\/vosgesinfo.fr\/remiremontinfo\/2021\/09\/saint-etienne-deux-ateliers-coeur-bouger-plus\/#breadcrumb\",\"itemListElement\":[{\"@type\":\"ListItem\",\"position\":1,\"name\":\"Home\",\"item\":\"https:\/\/vosgesinfo.fr\/remiremontinfo\/\"},{\"@type\":\"ListItem\",\"position\":2,\"name\":\"Saint-Etienne : deux ateliers \u00ab\u00a0Pour votre coeur, bouger plus ! \u00ab\u00a0\"}]},{\"@type\":\"WebSite\",\"@id\":\"https:\/\/vosgesinfo.fr\/remiremontinfo\/#website\",\"url\":\"https:\/\/vosgesinfo.fr\/remiremontinfo\/\",\"name\":\"Remiremont Info\",\"description\":\"Toute l&#039;actualit\u00e9 de Remiremont\",\"publisher\":{\"@id\":\"https:\/\/vosgesinfo.fr\/remiremontinfo\/#organization\"},\"alternateName\":\"Toute l'actualit\u00e9 de Remiremont\",\"potentialAction\":[{\"@type\":\"SearchAction\",\"target\":{\"@type\":\"EntryPoint\",\"urlTemplate\":\"https:\/\/vosgesinfo.fr\/remiremontinfo\/?s={search_term_string}\"},\"query-input\":\"required name=search_term_string\"}],\"inLanguage\":\"fr-FR\"},{\"@type\":\"Organization\",\"@id\":\"https:\/\/vosgesinfo.fr\/remiremontinfo\/#organization\",\"name\":\"Remiremont Info\",\"url\":\"https:\/\/vosgesinfo.fr\/remiremontinfo\/\",\"logo\":{\"@type\":\"ImageObject\",\"inLanguage\":\"fr-FR\",\"@id\":\"https:\/\/vosgesinfo.fr\/remiremontinfo\/#\/schema\/logo\/image\/\",\"url\":\"https:\/\/vosgesinfo.fr\/app\/uploads\/sites\/5\/2023\/08\/favicon-remiremontinfo.png\",\"contentUrl\":\"https:\/\/vosgesinfo.fr\/app\/uploads\/sites\/5\/2023\/08\/favicon-remiremontinfo.png\",\"width\":512,\"height\":512,\"caption\":\"Remiremont Info\"},\"image\":{\"@id\":\"https:\/\/vosgesinfo.fr\/remiremontinfo\/#\/schema\/logo\/image\/\"},\"sameAs\":[\"https:\/\/www.facebook.com\/remiremontinfo\",\"https:\/\/x.com\/VosgesInfo88\",\"https:\/\/www.youtube.com\/@vosgesinfo\"]},{\"@type\":\"Person\",\"@id\":\"https:\/\/vosgesinfo.fr\/remiremontinfo\/#\/schema\/person\/3bfd164d5218a185b1db68655a265316\",\"name\":\"C D\",\"image\":{\"@type\":\"ImageObject\",\"inLanguage\":\"fr-FR\",\"@id\":\"https:\/\/vosgesinfo.fr\/remiremontinfo\/#\/schema\/person\/image\/\",\"url\":\"https:\/\/secure.gravatar.com\/avatar\/1f9a70007336511a47468b8f1c66f922b8b7cf617b02a31149ada43893a5d48f?s=96&d=mm&r=g\",\"contentUrl\":\"https:\/\/secure.gravatar.com\/avatar\/1f9a70007336511a47468b8f1c66f922b8b7cf617b02a31149ada43893a5d48f?s=96&d=mm&r=g\",\"caption\":\"C D\"},\"url\":\"https:\/\/vosgesinfo.fr\/remiremontinfo\/author\/cedric-drevet\/\"}]}<\/script>\n<!-- \/ Yoast SEO plugin. -->","yoast_head_json":{"title":"Saint-Etienne : deux ateliers \"Pour votre coeur, bouger plus ! \" - Remiremont Info","robots":{"index":"index","follow":"follow","max-snippet":"max-snippet:-1","max-image-preview":"max-image-preview:large","max-video-preview":"max-video-preview:-1"},"canonical":"https:\/\/vosgesinfo.fr\/remiremontinfo\/2021\/09\/saint-etienne-deux-ateliers-coeur-bouger-plus\/","twitter_card":"summary_large_image","twitter_title":"Saint-Etienne : deux ateliers \"Pour votre coeur, bouger plus ! \" - Remiremont Info","twitter_description":"Photo d&rsquo;illustration Communiqu\u00e9 de la Mutualit\u00e9 Fran\u00e7aise Grand-Est La Mutualit\u00e9 Fran\u00e7aise Grand Est &amp; ses partenaires organisent les 14 et [&hellip;]","twitter_image":"https:\/\/vosgesinfo.fr\/app\/uploads\/sites\/5\/2024\/09\/202109capture-decran-2021-09-05-101706.png","twitter_creator":"@VosgesInfo88","twitter_site":"@VosgesInfo88","twitter_misc":{"\u00c9crit par":"C D","Dur\u00e9e de lecture estim\u00e9e":"2 minutes"},"schema":{"@context":"https:\/\/schema.org","@graph":[{"@type":"Article","@id":"https:\/\/vosgesinfo.fr\/remiremontinfo\/2021\/09\/saint-etienne-deux-ateliers-coeur-bouger-plus\/#article","isPartOf":{"@id":"https:\/\/vosgesinfo.fr\/remiremontinfo\/2021\/09\/saint-etienne-deux-ateliers-coeur-bouger-plus\/"},"author":{"name":"C D","@id":"https:\/\/vosgesinfo.fr\/remiremontinfo\/#\/schema\/person\/3bfd164d5218a185b1db68655a265316"},"headline":"Saint-Etienne : deux ateliers \u00ab\u00a0Pour votre coeur, bouger plus ! \u00ab\u00a0","datePublished":"2021-09-05T02:10:26+00:00","dateModified":"2021-09-05T02:10:26+00:00","mainEntityOfPage":{"@id":"https:\/\/vosgesinfo.fr\/remiremontinfo\/2021\/09\/saint-etienne-deux-ateliers-coeur-bouger-plus\/"},"wordCount":428,"commentCount":0,"publisher":{"@id":"https:\/\/vosgesinfo.fr\/remiremontinfo\/#organization"},"image":{"@id":"https:\/\/vosgesinfo.fr\/remiremontinfo\/2021\/09\/saint-etienne-deux-ateliers-coeur-bouger-plus\/#primaryimage"},"thumbnailUrl":"https:\/\/vosgesinfo.fr\/app\/uploads\/sites\/5\/2024\/09\/202109capture-decran-2021-09-05-101706.png","keywords":["Atelier","coeur","mutualit\u00e9 fran\u00e7aise","sant\u00e9","sport"],"articleSection":["A la Une","Remiremont &amp; son canton","Saint-Etienne","Sant\u00e9"],"inLanguage":"fr-FR","potentialAction":[{"@type":"CommentAction","name":"Comment","target":["https:\/\/vosgesinfo.fr\/remiremontinfo\/2021\/09\/saint-etienne-deux-ateliers-coeur-bouger-plus\/#respond"]}]},{"@type":"WebPage","@id":"https:\/\/vosgesinfo.fr\/remiremontinfo\/2021\/09\/saint-etienne-deux-ateliers-coeur-bouger-plus\/","url":"https:\/\/vosgesinfo.fr\/remiremontinfo\/2021\/09\/saint-etienne-deux-ateliers-coeur-bouger-plus\/","name":"Saint-Etienne : deux ateliers \"Pour votre coeur, bouger plus ! \" - Remiremont Info","isPartOf":{"@id":"https:\/\/vosgesinfo.fr\/remiremontinfo\/#website"},"primaryImageOfPage":{"@id":"https:\/\/vosgesinfo.fr\/remiremontinfo\/2021\/09\/saint-etienne-deux-ateliers-coeur-bouger-plus\/#primaryimage"},"image":{"@id":"https:\/\/vosgesinfo.fr\/remiremontinfo\/2021\/09\/saint-etienne-deux-ateliers-coeur-bouger-plus\/#primaryimage"},"thumbnailUrl":"https:\/\/vosgesinfo.fr\/app\/uploads\/sites\/5\/2024\/09\/202109capture-decran-2021-09-05-101706.png","datePublished":"2021-09-05T02:10:26+00:00","dateModified":"2021-09-05T02:10:26+00:00","breadcrumb":{"@id":"https:\/\/vosgesinfo.fr\/remiremontinfo\/2021\/09\/saint-etienne-deux-ateliers-coeur-bouger-plus\/#breadcrumb"},"inLanguage":"fr-FR","potentialAction":[{"@type":"ReadAction","target":["https:\/\/vosgesinfo.fr\/remiremontinfo\/2021\/09\/saint-etienne-deux-ateliers-coeur-bouger-plus\/"]}]},{"@type":"ImageObject","inLanguage":"fr-FR","@id":"https:\/\/vosgesinfo.fr\/remiremontinfo\/2021\/09\/saint-etienne-deux-ateliers-coeur-bouger-plus\/#primaryimage","url":"https:\/\/vosgesinfo.fr\/app\/uploads\/sites\/5\/2024\/09\/202109capture-decran-2021-09-05-101706.png","contentUrl":"https:\/\/vosgesinfo.fr\/app\/uploads\/sites\/5\/2024\/09\/202109capture-decran-2021-09-05-101706.png","width":803,"height":558},{"@type":"BreadcrumbList","@id":"https:\/\/vosgesinfo.fr\/remiremontinfo\/2021\/09\/saint-etienne-deux-ateliers-coeur-bouger-plus\/#breadcrumb","itemListElement":[{"@type":"ListItem","position":1,"name":"Home","item":"https:\/\/vosgesinfo.fr\/remiremontinfo\/"},{"@type":"ListItem","position":2,"name":"Saint-Etienne : deux ateliers \u00ab\u00a0Pour votre coeur, bouger plus ! \u00ab\u00a0"}]},{"@type":"WebSite","@id":"https:\/\/vosgesinfo.fr\/remiremontinfo\/#website","url":"https:\/\/vosgesinfo.fr\/remiremontinfo\/","name":"Remiremont Info","description":"Toute l&#039;actualit\u00e9 de Remiremont","publisher":{"@id":"https:\/\/vosgesinfo.fr\/remiremontinfo\/#organization"},"alternateName":"Toute l'actualit\u00e9 de Remiremont","potentialAction":[{"@type":"SearchAction","target":{"@type":"EntryPoint","urlTemplate":"https:\/\/vosgesinfo.fr\/remiremontinfo\/?s={search_term_string}"},"query-input":"required name=search_term_string"}],"inLanguage":"fr-FR"},{"@type":"Organization","@id":"https:\/\/vosgesinfo.fr\/remiremontinfo\/#organization","name":"Remiremont Info","url":"https:\/\/vosgesinfo.fr\/remiremontinfo\/","logo":{"@type":"ImageObject","inLanguage":"fr-FR","@id":"https:\/\/vosgesinfo.fr\/remiremontinfo\/#\/schema\/logo\/image\/","url":"https:\/\/vosgesinfo.fr\/app\/uploads\/sites\/5\/2023\/08\/favicon-remiremontinfo.png","contentUrl":"https:\/\/vosgesinfo.fr\/app\/uploads\/sites\/5\/2023\/08\/favicon-remiremontinfo.png","width":512,"height":512,"caption":"Remiremont Info"},"image":{"@id":"https:\/\/vosgesinfo.fr\/remiremontinfo\/#\/schema\/logo\/image\/"},"sameAs":["https:\/\/www.facebook.com\/remiremontinfo","https:\/\/x.com\/VosgesInfo88","https:\/\/www.youtube.com\/@vosgesinfo"]},{"@type":"Person","@id":"https:\/\/vosgesinfo.fr\/remiremontinfo\/#\/schema\/person\/3bfd164d5218a185b1db68655a265316","name":"C D","image":{"@type":"ImageObject","inLanguage":"fr-FR","@id":"https:\/\/vosgesinfo.fr\/remiremontinfo\/#\/schema\/person\/image\/","url":"https:\/\/secure.gravatar.com\/avatar\/1f9a70007336511a47468b8f1c66f922b8b7cf617b02a31149ada43893a5d48f?s=96&d=mm&r=g","contentUrl":"https:\/\/secure.gravatar.com\/avatar\/1f9a70007336511a47468b8f1c66f922b8b7cf617b02a31149ada43893a5d48f?s=96&d=mm&r=g","caption":"C D"},"url":"https:\/\/vosgesinfo.fr\/remiremontinfo\/author\/cedric-drevet\/"}]}},"_links":{"self":[{"href":"https:\/\/vosgesinfo.fr\/remiremontinfo\/wp-json\/wp\/v2\/posts\/45424","targetHints":{"allow":["GET"]}}],"collection":[{"href":"https:\/\/vosgesinfo.fr\/remiremontinfo\/wp-json\/wp\/v2\/posts"}],"about":[{"href":"https:\/\/vosgesinfo.fr\/remiremontinfo\/wp-json\/wp\/v2\/types\/post"}],"author":[{"embeddable":true,"href":"https:\/\/vosgesinfo.fr\/remiremontinfo\/wp-json\/wp\/v2\/users\/407"}],"replies":[{"embeddable":true,"href":"https:\/\/vosgesinfo.fr\/remiremontinfo\/wp-json\/wp\/v2\/comments?post=45424"}],"version-history":[{"count":0,"href":"https:\/\/vosgesinfo.fr\/remiremontinfo\/wp-json\/wp\/v2\/posts\/45424\/revisions"}],"wp:featuredmedia":[{"embeddable":true,"href":"https:\/\/vosgesinfo.fr\/remiremontinfo\/wp-json\/wp\/v2\/media\/45425"}],"wp:attachment":[{"href":"https:\/\/vosgesinfo.fr\/remiremontinfo\/wp-json\/wp\/v2\/media?parent=45424"}],"wp:term":[{"taxonomy":"category","embeddable":true,"href":"https:\/\/vosgesinfo.fr\/remiremontinfo\/wp-json\/wp\/v2\/categories?post=45424"},{"taxonomy":"post_tag","embeddable":true,"href":"https:\/\/vosgesinfo.fr\/remiremontinfo\/wp-json\/wp\/v2\/tags?post=45424"}],"curies":[{"name":"wp","href":"https:\/\/api.w.org\/{rel}","templated":true}]}}