{"id":45454,"date":"2021-09-06T07:27:12","date_gmt":"2021-09-06T05:27:12","guid":{"rendered":"https:\/\/vosgesinfo.fr\/remiremontinfo\/2021\/09\/realisez-photo-de-couverture-prochain-topoguide-grandes-echappees-vosgiennes\/"},"modified":"2021-09-06T07:27:12","modified_gmt":"2021-09-06T05:27:12","slug":"realisez-photo-de-couverture-prochain-topoguide-grandes-echappees-vosgiennes","status":"publish","type":"post","link":"https:\/\/vosgesinfo.fr\/remiremontinfo\/2021\/09\/realisez-photo-de-couverture-prochain-topoguide-grandes-echappees-vosgiennes\/","title":{"rendered":"R\u00e9alisez la photo de couverture du prochain Topoguide des Grandes Echapp\u00e9es Vosgiennes !"},"content":{"rendered":"<p style=\"text-align: center;\"><a href=\"\/2021\/09\/02REDIM.jpg\"><img decoding=\"async\" class=\"alignnone size-full wp-image-325542\" src=\"\/2021\/09\/02REDIM.jpg\" alt=\"02REDIM\" width=\"800\" height=\"450\" \/><\/a><\/p>\n<h2 lang=\"FR-FR\" xml:lang=\"FR-FR\"><span style=\"font-size: 12pt;\"><strong>Le prochain\u00a0Topoguide des Grandes Echapp\u00e9es Vosgiennes,\u00a0dont la r\u00e9\u00e9dition est pr\u00e9vue au printemps, recherche la photographie qui fera sa couverture.\u00a0Avis aux candidats !\u00a0<\/strong><\/span><\/h2>\n<p lang=\"FR-FR\" xml:lang=\"FR-FR\"><span style=\"font-size: 12pt;\">Vous avez une photo repr\u00e9sentative des montagnes vosgiennes, prise sur l\u2019un des\u00a0GR de Pays\u00a0de la\u00a0D\u00e9odatie\u00a0(boucle nord et sud)\u00a0ou du Tour de la Vologne, de pr\u00e9f\u00e9rence avec un ou plusieurs randonneurs ? Envoyez-la\u00a0par mail\u00a0avant le 17 septembre\u00a0(adresse ci-dessous)\u00a0et devenez l\u2019heureux gagnant\u00a0!<\/span><\/p>\n<h3 lang=\"FR-FR\" xml:lang=\"FR-FR\"><span style=\"font-size: 12pt;\"><strong>Promouvoir l\u2019itin\u00e9rance p\u00e9destre sur les 3 GR de\u00a0Pays\u00a0<\/strong><\/span><\/h3>\n<p lang=\"FR-FR\" xml:lang=\"FR-FR\"><span style=\"font-size: 12pt;\">Le concours est une initiative du\u00a0r\u00e9seau \u201cLes Grandes Echapp\u00e9es Vosgiennes\u201d\u00a0qui promeut,\u00a0gr\u00e2ce \u00e0 la collaboration de 300 professionnels\u00a0et au P\u00f4le d\u2019Equilibre Territorial et Rural (PETR)\u00a0du Pays de la\u00a0D\u00e9odatie,\u00a0la randonn\u00e9e p\u00e9destre\u00a0en\u00a0offrant\u00a0des prestations touristiques de qualit\u00e9.<\/span><\/p>\n<p lang=\"FR-FR\" xml:lang=\"FR-FR\"><span style=\"font-size: 12pt;\">Branche de la randonn\u00e9e p\u00e9destre,\u00a0l\u2019itin\u00e9rance\u00a0permet au randonneur d\u2019effectuer un\u00a0trajet sur plusieurs jours,\u00a0parcourant ainsi davantage de kilom\u00e8tres.\u00a0Cr\u00e9\u00e9s en 2013, les 3\u00a0sentiers de Grande Randonn\u00e9e de Pays\u00a0de l\u2019est vosgien\u00a0forment\u00a0des\u00a0boucles, d\u2019une dur\u00e9e de 7 \u00e0 15 jours en moyenne,\u00a0pour un total de\u00a0458 km d\u2019itin\u00e9raires, permettant de d\u00e9couvrir\u00a0toutes\u00a0les beaut\u00e9s du\u00a0territoire.\u00a0\u00a0GR de Pays de la\u00a0D\u00e9odatie\u00a0boucle nord, boucle sud ou GR de Pays du Tour de la Vologne, le plus dur est de\u00a0choisir par lequel commencer !<\/span><\/p>\n<p lang=\"FR-FR\" xml:lang=\"FR-FR\"><span style=\"font-size: 12pt;\">Lanc\u00e9 il y a 6 ans, le Topoguide avait besoin d\u2019\u00eatre r\u00e9actualis\u00e9. Ce sera chose faite au printemps 2022.<\/span><\/p>\n<h3 lang=\"FR-FR\" xml:lang=\"FR-FR\"><span style=\"font-size: 12pt;\"><strong>En pratique :<\/strong><\/span><\/h3>\n<p lang=\"FR-FR\" xml:lang=\"FR-FR\"><span style=\"font-size: 12pt;\"><strong>Une seule photo par participant \u00e0 envoyer \u00e0\u00a0<a href=\"mailto:sleudihac@deodatie.com\" target=\"_blank\" rel=\"noreferrer noopener\">sleudihac@deodatie.com<\/a>\u00a0\u00a0avant\u00a0le 17 septembre<\/strong><\/span><br \/>\n<span style=\"font-size: 12pt;\">Indiquer dans l\u2019objet : Concours photos \u2013 Nom du participant<\/span><br \/>\n<span style=\"font-size: 12pt;\">Le corps du mail devra comporter les nom, pr\u00e9nom, date de naissance, adresse postale, num\u00e9ro de t\u00e9l\u00e9phone,\u00a0adresse mail, lieu exact de la prise de vue, la mention \u201cJe reconnais avoir pris connaissance du r\u00e8glement du concours photos et accepte l\u2019ensemble\u00a0de ses dispositions\u201d et la photo au format jpeg avec une r\u00e9solution de 300 dpi et intitul\u00e9e\u00a0Nom_Pr\u00e9nom<\/span><\/p>\n<p lang=\"FR-FR\" xml:lang=\"FR-FR\"><span class=\"marker\" style=\"font-size: 12pt;\">1 photo sera retenue pour le prix du jury organisateur et fera la couverture du prochain Topoguide.\u00a0Le gagnant recevra en outre un bon cadeau d\u2019un montant de 300\u20ac.<br \/>\nLes 20 autres photos s\u00e9lectionn\u00e9es par le jury seront soumises ensuite au vote du jury populaire sur Facebook et Instagram.\u00a0Trois\u00a0bons cadeaux d\u2019une valeur de 150\u20ac, 100\u20ac,\u00a050\u20ac et 10 packs d\u00e9couverte du nouveau Topoguide sont \u00e0 remporter.<\/span><\/p>\n<p lang=\"FR-FR\" xml:lang=\"FR-FR\"><span style=\"font-size: 12pt;\">\u2013<\/span><\/p>\n<p lang=\"FR-FR\" xml:lang=\"FR-FR\"><span style=\"font-size: 12pt;\">Source :\u00a0<a href=\"http:\/\/www.vosgesmag.fr\/\" target=\"_blank\" rel=\"noopener\">www.vosgesmag.fr<\/a><\/span><\/p>\n","protected":false},"excerpt":{"rendered":"<p>Le prochain\u00a0Topoguide des Grandes Echapp\u00e9es Vosgiennes,\u00a0dont la r\u00e9\u00e9dition est pr\u00e9vue au printemps, recherche la photographie qui fera sa couverture.\u00a0Avis aux [&hellip;]<\/p>\n","protected":false},"author":407,"featured_media":45455,"comment_status":"open","ping_status":"open","sticky":false,"template":"","format":"standard","meta":{"footnotes":""},"categories":[26,18],"tags":[2256,2257,787,2258,32],"class_list":["post-45454","post","type-post","status-publish","format-standard","has-post-thumbnail","hentry","category-a-la-une","category-vosges","tag-couverture","tag-grandes-echappees","tag-photo","tag-topoguide","tag-vosges"],"acf":[],"yoast_head":"<!-- This site is optimized with the Yoast SEO plugin v22.5 - https:\/\/yoast.com\/wordpress\/plugins\/seo\/ -->\n<title>R\u00e9alisez la photo de couverture du prochain Topoguide des Grandes Echapp\u00e9es Vosgiennes ! - Remiremont Info<\/title>\n<meta name=\"robots\" content=\"index, follow, max-snippet:-1, max-image-preview:large, max-video-preview:-1\" \/>\n<link rel=\"canonical\" href=\"https:\/\/vosgesinfo.fr\/remiremontinfo\/2021\/09\/realisez-photo-de-couverture-prochain-topoguide-grandes-echappees-vosgiennes\/\" \/>\n<meta name=\"twitter:card\" content=\"summary_large_image\" \/>\n<meta name=\"twitter:title\" content=\"R\u00e9alisez la photo de couverture du prochain Topoguide des Grandes Echapp\u00e9es Vosgiennes ! - Remiremont Info\" \/>\n<meta name=\"twitter:description\" content=\"Le prochain\u00a0Topoguide des Grandes Echapp\u00e9es Vosgiennes,\u00a0dont la r\u00e9\u00e9dition est pr\u00e9vue au printemps, recherche la photographie qui fera sa couverture.\u00a0Avis aux [&hellip;]\" \/>\n<meta name=\"twitter:image\" content=\"https:\/\/vosgesinfo.fr\/app\/uploads\/sites\/5\/2024\/09\/20210902redim.jpg\" \/>\n<meta name=\"twitter:creator\" content=\"@VosgesInfo88\" \/>\n<meta name=\"twitter:site\" content=\"@VosgesInfo88\" \/>\n<meta name=\"twitter:label1\" content=\"\u00c9crit par\" \/>\n\t<meta name=\"twitter:data1\" content=\"C D\" \/>\n\t<meta name=\"twitter:label2\" content=\"Dur\u00e9e de lecture estim\u00e9e\" \/>\n\t<meta name=\"twitter:data2\" content=\"2 minutes\" \/>\n<script type=\"application\/ld+json\" class=\"yoast-schema-graph\">{\"@context\":\"https:\/\/schema.org\",\"@graph\":[{\"@type\":\"Article\",\"@id\":\"https:\/\/vosgesinfo.fr\/remiremontinfo\/2021\/09\/realisez-photo-de-couverture-prochain-topoguide-grandes-echappees-vosgiennes\/#article\",\"isPartOf\":{\"@id\":\"https:\/\/vosgesinfo.fr\/remiremontinfo\/2021\/09\/realisez-photo-de-couverture-prochain-topoguide-grandes-echappees-vosgiennes\/\"},\"author\":{\"name\":\"C D\",\"@id\":\"https:\/\/vosgesinfo.fr\/remiremontinfo\/#\/schema\/person\/3bfd164d5218a185b1db68655a265316\"},\"headline\":\"R\u00e9alisez la photo de couverture du prochain Topoguide des Grandes Echapp\u00e9es Vosgiennes !\",\"datePublished\":\"2021-09-06T05:27:12+00:00\",\"dateModified\":\"2021-09-06T05:27:12+00:00\",\"mainEntityOfPage\":{\"@id\":\"https:\/\/vosgesinfo.fr\/remiremontinfo\/2021\/09\/realisez-photo-de-couverture-prochain-topoguide-grandes-echappees-vosgiennes\/\"},\"wordCount\":432,\"commentCount\":0,\"publisher\":{\"@id\":\"https:\/\/vosgesinfo.fr\/remiremontinfo\/#organization\"},\"image\":{\"@id\":\"https:\/\/vosgesinfo.fr\/remiremontinfo\/2021\/09\/realisez-photo-de-couverture-prochain-topoguide-grandes-echappees-vosgiennes\/#primaryimage\"},\"thumbnailUrl\":\"https:\/\/vosgesinfo.fr\/app\/uploads\/sites\/5\/2024\/09\/20210902redim.jpg\",\"keywords\":[\"couverture\",\"grandes \u00e9chapp\u00e9es\",\"Photo\",\"topoguide\",\"Vosges\"],\"articleSection\":[\"A la Une\",\"Vosges\"],\"inLanguage\":\"fr-FR\",\"potentialAction\":[{\"@type\":\"CommentAction\",\"name\":\"Comment\",\"target\":[\"https:\/\/vosgesinfo.fr\/remiremontinfo\/2021\/09\/realisez-photo-de-couverture-prochain-topoguide-grandes-echappees-vosgiennes\/#respond\"]}]},{\"@type\":\"WebPage\",\"@id\":\"https:\/\/vosgesinfo.fr\/remiremontinfo\/2021\/09\/realisez-photo-de-couverture-prochain-topoguide-grandes-echappees-vosgiennes\/\",\"url\":\"https:\/\/vosgesinfo.fr\/remiremontinfo\/2021\/09\/realisez-photo-de-couverture-prochain-topoguide-grandes-echappees-vosgiennes\/\",\"name\":\"R\u00e9alisez la photo de couverture du prochain Topoguide des Grandes Echapp\u00e9es Vosgiennes ! - Remiremont Info\",\"isPartOf\":{\"@id\":\"https:\/\/vosgesinfo.fr\/remiremontinfo\/#website\"},\"primaryImageOfPage\":{\"@id\":\"https:\/\/vosgesinfo.fr\/remiremontinfo\/2021\/09\/realisez-photo-de-couverture-prochain-topoguide-grandes-echappees-vosgiennes\/#primaryimage\"},\"image\":{\"@id\":\"https:\/\/vosgesinfo.fr\/remiremontinfo\/2021\/09\/realisez-photo-de-couverture-prochain-topoguide-grandes-echappees-vosgiennes\/#primaryimage\"},\"thumbnailUrl\":\"https:\/\/vosgesinfo.fr\/app\/uploads\/sites\/5\/2024\/09\/20210902redim.jpg\",\"datePublished\":\"2021-09-06T05:27:12+00:00\",\"dateModified\":\"2021-09-06T05:27:12+00:00\",\"breadcrumb\":{\"@id\":\"https:\/\/vosgesinfo.fr\/remiremontinfo\/2021\/09\/realisez-photo-de-couverture-prochain-topoguide-grandes-echappees-vosgiennes\/#breadcrumb\"},\"inLanguage\":\"fr-FR\",\"potentialAction\":[{\"@type\":\"ReadAction\",\"target\":[\"https:\/\/vosgesinfo.fr\/remiremontinfo\/2021\/09\/realisez-photo-de-couverture-prochain-topoguide-grandes-echappees-vosgiennes\/\"]}]},{\"@type\":\"ImageObject\",\"inLanguage\":\"fr-FR\",\"@id\":\"https:\/\/vosgesinfo.fr\/remiremontinfo\/2021\/09\/realisez-photo-de-couverture-prochain-topoguide-grandes-echappees-vosgiennes\/#primaryimage\",\"url\":\"https:\/\/vosgesinfo.fr\/app\/uploads\/sites\/5\/2024\/09\/20210902redim.jpg\",\"contentUrl\":\"https:\/\/vosgesinfo.fr\/app\/uploads\/sites\/5\/2024\/09\/20210902redim.jpg\",\"width\":800,\"height\":450},{\"@type\":\"BreadcrumbList\",\"@id\":\"https:\/\/vosgesinfo.fr\/remiremontinfo\/2021\/09\/realisez-photo-de-couverture-prochain-topoguide-grandes-echappees-vosgiennes\/#breadcrumb\",\"itemListElement\":[{\"@type\":\"ListItem\",\"position\":1,\"name\":\"Home\",\"item\":\"https:\/\/vosgesinfo.fr\/remiremontinfo\/\"},{\"@type\":\"ListItem\",\"position\":2,\"name\":\"R\u00e9alisez la photo de couverture du prochain Topoguide des Grandes Echapp\u00e9es Vosgiennes !\"}]},{\"@type\":\"WebSite\",\"@id\":\"https:\/\/vosgesinfo.fr\/remiremontinfo\/#website\",\"url\":\"https:\/\/vosgesinfo.fr\/remiremontinfo\/\",\"name\":\"Remiremont Info\",\"description\":\"Toute l&#039;actualit\u00e9 de Remiremont\",\"publisher\":{\"@id\":\"https:\/\/vosgesinfo.fr\/remiremontinfo\/#organization\"},\"alternateName\":\"Toute l'actualit\u00e9 de Remiremont\",\"potentialAction\":[{\"@type\":\"SearchAction\",\"target\":{\"@type\":\"EntryPoint\",\"urlTemplate\":\"https:\/\/vosgesinfo.fr\/remiremontinfo\/?s={search_term_string}\"},\"query-input\":\"required name=search_term_string\"}],\"inLanguage\":\"fr-FR\"},{\"@type\":\"Organization\",\"@id\":\"https:\/\/vosgesinfo.fr\/remiremontinfo\/#organization\",\"name\":\"Remiremont Info\",\"url\":\"https:\/\/vosgesinfo.fr\/remiremontinfo\/\",\"logo\":{\"@type\":\"ImageObject\",\"inLanguage\":\"fr-FR\",\"@id\":\"https:\/\/vosgesinfo.fr\/remiremontinfo\/#\/schema\/logo\/image\/\",\"url\":\"https:\/\/vosgesinfo.fr\/app\/uploads\/sites\/5\/2023\/08\/favicon-remiremontinfo.png\",\"contentUrl\":\"https:\/\/vosgesinfo.fr\/app\/uploads\/sites\/5\/2023\/08\/favicon-remiremontinfo.png\",\"width\":512,\"height\":512,\"caption\":\"Remiremont Info\"},\"image\":{\"@id\":\"https:\/\/vosgesinfo.fr\/remiremontinfo\/#\/schema\/logo\/image\/\"},\"sameAs\":[\"https:\/\/www.facebook.com\/remiremontinfo\",\"https:\/\/x.com\/VosgesInfo88\",\"https:\/\/www.youtube.com\/@vosgesinfo\"]},{\"@type\":\"Person\",\"@id\":\"https:\/\/vosgesinfo.fr\/remiremontinfo\/#\/schema\/person\/3bfd164d5218a185b1db68655a265316\",\"name\":\"C D\",\"image\":{\"@type\":\"ImageObject\",\"inLanguage\":\"fr-FR\",\"@id\":\"https:\/\/vosgesinfo.fr\/remiremontinfo\/#\/schema\/person\/image\/\",\"url\":\"https:\/\/secure.gravatar.com\/avatar\/1f9a70007336511a47468b8f1c66f922b8b7cf617b02a31149ada43893a5d48f?s=96&d=mm&r=g\",\"contentUrl\":\"https:\/\/secure.gravatar.com\/avatar\/1f9a70007336511a47468b8f1c66f922b8b7cf617b02a31149ada43893a5d48f?s=96&d=mm&r=g\",\"caption\":\"C D\"},\"url\":\"https:\/\/vosgesinfo.fr\/remiremontinfo\/author\/cedric-drevet\/\"}]}<\/script>\n<!-- \/ Yoast SEO plugin. -->","yoast_head_json":{"title":"R\u00e9alisez la photo de couverture du prochain Topoguide des Grandes Echapp\u00e9es Vosgiennes ! - Remiremont Info","robots":{"index":"index","follow":"follow","max-snippet":"max-snippet:-1","max-image-preview":"max-image-preview:large","max-video-preview":"max-video-preview:-1"},"canonical":"https:\/\/vosgesinfo.fr\/remiremontinfo\/2021\/09\/realisez-photo-de-couverture-prochain-topoguide-grandes-echappees-vosgiennes\/","twitter_card":"summary_large_image","twitter_title":"R\u00e9alisez la photo de couverture du prochain Topoguide des Grandes Echapp\u00e9es Vosgiennes ! - Remiremont Info","twitter_description":"Le prochain\u00a0Topoguide des Grandes Echapp\u00e9es Vosgiennes,\u00a0dont la r\u00e9\u00e9dition est pr\u00e9vue au printemps, recherche la photographie qui fera sa couverture.\u00a0Avis aux [&hellip;]","twitter_image":"https:\/\/vosgesinfo.fr\/app\/uploads\/sites\/5\/2024\/09\/20210902redim.jpg","twitter_creator":"@VosgesInfo88","twitter_site":"@VosgesInfo88","twitter_misc":{"\u00c9crit par":"C D","Dur\u00e9e de lecture estim\u00e9e":"2 minutes"},"schema":{"@context":"https:\/\/schema.org","@graph":[{"@type":"Article","@id":"https:\/\/vosgesinfo.fr\/remiremontinfo\/2021\/09\/realisez-photo-de-couverture-prochain-topoguide-grandes-echappees-vosgiennes\/#article","isPartOf":{"@id":"https:\/\/vosgesinfo.fr\/remiremontinfo\/2021\/09\/realisez-photo-de-couverture-prochain-topoguide-grandes-echappees-vosgiennes\/"},"author":{"name":"C D","@id":"https:\/\/vosgesinfo.fr\/remiremontinfo\/#\/schema\/person\/3bfd164d5218a185b1db68655a265316"},"headline":"R\u00e9alisez la photo de couverture du prochain Topoguide des Grandes Echapp\u00e9es Vosgiennes !","datePublished":"2021-09-06T05:27:12+00:00","dateModified":"2021-09-06T05:27:12+00:00","mainEntityOfPage":{"@id":"https:\/\/vosgesinfo.fr\/remiremontinfo\/2021\/09\/realisez-photo-de-couverture-prochain-topoguide-grandes-echappees-vosgiennes\/"},"wordCount":432,"commentCount":0,"publisher":{"@id":"https:\/\/vosgesinfo.fr\/remiremontinfo\/#organization"},"image":{"@id":"https:\/\/vosgesinfo.fr\/remiremontinfo\/2021\/09\/realisez-photo-de-couverture-prochain-topoguide-grandes-echappees-vosgiennes\/#primaryimage"},"thumbnailUrl":"https:\/\/vosgesinfo.fr\/app\/uploads\/sites\/5\/2024\/09\/20210902redim.jpg","keywords":["couverture","grandes \u00e9chapp\u00e9es","Photo","topoguide","Vosges"],"articleSection":["A la Une","Vosges"],"inLanguage":"fr-FR","potentialAction":[{"@type":"CommentAction","name":"Comment","target":["https:\/\/vosgesinfo.fr\/remiremontinfo\/2021\/09\/realisez-photo-de-couverture-prochain-topoguide-grandes-echappees-vosgiennes\/#respond"]}]},{"@type":"WebPage","@id":"https:\/\/vosgesinfo.fr\/remiremontinfo\/2021\/09\/realisez-photo-de-couverture-prochain-topoguide-grandes-echappees-vosgiennes\/","url":"https:\/\/vosgesinfo.fr\/remiremontinfo\/2021\/09\/realisez-photo-de-couverture-prochain-topoguide-grandes-echappees-vosgiennes\/","name":"R\u00e9alisez la photo de couverture du prochain Topoguide des Grandes Echapp\u00e9es Vosgiennes ! - Remiremont Info","isPartOf":{"@id":"https:\/\/vosgesinfo.fr\/remiremontinfo\/#website"},"primaryImageOfPage":{"@id":"https:\/\/vosgesinfo.fr\/remiremontinfo\/2021\/09\/realisez-photo-de-couverture-prochain-topoguide-grandes-echappees-vosgiennes\/#primaryimage"},"image":{"@id":"https:\/\/vosgesinfo.fr\/remiremontinfo\/2021\/09\/realisez-photo-de-couverture-prochain-topoguide-grandes-echappees-vosgiennes\/#primaryimage"},"thumbnailUrl":"https:\/\/vosgesinfo.fr\/app\/uploads\/sites\/5\/2024\/09\/20210902redim.jpg","datePublished":"2021-09-06T05:27:12+00:00","dateModified":"2021-09-06T05:27:12+00:00","breadcrumb":{"@id":"https:\/\/vosgesinfo.fr\/remiremontinfo\/2021\/09\/realisez-photo-de-couverture-prochain-topoguide-grandes-echappees-vosgiennes\/#breadcrumb"},"inLanguage":"fr-FR","potentialAction":[{"@type":"ReadAction","target":["https:\/\/vosgesinfo.fr\/remiremontinfo\/2021\/09\/realisez-photo-de-couverture-prochain-topoguide-grandes-echappees-vosgiennes\/"]}]},{"@type":"ImageObject","inLanguage":"fr-FR","@id":"https:\/\/vosgesinfo.fr\/remiremontinfo\/2021\/09\/realisez-photo-de-couverture-prochain-topoguide-grandes-echappees-vosgiennes\/#primaryimage","url":"https:\/\/vosgesinfo.fr\/app\/uploads\/sites\/5\/2024\/09\/20210902redim.jpg","contentUrl":"https:\/\/vosgesinfo.fr\/app\/uploads\/sites\/5\/2024\/09\/20210902redim.jpg","width":800,"height":450},{"@type":"BreadcrumbList","@id":"https:\/\/vosgesinfo.fr\/remiremontinfo\/2021\/09\/realisez-photo-de-couverture-prochain-topoguide-grandes-echappees-vosgiennes\/#breadcrumb","itemListElement":[{"@type":"ListItem","position":1,"name":"Home","item":"https:\/\/vosgesinfo.fr\/remiremontinfo\/"},{"@type":"ListItem","position":2,"name":"R\u00e9alisez la photo de couverture du prochain Topoguide des Grandes Echapp\u00e9es Vosgiennes !"}]},{"@type":"WebSite","@id":"https:\/\/vosgesinfo.fr\/remiremontinfo\/#website","url":"https:\/\/vosgesinfo.fr\/remiremontinfo\/","name":"Remiremont Info","description":"Toute l&#039;actualit\u00e9 de Remiremont","publisher":{"@id":"https:\/\/vosgesinfo.fr\/remiremontinfo\/#organization"},"alternateName":"Toute l'actualit\u00e9 de Remiremont","potentialAction":[{"@type":"SearchAction","target":{"@type":"EntryPoint","urlTemplate":"https:\/\/vosgesinfo.fr\/remiremontinfo\/?s={search_term_string}"},"query-input":"required name=search_term_string"}],"inLanguage":"fr-FR"},{"@type":"Organization","@id":"https:\/\/vosgesinfo.fr\/remiremontinfo\/#organization","name":"Remiremont Info","url":"https:\/\/vosgesinfo.fr\/remiremontinfo\/","logo":{"@type":"ImageObject","inLanguage":"fr-FR","@id":"https:\/\/vosgesinfo.fr\/remiremontinfo\/#\/schema\/logo\/image\/","url":"https:\/\/vosgesinfo.fr\/app\/uploads\/sites\/5\/2023\/08\/favicon-remiremontinfo.png","contentUrl":"https:\/\/vosgesinfo.fr\/app\/uploads\/sites\/5\/2023\/08\/favicon-remiremontinfo.png","width":512,"height":512,"caption":"Remiremont Info"},"image":{"@id":"https:\/\/vosgesinfo.fr\/remiremontinfo\/#\/schema\/logo\/image\/"},"sameAs":["https:\/\/www.facebook.com\/remiremontinfo","https:\/\/x.com\/VosgesInfo88","https:\/\/www.youtube.com\/@vosgesinfo"]},{"@type":"Person","@id":"https:\/\/vosgesinfo.fr\/remiremontinfo\/#\/schema\/person\/3bfd164d5218a185b1db68655a265316","name":"C D","image":{"@type":"ImageObject","inLanguage":"fr-FR","@id":"https:\/\/vosgesinfo.fr\/remiremontinfo\/#\/schema\/person\/image\/","url":"https:\/\/secure.gravatar.com\/avatar\/1f9a70007336511a47468b8f1c66f922b8b7cf617b02a31149ada43893a5d48f?s=96&d=mm&r=g","contentUrl":"https:\/\/secure.gravatar.com\/avatar\/1f9a70007336511a47468b8f1c66f922b8b7cf617b02a31149ada43893a5d48f?s=96&d=mm&r=g","caption":"C D"},"url":"https:\/\/vosgesinfo.fr\/remiremontinfo\/author\/cedric-drevet\/"}]}},"_links":{"self":[{"href":"https:\/\/vosgesinfo.fr\/remiremontinfo\/wp-json\/wp\/v2\/posts\/45454","targetHints":{"allow":["GET"]}}],"collection":[{"href":"https:\/\/vosgesinfo.fr\/remiremontinfo\/wp-json\/wp\/v2\/posts"}],"about":[{"href":"https:\/\/vosgesinfo.fr\/remiremontinfo\/wp-json\/wp\/v2\/types\/post"}],"author":[{"embeddable":true,"href":"https:\/\/vosgesinfo.fr\/remiremontinfo\/wp-json\/wp\/v2\/users\/407"}],"replies":[{"embeddable":true,"href":"https:\/\/vosgesinfo.fr\/remiremontinfo\/wp-json\/wp\/v2\/comments?post=45454"}],"version-history":[{"count":0,"href":"https:\/\/vosgesinfo.fr\/remiremontinfo\/wp-json\/wp\/v2\/posts\/45454\/revisions"}],"wp:featuredmedia":[{"embeddable":true,"href":"https:\/\/vosgesinfo.fr\/remiremontinfo\/wp-json\/wp\/v2\/media\/45455"}],"wp:attachment":[{"href":"https:\/\/vosgesinfo.fr\/remiremontinfo\/wp-json\/wp\/v2\/media?parent=45454"}],"wp:term":[{"taxonomy":"category","embeddable":true,"href":"https:\/\/vosgesinfo.fr\/remiremontinfo\/wp-json\/wp\/v2\/categories?post=45454"},{"taxonomy":"post_tag","embeddable":true,"href":"https:\/\/vosgesinfo.fr\/remiremontinfo\/wp-json\/wp\/v2\/tags?post=45454"}],"curies":[{"name":"wp","href":"https:\/\/api.w.org\/{rel}","templated":true}]}}