{"id":45461,"date":"2021-09-06T07:47:38","date_gmt":"2021-09-06T05:47:38","guid":{"rendered":"https:\/\/vosgesinfo.fr\/remiremontinfo\/2021\/09\/remiremont-cest-rentree-club-mandolines\/"},"modified":"2021-09-06T07:47:38","modified_gmt":"2021-09-06T05:47:38","slug":"remiremont-cest-rentree-club-mandolines","status":"publish","type":"post","link":"https:\/\/vosgesinfo.fr\/remiremontinfo\/2021\/09\/remiremont-cest-rentree-club-mandolines\/","title":{"rendered":"Remiremont : c&rsquo;est la rentr\u00e9e pour le Club des Mandolines\u00a0"},"content":{"rendered":"<div dir=\"auto\" style=\"text-align: center;\"><a href=\"\/2021\/09\/IMG_9035.jpg\"><img decoding=\"async\" class=\"alignnone size-full wp-image-325551\" src=\"\/2021\/09\/IMG_9035.jpg\" alt=\"IMG_9035\" width=\"800\" height=\"600\" \/><\/a><\/div>\n<div dir=\"auto\"><\/div>\n<div class=\"o9v6fnle cxmmr5t8 oygrvhab hcukyx3x c1et5uql ii04i59q\">\n<div dir=\"auto\"><span style=\"font-size: 10pt;\"><em>Photo d&rsquo;archive<\/em><\/span><\/div>\n<h2 dir=\"auto\"><span style=\"font-size: 12pt;\"><strong>Comme de nombreux clubs et associations culturels et sportifs, le Club des Mandolines de Remiremont fait sa rentr\u00e9e. Les nouvelles inscriptions sont ouvertes depuis le 4 septembre les mercredis de 16 \u00e0 18h et les samedis de 17 \u00e0 19h.<\/strong><\/span><\/h2>\n<\/div>\n<div class=\"o9v6fnle cxmmr5t8 oygrvhab hcukyx3x c1et5uql ii04i59q\">\n<div dir=\"auto\">Reprise des cours :<\/div>\n<div dir=\"auto\">&#8211; 1\u00e8re ann\u00e9e : mercredi 15 septembre \u00e0 10h (mercredis-samedis 10h)<\/div>\n<div dir=\"auto\">&#8211; 2\u00e8me ann\u00e9e : mercredi 8 septembre \u00e0 14h (mercredis-samedis 14h)<\/div>\n<div dir=\"auto\">&#8211; 3\u00e8me ann\u00e9e : mercredi 8 septembre \u00e0 15h (mercredis 15h et vendredis 17h)<\/div>\n<div dir=\"auto\">&#8211; 4\u00e8me ann\u00e9e : jeudi 9 septembre \u00e0 17h15 (lundis-jeudis 17h15)<\/div>\n<div dir=\"auto\">&#8211; 5\u00e8me ann\u00e9e : mercredi 8 septembre \u00e0 17h (lundis-mercredis 17h)<\/div>\n<\/div>\n<div class=\"o9v6fnle cxmmr5t8 oygrvhab hcukyx3x c1et5uql ii04i59q\">\n<div dir=\"auto\"><\/div>\n<div dir=\"auto\">Orchestre :<\/div>\n<div dir=\"auto\">&#8211; R\u00e9p\u00e9titions mardis 20h15 et samedis 17h \u00e0 partir du 31 ao\u00fbt<\/div>\n<div dir=\"auto\">&#8211; R\u00e9p\u00e9tition des jeunes musiciens les samedis 16h15 \u00e0 partir du 11 septembre suivie de la r\u00e9p\u00e9tition \u00e0 17h<\/div>\n<\/div>\n<div class=\"o9v6fnle cxmmr5t8 oygrvhab hcukyx3x c1et5uql ii04i59q\">\n<div dir=\"auto\"><\/div>\n<div dir=\"auto\">Le pass sanitaire valide (sch\u00e9ma vaccinal complet, ou test n\u00e9gatif de moins de 72h, ou certificat de r\u00e9tablissement de la COVID 19), sera demand\u00e9 sur le palier du 2\u00e8me \u00e9tage \u00e0 toute personne \u00e2g\u00e9e de 18 ans et plus. Merci de le pr\u00e9parer et de patienter avant d\u2019entrer dans les locaux. \u00c0 compter du 30 septembre le pass sera demand\u00e9 aux enfants d\u00e8s 12 ans.<\/div>\n<\/div>\n","protected":false},"excerpt":{"rendered":"<p>Photo d&rsquo;archive Comme de nombreux clubs et associations culturels et sportifs, le Club des Mandolines de Remiremont fait sa rentr\u00e9e. [&hellip;]<\/p>\n","protected":false},"author":407,"featured_media":45462,"comment_status":"open","ping_status":"open","sticky":false,"template":"","format":"standard","meta":{"footnotes":""},"categories":[26,4,1556,35],"tags":[320,2261,2262,2263,117,1870,44,2245],"class_list":["post-45461","post","type-post","status-publish","format-standard","has-post-thumbnail","hentry","category-a-la-une","category-culture","category-remiremont-remiremont-son-canton-2","category-remiremont-son-canton","tag-club-des-mandolines","tag-cours","tag-guitares","tag-mandolines","tag-musique","tag-orchestre","tag-remiremont","tag-reprise"],"acf":[],"yoast_head":"<!-- This site is optimized with the Yoast SEO plugin v22.5 - https:\/\/yoast.com\/wordpress\/plugins\/seo\/ -->\n<title>Remiremont : c&#039;est la rentr\u00e9e pour le Club des Mandolines\u00a0 - Remiremont Info<\/title>\n<meta name=\"robots\" content=\"index, follow, max-snippet:-1, max-image-preview:large, max-video-preview:-1\" \/>\n<link rel=\"canonical\" href=\"https:\/\/vosgesinfo.fr\/remiremontinfo\/2021\/09\/remiremont-cest-rentree-club-mandolines\/\" \/>\n<meta name=\"twitter:card\" content=\"summary_large_image\" \/>\n<meta name=\"twitter:title\" content=\"Remiremont : c&#039;est la rentr\u00e9e pour le Club des Mandolines\u00a0 - Remiremont Info\" \/>\n<meta name=\"twitter:description\" content=\"Photo d&rsquo;archive Comme de nombreux clubs et associations culturels et sportifs, le Club des Mandolines de Remiremont fait sa rentr\u00e9e. [&hellip;]\" \/>\n<meta name=\"twitter:image\" content=\"https:\/\/vosgesinfo.fr\/app\/uploads\/sites\/5\/2024\/09\/202109img-9035.jpg\" \/>\n<meta name=\"twitter:creator\" content=\"@VosgesInfo88\" \/>\n<meta name=\"twitter:site\" content=\"@VosgesInfo88\" \/>\n<meta name=\"twitter:label1\" content=\"\u00c9crit par\" \/>\n\t<meta name=\"twitter:data1\" content=\"C D\" \/>\n\t<meta name=\"twitter:label2\" content=\"Dur\u00e9e de lecture estim\u00e9e\" \/>\n\t<meta name=\"twitter:data2\" content=\"1 minute\" \/>\n<script type=\"application\/ld+json\" class=\"yoast-schema-graph\">{\"@context\":\"https:\/\/schema.org\",\"@graph\":[{\"@type\":\"Article\",\"@id\":\"https:\/\/vosgesinfo.fr\/remiremontinfo\/2021\/09\/remiremont-cest-rentree-club-mandolines\/#article\",\"isPartOf\":{\"@id\":\"https:\/\/vosgesinfo.fr\/remiremontinfo\/2021\/09\/remiremont-cest-rentree-club-mandolines\/\"},\"author\":{\"name\":\"C D\",\"@id\":\"https:\/\/vosgesinfo.fr\/remiremontinfo\/#\/schema\/person\/3bfd164d5218a185b1db68655a265316\"},\"headline\":\"Remiremont : c&rsquo;est la rentr\u00e9e pour le Club des Mandolines\u00a0\",\"datePublished\":\"2021-09-06T05:47:38+00:00\",\"dateModified\":\"2021-09-06T05:47:38+00:00\",\"mainEntityOfPage\":{\"@id\":\"https:\/\/vosgesinfo.fr\/remiremontinfo\/2021\/09\/remiremont-cest-rentree-club-mandolines\/\"},\"wordCount\":201,\"commentCount\":0,\"publisher\":{\"@id\":\"https:\/\/vosgesinfo.fr\/remiremontinfo\/#organization\"},\"image\":{\"@id\":\"https:\/\/vosgesinfo.fr\/remiremontinfo\/2021\/09\/remiremont-cest-rentree-club-mandolines\/#primaryimage\"},\"thumbnailUrl\":\"https:\/\/vosgesinfo.fr\/app\/uploads\/sites\/5\/2024\/09\/202109img-9035.jpg\",\"keywords\":[\"Club des mandolines\",\"cours\",\"guitares\",\"mandolines\",\"musique\",\"orchestre\",\"remiremont\",\"reprise\"],\"articleSection\":[\"A la Une\",\"Culture\",\"Remiremont\",\"Remiremont &amp; son canton\"],\"inLanguage\":\"fr-FR\",\"potentialAction\":[{\"@type\":\"CommentAction\",\"name\":\"Comment\",\"target\":[\"https:\/\/vosgesinfo.fr\/remiremontinfo\/2021\/09\/remiremont-cest-rentree-club-mandolines\/#respond\"]}]},{\"@type\":\"WebPage\",\"@id\":\"https:\/\/vosgesinfo.fr\/remiremontinfo\/2021\/09\/remiremont-cest-rentree-club-mandolines\/\",\"url\":\"https:\/\/vosgesinfo.fr\/remiremontinfo\/2021\/09\/remiremont-cest-rentree-club-mandolines\/\",\"name\":\"Remiremont : c'est la rentr\u00e9e pour le Club des Mandolines\u00a0 - Remiremont Info\",\"isPartOf\":{\"@id\":\"https:\/\/vosgesinfo.fr\/remiremontinfo\/#website\"},\"primaryImageOfPage\":{\"@id\":\"https:\/\/vosgesinfo.fr\/remiremontinfo\/2021\/09\/remiremont-cest-rentree-club-mandolines\/#primaryimage\"},\"image\":{\"@id\":\"https:\/\/vosgesinfo.fr\/remiremontinfo\/2021\/09\/remiremont-cest-rentree-club-mandolines\/#primaryimage\"},\"thumbnailUrl\":\"https:\/\/vosgesinfo.fr\/app\/uploads\/sites\/5\/2024\/09\/202109img-9035.jpg\",\"datePublished\":\"2021-09-06T05:47:38+00:00\",\"dateModified\":\"2021-09-06T05:47:38+00:00\",\"breadcrumb\":{\"@id\":\"https:\/\/vosgesinfo.fr\/remiremontinfo\/2021\/09\/remiremont-cest-rentree-club-mandolines\/#breadcrumb\"},\"inLanguage\":\"fr-FR\",\"potentialAction\":[{\"@type\":\"ReadAction\",\"target\":[\"https:\/\/vosgesinfo.fr\/remiremontinfo\/2021\/09\/remiremont-cest-rentree-club-mandolines\/\"]}]},{\"@type\":\"ImageObject\",\"inLanguage\":\"fr-FR\",\"@id\":\"https:\/\/vosgesinfo.fr\/remiremontinfo\/2021\/09\/remiremont-cest-rentree-club-mandolines\/#primaryimage\",\"url\":\"https:\/\/vosgesinfo.fr\/app\/uploads\/sites\/5\/2024\/09\/202109img-9035.jpg\",\"contentUrl\":\"https:\/\/vosgesinfo.fr\/app\/uploads\/sites\/5\/2024\/09\/202109img-9035.jpg\",\"width\":800,\"height\":600},{\"@type\":\"BreadcrumbList\",\"@id\":\"https:\/\/vosgesinfo.fr\/remiremontinfo\/2021\/09\/remiremont-cest-rentree-club-mandolines\/#breadcrumb\",\"itemListElement\":[{\"@type\":\"ListItem\",\"position\":1,\"name\":\"Home\",\"item\":\"https:\/\/vosgesinfo.fr\/remiremontinfo\/\"},{\"@type\":\"ListItem\",\"position\":2,\"name\":\"Remiremont : c&rsquo;est la rentr\u00e9e pour le Club des Mandolines\u00a0\"}]},{\"@type\":\"WebSite\",\"@id\":\"https:\/\/vosgesinfo.fr\/remiremontinfo\/#website\",\"url\":\"https:\/\/vosgesinfo.fr\/remiremontinfo\/\",\"name\":\"Remiremont Info\",\"description\":\"Toute l&#039;actualit\u00e9 de Remiremont\",\"publisher\":{\"@id\":\"https:\/\/vosgesinfo.fr\/remiremontinfo\/#organization\"},\"alternateName\":\"Toute l'actualit\u00e9 de Remiremont\",\"potentialAction\":[{\"@type\":\"SearchAction\",\"target\":{\"@type\":\"EntryPoint\",\"urlTemplate\":\"https:\/\/vosgesinfo.fr\/remiremontinfo\/?s={search_term_string}\"},\"query-input\":\"required name=search_term_string\"}],\"inLanguage\":\"fr-FR\"},{\"@type\":\"Organization\",\"@id\":\"https:\/\/vosgesinfo.fr\/remiremontinfo\/#organization\",\"name\":\"Remiremont Info\",\"url\":\"https:\/\/vosgesinfo.fr\/remiremontinfo\/\",\"logo\":{\"@type\":\"ImageObject\",\"inLanguage\":\"fr-FR\",\"@id\":\"https:\/\/vosgesinfo.fr\/remiremontinfo\/#\/schema\/logo\/image\/\",\"url\":\"https:\/\/vosgesinfo.fr\/app\/uploads\/sites\/5\/2023\/08\/favicon-remiremontinfo.png\",\"contentUrl\":\"https:\/\/vosgesinfo.fr\/app\/uploads\/sites\/5\/2023\/08\/favicon-remiremontinfo.png\",\"width\":512,\"height\":512,\"caption\":\"Remiremont Info\"},\"image\":{\"@id\":\"https:\/\/vosgesinfo.fr\/remiremontinfo\/#\/schema\/logo\/image\/\"},\"sameAs\":[\"https:\/\/www.facebook.com\/remiremontinfo\",\"https:\/\/x.com\/VosgesInfo88\",\"https:\/\/www.youtube.com\/@vosgesinfo\"]},{\"@type\":\"Person\",\"@id\":\"https:\/\/vosgesinfo.fr\/remiremontinfo\/#\/schema\/person\/3bfd164d5218a185b1db68655a265316\",\"name\":\"C D\",\"image\":{\"@type\":\"ImageObject\",\"inLanguage\":\"fr-FR\",\"@id\":\"https:\/\/vosgesinfo.fr\/remiremontinfo\/#\/schema\/person\/image\/\",\"url\":\"https:\/\/secure.gravatar.com\/avatar\/1f9a70007336511a47468b8f1c66f922b8b7cf617b02a31149ada43893a5d48f?s=96&d=mm&r=g\",\"contentUrl\":\"https:\/\/secure.gravatar.com\/avatar\/1f9a70007336511a47468b8f1c66f922b8b7cf617b02a31149ada43893a5d48f?s=96&d=mm&r=g\",\"caption\":\"C D\"},\"url\":\"https:\/\/vosgesinfo.fr\/remiremontinfo\/author\/cedric-drevet\/\"}]}<\/script>\n<!-- \/ Yoast SEO plugin. -->","yoast_head_json":{"title":"Remiremont : c'est la rentr\u00e9e pour le Club des Mandolines\u00a0 - Remiremont Info","robots":{"index":"index","follow":"follow","max-snippet":"max-snippet:-1","max-image-preview":"max-image-preview:large","max-video-preview":"max-video-preview:-1"},"canonical":"https:\/\/vosgesinfo.fr\/remiremontinfo\/2021\/09\/remiremont-cest-rentree-club-mandolines\/","twitter_card":"summary_large_image","twitter_title":"Remiremont : c'est la rentr\u00e9e pour le Club des Mandolines\u00a0 - Remiremont Info","twitter_description":"Photo d&rsquo;archive Comme de nombreux clubs et associations culturels et sportifs, le Club des Mandolines de Remiremont fait sa rentr\u00e9e. [&hellip;]","twitter_image":"https:\/\/vosgesinfo.fr\/app\/uploads\/sites\/5\/2024\/09\/202109img-9035.jpg","twitter_creator":"@VosgesInfo88","twitter_site":"@VosgesInfo88","twitter_misc":{"\u00c9crit par":"C D","Dur\u00e9e de lecture estim\u00e9e":"1 minute"},"schema":{"@context":"https:\/\/schema.org","@graph":[{"@type":"Article","@id":"https:\/\/vosgesinfo.fr\/remiremontinfo\/2021\/09\/remiremont-cest-rentree-club-mandolines\/#article","isPartOf":{"@id":"https:\/\/vosgesinfo.fr\/remiremontinfo\/2021\/09\/remiremont-cest-rentree-club-mandolines\/"},"author":{"name":"C D","@id":"https:\/\/vosgesinfo.fr\/remiremontinfo\/#\/schema\/person\/3bfd164d5218a185b1db68655a265316"},"headline":"Remiremont : c&rsquo;est la rentr\u00e9e pour le Club des Mandolines\u00a0","datePublished":"2021-09-06T05:47:38+00:00","dateModified":"2021-09-06T05:47:38+00:00","mainEntityOfPage":{"@id":"https:\/\/vosgesinfo.fr\/remiremontinfo\/2021\/09\/remiremont-cest-rentree-club-mandolines\/"},"wordCount":201,"commentCount":0,"publisher":{"@id":"https:\/\/vosgesinfo.fr\/remiremontinfo\/#organization"},"image":{"@id":"https:\/\/vosgesinfo.fr\/remiremontinfo\/2021\/09\/remiremont-cest-rentree-club-mandolines\/#primaryimage"},"thumbnailUrl":"https:\/\/vosgesinfo.fr\/app\/uploads\/sites\/5\/2024\/09\/202109img-9035.jpg","keywords":["Club des mandolines","cours","guitares","mandolines","musique","orchestre","remiremont","reprise"],"articleSection":["A la Une","Culture","Remiremont","Remiremont &amp; son canton"],"inLanguage":"fr-FR","potentialAction":[{"@type":"CommentAction","name":"Comment","target":["https:\/\/vosgesinfo.fr\/remiremontinfo\/2021\/09\/remiremont-cest-rentree-club-mandolines\/#respond"]}]},{"@type":"WebPage","@id":"https:\/\/vosgesinfo.fr\/remiremontinfo\/2021\/09\/remiremont-cest-rentree-club-mandolines\/","url":"https:\/\/vosgesinfo.fr\/remiremontinfo\/2021\/09\/remiremont-cest-rentree-club-mandolines\/","name":"Remiremont : c'est la rentr\u00e9e pour le Club des Mandolines\u00a0 - Remiremont Info","isPartOf":{"@id":"https:\/\/vosgesinfo.fr\/remiremontinfo\/#website"},"primaryImageOfPage":{"@id":"https:\/\/vosgesinfo.fr\/remiremontinfo\/2021\/09\/remiremont-cest-rentree-club-mandolines\/#primaryimage"},"image":{"@id":"https:\/\/vosgesinfo.fr\/remiremontinfo\/2021\/09\/remiremont-cest-rentree-club-mandolines\/#primaryimage"},"thumbnailUrl":"https:\/\/vosgesinfo.fr\/app\/uploads\/sites\/5\/2024\/09\/202109img-9035.jpg","datePublished":"2021-09-06T05:47:38+00:00","dateModified":"2021-09-06T05:47:38+00:00","breadcrumb":{"@id":"https:\/\/vosgesinfo.fr\/remiremontinfo\/2021\/09\/remiremont-cest-rentree-club-mandolines\/#breadcrumb"},"inLanguage":"fr-FR","potentialAction":[{"@type":"ReadAction","target":["https:\/\/vosgesinfo.fr\/remiremontinfo\/2021\/09\/remiremont-cest-rentree-club-mandolines\/"]}]},{"@type":"ImageObject","inLanguage":"fr-FR","@id":"https:\/\/vosgesinfo.fr\/remiremontinfo\/2021\/09\/remiremont-cest-rentree-club-mandolines\/#primaryimage","url":"https:\/\/vosgesinfo.fr\/app\/uploads\/sites\/5\/2024\/09\/202109img-9035.jpg","contentUrl":"https:\/\/vosgesinfo.fr\/app\/uploads\/sites\/5\/2024\/09\/202109img-9035.jpg","width":800,"height":600},{"@type":"BreadcrumbList","@id":"https:\/\/vosgesinfo.fr\/remiremontinfo\/2021\/09\/remiremont-cest-rentree-club-mandolines\/#breadcrumb","itemListElement":[{"@type":"ListItem","position":1,"name":"Home","item":"https:\/\/vosgesinfo.fr\/remiremontinfo\/"},{"@type":"ListItem","position":2,"name":"Remiremont : c&rsquo;est la rentr\u00e9e pour le Club des Mandolines\u00a0"}]},{"@type":"WebSite","@id":"https:\/\/vosgesinfo.fr\/remiremontinfo\/#website","url":"https:\/\/vosgesinfo.fr\/remiremontinfo\/","name":"Remiremont Info","description":"Toute l&#039;actualit\u00e9 de Remiremont","publisher":{"@id":"https:\/\/vosgesinfo.fr\/remiremontinfo\/#organization"},"alternateName":"Toute l'actualit\u00e9 de Remiremont","potentialAction":[{"@type":"SearchAction","target":{"@type":"EntryPoint","urlTemplate":"https:\/\/vosgesinfo.fr\/remiremontinfo\/?s={search_term_string}"},"query-input":"required name=search_term_string"}],"inLanguage":"fr-FR"},{"@type":"Organization","@id":"https:\/\/vosgesinfo.fr\/remiremontinfo\/#organization","name":"Remiremont Info","url":"https:\/\/vosgesinfo.fr\/remiremontinfo\/","logo":{"@type":"ImageObject","inLanguage":"fr-FR","@id":"https:\/\/vosgesinfo.fr\/remiremontinfo\/#\/schema\/logo\/image\/","url":"https:\/\/vosgesinfo.fr\/app\/uploads\/sites\/5\/2023\/08\/favicon-remiremontinfo.png","contentUrl":"https:\/\/vosgesinfo.fr\/app\/uploads\/sites\/5\/2023\/08\/favicon-remiremontinfo.png","width":512,"height":512,"caption":"Remiremont Info"},"image":{"@id":"https:\/\/vosgesinfo.fr\/remiremontinfo\/#\/schema\/logo\/image\/"},"sameAs":["https:\/\/www.facebook.com\/remiremontinfo","https:\/\/x.com\/VosgesInfo88","https:\/\/www.youtube.com\/@vosgesinfo"]},{"@type":"Person","@id":"https:\/\/vosgesinfo.fr\/remiremontinfo\/#\/schema\/person\/3bfd164d5218a185b1db68655a265316","name":"C D","image":{"@type":"ImageObject","inLanguage":"fr-FR","@id":"https:\/\/vosgesinfo.fr\/remiremontinfo\/#\/schema\/person\/image\/","url":"https:\/\/secure.gravatar.com\/avatar\/1f9a70007336511a47468b8f1c66f922b8b7cf617b02a31149ada43893a5d48f?s=96&d=mm&r=g","contentUrl":"https:\/\/secure.gravatar.com\/avatar\/1f9a70007336511a47468b8f1c66f922b8b7cf617b02a31149ada43893a5d48f?s=96&d=mm&r=g","caption":"C D"},"url":"https:\/\/vosgesinfo.fr\/remiremontinfo\/author\/cedric-drevet\/"}]}},"_links":{"self":[{"href":"https:\/\/vosgesinfo.fr\/remiremontinfo\/wp-json\/wp\/v2\/posts\/45461","targetHints":{"allow":["GET"]}}],"collection":[{"href":"https:\/\/vosgesinfo.fr\/remiremontinfo\/wp-json\/wp\/v2\/posts"}],"about":[{"href":"https:\/\/vosgesinfo.fr\/remiremontinfo\/wp-json\/wp\/v2\/types\/post"}],"author":[{"embeddable":true,"href":"https:\/\/vosgesinfo.fr\/remiremontinfo\/wp-json\/wp\/v2\/users\/407"}],"replies":[{"embeddable":true,"href":"https:\/\/vosgesinfo.fr\/remiremontinfo\/wp-json\/wp\/v2\/comments?post=45461"}],"version-history":[{"count":0,"href":"https:\/\/vosgesinfo.fr\/remiremontinfo\/wp-json\/wp\/v2\/posts\/45461\/revisions"}],"wp:featuredmedia":[{"embeddable":true,"href":"https:\/\/vosgesinfo.fr\/remiremontinfo\/wp-json\/wp\/v2\/media\/45462"}],"wp:attachment":[{"href":"https:\/\/vosgesinfo.fr\/remiremontinfo\/wp-json\/wp\/v2\/media?parent=45461"}],"wp:term":[{"taxonomy":"category","embeddable":true,"href":"https:\/\/vosgesinfo.fr\/remiremontinfo\/wp-json\/wp\/v2\/categories?post=45461"},{"taxonomy":"post_tag","embeddable":true,"href":"https:\/\/vosgesinfo.fr\/remiremontinfo\/wp-json\/wp\/v2\/tags?post=45461"}],"curies":[{"name":"wp","href":"https:\/\/api.w.org\/{rel}","templated":true}]}}