{"id":45463,"date":"2021-09-06T07:37:21","date_gmt":"2021-09-06T05:37:21","guid":{"rendered":"https:\/\/vosgesinfo.fr\/remiremontinfo\/2021\/09\/thillot-lassociation-protectrhea-recueille-2-chatons-jetes-container\/"},"modified":"2021-09-06T07:37:21","modified_gmt":"2021-09-06T05:37:21","slug":"thillot-lassociation-protectrhea-recueille-2-chatons-jetes-container","status":"publish","type":"post","link":"https:\/\/vosgesinfo.fr\/remiremontinfo\/2021\/09\/thillot-lassociation-protectrhea-recueille-2-chatons-jetes-container\/","title":{"rendered":"Le Thillot : deux chatons jet\u00e9s au fond d\u2019un container poubelle"},"content":{"rendered":"<p style=\"text-align: center;\"><a href=\"\/2021\/09\/241257307_2485744164902279_696815034038494771_n-e1630915057707.jpg\"><img decoding=\"async\" class=\"alignnone size-full wp-image-325556\" src=\"\/2021\/09\/241257307_2485744164902279_696815034038494771_n-e1630915057707.jpg\" alt=\"241257307_2485744164902279_696815034038494771_n\" width=\"800\" height=\"600\" \/><\/a><\/p>\n<p><span style=\"font-size: 10pt;\"><em>Photos de l&rsquo;association\u00a0Protect&rsquo;Rh\u00e9a\u00a0<\/em><\/span><\/p>\n<h2><span style=\"font-size: 12pt;\"><strong>Ce dimanche, les membres de l\u2019association de protection des animaux \u00ab\u00a0Protect&rsquo;Rh\u00e9a\u00a0\u00bb, bas\u00e9e au Thillot, ont \u00e9t\u00e9 contact\u00e9 par des vacanciers. En allant jeter leur poubelle, ils sont tomb\u00e9s sur deux chatons.<\/strong><\/span><\/h2>\n<p><em>\u00ab\u00a0Deux petits \u00eatres qui ont \u00e9t\u00e9 jet\u00e9s sans m\u00e9nagement au fond d&rsquo;un container poubelle\u00a0\u00bb<\/em>, affirme l\u2019association Protect&rsquo;Rh\u00e9a. <em>\u00ab\u00a0Nous nous sommes bien \u00e9videmment rendues sur place sans attendre et avons pris en charge les 2 petits\u00a0\u00bb<\/em>. Les deux animaux \u00e9taient <em>\u00ab\u00a0transis de froid, sales, maigres\u00a0\u00bb.<\/em> Ils ont tout juste 2 mois. Les membres de l\u2019association rappellent l\u2019importance capitale de la st\u00e9rilisation pour \u00e9viter l\u2019augmentation trop importante du nombre de chats. <em>\u00ab\u00a0On en parle parce que \u00e7a doit s&rsquo;arr\u00eater ! Parce que toutes les associations se battent pour que ce genre d&rsquo;horreur n&rsquo;arrive plus !\u00a0\u00bb<\/em>, affirment-ils.<em> \u00ab\u00a0Nous continuerons de nous battre mais nous avons besoin de vous ! St\u00e9rilisez et faites passer le mot !\u00a0\u00bb<\/em>. Les deux <em>\u00ab\u00a0rescap\u00e9s\u00a0\u00bb<\/em> sont maintenant entre de bonnes mains. Ils ont \u00e9t\u00e9 lav\u00e9s, nourris et vont se remettre de leur mis\u00e9rable d\u00e9but de vie. Ils seront propos\u00e9s \u00e0 l&rsquo;adoption une fois pr\u00eats pour leur nouvelle vie.<\/p>\n\n","protected":false},"excerpt":{"rendered":"<p>Photos de l&rsquo;association\u00a0Protect&rsquo;Rh\u00e9a\u00a0 Ce dimanche, les membres de l\u2019association de protection des animaux \u00ab\u00a0Protect&rsquo;Rh\u00e9a\u00a0\u00bb, bas\u00e9e au Thillot, ont \u00e9t\u00e9 contact\u00e9 [&hellip;]<\/p>\n","protected":false},"author":407,"featured_media":45464,"comment_status":"open","ping_status":"open","sticky":false,"template":"","format":"standard","meta":{"footnotes":""},"categories":[26,212,37,17],"tags":[2264,2265,2152,91,2266,1820,2267,339],"class_list":["post-45463","post","type-post","status-publish","format-standard","has-post-thumbnail","hentry","category-a-la-une","category-le-thillot-le-thillot-son-canton","category-le-thillot-son-canton","category-vie-associative","tag-abandon","tag-accueil","tag-animaux","tag-association","tag-chatons","tag-chats","tag-container","tag-protectrhea"],"acf":[],"yoast_head":"<!-- This site is optimized with the Yoast SEO plugin v22.5 - https:\/\/yoast.com\/wordpress\/plugins\/seo\/ -->\n<title>Le Thillot : deux chatons jet\u00e9s au fond d\u2019un container poubelle - Remiremont Info<\/title>\n<meta name=\"robots\" content=\"index, follow, max-snippet:-1, max-image-preview:large, max-video-preview:-1\" \/>\n<link rel=\"canonical\" href=\"https:\/\/vosgesinfo.fr\/remiremontinfo\/2021\/09\/thillot-lassociation-protectrhea-recueille-2-chatons-jetes-container\/\" \/>\n<meta name=\"twitter:card\" content=\"summary_large_image\" \/>\n<meta name=\"twitter:title\" content=\"Le Thillot : deux chatons jet\u00e9s au fond d\u2019un container poubelle - Remiremont Info\" \/>\n<meta name=\"twitter:description\" content=\"Photos de l&rsquo;association\u00a0Protect&rsquo;Rh\u00e9a\u00a0 Ce dimanche, les membres de l\u2019association de protection des animaux \u00ab\u00a0Protect&rsquo;Rh\u00e9a\u00a0\u00bb, bas\u00e9e au Thillot, ont \u00e9t\u00e9 contact\u00e9 [&hellip;]\" \/>\n<meta name=\"twitter:image\" content=\"https:\/\/vosgesinfo.fr\/app\/uploads\/sites\/5\/2024\/09\/202109241257307-2485744164902279-696815034038494771-n-e1630915057707.jpg\" \/>\n<meta name=\"twitter:creator\" content=\"@VosgesInfo88\" \/>\n<meta name=\"twitter:site\" content=\"@VosgesInfo88\" \/>\n<meta name=\"twitter:label1\" content=\"\u00c9crit par\" \/>\n\t<meta name=\"twitter:data1\" content=\"C D\" \/>\n\t<meta name=\"twitter:label2\" content=\"Dur\u00e9e de lecture estim\u00e9e\" \/>\n\t<meta name=\"twitter:data2\" content=\"1 minute\" \/>\n<script type=\"application\/ld+json\" class=\"yoast-schema-graph\">{\"@context\":\"https:\/\/schema.org\",\"@graph\":[{\"@type\":\"Article\",\"@id\":\"https:\/\/vosgesinfo.fr\/remiremontinfo\/2021\/09\/thillot-lassociation-protectrhea-recueille-2-chatons-jetes-container\/#article\",\"isPartOf\":{\"@id\":\"https:\/\/vosgesinfo.fr\/remiremontinfo\/2021\/09\/thillot-lassociation-protectrhea-recueille-2-chatons-jetes-container\/\"},\"author\":{\"name\":\"C D\",\"@id\":\"https:\/\/vosgesinfo.fr\/remiremontinfo\/#\/schema\/person\/3bfd164d5218a185b1db68655a265316\"},\"headline\":\"Le Thillot : deux chatons jet\u00e9s au fond d\u2019un container poubelle\",\"datePublished\":\"2021-09-06T05:37:21+00:00\",\"dateModified\":\"2021-09-06T05:37:21+00:00\",\"mainEntityOfPage\":{\"@id\":\"https:\/\/vosgesinfo.fr\/remiremontinfo\/2021\/09\/thillot-lassociation-protectrhea-recueille-2-chatons-jetes-container\/\"},\"wordCount\":227,\"commentCount\":0,\"publisher\":{\"@id\":\"https:\/\/vosgesinfo.fr\/remiremontinfo\/#organization\"},\"image\":{\"@id\":\"https:\/\/vosgesinfo.fr\/remiremontinfo\/2021\/09\/thillot-lassociation-protectrhea-recueille-2-chatons-jetes-container\/#primaryimage\"},\"thumbnailUrl\":\"https:\/\/vosgesinfo.fr\/app\/uploads\/sites\/5\/2024\/09\/202109241257307-2485744164902279-696815034038494771-n-e1630915057707.jpg\",\"keywords\":[\"abandon\",\"accueil\",\"animaux\",\"association\",\"chatons\",\"chats\",\"container\",\"Protect'Rh\u00e9a\"],\"articleSection\":[\"A la Une\",\"Le Thillot\",\"Le Thillot &amp; son canton\",\"Vie associative\"],\"inLanguage\":\"fr-FR\",\"potentialAction\":[{\"@type\":\"CommentAction\",\"name\":\"Comment\",\"target\":[\"https:\/\/vosgesinfo.fr\/remiremontinfo\/2021\/09\/thillot-lassociation-protectrhea-recueille-2-chatons-jetes-container\/#respond\"]}]},{\"@type\":\"WebPage\",\"@id\":\"https:\/\/vosgesinfo.fr\/remiremontinfo\/2021\/09\/thillot-lassociation-protectrhea-recueille-2-chatons-jetes-container\/\",\"url\":\"https:\/\/vosgesinfo.fr\/remiremontinfo\/2021\/09\/thillot-lassociation-protectrhea-recueille-2-chatons-jetes-container\/\",\"name\":\"Le Thillot : deux chatons jet\u00e9s au fond d\u2019un container poubelle - Remiremont Info\",\"isPartOf\":{\"@id\":\"https:\/\/vosgesinfo.fr\/remiremontinfo\/#website\"},\"primaryImageOfPage\":{\"@id\":\"https:\/\/vosgesinfo.fr\/remiremontinfo\/2021\/09\/thillot-lassociation-protectrhea-recueille-2-chatons-jetes-container\/#primaryimage\"},\"image\":{\"@id\":\"https:\/\/vosgesinfo.fr\/remiremontinfo\/2021\/09\/thillot-lassociation-protectrhea-recueille-2-chatons-jetes-container\/#primaryimage\"},\"thumbnailUrl\":\"https:\/\/vosgesinfo.fr\/app\/uploads\/sites\/5\/2024\/09\/202109241257307-2485744164902279-696815034038494771-n-e1630915057707.jpg\",\"datePublished\":\"2021-09-06T05:37:21+00:00\",\"dateModified\":\"2021-09-06T05:37:21+00:00\",\"breadcrumb\":{\"@id\":\"https:\/\/vosgesinfo.fr\/remiremontinfo\/2021\/09\/thillot-lassociation-protectrhea-recueille-2-chatons-jetes-container\/#breadcrumb\"},\"inLanguage\":\"fr-FR\",\"potentialAction\":[{\"@type\":\"ReadAction\",\"target\":[\"https:\/\/vosgesinfo.fr\/remiremontinfo\/2021\/09\/thillot-lassociation-protectrhea-recueille-2-chatons-jetes-container\/\"]}]},{\"@type\":\"ImageObject\",\"inLanguage\":\"fr-FR\",\"@id\":\"https:\/\/vosgesinfo.fr\/remiremontinfo\/2021\/09\/thillot-lassociation-protectrhea-recueille-2-chatons-jetes-container\/#primaryimage\",\"url\":\"https:\/\/vosgesinfo.fr\/app\/uploads\/sites\/5\/2024\/09\/202109241257307-2485744164902279-696815034038494771-n-e1630915057707.jpg\",\"contentUrl\":\"https:\/\/vosgesinfo.fr\/app\/uploads\/sites\/5\/2024\/09\/202109241257307-2485744164902279-696815034038494771-n-e1630915057707.jpg\",\"width\":800,\"height\":600},{\"@type\":\"BreadcrumbList\",\"@id\":\"https:\/\/vosgesinfo.fr\/remiremontinfo\/2021\/09\/thillot-lassociation-protectrhea-recueille-2-chatons-jetes-container\/#breadcrumb\",\"itemListElement\":[{\"@type\":\"ListItem\",\"position\":1,\"name\":\"Home\",\"item\":\"https:\/\/vosgesinfo.fr\/remiremontinfo\/\"},{\"@type\":\"ListItem\",\"position\":2,\"name\":\"Le Thillot : deux chatons jet\u00e9s au fond d\u2019un container poubelle\"}]},{\"@type\":\"WebSite\",\"@id\":\"https:\/\/vosgesinfo.fr\/remiremontinfo\/#website\",\"url\":\"https:\/\/vosgesinfo.fr\/remiremontinfo\/\",\"name\":\"Remiremont Info\",\"description\":\"Toute l&#039;actualit\u00e9 de Remiremont\",\"publisher\":{\"@id\":\"https:\/\/vosgesinfo.fr\/remiremontinfo\/#organization\"},\"alternateName\":\"Toute l'actualit\u00e9 de Remiremont\",\"potentialAction\":[{\"@type\":\"SearchAction\",\"target\":{\"@type\":\"EntryPoint\",\"urlTemplate\":\"https:\/\/vosgesinfo.fr\/remiremontinfo\/?s={search_term_string}\"},\"query-input\":\"required name=search_term_string\"}],\"inLanguage\":\"fr-FR\"},{\"@type\":\"Organization\",\"@id\":\"https:\/\/vosgesinfo.fr\/remiremontinfo\/#organization\",\"name\":\"Remiremont Info\",\"url\":\"https:\/\/vosgesinfo.fr\/remiremontinfo\/\",\"logo\":{\"@type\":\"ImageObject\",\"inLanguage\":\"fr-FR\",\"@id\":\"https:\/\/vosgesinfo.fr\/remiremontinfo\/#\/schema\/logo\/image\/\",\"url\":\"https:\/\/vosgesinfo.fr\/app\/uploads\/sites\/5\/2023\/08\/favicon-remiremontinfo.png\",\"contentUrl\":\"https:\/\/vosgesinfo.fr\/app\/uploads\/sites\/5\/2023\/08\/favicon-remiremontinfo.png\",\"width\":512,\"height\":512,\"caption\":\"Remiremont Info\"},\"image\":{\"@id\":\"https:\/\/vosgesinfo.fr\/remiremontinfo\/#\/schema\/logo\/image\/\"},\"sameAs\":[\"https:\/\/www.facebook.com\/remiremontinfo\",\"https:\/\/x.com\/VosgesInfo88\",\"https:\/\/www.youtube.com\/@vosgesinfo\"]},{\"@type\":\"Person\",\"@id\":\"https:\/\/vosgesinfo.fr\/remiremontinfo\/#\/schema\/person\/3bfd164d5218a185b1db68655a265316\",\"name\":\"C D\",\"image\":{\"@type\":\"ImageObject\",\"inLanguage\":\"fr-FR\",\"@id\":\"https:\/\/vosgesinfo.fr\/remiremontinfo\/#\/schema\/person\/image\/\",\"url\":\"https:\/\/secure.gravatar.com\/avatar\/1f9a70007336511a47468b8f1c66f922b8b7cf617b02a31149ada43893a5d48f?s=96&d=mm&r=g\",\"contentUrl\":\"https:\/\/secure.gravatar.com\/avatar\/1f9a70007336511a47468b8f1c66f922b8b7cf617b02a31149ada43893a5d48f?s=96&d=mm&r=g\",\"caption\":\"C D\"},\"url\":\"https:\/\/vosgesinfo.fr\/remiremontinfo\/author\/cedric-drevet\/\"}]}<\/script>\n<!-- \/ Yoast SEO plugin. -->","yoast_head_json":{"title":"Le Thillot : deux chatons jet\u00e9s au fond d\u2019un container poubelle - Remiremont Info","robots":{"index":"index","follow":"follow","max-snippet":"max-snippet:-1","max-image-preview":"max-image-preview:large","max-video-preview":"max-video-preview:-1"},"canonical":"https:\/\/vosgesinfo.fr\/remiremontinfo\/2021\/09\/thillot-lassociation-protectrhea-recueille-2-chatons-jetes-container\/","twitter_card":"summary_large_image","twitter_title":"Le Thillot : deux chatons jet\u00e9s au fond d\u2019un container poubelle - Remiremont Info","twitter_description":"Photos de l&rsquo;association\u00a0Protect&rsquo;Rh\u00e9a\u00a0 Ce dimanche, les membres de l\u2019association de protection des animaux \u00ab\u00a0Protect&rsquo;Rh\u00e9a\u00a0\u00bb, bas\u00e9e au Thillot, ont \u00e9t\u00e9 contact\u00e9 [&hellip;]","twitter_image":"https:\/\/vosgesinfo.fr\/app\/uploads\/sites\/5\/2024\/09\/202109241257307-2485744164902279-696815034038494771-n-e1630915057707.jpg","twitter_creator":"@VosgesInfo88","twitter_site":"@VosgesInfo88","twitter_misc":{"\u00c9crit par":"C D","Dur\u00e9e de lecture estim\u00e9e":"1 minute"},"schema":{"@context":"https:\/\/schema.org","@graph":[{"@type":"Article","@id":"https:\/\/vosgesinfo.fr\/remiremontinfo\/2021\/09\/thillot-lassociation-protectrhea-recueille-2-chatons-jetes-container\/#article","isPartOf":{"@id":"https:\/\/vosgesinfo.fr\/remiremontinfo\/2021\/09\/thillot-lassociation-protectrhea-recueille-2-chatons-jetes-container\/"},"author":{"name":"C D","@id":"https:\/\/vosgesinfo.fr\/remiremontinfo\/#\/schema\/person\/3bfd164d5218a185b1db68655a265316"},"headline":"Le Thillot : deux chatons jet\u00e9s au fond d\u2019un container poubelle","datePublished":"2021-09-06T05:37:21+00:00","dateModified":"2021-09-06T05:37:21+00:00","mainEntityOfPage":{"@id":"https:\/\/vosgesinfo.fr\/remiremontinfo\/2021\/09\/thillot-lassociation-protectrhea-recueille-2-chatons-jetes-container\/"},"wordCount":227,"commentCount":0,"publisher":{"@id":"https:\/\/vosgesinfo.fr\/remiremontinfo\/#organization"},"image":{"@id":"https:\/\/vosgesinfo.fr\/remiremontinfo\/2021\/09\/thillot-lassociation-protectrhea-recueille-2-chatons-jetes-container\/#primaryimage"},"thumbnailUrl":"https:\/\/vosgesinfo.fr\/app\/uploads\/sites\/5\/2024\/09\/202109241257307-2485744164902279-696815034038494771-n-e1630915057707.jpg","keywords":["abandon","accueil","animaux","association","chatons","chats","container","Protect'Rh\u00e9a"],"articleSection":["A la Une","Le Thillot","Le Thillot &amp; son canton","Vie associative"],"inLanguage":"fr-FR","potentialAction":[{"@type":"CommentAction","name":"Comment","target":["https:\/\/vosgesinfo.fr\/remiremontinfo\/2021\/09\/thillot-lassociation-protectrhea-recueille-2-chatons-jetes-container\/#respond"]}]},{"@type":"WebPage","@id":"https:\/\/vosgesinfo.fr\/remiremontinfo\/2021\/09\/thillot-lassociation-protectrhea-recueille-2-chatons-jetes-container\/","url":"https:\/\/vosgesinfo.fr\/remiremontinfo\/2021\/09\/thillot-lassociation-protectrhea-recueille-2-chatons-jetes-container\/","name":"Le Thillot : deux chatons jet\u00e9s au fond d\u2019un container poubelle - Remiremont Info","isPartOf":{"@id":"https:\/\/vosgesinfo.fr\/remiremontinfo\/#website"},"primaryImageOfPage":{"@id":"https:\/\/vosgesinfo.fr\/remiremontinfo\/2021\/09\/thillot-lassociation-protectrhea-recueille-2-chatons-jetes-container\/#primaryimage"},"image":{"@id":"https:\/\/vosgesinfo.fr\/remiremontinfo\/2021\/09\/thillot-lassociation-protectrhea-recueille-2-chatons-jetes-container\/#primaryimage"},"thumbnailUrl":"https:\/\/vosgesinfo.fr\/app\/uploads\/sites\/5\/2024\/09\/202109241257307-2485744164902279-696815034038494771-n-e1630915057707.jpg","datePublished":"2021-09-06T05:37:21+00:00","dateModified":"2021-09-06T05:37:21+00:00","breadcrumb":{"@id":"https:\/\/vosgesinfo.fr\/remiremontinfo\/2021\/09\/thillot-lassociation-protectrhea-recueille-2-chatons-jetes-container\/#breadcrumb"},"inLanguage":"fr-FR","potentialAction":[{"@type":"ReadAction","target":["https:\/\/vosgesinfo.fr\/remiremontinfo\/2021\/09\/thillot-lassociation-protectrhea-recueille-2-chatons-jetes-container\/"]}]},{"@type":"ImageObject","inLanguage":"fr-FR","@id":"https:\/\/vosgesinfo.fr\/remiremontinfo\/2021\/09\/thillot-lassociation-protectrhea-recueille-2-chatons-jetes-container\/#primaryimage","url":"https:\/\/vosgesinfo.fr\/app\/uploads\/sites\/5\/2024\/09\/202109241257307-2485744164902279-696815034038494771-n-e1630915057707.jpg","contentUrl":"https:\/\/vosgesinfo.fr\/app\/uploads\/sites\/5\/2024\/09\/202109241257307-2485744164902279-696815034038494771-n-e1630915057707.jpg","width":800,"height":600},{"@type":"BreadcrumbList","@id":"https:\/\/vosgesinfo.fr\/remiremontinfo\/2021\/09\/thillot-lassociation-protectrhea-recueille-2-chatons-jetes-container\/#breadcrumb","itemListElement":[{"@type":"ListItem","position":1,"name":"Home","item":"https:\/\/vosgesinfo.fr\/remiremontinfo\/"},{"@type":"ListItem","position":2,"name":"Le Thillot : deux chatons jet\u00e9s au fond d\u2019un container poubelle"}]},{"@type":"WebSite","@id":"https:\/\/vosgesinfo.fr\/remiremontinfo\/#website","url":"https:\/\/vosgesinfo.fr\/remiremontinfo\/","name":"Remiremont Info","description":"Toute l&#039;actualit\u00e9 de Remiremont","publisher":{"@id":"https:\/\/vosgesinfo.fr\/remiremontinfo\/#organization"},"alternateName":"Toute l'actualit\u00e9 de Remiremont","potentialAction":[{"@type":"SearchAction","target":{"@type":"EntryPoint","urlTemplate":"https:\/\/vosgesinfo.fr\/remiremontinfo\/?s={search_term_string}"},"query-input":"required name=search_term_string"}],"inLanguage":"fr-FR"},{"@type":"Organization","@id":"https:\/\/vosgesinfo.fr\/remiremontinfo\/#organization","name":"Remiremont Info","url":"https:\/\/vosgesinfo.fr\/remiremontinfo\/","logo":{"@type":"ImageObject","inLanguage":"fr-FR","@id":"https:\/\/vosgesinfo.fr\/remiremontinfo\/#\/schema\/logo\/image\/","url":"https:\/\/vosgesinfo.fr\/app\/uploads\/sites\/5\/2023\/08\/favicon-remiremontinfo.png","contentUrl":"https:\/\/vosgesinfo.fr\/app\/uploads\/sites\/5\/2023\/08\/favicon-remiremontinfo.png","width":512,"height":512,"caption":"Remiremont Info"},"image":{"@id":"https:\/\/vosgesinfo.fr\/remiremontinfo\/#\/schema\/logo\/image\/"},"sameAs":["https:\/\/www.facebook.com\/remiremontinfo","https:\/\/x.com\/VosgesInfo88","https:\/\/www.youtube.com\/@vosgesinfo"]},{"@type":"Person","@id":"https:\/\/vosgesinfo.fr\/remiremontinfo\/#\/schema\/person\/3bfd164d5218a185b1db68655a265316","name":"C D","image":{"@type":"ImageObject","inLanguage":"fr-FR","@id":"https:\/\/vosgesinfo.fr\/remiremontinfo\/#\/schema\/person\/image\/","url":"https:\/\/secure.gravatar.com\/avatar\/1f9a70007336511a47468b8f1c66f922b8b7cf617b02a31149ada43893a5d48f?s=96&d=mm&r=g","contentUrl":"https:\/\/secure.gravatar.com\/avatar\/1f9a70007336511a47468b8f1c66f922b8b7cf617b02a31149ada43893a5d48f?s=96&d=mm&r=g","caption":"C D"},"url":"https:\/\/vosgesinfo.fr\/remiremontinfo\/author\/cedric-drevet\/"}]}},"_links":{"self":[{"href":"https:\/\/vosgesinfo.fr\/remiremontinfo\/wp-json\/wp\/v2\/posts\/45463","targetHints":{"allow":["GET"]}}],"collection":[{"href":"https:\/\/vosgesinfo.fr\/remiremontinfo\/wp-json\/wp\/v2\/posts"}],"about":[{"href":"https:\/\/vosgesinfo.fr\/remiremontinfo\/wp-json\/wp\/v2\/types\/post"}],"author":[{"embeddable":true,"href":"https:\/\/vosgesinfo.fr\/remiremontinfo\/wp-json\/wp\/v2\/users\/407"}],"replies":[{"embeddable":true,"href":"https:\/\/vosgesinfo.fr\/remiremontinfo\/wp-json\/wp\/v2\/comments?post=45463"}],"version-history":[{"count":0,"href":"https:\/\/vosgesinfo.fr\/remiremontinfo\/wp-json\/wp\/v2\/posts\/45463\/revisions"}],"wp:featuredmedia":[{"embeddable":true,"href":"https:\/\/vosgesinfo.fr\/remiremontinfo\/wp-json\/wp\/v2\/media\/45464"}],"wp:attachment":[{"href":"https:\/\/vosgesinfo.fr\/remiremontinfo\/wp-json\/wp\/v2\/media?parent=45463"}],"wp:term":[{"taxonomy":"category","embeddable":true,"href":"https:\/\/vosgesinfo.fr\/remiremontinfo\/wp-json\/wp\/v2\/categories?post=45463"},{"taxonomy":"post_tag","embeddable":true,"href":"https:\/\/vosgesinfo.fr\/remiremontinfo\/wp-json\/wp\/v2\/tags?post=45463"}],"curies":[{"name":"wp","href":"https:\/\/api.w.org\/{rel}","templated":true}]}}