{"id":45474,"date":"2021-09-06T06:40:33","date_gmt":"2021-09-06T04:40:33","guid":{"rendered":"https:\/\/vosgesinfo.fr\/remiremontinfo\/2021\/09\/remiremont-salon-de-coiffure-sensation-detente-a-change-dadresse\/"},"modified":"2021-09-06T06:40:33","modified_gmt":"2021-09-06T04:40:33","slug":"remiremont-salon-de-coiffure-sensation-detente-a-change-dadresse","status":"publish","type":"post","link":"https:\/\/vosgesinfo.fr\/remiremontinfo\/2021\/09\/remiremont-salon-de-coiffure-sensation-detente-a-change-dadresse\/","title":{"rendered":"Remiremont\u00a0: le salon de coiffure \u00ab\u00a0Sensation d\u00e9tente\u00a0\u00bb a chang\u00e9 d\u2019adresse"},"content":{"rendered":"<p style=\"text-align: center;\"><a href=\"\/2021\/09\/13.jpg\"><img decoding=\"async\" class=\"alignnone size-full wp-image-325573\" src=\"\/2021\/09\/13.jpg\" alt=\"1\" width=\"800\" height=\"561\" \/><\/a><\/p>\n<h2><span style=\"font-size: 12pt;\"><span style=\"color: #444444;\"><span style=\"font-family: 'Times New Roman', serif;\"><strong>Le <\/strong><\/span><\/span><span style=\"color: #444444;\"><span style=\"font-family: 'Times New Roman', serif;\"><strong>salon de coiffure \u00ab\u00a0Sensation d\u00e9tente\u00a0\u00bb <\/strong><\/span><\/span><span style=\"color: #444444;\"><span style=\"font-family: 'Times New Roman', serif;\"><strong>a<\/strong><\/span><\/span><span style=\"color: #444444;\"><span style=\"font-family: 'Times New Roman', serif;\"><strong> chang\u00e9 d&rsquo;adresse. <\/strong><\/span><\/span><span style=\"color: #444444;\"><span style=\"font-family: 'Times New Roman', serif;\"><strong>Pr\u00e9c\u00e9demment install\u00e9 au<\/strong><\/span><\/span><span style=\"color: #444444;\"><span style=\"font-family: 'Times New Roman', serif;\"><strong> 5 rue de la <\/strong><\/span><\/span><span style=\"color: #444444;\"><span style=\"font-family: 'Times New Roman', serif;\"><strong>X<\/strong><\/span><\/span><span style=\"color: #444444;\"><span style=\"font-family: 'Times New Roman', serif;\"><strong>av\u00e9e <\/strong><\/span><\/span><span style=\"color: #444444;\"><span style=\"font-family: 'Times New Roman', serif;\"><strong>\u00e0<\/strong><\/span><\/span><span style=\"color: #444444;\"><span style=\"font-family: 'Times New Roman', serif;\"><strong> Remiremont, <\/strong><\/span><\/span><span style=\"color: #444444;\"><span style=\"font-family: 'Times New Roman', serif;\"><strong>l\u2019\u00e9tablissement occupe d\u00e9sormais l\u2019emplacement de l\u2019ancien<\/strong><\/span><\/span><span style=\"color: #444444;\"><span style=\"font-family: 'Times New Roman', serif;\"><strong> restaurant <\/strong><\/span><\/span><span style=\"color: #444444;\"><span style=\"font-family: 'Times New Roman', serif;\"><strong>L<\/strong><\/span><\/span><span style=\"color: #444444;\"><span style=\"font-family: 'Times New Roman', serif;\"><strong>a <\/strong><\/span><\/span><span style=\"color: #444444;\"><span style=\"font-family: 'Times New Roman', serif;\"><strong>Q<\/strong><\/span><\/span><span style=\"color: #444444;\"><span style=\"font-family: 'Times New Roman', serif;\"><strong>uarterell<\/strong><\/span><\/span><span style=\"color: #444444;\"><span style=\"font-family: 'Times New Roman', serif;\"><strong>e.<\/strong><\/span><\/span> <span style=\"color: #444444;\"><span style=\"font-family: 'Times New Roman', serif;\"><strong>Les clients y trouveront u<\/strong><\/span><\/span><span style=\"color: #444444;\"><span style=\"font-family: 'Times New Roman', serif;\"><strong>n concept encore plus cocooning.\u00a0<\/strong><\/span><\/span><\/span><\/h2>\n<p><em><span style=\"color: #444444;\"><span style=\"font-family: 'Times New Roman', serif;\"><span style=\"font-size: medium;\">\u00ab\u00a0<\/span><\/span><\/span><span style=\"color: #444444;\"><span style=\"font-family: 'Times New Roman', serif;\"><span style=\"font-size: medium;\">N<\/span><\/span><\/span><span style=\"color: #444444;\"><span style=\"font-family: 'Times New Roman', serif;\"><span style=\"font-size: medium;\">ous travaillons qu&rsquo;avec des produits naturels et v\u00e9g\u00e9tal<\/span><\/span><\/span><span style=\"color: #444444;\"><span style=\"font-family: 'Times New Roman', serif;\"><span style=\"font-size: medium;\">e<\/span><\/span><\/span><span style=\"color: #444444;\"><span style=\"font-family: 'Times New Roman', serif;\"><span style=\"font-size: medium;\">s de la marque \u00ab\u00a0<\/span><\/span><\/span><span style=\"color: #444444;\"><span style=\"font-family: 'Times New Roman', serif;\"><span style=\"font-size: medium;\">Hairborist\u00a0\u00bb<\/span><\/span><\/span><\/em><span style=\"color: #444444;\"><span style=\"font-family: 'Times New Roman', serif;\"><span style=\"font-size: medium;\"><em>, con\u00e7u pour tout le monde, aussi bien pour les enfants, que les futurs mamans, les personnes malades\u00a0\u00bb<\/em>, <\/span><\/span><\/span><span style=\"color: #444444;\"><span style=\"font-family: 'Times New Roman', serif;\"><span style=\"font-size: medium;\">explique Sabrina Leclerc. <\/span><\/span><\/span><em><span style=\"color: #444444;\"><span style=\"font-family: 'Times New Roman', serif;\"><span style=\"font-size: medium;\">\u00ab\u00a0<\/span><\/span><\/span><span style=\"color: #444444;\"><span style=\"font-family: 'Times New Roman', serif;\"><span style=\"font-size: medium;\">T<\/span><\/span><\/span><span style=\"color: #444444;\"><span style=\"font-family: 'Times New Roman', serif;\"><span style=\"font-size: medium;\">ous nos produits sont rechargeables\u00a0\u00bb. <\/span><\/span><\/span><\/em><span style=\"color: #444444;\"><span style=\"font-family: 'Times New Roman', serif;\"><span style=\"font-size: medium;\">Par ailleurs, l<\/span><\/span><\/span><span style=\"color: #444444;\"><span style=\"font-family: 'Times New Roman', serif;\"><span style=\"font-size: medium;\">es cheveux <\/span><\/span><\/span><span style=\"color: #444444;\"><span style=\"font-family: 'Times New Roman', serif;\"><span style=\"font-size: medium;\">sont recycl\u00e9s <\/span><\/span><\/span><span style=\"color: #444444;\"><span style=\"font-family: 'Times New Roman', serif;\"><span style=\"font-size: medium;\">avec l&rsquo;association \u00ab\u00a0<\/span><\/span><\/span><span style=\"color: #444444;\"><span style=\"font-family: 'Times New Roman', serif;\"><span style=\"font-size: medium;\">Coiffeurs justes\u00a0\u00bb<\/span><\/span><\/span><span style=\"color: #444444;\"><span style=\"font-family: 'Times New Roman', serif;\"><span style=\"font-size: medium;\">. <\/span><\/span><\/span><span style=\"color: #444444;\"><span style=\"font-family: 'Times New Roman', serif;\"><span style=\"font-size: medium;\">Pour ce qui est de la d\u00e9tente, <\/span><\/span><\/span><em><span style=\"color: #444444;\"><span style=\"font-family: 'Times New Roman', serif;\"><span style=\"font-size: medium;\">\u00ab\u00a0<\/span><\/span><\/span><span style=\"color: #444444;\"><span style=\"font-family: 'Times New Roman', serif;\"><span style=\"font-size: medium;\">n<\/span><\/span><\/span><\/em><span style=\"color: #444444;\"><span style=\"font-family: 'Times New Roman', serif;\"><span style=\"font-size: medium;\"><em>ous offrons \u00e0 notre client\u00e8le un moment de relaxation en leur proposant des massages du cuir chevelu jusqu&rsquo;au bas du dos avant ou pendant une prestation\u00a0\u00bb<\/em>. <\/span><\/span><\/span><span style=\"color: #444444;\"><span style=\"font-family: 'Times New Roman', serif;\"><span style=\"font-size: medium;\">D<\/span><\/span><\/span><span style=\"color: #444444;\"><span style=\"font-family: 'Times New Roman', serif;\"><span style=\"font-size: medium;\">u maquillage min\u00e9ral et naturel <\/span><\/span><\/span><span style=\"color: #444444;\"><span style=\"font-family: 'Times New Roman', serif;\"><span style=\"font-size: medium;\">est \u00e9galement propos\u00e9. Le salon est aussi un lieu qui permet de d\u00e9couvrir de l\u2019artisanat d\u2019art. <\/span><\/span><\/span><em><span style=\"color: #444444;\"><span style=\"font-family: 'Times New Roman', serif;\"><span style=\"font-size: medium;\">\u00ab\u00a0<\/span><\/span><\/span><span style=\"color: #444444;\"><span style=\"font-family: 'Times New Roman', serif;\"><span style=\"font-size: medium;\">N<\/span><\/span><\/span><span style=\"color: #444444;\"><span style=\"font-family: 'Times New Roman', serif;\"><span style=\"font-size: medium;\">ous laissons \u00e0 disposition notre vitrine aux petits cr\u00e9ateurs artisans d&rsquo;art en partenariat avec la chambre des m\u00e9tiers des Vosges\u00a0\u00bb.\u00a0<\/span><\/span><\/span><\/em><\/p>\n\n","protected":false},"excerpt":{"rendered":"<p>Le salon de coiffure \u00ab\u00a0Sensation d\u00e9tente\u00a0\u00bb a chang\u00e9 d&rsquo;adresse. Pr\u00e9c\u00e9demment install\u00e9 au 5 rue de la Xav\u00e9e \u00e0 Remiremont, l\u2019\u00e9tablissement [&hellip;]<\/p>\n","protected":false},"author":407,"featured_media":45475,"comment_status":"open","ping_status":"open","sticky":false,"template":"","format":"standard","meta":{"footnotes":""},"categories":[26,120,1556,35],"tags":[44,2163,2272],"class_list":["post-45474","post","type-post","status-publish","format-standard","has-post-thumbnail","hentry","category-a-la-une","category-commerce","category-remiremont-remiremont-son-canton-2","category-remiremont-son-canton","tag-remiremont","tag-salon-de-coiffure","tag-sensation-detente"],"acf":[],"yoast_head":"<!-- This site is optimized with the Yoast SEO plugin v22.5 - https:\/\/yoast.com\/wordpress\/plugins\/seo\/ -->\n<title>Remiremont\u00a0: le salon de coiffure \u00ab\u00a0Sensation d\u00e9tente\u00a0\u00bb a chang\u00e9 d\u2019adresse - Remiremont Info<\/title>\n<meta name=\"robots\" content=\"index, follow, max-snippet:-1, max-image-preview:large, max-video-preview:-1\" \/>\n<link rel=\"canonical\" href=\"https:\/\/vosgesinfo.fr\/remiremontinfo\/2021\/09\/remiremont-salon-de-coiffure-sensation-detente-a-change-dadresse\/\" \/>\n<meta name=\"twitter:card\" content=\"summary_large_image\" \/>\n<meta name=\"twitter:title\" content=\"Remiremont\u00a0: le salon de coiffure \u00ab\u00a0Sensation d\u00e9tente\u00a0\u00bb a chang\u00e9 d\u2019adresse - Remiremont Info\" \/>\n<meta name=\"twitter:description\" content=\"Le salon de coiffure \u00ab\u00a0Sensation d\u00e9tente\u00a0\u00bb a chang\u00e9 d&rsquo;adresse. Pr\u00e9c\u00e9demment install\u00e9 au 5 rue de la Xav\u00e9e \u00e0 Remiremont, l\u2019\u00e9tablissement [&hellip;]\" \/>\n<meta name=\"twitter:image\" content=\"https:\/\/vosgesinfo.fr\/app\/uploads\/sites\/5\/2024\/09\/202109evf.jpg\" \/>\n<meta name=\"twitter:creator\" content=\"@VosgesInfo88\" \/>\n<meta name=\"twitter:site\" content=\"@VosgesInfo88\" \/>\n<meta name=\"twitter:label1\" content=\"\u00c9crit par\" \/>\n\t<meta name=\"twitter:data1\" content=\"C D\" \/>\n\t<meta name=\"twitter:label2\" content=\"Dur\u00e9e de lecture estim\u00e9e\" \/>\n\t<meta name=\"twitter:data2\" content=\"1 minute\" \/>\n<script type=\"application\/ld+json\" class=\"yoast-schema-graph\">{\"@context\":\"https:\/\/schema.org\",\"@graph\":[{\"@type\":\"Article\",\"@id\":\"https:\/\/vosgesinfo.fr\/remiremontinfo\/2021\/09\/remiremont-salon-de-coiffure-sensation-detente-a-change-dadresse\/#article\",\"isPartOf\":{\"@id\":\"https:\/\/vosgesinfo.fr\/remiremontinfo\/2021\/09\/remiremont-salon-de-coiffure-sensation-detente-a-change-dadresse\/\"},\"author\":{\"name\":\"C D\",\"@id\":\"https:\/\/vosgesinfo.fr\/remiremontinfo\/#\/schema\/person\/3bfd164d5218a185b1db68655a265316\"},\"headline\":\"Remiremont\u00a0: le salon de coiffure \u00ab\u00a0Sensation d\u00e9tente\u00a0\u00bb a chang\u00e9 d\u2019adresse\",\"datePublished\":\"2021-09-06T04:40:33+00:00\",\"dateModified\":\"2021-09-06T04:40:33+00:00\",\"mainEntityOfPage\":{\"@id\":\"https:\/\/vosgesinfo.fr\/remiremontinfo\/2021\/09\/remiremont-salon-de-coiffure-sensation-detente-a-change-dadresse\/\"},\"wordCount\":212,\"commentCount\":0,\"publisher\":{\"@id\":\"https:\/\/vosgesinfo.fr\/remiremontinfo\/#organization\"},\"image\":{\"@id\":\"https:\/\/vosgesinfo.fr\/remiremontinfo\/2021\/09\/remiremont-salon-de-coiffure-sensation-detente-a-change-dadresse\/#primaryimage\"},\"thumbnailUrl\":\"https:\/\/vosgesinfo.fr\/app\/uploads\/sites\/5\/2024\/09\/202109evf.jpg\",\"keywords\":[\"remiremont\",\"salon de coiffure\",\"sensation d\u00e9tente\"],\"articleSection\":[\"A la Une\",\"Commerce\",\"Remiremont\",\"Remiremont &amp; son canton\"],\"inLanguage\":\"fr-FR\",\"potentialAction\":[{\"@type\":\"CommentAction\",\"name\":\"Comment\",\"target\":[\"https:\/\/vosgesinfo.fr\/remiremontinfo\/2021\/09\/remiremont-salon-de-coiffure-sensation-detente-a-change-dadresse\/#respond\"]}]},{\"@type\":\"WebPage\",\"@id\":\"https:\/\/vosgesinfo.fr\/remiremontinfo\/2021\/09\/remiremont-salon-de-coiffure-sensation-detente-a-change-dadresse\/\",\"url\":\"https:\/\/vosgesinfo.fr\/remiremontinfo\/2021\/09\/remiremont-salon-de-coiffure-sensation-detente-a-change-dadresse\/\",\"name\":\"Remiremont\u00a0: le salon de coiffure \u00ab\u00a0Sensation d\u00e9tente\u00a0\u00bb a chang\u00e9 d\u2019adresse - Remiremont Info\",\"isPartOf\":{\"@id\":\"https:\/\/vosgesinfo.fr\/remiremontinfo\/#website\"},\"primaryImageOfPage\":{\"@id\":\"https:\/\/vosgesinfo.fr\/remiremontinfo\/2021\/09\/remiremont-salon-de-coiffure-sensation-detente-a-change-dadresse\/#primaryimage\"},\"image\":{\"@id\":\"https:\/\/vosgesinfo.fr\/remiremontinfo\/2021\/09\/remiremont-salon-de-coiffure-sensation-detente-a-change-dadresse\/#primaryimage\"},\"thumbnailUrl\":\"https:\/\/vosgesinfo.fr\/app\/uploads\/sites\/5\/2024\/09\/202109evf.jpg\",\"datePublished\":\"2021-09-06T04:40:33+00:00\",\"dateModified\":\"2021-09-06T04:40:33+00:00\",\"breadcrumb\":{\"@id\":\"https:\/\/vosgesinfo.fr\/remiremontinfo\/2021\/09\/remiremont-salon-de-coiffure-sensation-detente-a-change-dadresse\/#breadcrumb\"},\"inLanguage\":\"fr-FR\",\"potentialAction\":[{\"@type\":\"ReadAction\",\"target\":[\"https:\/\/vosgesinfo.fr\/remiremontinfo\/2021\/09\/remiremont-salon-de-coiffure-sensation-detente-a-change-dadresse\/\"]}]},{\"@type\":\"ImageObject\",\"inLanguage\":\"fr-FR\",\"@id\":\"https:\/\/vosgesinfo.fr\/remiremontinfo\/2021\/09\/remiremont-salon-de-coiffure-sensation-detente-a-change-dadresse\/#primaryimage\",\"url\":\"https:\/\/vosgesinfo.fr\/app\/uploads\/sites\/5\/2024\/09\/202109evf.jpg\",\"contentUrl\":\"https:\/\/vosgesinfo.fr\/app\/uploads\/sites\/5\/2024\/09\/202109evf.jpg\",\"width\":800,\"height\":593},{\"@type\":\"BreadcrumbList\",\"@id\":\"https:\/\/vosgesinfo.fr\/remiremontinfo\/2021\/09\/remiremont-salon-de-coiffure-sensation-detente-a-change-dadresse\/#breadcrumb\",\"itemListElement\":[{\"@type\":\"ListItem\",\"position\":1,\"name\":\"Home\",\"item\":\"https:\/\/vosgesinfo.fr\/remiremontinfo\/\"},{\"@type\":\"ListItem\",\"position\":2,\"name\":\"Remiremont\u00a0: le salon de coiffure \u00ab\u00a0Sensation d\u00e9tente\u00a0\u00bb a chang\u00e9 d\u2019adresse\"}]},{\"@type\":\"WebSite\",\"@id\":\"https:\/\/vosgesinfo.fr\/remiremontinfo\/#website\",\"url\":\"https:\/\/vosgesinfo.fr\/remiremontinfo\/\",\"name\":\"Remiremont Info\",\"description\":\"Toute l&#039;actualit\u00e9 de Remiremont\",\"publisher\":{\"@id\":\"https:\/\/vosgesinfo.fr\/remiremontinfo\/#organization\"},\"alternateName\":\"Toute l'actualit\u00e9 de Remiremont\",\"potentialAction\":[{\"@type\":\"SearchAction\",\"target\":{\"@type\":\"EntryPoint\",\"urlTemplate\":\"https:\/\/vosgesinfo.fr\/remiremontinfo\/?s={search_term_string}\"},\"query-input\":\"required name=search_term_string\"}],\"inLanguage\":\"fr-FR\"},{\"@type\":\"Organization\",\"@id\":\"https:\/\/vosgesinfo.fr\/remiremontinfo\/#organization\",\"name\":\"Remiremont Info\",\"url\":\"https:\/\/vosgesinfo.fr\/remiremontinfo\/\",\"logo\":{\"@type\":\"ImageObject\",\"inLanguage\":\"fr-FR\",\"@id\":\"https:\/\/vosgesinfo.fr\/remiremontinfo\/#\/schema\/logo\/image\/\",\"url\":\"https:\/\/vosgesinfo.fr\/app\/uploads\/sites\/5\/2023\/08\/favicon-remiremontinfo.png\",\"contentUrl\":\"https:\/\/vosgesinfo.fr\/app\/uploads\/sites\/5\/2023\/08\/favicon-remiremontinfo.png\",\"width\":512,\"height\":512,\"caption\":\"Remiremont Info\"},\"image\":{\"@id\":\"https:\/\/vosgesinfo.fr\/remiremontinfo\/#\/schema\/logo\/image\/\"},\"sameAs\":[\"https:\/\/www.facebook.com\/remiremontinfo\",\"https:\/\/x.com\/VosgesInfo88\",\"https:\/\/www.youtube.com\/@vosgesinfo\"]},{\"@type\":\"Person\",\"@id\":\"https:\/\/vosgesinfo.fr\/remiremontinfo\/#\/schema\/person\/3bfd164d5218a185b1db68655a265316\",\"name\":\"C D\",\"image\":{\"@type\":\"ImageObject\",\"inLanguage\":\"fr-FR\",\"@id\":\"https:\/\/vosgesinfo.fr\/remiremontinfo\/#\/schema\/person\/image\/\",\"url\":\"https:\/\/secure.gravatar.com\/avatar\/1f9a70007336511a47468b8f1c66f922b8b7cf617b02a31149ada43893a5d48f?s=96&d=mm&r=g\",\"contentUrl\":\"https:\/\/secure.gravatar.com\/avatar\/1f9a70007336511a47468b8f1c66f922b8b7cf617b02a31149ada43893a5d48f?s=96&d=mm&r=g\",\"caption\":\"C D\"},\"url\":\"https:\/\/vosgesinfo.fr\/remiremontinfo\/author\/cedric-drevet\/\"}]}<\/script>\n<!-- \/ Yoast SEO plugin. -->","yoast_head_json":{"title":"Remiremont\u00a0: le salon de coiffure \u00ab\u00a0Sensation d\u00e9tente\u00a0\u00bb a chang\u00e9 d\u2019adresse - Remiremont Info","robots":{"index":"index","follow":"follow","max-snippet":"max-snippet:-1","max-image-preview":"max-image-preview:large","max-video-preview":"max-video-preview:-1"},"canonical":"https:\/\/vosgesinfo.fr\/remiremontinfo\/2021\/09\/remiremont-salon-de-coiffure-sensation-detente-a-change-dadresse\/","twitter_card":"summary_large_image","twitter_title":"Remiremont\u00a0: le salon de coiffure \u00ab\u00a0Sensation d\u00e9tente\u00a0\u00bb a chang\u00e9 d\u2019adresse - Remiremont Info","twitter_description":"Le salon de coiffure \u00ab\u00a0Sensation d\u00e9tente\u00a0\u00bb a chang\u00e9 d&rsquo;adresse. Pr\u00e9c\u00e9demment install\u00e9 au 5 rue de la Xav\u00e9e \u00e0 Remiremont, l\u2019\u00e9tablissement [&hellip;]","twitter_image":"https:\/\/vosgesinfo.fr\/app\/uploads\/sites\/5\/2024\/09\/202109evf.jpg","twitter_creator":"@VosgesInfo88","twitter_site":"@VosgesInfo88","twitter_misc":{"\u00c9crit par":"C D","Dur\u00e9e de lecture estim\u00e9e":"1 minute"},"schema":{"@context":"https:\/\/schema.org","@graph":[{"@type":"Article","@id":"https:\/\/vosgesinfo.fr\/remiremontinfo\/2021\/09\/remiremont-salon-de-coiffure-sensation-detente-a-change-dadresse\/#article","isPartOf":{"@id":"https:\/\/vosgesinfo.fr\/remiremontinfo\/2021\/09\/remiremont-salon-de-coiffure-sensation-detente-a-change-dadresse\/"},"author":{"name":"C D","@id":"https:\/\/vosgesinfo.fr\/remiremontinfo\/#\/schema\/person\/3bfd164d5218a185b1db68655a265316"},"headline":"Remiremont\u00a0: le salon de coiffure \u00ab\u00a0Sensation d\u00e9tente\u00a0\u00bb a chang\u00e9 d\u2019adresse","datePublished":"2021-09-06T04:40:33+00:00","dateModified":"2021-09-06T04:40:33+00:00","mainEntityOfPage":{"@id":"https:\/\/vosgesinfo.fr\/remiremontinfo\/2021\/09\/remiremont-salon-de-coiffure-sensation-detente-a-change-dadresse\/"},"wordCount":212,"commentCount":0,"publisher":{"@id":"https:\/\/vosgesinfo.fr\/remiremontinfo\/#organization"},"image":{"@id":"https:\/\/vosgesinfo.fr\/remiremontinfo\/2021\/09\/remiremont-salon-de-coiffure-sensation-detente-a-change-dadresse\/#primaryimage"},"thumbnailUrl":"https:\/\/vosgesinfo.fr\/app\/uploads\/sites\/5\/2024\/09\/202109evf.jpg","keywords":["remiremont","salon de coiffure","sensation d\u00e9tente"],"articleSection":["A la Une","Commerce","Remiremont","Remiremont &amp; son canton"],"inLanguage":"fr-FR","potentialAction":[{"@type":"CommentAction","name":"Comment","target":["https:\/\/vosgesinfo.fr\/remiremontinfo\/2021\/09\/remiremont-salon-de-coiffure-sensation-detente-a-change-dadresse\/#respond"]}]},{"@type":"WebPage","@id":"https:\/\/vosgesinfo.fr\/remiremontinfo\/2021\/09\/remiremont-salon-de-coiffure-sensation-detente-a-change-dadresse\/","url":"https:\/\/vosgesinfo.fr\/remiremontinfo\/2021\/09\/remiremont-salon-de-coiffure-sensation-detente-a-change-dadresse\/","name":"Remiremont\u00a0: le salon de coiffure \u00ab\u00a0Sensation d\u00e9tente\u00a0\u00bb a chang\u00e9 d\u2019adresse - Remiremont Info","isPartOf":{"@id":"https:\/\/vosgesinfo.fr\/remiremontinfo\/#website"},"primaryImageOfPage":{"@id":"https:\/\/vosgesinfo.fr\/remiremontinfo\/2021\/09\/remiremont-salon-de-coiffure-sensation-detente-a-change-dadresse\/#primaryimage"},"image":{"@id":"https:\/\/vosgesinfo.fr\/remiremontinfo\/2021\/09\/remiremont-salon-de-coiffure-sensation-detente-a-change-dadresse\/#primaryimage"},"thumbnailUrl":"https:\/\/vosgesinfo.fr\/app\/uploads\/sites\/5\/2024\/09\/202109evf.jpg","datePublished":"2021-09-06T04:40:33+00:00","dateModified":"2021-09-06T04:40:33+00:00","breadcrumb":{"@id":"https:\/\/vosgesinfo.fr\/remiremontinfo\/2021\/09\/remiremont-salon-de-coiffure-sensation-detente-a-change-dadresse\/#breadcrumb"},"inLanguage":"fr-FR","potentialAction":[{"@type":"ReadAction","target":["https:\/\/vosgesinfo.fr\/remiremontinfo\/2021\/09\/remiremont-salon-de-coiffure-sensation-detente-a-change-dadresse\/"]}]},{"@type":"ImageObject","inLanguage":"fr-FR","@id":"https:\/\/vosgesinfo.fr\/remiremontinfo\/2021\/09\/remiremont-salon-de-coiffure-sensation-detente-a-change-dadresse\/#primaryimage","url":"https:\/\/vosgesinfo.fr\/app\/uploads\/sites\/5\/2024\/09\/202109evf.jpg","contentUrl":"https:\/\/vosgesinfo.fr\/app\/uploads\/sites\/5\/2024\/09\/202109evf.jpg","width":800,"height":593},{"@type":"BreadcrumbList","@id":"https:\/\/vosgesinfo.fr\/remiremontinfo\/2021\/09\/remiremont-salon-de-coiffure-sensation-detente-a-change-dadresse\/#breadcrumb","itemListElement":[{"@type":"ListItem","position":1,"name":"Home","item":"https:\/\/vosgesinfo.fr\/remiremontinfo\/"},{"@type":"ListItem","position":2,"name":"Remiremont\u00a0: le salon de coiffure \u00ab\u00a0Sensation d\u00e9tente\u00a0\u00bb a chang\u00e9 d\u2019adresse"}]},{"@type":"WebSite","@id":"https:\/\/vosgesinfo.fr\/remiremontinfo\/#website","url":"https:\/\/vosgesinfo.fr\/remiremontinfo\/","name":"Remiremont Info","description":"Toute l&#039;actualit\u00e9 de Remiremont","publisher":{"@id":"https:\/\/vosgesinfo.fr\/remiremontinfo\/#organization"},"alternateName":"Toute l'actualit\u00e9 de Remiremont","potentialAction":[{"@type":"SearchAction","target":{"@type":"EntryPoint","urlTemplate":"https:\/\/vosgesinfo.fr\/remiremontinfo\/?s={search_term_string}"},"query-input":"required name=search_term_string"}],"inLanguage":"fr-FR"},{"@type":"Organization","@id":"https:\/\/vosgesinfo.fr\/remiremontinfo\/#organization","name":"Remiremont Info","url":"https:\/\/vosgesinfo.fr\/remiremontinfo\/","logo":{"@type":"ImageObject","inLanguage":"fr-FR","@id":"https:\/\/vosgesinfo.fr\/remiremontinfo\/#\/schema\/logo\/image\/","url":"https:\/\/vosgesinfo.fr\/app\/uploads\/sites\/5\/2023\/08\/favicon-remiremontinfo.png","contentUrl":"https:\/\/vosgesinfo.fr\/app\/uploads\/sites\/5\/2023\/08\/favicon-remiremontinfo.png","width":512,"height":512,"caption":"Remiremont Info"},"image":{"@id":"https:\/\/vosgesinfo.fr\/remiremontinfo\/#\/schema\/logo\/image\/"},"sameAs":["https:\/\/www.facebook.com\/remiremontinfo","https:\/\/x.com\/VosgesInfo88","https:\/\/www.youtube.com\/@vosgesinfo"]},{"@type":"Person","@id":"https:\/\/vosgesinfo.fr\/remiremontinfo\/#\/schema\/person\/3bfd164d5218a185b1db68655a265316","name":"C D","image":{"@type":"ImageObject","inLanguage":"fr-FR","@id":"https:\/\/vosgesinfo.fr\/remiremontinfo\/#\/schema\/person\/image\/","url":"https:\/\/secure.gravatar.com\/avatar\/1f9a70007336511a47468b8f1c66f922b8b7cf617b02a31149ada43893a5d48f?s=96&d=mm&r=g","contentUrl":"https:\/\/secure.gravatar.com\/avatar\/1f9a70007336511a47468b8f1c66f922b8b7cf617b02a31149ada43893a5d48f?s=96&d=mm&r=g","caption":"C D"},"url":"https:\/\/vosgesinfo.fr\/remiremontinfo\/author\/cedric-drevet\/"}]}},"_links":{"self":[{"href":"https:\/\/vosgesinfo.fr\/remiremontinfo\/wp-json\/wp\/v2\/posts\/45474","targetHints":{"allow":["GET"]}}],"collection":[{"href":"https:\/\/vosgesinfo.fr\/remiremontinfo\/wp-json\/wp\/v2\/posts"}],"about":[{"href":"https:\/\/vosgesinfo.fr\/remiremontinfo\/wp-json\/wp\/v2\/types\/post"}],"author":[{"embeddable":true,"href":"https:\/\/vosgesinfo.fr\/remiremontinfo\/wp-json\/wp\/v2\/users\/407"}],"replies":[{"embeddable":true,"href":"https:\/\/vosgesinfo.fr\/remiremontinfo\/wp-json\/wp\/v2\/comments?post=45474"}],"version-history":[{"count":0,"href":"https:\/\/vosgesinfo.fr\/remiremontinfo\/wp-json\/wp\/v2\/posts\/45474\/revisions"}],"wp:featuredmedia":[{"embeddable":true,"href":"https:\/\/vosgesinfo.fr\/remiremontinfo\/wp-json\/wp\/v2\/media\/45475"}],"wp:attachment":[{"href":"https:\/\/vosgesinfo.fr\/remiremontinfo\/wp-json\/wp\/v2\/media?parent=45474"}],"wp:term":[{"taxonomy":"category","embeddable":true,"href":"https:\/\/vosgesinfo.fr\/remiremontinfo\/wp-json\/wp\/v2\/categories?post=45474"},{"taxonomy":"post_tag","embeddable":true,"href":"https:\/\/vosgesinfo.fr\/remiremontinfo\/wp-json\/wp\/v2\/tags?post=45474"}],"curies":[{"name":"wp","href":"https:\/\/api.w.org\/{rel}","templated":true}]}}