{"id":45495,"date":"2021-09-07T04:10:05","date_gmt":"2021-09-07T02:10:05","guid":{"rendered":"https:\/\/vosgesinfo.fr\/remiremontinfo\/2021\/09\/66eme-rallye-de-lorraine-deodatie-week-end\/"},"modified":"2021-09-07T04:10:05","modified_gmt":"2021-09-07T02:10:05","slug":"66eme-rallye-de-lorraine-deodatie-week-end","status":"publish","type":"post","link":"https:\/\/vosgesinfo.fr\/remiremontinfo\/2021\/09\/66eme-rallye-de-lorraine-deodatie-week-end\/","title":{"rendered":"66\u00e8me Rallye de Lorraine en D\u00e9odatie ce week-end"},"content":{"rendered":"<p style=\"text-align: center;\"><a href=\"\/2021\/09\/Affiche-Rallye-de-Lorraine-2021.jpg\"><img decoding=\"async\" class=\"alignnone size-full wp-image-325629\" src=\"\/2021\/09\/Affiche-Rallye-de-Lorraine-2021.jpg\" alt=\"Affiche-Rallye-de-Lorraine-2021\" width=\"566\" height=\"800\" \/><\/a><\/p>\n<h2><span style=\"font-size: 12pt;\"><strong>Le Rallye de Lorraine fera sa 66\u00e8me \u00e9dition ces samedi 11 et dimanche 12 septembre, sur les routes de la D\u00e9odatie et au d\u00e9part du circuit G\u00e9oparc de Saint-Di\u00e9-des-Vosges. En parall\u00e8le, se d\u00e9roulera le 9\u00e8me Rallye VHC (V\u00e9hicule Historique de Comp\u00e9tition) et VHRS (V\u00e9hicule Historique de R\u00e9gularit\u00e9 Sportive).<br \/>\n<\/strong><\/span><\/h2>\n<p><span style=\"font-size: 12pt;\">Organis\u00e9 par l\u2019Association Sportive de l\u2019Automobile Club Lorrain \u2013 ASAC Lorrain \u2013 cette \u00e9dition 2021, qui repr\u00e9sente un parcours de 490,90 kilom\u00e8tres, est divis\u00e9 en 2 \u00e9tapes et 4 sections. Le rallye comporte 12 \u00e9preuves sp\u00e9ciales, d\u2019une longueur totale de 130,88 kilom\u00e8tres.<\/span><\/p>\n<p><span style=\"font-size: 12pt;\">Apr\u00e8s les v\u00e9rifications administratives et techniques, qui auront lieu dans la soir\u00e9e de vendredi, les 64 \u00e9quipages en lice prendront le d\u00e9part samedi matin \u00e0 10h. Parmi les \u00e9quipages engag\u00e9s, on retrouve notamment Thomas Anacleto et Marie Stirling, sur Renault Clio V, qui \u00e9taient mont\u00e9s sur la troisi\u00e8me marche du podium l\u2019an dernier.<\/span><\/p>\n<p><span style=\"font-size: 12pt;\">Au titre des nouveaut\u00e9s, les 3 derni\u00e8res \u00e9preuves sp\u00e9ciales reprendront les m\u00eames routes que les 3 premi\u00e8res manches, mais cette fois-ci dans le sens inverse. L\u2019\u00e9tape 2, qui se d\u00e9roulera dimanche, comporte 6 \u00e9preuves sp\u00e9ciales dont 4 se d\u00e9rouleront en Meurthe-et-Meurthe. Dimanche en fin d\u2019apr\u00e8s-midi, la remise des troph\u00e9es s\u2019effectuera sous la Tour de la Libert\u00e9.<\/span><\/p>\n<h3><span style=\"font-size: 12pt;\"><strong>Retrouvez ci-dessous le programme du 66\u00e8me Rallye de Lorraine :<\/strong><\/span><\/h3>\n<h3><span style=\"font-size: 12pt;\"><strong>Samedi 11 septembre :<\/strong><\/span><\/h3>\n<ul>\n<li><span style=\"font-size: 12pt;\">10h : d\u00e9part du rallye;<\/span><\/li>\n<li><span style=\"font-size: 12pt;\">10h48 : ES1 La Bourgonce \u2013 Mortagne, 14,80 km;<\/span><\/li>\n<li><span style=\"font-size: 12pt;\">11h41 : ES2 Les Arrent\u00e8s \u2013 Corcieux, 6 km;<\/span><\/li>\n<li><span style=\"font-size: 12pt;\">Annul\u00e9 : ES3 Van\u00e9mont Taintrux, 9,30 km;<\/span><\/li>\n<li><span style=\"font-size: 12pt;\">Assistance;<\/span><\/li>\n<li><span style=\"font-size: 12pt;\">14h49 : ES4 La Bourgonce \u2013 Mortagne, 14,80 km;<\/span><\/li>\n<li><span style=\"font-size: 12pt;\">15h42 : ES5 Les Arrent\u00e8s \u2013 Corcieux, 6 km;<\/span><\/li>\n<li><span style=\"font-size: 12pt;\">Annul\u00e9 : ES6 Van\u00e9mont \u2013 Taintrux, 9,30 km.<\/span><\/li>\n<li><span style=\"font-size: 12pt;\">15h48 : arriv\u00e9e \u00e9tape 1.<\/span><\/li>\n<\/ul>\n<h3><span style=\"font-size: 12pt;\"><strong>Dimanche 12 septembre :<\/strong><\/span><\/h3>\n<ul>\n<li><span style=\"font-size: 12pt;\">9h : d\u00e9part \u00e9tape 2;<\/span><\/li>\n<li><span style=\"font-size: 12pt;\">10h18 : ES7 Les Moli\u00e8res \u2013 Naymont-les-Fosses, 5,70 km;<\/span><\/li>\n<li><span style=\"font-size: 12pt;\">11h01 : ES8 Pierre Perc\u00e9e, 14,40 km;<\/span><\/li>\n<li><span style=\"font-size: 12pt;\">11h34 : ES9 Montigny \u2013 Herb\u00e9viller, 13,84 km;<\/span><\/li>\n<li><span style=\"font-size: 12pt;\">Assistance;<\/span><\/li>\n<li><span style=\"font-size: 12pt;\">14h42 : ES10 Les Moli\u00e8res \u2013 Nayemont-les-Fosses, 5,70 km;<\/span><\/li>\n<li><span style=\"font-size: 12pt;\">15h25 : ES11 Pierre Perc\u00e9e, 14,40 km;<\/span><\/li>\n<li><span style=\"font-size: 12pt;\">15h58 : ES12 Montigny \u2013 Herb\u00e9viller, 13,84 km;<\/span><\/li>\n<li><span style=\"font-size: 12pt;\">16h58 : arriv\u00e9 du rallye.<\/span><\/li>\n<\/ul>\n<p><span style=\"font-size: 12pt;\">J.J.<\/span><\/p>\n","protected":false},"excerpt":{"rendered":"<p>Le Rallye de Lorraine fera sa 66\u00e8me \u00e9dition ces samedi 11 et dimanche 12 septembre, sur les routes de la [&hellip;]<\/p>\n","protected":false},"author":407,"featured_media":45496,"comment_status":"open","ping_status":"open","sticky":false,"template":"","format":"standard","meta":{"footnotes":""},"categories":[26,54,18],"tags":[1194,32],"class_list":["post-45495","post","type-post","status-publish","format-standard","has-post-thumbnail","hentry","category-a-la-une","category-loisirs","category-vosges","tag-rallye","tag-vosges"],"acf":[],"yoast_head":"<!-- This site is optimized with the Yoast SEO plugin v22.5 - https:\/\/yoast.com\/wordpress\/plugins\/seo\/ -->\n<title>66\u00e8me Rallye de Lorraine en D\u00e9odatie ce week-end - Remiremont Info<\/title>\n<meta name=\"robots\" content=\"index, follow, max-snippet:-1, max-image-preview:large, max-video-preview:-1\" \/>\n<link rel=\"canonical\" href=\"https:\/\/vosgesinfo.fr\/remiremontinfo\/2021\/09\/66eme-rallye-de-lorraine-deodatie-week-end\/\" \/>\n<meta name=\"twitter:card\" content=\"summary_large_image\" \/>\n<meta name=\"twitter:title\" content=\"66\u00e8me Rallye de Lorraine en D\u00e9odatie ce week-end - Remiremont Info\" \/>\n<meta name=\"twitter:description\" content=\"Le Rallye de Lorraine fera sa 66\u00e8me \u00e9dition ces samedi 11 et dimanche 12 septembre, sur les routes de la [&hellip;]\" \/>\n<meta name=\"twitter:image\" content=\"https:\/\/vosgesinfo.fr\/app\/uploads\/sites\/5\/2024\/09\/202109affiche-rallye-de-lorraine-2021.jpg\" \/>\n<meta name=\"twitter:creator\" content=\"@VosgesInfo88\" \/>\n<meta name=\"twitter:site\" content=\"@VosgesInfo88\" \/>\n<meta name=\"twitter:label1\" content=\"\u00c9crit par\" \/>\n\t<meta name=\"twitter:data1\" content=\"C D\" \/>\n\t<meta name=\"twitter:label2\" content=\"Dur\u00e9e de lecture estim\u00e9e\" \/>\n\t<meta name=\"twitter:data2\" content=\"2 minutes\" \/>\n<script type=\"application\/ld+json\" class=\"yoast-schema-graph\">{\"@context\":\"https:\/\/schema.org\",\"@graph\":[{\"@type\":\"Article\",\"@id\":\"https:\/\/vosgesinfo.fr\/remiremontinfo\/2021\/09\/66eme-rallye-de-lorraine-deodatie-week-end\/#article\",\"isPartOf\":{\"@id\":\"https:\/\/vosgesinfo.fr\/remiremontinfo\/2021\/09\/66eme-rallye-de-lorraine-deodatie-week-end\/\"},\"author\":{\"name\":\"C D\",\"@id\":\"https:\/\/vosgesinfo.fr\/remiremontinfo\/#\/schema\/person\/3bfd164d5218a185b1db68655a265316\"},\"headline\":\"66\u00e8me Rallye de Lorraine en D\u00e9odatie ce week-end\",\"datePublished\":\"2021-09-07T02:10:05+00:00\",\"dateModified\":\"2021-09-07T02:10:05+00:00\",\"mainEntityOfPage\":{\"@id\":\"https:\/\/vosgesinfo.fr\/remiremontinfo\/2021\/09\/66eme-rallye-de-lorraine-deodatie-week-end\/\"},\"wordCount\":339,\"commentCount\":0,\"publisher\":{\"@id\":\"https:\/\/vosgesinfo.fr\/remiremontinfo\/#organization\"},\"image\":{\"@id\":\"https:\/\/vosgesinfo.fr\/remiremontinfo\/2021\/09\/66eme-rallye-de-lorraine-deodatie-week-end\/#primaryimage\"},\"thumbnailUrl\":\"https:\/\/vosgesinfo.fr\/app\/uploads\/sites\/5\/2024\/09\/202109affiche-rallye-de-lorraine-2021.jpg\",\"keywords\":[\"Rallye\",\"Vosges\"],\"articleSection\":[\"A la Une\",\"Loisirs\",\"Vosges\"],\"inLanguage\":\"fr-FR\",\"potentialAction\":[{\"@type\":\"CommentAction\",\"name\":\"Comment\",\"target\":[\"https:\/\/vosgesinfo.fr\/remiremontinfo\/2021\/09\/66eme-rallye-de-lorraine-deodatie-week-end\/#respond\"]}]},{\"@type\":\"WebPage\",\"@id\":\"https:\/\/vosgesinfo.fr\/remiremontinfo\/2021\/09\/66eme-rallye-de-lorraine-deodatie-week-end\/\",\"url\":\"https:\/\/vosgesinfo.fr\/remiremontinfo\/2021\/09\/66eme-rallye-de-lorraine-deodatie-week-end\/\",\"name\":\"66\u00e8me Rallye de Lorraine en D\u00e9odatie ce week-end - Remiremont Info\",\"isPartOf\":{\"@id\":\"https:\/\/vosgesinfo.fr\/remiremontinfo\/#website\"},\"primaryImageOfPage\":{\"@id\":\"https:\/\/vosgesinfo.fr\/remiremontinfo\/2021\/09\/66eme-rallye-de-lorraine-deodatie-week-end\/#primaryimage\"},\"image\":{\"@id\":\"https:\/\/vosgesinfo.fr\/remiremontinfo\/2021\/09\/66eme-rallye-de-lorraine-deodatie-week-end\/#primaryimage\"},\"thumbnailUrl\":\"https:\/\/vosgesinfo.fr\/app\/uploads\/sites\/5\/2024\/09\/202109affiche-rallye-de-lorraine-2021.jpg\",\"datePublished\":\"2021-09-07T02:10:05+00:00\",\"dateModified\":\"2021-09-07T02:10:05+00:00\",\"breadcrumb\":{\"@id\":\"https:\/\/vosgesinfo.fr\/remiremontinfo\/2021\/09\/66eme-rallye-de-lorraine-deodatie-week-end\/#breadcrumb\"},\"inLanguage\":\"fr-FR\",\"potentialAction\":[{\"@type\":\"ReadAction\",\"target\":[\"https:\/\/vosgesinfo.fr\/remiremontinfo\/2021\/09\/66eme-rallye-de-lorraine-deodatie-week-end\/\"]}]},{\"@type\":\"ImageObject\",\"inLanguage\":\"fr-FR\",\"@id\":\"https:\/\/vosgesinfo.fr\/remiremontinfo\/2021\/09\/66eme-rallye-de-lorraine-deodatie-week-end\/#primaryimage\",\"url\":\"https:\/\/vosgesinfo.fr\/app\/uploads\/sites\/5\/2024\/09\/202109affiche-rallye-de-lorraine-2021.jpg\",\"contentUrl\":\"https:\/\/vosgesinfo.fr\/app\/uploads\/sites\/5\/2024\/09\/202109affiche-rallye-de-lorraine-2021.jpg\",\"width\":566,\"height\":800},{\"@type\":\"BreadcrumbList\",\"@id\":\"https:\/\/vosgesinfo.fr\/remiremontinfo\/2021\/09\/66eme-rallye-de-lorraine-deodatie-week-end\/#breadcrumb\",\"itemListElement\":[{\"@type\":\"ListItem\",\"position\":1,\"name\":\"Home\",\"item\":\"https:\/\/vosgesinfo.fr\/remiremontinfo\/\"},{\"@type\":\"ListItem\",\"position\":2,\"name\":\"66\u00e8me Rallye de Lorraine en D\u00e9odatie ce week-end\"}]},{\"@type\":\"WebSite\",\"@id\":\"https:\/\/vosgesinfo.fr\/remiremontinfo\/#website\",\"url\":\"https:\/\/vosgesinfo.fr\/remiremontinfo\/\",\"name\":\"Remiremont Info\",\"description\":\"Toute l&#039;actualit\u00e9 de Remiremont\",\"publisher\":{\"@id\":\"https:\/\/vosgesinfo.fr\/remiremontinfo\/#organization\"},\"alternateName\":\"Toute l'actualit\u00e9 de Remiremont\",\"potentialAction\":[{\"@type\":\"SearchAction\",\"target\":{\"@type\":\"EntryPoint\",\"urlTemplate\":\"https:\/\/vosgesinfo.fr\/remiremontinfo\/?s={search_term_string}\"},\"query-input\":\"required name=search_term_string\"}],\"inLanguage\":\"fr-FR\"},{\"@type\":\"Organization\",\"@id\":\"https:\/\/vosgesinfo.fr\/remiremontinfo\/#organization\",\"name\":\"Remiremont Info\",\"url\":\"https:\/\/vosgesinfo.fr\/remiremontinfo\/\",\"logo\":{\"@type\":\"ImageObject\",\"inLanguage\":\"fr-FR\",\"@id\":\"https:\/\/vosgesinfo.fr\/remiremontinfo\/#\/schema\/logo\/image\/\",\"url\":\"https:\/\/vosgesinfo.fr\/app\/uploads\/sites\/5\/2023\/08\/favicon-remiremontinfo.png\",\"contentUrl\":\"https:\/\/vosgesinfo.fr\/app\/uploads\/sites\/5\/2023\/08\/favicon-remiremontinfo.png\",\"width\":512,\"height\":512,\"caption\":\"Remiremont Info\"},\"image\":{\"@id\":\"https:\/\/vosgesinfo.fr\/remiremontinfo\/#\/schema\/logo\/image\/\"},\"sameAs\":[\"https:\/\/www.facebook.com\/remiremontinfo\",\"https:\/\/x.com\/VosgesInfo88\",\"https:\/\/www.youtube.com\/@vosgesinfo\"]},{\"@type\":\"Person\",\"@id\":\"https:\/\/vosgesinfo.fr\/remiremontinfo\/#\/schema\/person\/3bfd164d5218a185b1db68655a265316\",\"name\":\"C D\",\"image\":{\"@type\":\"ImageObject\",\"inLanguage\":\"fr-FR\",\"@id\":\"https:\/\/vosgesinfo.fr\/remiremontinfo\/#\/schema\/person\/image\/\",\"url\":\"https:\/\/secure.gravatar.com\/avatar\/1f9a70007336511a47468b8f1c66f922b8b7cf617b02a31149ada43893a5d48f?s=96&d=mm&r=g\",\"contentUrl\":\"https:\/\/secure.gravatar.com\/avatar\/1f9a70007336511a47468b8f1c66f922b8b7cf617b02a31149ada43893a5d48f?s=96&d=mm&r=g\",\"caption\":\"C D\"},\"url\":\"https:\/\/vosgesinfo.fr\/remiremontinfo\/author\/cedric-drevet\/\"}]}<\/script>\n<!-- \/ Yoast SEO plugin. -->","yoast_head_json":{"title":"66\u00e8me Rallye de Lorraine en D\u00e9odatie ce week-end - Remiremont Info","robots":{"index":"index","follow":"follow","max-snippet":"max-snippet:-1","max-image-preview":"max-image-preview:large","max-video-preview":"max-video-preview:-1"},"canonical":"https:\/\/vosgesinfo.fr\/remiremontinfo\/2021\/09\/66eme-rallye-de-lorraine-deodatie-week-end\/","twitter_card":"summary_large_image","twitter_title":"66\u00e8me Rallye de Lorraine en D\u00e9odatie ce week-end - Remiremont Info","twitter_description":"Le Rallye de Lorraine fera sa 66\u00e8me \u00e9dition ces samedi 11 et dimanche 12 septembre, sur les routes de la [&hellip;]","twitter_image":"https:\/\/vosgesinfo.fr\/app\/uploads\/sites\/5\/2024\/09\/202109affiche-rallye-de-lorraine-2021.jpg","twitter_creator":"@VosgesInfo88","twitter_site":"@VosgesInfo88","twitter_misc":{"\u00c9crit par":"C D","Dur\u00e9e de lecture estim\u00e9e":"2 minutes"},"schema":{"@context":"https:\/\/schema.org","@graph":[{"@type":"Article","@id":"https:\/\/vosgesinfo.fr\/remiremontinfo\/2021\/09\/66eme-rallye-de-lorraine-deodatie-week-end\/#article","isPartOf":{"@id":"https:\/\/vosgesinfo.fr\/remiremontinfo\/2021\/09\/66eme-rallye-de-lorraine-deodatie-week-end\/"},"author":{"name":"C D","@id":"https:\/\/vosgesinfo.fr\/remiremontinfo\/#\/schema\/person\/3bfd164d5218a185b1db68655a265316"},"headline":"66\u00e8me Rallye de Lorraine en D\u00e9odatie ce week-end","datePublished":"2021-09-07T02:10:05+00:00","dateModified":"2021-09-07T02:10:05+00:00","mainEntityOfPage":{"@id":"https:\/\/vosgesinfo.fr\/remiremontinfo\/2021\/09\/66eme-rallye-de-lorraine-deodatie-week-end\/"},"wordCount":339,"commentCount":0,"publisher":{"@id":"https:\/\/vosgesinfo.fr\/remiremontinfo\/#organization"},"image":{"@id":"https:\/\/vosgesinfo.fr\/remiremontinfo\/2021\/09\/66eme-rallye-de-lorraine-deodatie-week-end\/#primaryimage"},"thumbnailUrl":"https:\/\/vosgesinfo.fr\/app\/uploads\/sites\/5\/2024\/09\/202109affiche-rallye-de-lorraine-2021.jpg","keywords":["Rallye","Vosges"],"articleSection":["A la Une","Loisirs","Vosges"],"inLanguage":"fr-FR","potentialAction":[{"@type":"CommentAction","name":"Comment","target":["https:\/\/vosgesinfo.fr\/remiremontinfo\/2021\/09\/66eme-rallye-de-lorraine-deodatie-week-end\/#respond"]}]},{"@type":"WebPage","@id":"https:\/\/vosgesinfo.fr\/remiremontinfo\/2021\/09\/66eme-rallye-de-lorraine-deodatie-week-end\/","url":"https:\/\/vosgesinfo.fr\/remiremontinfo\/2021\/09\/66eme-rallye-de-lorraine-deodatie-week-end\/","name":"66\u00e8me Rallye de Lorraine en D\u00e9odatie ce week-end - Remiremont Info","isPartOf":{"@id":"https:\/\/vosgesinfo.fr\/remiremontinfo\/#website"},"primaryImageOfPage":{"@id":"https:\/\/vosgesinfo.fr\/remiremontinfo\/2021\/09\/66eme-rallye-de-lorraine-deodatie-week-end\/#primaryimage"},"image":{"@id":"https:\/\/vosgesinfo.fr\/remiremontinfo\/2021\/09\/66eme-rallye-de-lorraine-deodatie-week-end\/#primaryimage"},"thumbnailUrl":"https:\/\/vosgesinfo.fr\/app\/uploads\/sites\/5\/2024\/09\/202109affiche-rallye-de-lorraine-2021.jpg","datePublished":"2021-09-07T02:10:05+00:00","dateModified":"2021-09-07T02:10:05+00:00","breadcrumb":{"@id":"https:\/\/vosgesinfo.fr\/remiremontinfo\/2021\/09\/66eme-rallye-de-lorraine-deodatie-week-end\/#breadcrumb"},"inLanguage":"fr-FR","potentialAction":[{"@type":"ReadAction","target":["https:\/\/vosgesinfo.fr\/remiremontinfo\/2021\/09\/66eme-rallye-de-lorraine-deodatie-week-end\/"]}]},{"@type":"ImageObject","inLanguage":"fr-FR","@id":"https:\/\/vosgesinfo.fr\/remiremontinfo\/2021\/09\/66eme-rallye-de-lorraine-deodatie-week-end\/#primaryimage","url":"https:\/\/vosgesinfo.fr\/app\/uploads\/sites\/5\/2024\/09\/202109affiche-rallye-de-lorraine-2021.jpg","contentUrl":"https:\/\/vosgesinfo.fr\/app\/uploads\/sites\/5\/2024\/09\/202109affiche-rallye-de-lorraine-2021.jpg","width":566,"height":800},{"@type":"BreadcrumbList","@id":"https:\/\/vosgesinfo.fr\/remiremontinfo\/2021\/09\/66eme-rallye-de-lorraine-deodatie-week-end\/#breadcrumb","itemListElement":[{"@type":"ListItem","position":1,"name":"Home","item":"https:\/\/vosgesinfo.fr\/remiremontinfo\/"},{"@type":"ListItem","position":2,"name":"66\u00e8me Rallye de Lorraine en D\u00e9odatie ce week-end"}]},{"@type":"WebSite","@id":"https:\/\/vosgesinfo.fr\/remiremontinfo\/#website","url":"https:\/\/vosgesinfo.fr\/remiremontinfo\/","name":"Remiremont Info","description":"Toute l&#039;actualit\u00e9 de Remiremont","publisher":{"@id":"https:\/\/vosgesinfo.fr\/remiremontinfo\/#organization"},"alternateName":"Toute l'actualit\u00e9 de Remiremont","potentialAction":[{"@type":"SearchAction","target":{"@type":"EntryPoint","urlTemplate":"https:\/\/vosgesinfo.fr\/remiremontinfo\/?s={search_term_string}"},"query-input":"required name=search_term_string"}],"inLanguage":"fr-FR"},{"@type":"Organization","@id":"https:\/\/vosgesinfo.fr\/remiremontinfo\/#organization","name":"Remiremont Info","url":"https:\/\/vosgesinfo.fr\/remiremontinfo\/","logo":{"@type":"ImageObject","inLanguage":"fr-FR","@id":"https:\/\/vosgesinfo.fr\/remiremontinfo\/#\/schema\/logo\/image\/","url":"https:\/\/vosgesinfo.fr\/app\/uploads\/sites\/5\/2023\/08\/favicon-remiremontinfo.png","contentUrl":"https:\/\/vosgesinfo.fr\/app\/uploads\/sites\/5\/2023\/08\/favicon-remiremontinfo.png","width":512,"height":512,"caption":"Remiremont Info"},"image":{"@id":"https:\/\/vosgesinfo.fr\/remiremontinfo\/#\/schema\/logo\/image\/"},"sameAs":["https:\/\/www.facebook.com\/remiremontinfo","https:\/\/x.com\/VosgesInfo88","https:\/\/www.youtube.com\/@vosgesinfo"]},{"@type":"Person","@id":"https:\/\/vosgesinfo.fr\/remiremontinfo\/#\/schema\/person\/3bfd164d5218a185b1db68655a265316","name":"C D","image":{"@type":"ImageObject","inLanguage":"fr-FR","@id":"https:\/\/vosgesinfo.fr\/remiremontinfo\/#\/schema\/person\/image\/","url":"https:\/\/secure.gravatar.com\/avatar\/1f9a70007336511a47468b8f1c66f922b8b7cf617b02a31149ada43893a5d48f?s=96&d=mm&r=g","contentUrl":"https:\/\/secure.gravatar.com\/avatar\/1f9a70007336511a47468b8f1c66f922b8b7cf617b02a31149ada43893a5d48f?s=96&d=mm&r=g","caption":"C D"},"url":"https:\/\/vosgesinfo.fr\/remiremontinfo\/author\/cedric-drevet\/"}]}},"_links":{"self":[{"href":"https:\/\/vosgesinfo.fr\/remiremontinfo\/wp-json\/wp\/v2\/posts\/45495","targetHints":{"allow":["GET"]}}],"collection":[{"href":"https:\/\/vosgesinfo.fr\/remiremontinfo\/wp-json\/wp\/v2\/posts"}],"about":[{"href":"https:\/\/vosgesinfo.fr\/remiremontinfo\/wp-json\/wp\/v2\/types\/post"}],"author":[{"embeddable":true,"href":"https:\/\/vosgesinfo.fr\/remiremontinfo\/wp-json\/wp\/v2\/users\/407"}],"replies":[{"embeddable":true,"href":"https:\/\/vosgesinfo.fr\/remiremontinfo\/wp-json\/wp\/v2\/comments?post=45495"}],"version-history":[{"count":0,"href":"https:\/\/vosgesinfo.fr\/remiremontinfo\/wp-json\/wp\/v2\/posts\/45495\/revisions"}],"wp:featuredmedia":[{"embeddable":true,"href":"https:\/\/vosgesinfo.fr\/remiremontinfo\/wp-json\/wp\/v2\/media\/45496"}],"wp:attachment":[{"href":"https:\/\/vosgesinfo.fr\/remiremontinfo\/wp-json\/wp\/v2\/media?parent=45495"}],"wp:term":[{"taxonomy":"category","embeddable":true,"href":"https:\/\/vosgesinfo.fr\/remiremontinfo\/wp-json\/wp\/v2\/categories?post=45495"},{"taxonomy":"post_tag","embeddable":true,"href":"https:\/\/vosgesinfo.fr\/remiremontinfo\/wp-json\/wp\/v2\/tags?post=45495"}],"curies":[{"name":"wp","href":"https:\/\/api.w.org\/{rel}","templated":true}]}}