{"id":45508,"date":"2021-09-07T04:12:52","date_gmt":"2021-09-07T02:12:52","guid":{"rendered":"https:\/\/vosgesinfo.fr\/remiremontinfo\/2021\/09\/bain-de-photos-sentier-quatre-mares-vosges\/"},"modified":"2021-09-07T04:12:52","modified_gmt":"2021-09-07T02:12:52","slug":"bain-de-photos-sentier-quatre-mares-vosges","status":"publish","type":"post","link":"https:\/\/vosgesinfo.fr\/remiremontinfo\/2021\/09\/bain-de-photos-sentier-quatre-mares-vosges\/","title":{"rendered":"Bain de photos au sentier des Quatre mares dans les Vosges"},"content":{"rendered":"<p><span style=\"font-size: 12pt;\"><a href=\"\/2021\/09\/bains-de-photos-quatre-mares2.jpg\"><img decoding=\"async\" class=\"alignnone size-full wp-image-325653\" src=\"\/2021\/09\/bains-de-photos-quatre-mares2.jpg\" alt=\"bains-de-photos-quatre-mares2\" width=\"800\" height=\"377\" \/><\/a><\/span><\/p>\n<h2><span style=\"font-size: 12pt;\">Le sentier des Quatre mares en for\u00eat de Darney accueille \u00e0 partir du 10 septembre 2021 et jusqu\u2019\u00e0 la fin du mois d\u2019ao\u00fbt 2022, une exposition sur la biodiversit\u00e9 qui peuple nos for\u00eats.<\/span><\/h2>\n<p><span style=\"font-size: 12pt;\">Durant un an, \u00e0 compter de septembre 2021, venez prendre un vrai bain de for\u00eat et d\u00e9ambuler le long d\u2019un sentier de 1,2 km une exposition de 50 photographies en grands formats (120\/160) r\u00e9unissant des photographes reconnus. Dans le cadre de la d\u00e9marche de classement du massif forestier de Darney-la V\u00f4ge en For\u00eat d\u2019Exception, la communaut\u00e9 de communes Les Vosges C\u00f4t\u00e9 Sud- Ouest, avec le soutien de l\u2019ONF et du Conseil d\u00e9partemental des Vosges, a mis en \u0153uvre en pleine nature une exposition photographique pour une dur\u00e9e d\u2019un an.<\/span><\/p>\n<h3><span style=\"font-size: 12pt;\">Une histoire d\u2019arbres et de biodiversit\u00e9<\/span><\/h3>\n<p><span style=\"font-size: 12pt;\"><a href=\"https:\/\/epinalinfos.fr\/wp-content\/uploads\/2021\/09\/bains-de-photos-quatre-mares.jpg\" data-featherlight=\"image\"><img decoding=\"async\" class=\"alignleft size-medium wp-image-188512\" src=\"https:\/\/epinalinfos.fr\/wp-content\/uploads\/2021\/09\/bains-de-photos-quatre-mares-182x255.jpg\" alt=\"bains-de-photos-quatre-mares\" width=\"182\" height=\"255\" \/><\/a>Un parcours qui invite \u00e0 s\u2019immerger au c\u0153ur de ces for\u00eats domaniales qui ont pour embl\u00e8me les ch\u00eanes s\u00e9culaires qui la composent en majorit\u00e9. Sa trentaine de mares est autant d\u2019oasis de biodiversit\u00e9, et typique de nos for\u00eats domaniales. Des alc\u00f4ves qui se pr\u00eatent \u00e0 des pique-nique en toute intimit\u00e9, des panneaux p\u00e9dagogiques compl\u00e8tent l\u2019am\u00e9nagement dont elle a b\u00e9n\u00e9fici\u00e9.<\/span><\/p>\n<p><span style=\"font-size: 12pt;\">Ce site est aussi un espace naturel sensible prot\u00e9g\u00e9 par le Conseil d\u00e9partemental des Vosges. Dans son bel \u00e9crin de nature, le r\u00e9am\u00e9nagement du lieu et ses rails en bois d\u2019une belle patine grise permette \u00e0 tous d\u2019acc\u00e9der au site, notamment avec sa dimension d\u2019accueil du public \u00e0 mobilit\u00e9 r\u00e9duite. Il est un haut lieu de naturalit\u00e9 et d\u2019observation de la biodiversit\u00e9.<\/span><\/p>\n<p><span style=\"font-size: 12pt;\">L\u2019exposition r\u00e9unit des photographes reconnus : \u00ab Les routes du miel \u00bb d\u2019Eric Tourneret. Photographe ind\u00e9pendant, Eric est internationalement reconnu comme le \u00ab photographe des abeilles \u00bb. \u00ab Art of Butterfly \u00bb de St\u00e9phane Hette. Depuis d\u00e9j\u00e0 plus d\u2019une d\u00e9cennie, St\u00e9phane Hette photographie les papillons, mais pas que ! Vous pourrez le d\u00e9couvrir avec son exposition qui met en lumi\u00e8re sa technique particuli\u00e8re de prise de vue. \u00ab Flying Flowers \u00bb de Ghislain Simard. Ghislain se passionne pour les insectes depuis son enfance. A dix ans, il prend ses premi\u00e8res photos et pr\u00e9f\u00e9rera immortaliser les papillons sur sa pellicule plut\u00f4t que de les \u00e9pingler\u2026<\/span><\/p>\n","protected":false},"excerpt":{"rendered":"<p>Le sentier des Quatre mares en for\u00eat de Darney accueille \u00e0 partir du 10 septembre 2021 et jusqu\u2019\u00e0 la fin [&hellip;]<\/p>\n","protected":false},"author":407,"featured_media":45509,"comment_status":"open","ping_status":"open","sticky":false,"template":"","format":"standard","meta":{"footnotes":""},"categories":[26,4,18],"tags":[2283,2284,32],"class_list":["post-45508","post","type-post","status-publish","format-standard","has-post-thumbnail","hentry","category-a-la-une","category-culture","category-vosges","tag-bain-de-photos","tag-photos","tag-vosges"],"acf":[],"yoast_head":"<!-- This site is optimized with the Yoast SEO plugin v22.5 - https:\/\/yoast.com\/wordpress\/plugins\/seo\/ -->\n<title>Bain de photos au sentier des Quatre mares dans les Vosges - Remiremont Info<\/title>\n<meta name=\"robots\" content=\"index, follow, max-snippet:-1, max-image-preview:large, max-video-preview:-1\" \/>\n<link rel=\"canonical\" href=\"https:\/\/vosgesinfo.fr\/remiremontinfo\/2021\/09\/bain-de-photos-sentier-quatre-mares-vosges\/\" \/>\n<meta name=\"twitter:card\" content=\"summary_large_image\" \/>\n<meta name=\"twitter:title\" content=\"Bain de photos au sentier des Quatre mares dans les Vosges - Remiremont Info\" \/>\n<meta name=\"twitter:description\" content=\"Le sentier des Quatre mares en for\u00eat de Darney accueille \u00e0 partir du 10 septembre 2021 et jusqu\u2019\u00e0 la fin [&hellip;]\" \/>\n<meta name=\"twitter:image\" content=\"https:\/\/vosgesinfo.fr\/app\/uploads\/sites\/5\/2024\/09\/202109bains-de-photos-quatre-mares2.jpg\" \/>\n<meta name=\"twitter:creator\" content=\"@VosgesInfo88\" \/>\n<meta name=\"twitter:site\" content=\"@VosgesInfo88\" \/>\n<meta name=\"twitter:label1\" content=\"\u00c9crit par\" \/>\n\t<meta name=\"twitter:data1\" content=\"C D\" \/>\n\t<meta name=\"twitter:label2\" content=\"Dur\u00e9e de lecture estim\u00e9e\" \/>\n\t<meta name=\"twitter:data2\" content=\"2 minutes\" \/>\n<script type=\"application\/ld+json\" class=\"yoast-schema-graph\">{\"@context\":\"https:\/\/schema.org\",\"@graph\":[{\"@type\":\"Article\",\"@id\":\"https:\/\/vosgesinfo.fr\/remiremontinfo\/2021\/09\/bain-de-photos-sentier-quatre-mares-vosges\/#article\",\"isPartOf\":{\"@id\":\"https:\/\/vosgesinfo.fr\/remiremontinfo\/2021\/09\/bain-de-photos-sentier-quatre-mares-vosges\/\"},\"author\":{\"name\":\"C D\",\"@id\":\"https:\/\/vosgesinfo.fr\/remiremontinfo\/#\/schema\/person\/3bfd164d5218a185b1db68655a265316\"},\"headline\":\"Bain de photos au sentier des Quatre mares dans les Vosges\",\"datePublished\":\"2021-09-07T02:12:52+00:00\",\"dateModified\":\"2021-09-07T02:12:52+00:00\",\"mainEntityOfPage\":{\"@id\":\"https:\/\/vosgesinfo.fr\/remiremontinfo\/2021\/09\/bain-de-photos-sentier-quatre-mares-vosges\/\"},\"wordCount\":401,\"commentCount\":0,\"publisher\":{\"@id\":\"https:\/\/vosgesinfo.fr\/remiremontinfo\/#organization\"},\"image\":{\"@id\":\"https:\/\/vosgesinfo.fr\/remiremontinfo\/2021\/09\/bain-de-photos-sentier-quatre-mares-vosges\/#primaryimage\"},\"thumbnailUrl\":\"https:\/\/vosgesinfo.fr\/app\/uploads\/sites\/5\/2024\/09\/202109bains-de-photos-quatre-mares2.jpg\",\"keywords\":[\"bain de photos\",\"Photos\",\"Vosges\"],\"articleSection\":[\"A la Une\",\"Culture\",\"Vosges\"],\"inLanguage\":\"fr-FR\",\"potentialAction\":[{\"@type\":\"CommentAction\",\"name\":\"Comment\",\"target\":[\"https:\/\/vosgesinfo.fr\/remiremontinfo\/2021\/09\/bain-de-photos-sentier-quatre-mares-vosges\/#respond\"]}]},{\"@type\":\"WebPage\",\"@id\":\"https:\/\/vosgesinfo.fr\/remiremontinfo\/2021\/09\/bain-de-photos-sentier-quatre-mares-vosges\/\",\"url\":\"https:\/\/vosgesinfo.fr\/remiremontinfo\/2021\/09\/bain-de-photos-sentier-quatre-mares-vosges\/\",\"name\":\"Bain de photos au sentier des Quatre mares dans les Vosges - Remiremont Info\",\"isPartOf\":{\"@id\":\"https:\/\/vosgesinfo.fr\/remiremontinfo\/#website\"},\"primaryImageOfPage\":{\"@id\":\"https:\/\/vosgesinfo.fr\/remiremontinfo\/2021\/09\/bain-de-photos-sentier-quatre-mares-vosges\/#primaryimage\"},\"image\":{\"@id\":\"https:\/\/vosgesinfo.fr\/remiremontinfo\/2021\/09\/bain-de-photos-sentier-quatre-mares-vosges\/#primaryimage\"},\"thumbnailUrl\":\"https:\/\/vosgesinfo.fr\/app\/uploads\/sites\/5\/2024\/09\/202109bains-de-photos-quatre-mares2.jpg\",\"datePublished\":\"2021-09-07T02:12:52+00:00\",\"dateModified\":\"2021-09-07T02:12:52+00:00\",\"breadcrumb\":{\"@id\":\"https:\/\/vosgesinfo.fr\/remiremontinfo\/2021\/09\/bain-de-photos-sentier-quatre-mares-vosges\/#breadcrumb\"},\"inLanguage\":\"fr-FR\",\"potentialAction\":[{\"@type\":\"ReadAction\",\"target\":[\"https:\/\/vosgesinfo.fr\/remiremontinfo\/2021\/09\/bain-de-photos-sentier-quatre-mares-vosges\/\"]}]},{\"@type\":\"ImageObject\",\"inLanguage\":\"fr-FR\",\"@id\":\"https:\/\/vosgesinfo.fr\/remiremontinfo\/2021\/09\/bain-de-photos-sentier-quatre-mares-vosges\/#primaryimage\",\"url\":\"https:\/\/vosgesinfo.fr\/app\/uploads\/sites\/5\/2024\/09\/202109bains-de-photos-quatre-mares2.jpg\",\"contentUrl\":\"https:\/\/vosgesinfo.fr\/app\/uploads\/sites\/5\/2024\/09\/202109bains-de-photos-quatre-mares2.jpg\",\"width\":800,\"height\":377},{\"@type\":\"BreadcrumbList\",\"@id\":\"https:\/\/vosgesinfo.fr\/remiremontinfo\/2021\/09\/bain-de-photos-sentier-quatre-mares-vosges\/#breadcrumb\",\"itemListElement\":[{\"@type\":\"ListItem\",\"position\":1,\"name\":\"Home\",\"item\":\"https:\/\/vosgesinfo.fr\/remiremontinfo\/\"},{\"@type\":\"ListItem\",\"position\":2,\"name\":\"Bain de photos au sentier des Quatre mares dans les Vosges\"}]},{\"@type\":\"WebSite\",\"@id\":\"https:\/\/vosgesinfo.fr\/remiremontinfo\/#website\",\"url\":\"https:\/\/vosgesinfo.fr\/remiremontinfo\/\",\"name\":\"Remiremont Info\",\"description\":\"Toute l&#039;actualit\u00e9 de Remiremont\",\"publisher\":{\"@id\":\"https:\/\/vosgesinfo.fr\/remiremontinfo\/#organization\"},\"alternateName\":\"Toute l'actualit\u00e9 de Remiremont\",\"potentialAction\":[{\"@type\":\"SearchAction\",\"target\":{\"@type\":\"EntryPoint\",\"urlTemplate\":\"https:\/\/vosgesinfo.fr\/remiremontinfo\/?s={search_term_string}\"},\"query-input\":\"required name=search_term_string\"}],\"inLanguage\":\"fr-FR\"},{\"@type\":\"Organization\",\"@id\":\"https:\/\/vosgesinfo.fr\/remiremontinfo\/#organization\",\"name\":\"Remiremont Info\",\"url\":\"https:\/\/vosgesinfo.fr\/remiremontinfo\/\",\"logo\":{\"@type\":\"ImageObject\",\"inLanguage\":\"fr-FR\",\"@id\":\"https:\/\/vosgesinfo.fr\/remiremontinfo\/#\/schema\/logo\/image\/\",\"url\":\"https:\/\/vosgesinfo.fr\/app\/uploads\/sites\/5\/2023\/08\/favicon-remiremontinfo.png\",\"contentUrl\":\"https:\/\/vosgesinfo.fr\/app\/uploads\/sites\/5\/2023\/08\/favicon-remiremontinfo.png\",\"width\":512,\"height\":512,\"caption\":\"Remiremont Info\"},\"image\":{\"@id\":\"https:\/\/vosgesinfo.fr\/remiremontinfo\/#\/schema\/logo\/image\/\"},\"sameAs\":[\"https:\/\/www.facebook.com\/remiremontinfo\",\"https:\/\/x.com\/VosgesInfo88\",\"https:\/\/www.youtube.com\/@vosgesinfo\"]},{\"@type\":\"Person\",\"@id\":\"https:\/\/vosgesinfo.fr\/remiremontinfo\/#\/schema\/person\/3bfd164d5218a185b1db68655a265316\",\"name\":\"C D\",\"image\":{\"@type\":\"ImageObject\",\"inLanguage\":\"fr-FR\",\"@id\":\"https:\/\/vosgesinfo.fr\/remiremontinfo\/#\/schema\/person\/image\/\",\"url\":\"https:\/\/secure.gravatar.com\/avatar\/1f9a70007336511a47468b8f1c66f922b8b7cf617b02a31149ada43893a5d48f?s=96&d=mm&r=g\",\"contentUrl\":\"https:\/\/secure.gravatar.com\/avatar\/1f9a70007336511a47468b8f1c66f922b8b7cf617b02a31149ada43893a5d48f?s=96&d=mm&r=g\",\"caption\":\"C D\"},\"url\":\"https:\/\/vosgesinfo.fr\/remiremontinfo\/author\/cedric-drevet\/\"}]}<\/script>\n<!-- \/ Yoast SEO plugin. -->","yoast_head_json":{"title":"Bain de photos au sentier des Quatre mares dans les Vosges - Remiremont Info","robots":{"index":"index","follow":"follow","max-snippet":"max-snippet:-1","max-image-preview":"max-image-preview:large","max-video-preview":"max-video-preview:-1"},"canonical":"https:\/\/vosgesinfo.fr\/remiremontinfo\/2021\/09\/bain-de-photos-sentier-quatre-mares-vosges\/","twitter_card":"summary_large_image","twitter_title":"Bain de photos au sentier des Quatre mares dans les Vosges - Remiremont Info","twitter_description":"Le sentier des Quatre mares en for\u00eat de Darney accueille \u00e0 partir du 10 septembre 2021 et jusqu\u2019\u00e0 la fin [&hellip;]","twitter_image":"https:\/\/vosgesinfo.fr\/app\/uploads\/sites\/5\/2024\/09\/202109bains-de-photos-quatre-mares2.jpg","twitter_creator":"@VosgesInfo88","twitter_site":"@VosgesInfo88","twitter_misc":{"\u00c9crit par":"C D","Dur\u00e9e de lecture estim\u00e9e":"2 minutes"},"schema":{"@context":"https:\/\/schema.org","@graph":[{"@type":"Article","@id":"https:\/\/vosgesinfo.fr\/remiremontinfo\/2021\/09\/bain-de-photos-sentier-quatre-mares-vosges\/#article","isPartOf":{"@id":"https:\/\/vosgesinfo.fr\/remiremontinfo\/2021\/09\/bain-de-photos-sentier-quatre-mares-vosges\/"},"author":{"name":"C D","@id":"https:\/\/vosgesinfo.fr\/remiremontinfo\/#\/schema\/person\/3bfd164d5218a185b1db68655a265316"},"headline":"Bain de photos au sentier des Quatre mares dans les Vosges","datePublished":"2021-09-07T02:12:52+00:00","dateModified":"2021-09-07T02:12:52+00:00","mainEntityOfPage":{"@id":"https:\/\/vosgesinfo.fr\/remiremontinfo\/2021\/09\/bain-de-photos-sentier-quatre-mares-vosges\/"},"wordCount":401,"commentCount":0,"publisher":{"@id":"https:\/\/vosgesinfo.fr\/remiremontinfo\/#organization"},"image":{"@id":"https:\/\/vosgesinfo.fr\/remiremontinfo\/2021\/09\/bain-de-photos-sentier-quatre-mares-vosges\/#primaryimage"},"thumbnailUrl":"https:\/\/vosgesinfo.fr\/app\/uploads\/sites\/5\/2024\/09\/202109bains-de-photos-quatre-mares2.jpg","keywords":["bain de photos","Photos","Vosges"],"articleSection":["A la Une","Culture","Vosges"],"inLanguage":"fr-FR","potentialAction":[{"@type":"CommentAction","name":"Comment","target":["https:\/\/vosgesinfo.fr\/remiremontinfo\/2021\/09\/bain-de-photos-sentier-quatre-mares-vosges\/#respond"]}]},{"@type":"WebPage","@id":"https:\/\/vosgesinfo.fr\/remiremontinfo\/2021\/09\/bain-de-photos-sentier-quatre-mares-vosges\/","url":"https:\/\/vosgesinfo.fr\/remiremontinfo\/2021\/09\/bain-de-photos-sentier-quatre-mares-vosges\/","name":"Bain de photos au sentier des Quatre mares dans les Vosges - Remiremont Info","isPartOf":{"@id":"https:\/\/vosgesinfo.fr\/remiremontinfo\/#website"},"primaryImageOfPage":{"@id":"https:\/\/vosgesinfo.fr\/remiremontinfo\/2021\/09\/bain-de-photos-sentier-quatre-mares-vosges\/#primaryimage"},"image":{"@id":"https:\/\/vosgesinfo.fr\/remiremontinfo\/2021\/09\/bain-de-photos-sentier-quatre-mares-vosges\/#primaryimage"},"thumbnailUrl":"https:\/\/vosgesinfo.fr\/app\/uploads\/sites\/5\/2024\/09\/202109bains-de-photos-quatre-mares2.jpg","datePublished":"2021-09-07T02:12:52+00:00","dateModified":"2021-09-07T02:12:52+00:00","breadcrumb":{"@id":"https:\/\/vosgesinfo.fr\/remiremontinfo\/2021\/09\/bain-de-photos-sentier-quatre-mares-vosges\/#breadcrumb"},"inLanguage":"fr-FR","potentialAction":[{"@type":"ReadAction","target":["https:\/\/vosgesinfo.fr\/remiremontinfo\/2021\/09\/bain-de-photos-sentier-quatre-mares-vosges\/"]}]},{"@type":"ImageObject","inLanguage":"fr-FR","@id":"https:\/\/vosgesinfo.fr\/remiremontinfo\/2021\/09\/bain-de-photos-sentier-quatre-mares-vosges\/#primaryimage","url":"https:\/\/vosgesinfo.fr\/app\/uploads\/sites\/5\/2024\/09\/202109bains-de-photos-quatre-mares2.jpg","contentUrl":"https:\/\/vosgesinfo.fr\/app\/uploads\/sites\/5\/2024\/09\/202109bains-de-photos-quatre-mares2.jpg","width":800,"height":377},{"@type":"BreadcrumbList","@id":"https:\/\/vosgesinfo.fr\/remiremontinfo\/2021\/09\/bain-de-photos-sentier-quatre-mares-vosges\/#breadcrumb","itemListElement":[{"@type":"ListItem","position":1,"name":"Home","item":"https:\/\/vosgesinfo.fr\/remiremontinfo\/"},{"@type":"ListItem","position":2,"name":"Bain de photos au sentier des Quatre mares dans les Vosges"}]},{"@type":"WebSite","@id":"https:\/\/vosgesinfo.fr\/remiremontinfo\/#website","url":"https:\/\/vosgesinfo.fr\/remiremontinfo\/","name":"Remiremont Info","description":"Toute l&#039;actualit\u00e9 de Remiremont","publisher":{"@id":"https:\/\/vosgesinfo.fr\/remiremontinfo\/#organization"},"alternateName":"Toute l'actualit\u00e9 de Remiremont","potentialAction":[{"@type":"SearchAction","target":{"@type":"EntryPoint","urlTemplate":"https:\/\/vosgesinfo.fr\/remiremontinfo\/?s={search_term_string}"},"query-input":"required name=search_term_string"}],"inLanguage":"fr-FR"},{"@type":"Organization","@id":"https:\/\/vosgesinfo.fr\/remiremontinfo\/#organization","name":"Remiremont Info","url":"https:\/\/vosgesinfo.fr\/remiremontinfo\/","logo":{"@type":"ImageObject","inLanguage":"fr-FR","@id":"https:\/\/vosgesinfo.fr\/remiremontinfo\/#\/schema\/logo\/image\/","url":"https:\/\/vosgesinfo.fr\/app\/uploads\/sites\/5\/2023\/08\/favicon-remiremontinfo.png","contentUrl":"https:\/\/vosgesinfo.fr\/app\/uploads\/sites\/5\/2023\/08\/favicon-remiremontinfo.png","width":512,"height":512,"caption":"Remiremont Info"},"image":{"@id":"https:\/\/vosgesinfo.fr\/remiremontinfo\/#\/schema\/logo\/image\/"},"sameAs":["https:\/\/www.facebook.com\/remiremontinfo","https:\/\/x.com\/VosgesInfo88","https:\/\/www.youtube.com\/@vosgesinfo"]},{"@type":"Person","@id":"https:\/\/vosgesinfo.fr\/remiremontinfo\/#\/schema\/person\/3bfd164d5218a185b1db68655a265316","name":"C D","image":{"@type":"ImageObject","inLanguage":"fr-FR","@id":"https:\/\/vosgesinfo.fr\/remiremontinfo\/#\/schema\/person\/image\/","url":"https:\/\/secure.gravatar.com\/avatar\/1f9a70007336511a47468b8f1c66f922b8b7cf617b02a31149ada43893a5d48f?s=96&d=mm&r=g","contentUrl":"https:\/\/secure.gravatar.com\/avatar\/1f9a70007336511a47468b8f1c66f922b8b7cf617b02a31149ada43893a5d48f?s=96&d=mm&r=g","caption":"C D"},"url":"https:\/\/vosgesinfo.fr\/remiremontinfo\/author\/cedric-drevet\/"}]}},"_links":{"self":[{"href":"https:\/\/vosgesinfo.fr\/remiremontinfo\/wp-json\/wp\/v2\/posts\/45508","targetHints":{"allow":["GET"]}}],"collection":[{"href":"https:\/\/vosgesinfo.fr\/remiremontinfo\/wp-json\/wp\/v2\/posts"}],"about":[{"href":"https:\/\/vosgesinfo.fr\/remiremontinfo\/wp-json\/wp\/v2\/types\/post"}],"author":[{"embeddable":true,"href":"https:\/\/vosgesinfo.fr\/remiremontinfo\/wp-json\/wp\/v2\/users\/407"}],"replies":[{"embeddable":true,"href":"https:\/\/vosgesinfo.fr\/remiremontinfo\/wp-json\/wp\/v2\/comments?post=45508"}],"version-history":[{"count":0,"href":"https:\/\/vosgesinfo.fr\/remiremontinfo\/wp-json\/wp\/v2\/posts\/45508\/revisions"}],"wp:featuredmedia":[{"embeddable":true,"href":"https:\/\/vosgesinfo.fr\/remiremontinfo\/wp-json\/wp\/v2\/media\/45509"}],"wp:attachment":[{"href":"https:\/\/vosgesinfo.fr\/remiremontinfo\/wp-json\/wp\/v2\/media?parent=45508"}],"wp:term":[{"taxonomy":"category","embeddable":true,"href":"https:\/\/vosgesinfo.fr\/remiremontinfo\/wp-json\/wp\/v2\/categories?post=45508"},{"taxonomy":"post_tag","embeddable":true,"href":"https:\/\/vosgesinfo.fr\/remiremontinfo\/wp-json\/wp\/v2\/tags?post=45508"}],"curies":[{"name":"wp","href":"https:\/\/api.w.org\/{rel}","templated":true}]}}