{"id":45522,"date":"2021-09-07T05:20:12","date_gmt":"2021-09-07T03:20:12","guid":{"rendered":"https:\/\/vosgesinfo.fr\/remiremontinfo\/2021\/09\/journees-patrimoine-a-decouverte-grandes-orgues-de-leglise-de-saint-maurice\/"},"modified":"2021-09-07T05:20:12","modified_gmt":"2021-09-07T03:20:12","slug":"journees-patrimoine-a-decouverte-grandes-orgues-de-leglise-de-saint-maurice","status":"publish","type":"post","link":"https:\/\/vosgesinfo.fr\/remiremontinfo\/2021\/09\/journees-patrimoine-a-decouverte-grandes-orgues-de-leglise-de-saint-maurice\/","title":{"rendered":"Journ\u00e9es du Patrimoine\u00a0: \u00e0 la d\u00e9couverte des Grandes Orgues de l\u2019\u00e9glise de Saint-Maurice"},"content":{"rendered":"\n<p><span style=\"font-size: 10pt;\"><em><span style=\"color: #444444;\"><span style=\"font-family: 'Times New Roman', serif;\"><strong>Photos de <\/strong><\/span><\/span><span style=\"color: #444444;\"><span style=\"font-family: 'Times New Roman', serif;\"><strong>mairie-saintmauricesurmoselle.fr <\/strong><\/span><\/span><\/em><\/span><\/p>\n<h2><span style=\"font-size: 12pt;\"><span style=\"color: #444444;\"><span style=\"font-family: 'Times New Roman', serif;\"><strong>Dans le cadre des Journ\u00e9es Europ\u00e9ennes du Patrimoine et des diff\u00e9rentes animations que la <\/strong><\/span><\/span><span style=\"color: #444444;\"><span style=\"font-family: 'Times New Roman', serif;\"><strong>m<\/strong><\/span><\/span><span style=\"color: #444444;\"><span style=\"font-family: 'Times New Roman', serif;\"><strong>airie <\/strong><\/span><\/span><span style=\"color: #444444;\"><span style=\"font-family: 'Times New Roman', serif;\"><strong>de Saint-Maurice-sur-Moselle <\/strong><\/span><\/span><span style=\"color: #444444;\"><span style=\"font-family: 'Times New Roman', serif;\"><strong>souhaite mettre en place autour des Grandes Orgues de <\/strong><\/span><\/span><span style=\"color: #444444;\"><span style=\"font-family: 'Times New Roman', serif;\"><strong>l\u2019\u00e9glise<\/strong><\/span><\/span><span style=\"color: #444444;\"><span style=\"font-family: 'Times New Roman', serif;\"><strong>, la journ\u00e9e du samedi 18 Septembre <\/strong><\/span><\/span><span style=\"color: #444444;\"><span style=\"font-family: 'Times New Roman', serif;\"><strong>prochain sera<\/strong><\/span><\/span> <span style=\"color: #444444;\"><span style=\"font-family: 'Times New Roman', serif;\"><strong>une belle<\/strong><\/span><\/span><span style=\"color: #444444;\"><span style=\"font-family: 'Times New Roman', serif;\"><strong> journ\u00e9e du patrimoine <\/strong><\/span><\/span><span style=\"color: #444444;\"><span style=\"font-family: 'Times New Roman', serif;\"><strong>avec au pr<\/strong><\/span><\/span><span style=\"color: #444444;\"><span style=\"font-family: 'Times New Roman', serif;\"><strong>ogramme : <\/strong><\/span><\/span><\/span><\/h2>\n<p><span style=\"color: #444444;\"><span style=\"font-family: 'Times New Roman', serif;\"><span style=\"font-size: medium;\">&#8211; Explications du fonctionnement des Grandes Orgues,<\/span><\/span><\/span><\/p>\n<p><span style=\"color: #444444;\"><span style=\"font-family: 'Times New Roman', serif;\"><span style=\"font-size: medium;\">&#8211; Historique des Grandes Orgues, <\/span><\/span><\/span><\/p>\n<p><span style=\"color: #444444;\"><span style=\"font-family: 'Times New Roman', serif;\"><span style=\"font-size: medium;\">&#8211; Extraits sonores.<\/span><\/span><\/span><\/p>\n<p><span style=\"color: #444444;\"><span style=\"font-family: 'Times New Roman', serif;\"><span style=\"font-size: medium;\">Rendez-vous est donn\u00e9 le<\/span><\/span><\/span> <span style=\"color: #444444;\"><span style=\"font-family: 'Times New Roman', serif;\"><span style=\"font-size: medium;\">sa<\/span><\/span><\/span><span style=\"color: #444444;\"><span style=\"font-family: 'Times New Roman', serif;\"><span style=\"font-size: medium;\">medi 18 Septembre <\/span><\/span><\/span><span style=\"color: #444444;\"><span style=\"font-family: 'Times New Roman', serif;\"><span style=\"font-size: medium;\">prochain \u00e0 l\u2019\u00e9<\/span><\/span><\/span><span style=\"color: #444444;\"><span style=\"font-family: 'Times New Roman', serif;\"><span style=\"font-size: medium;\">glise de Saint-Maurice-Sur-Moselle <\/span><\/span><\/span><span style=\"color: #444444;\"><span style=\"font-family: 'Times New Roman', serif;\"><span style=\"font-size: medium;\">.<\/span><\/span><\/span><span style=\"color: #444444;\"><span style=\"font-family: 'Times New Roman', serif;\"><span style=\"font-size: medium;\"> Plusieurs cr\u00e9neaux horaires : 10h &#8211; 11h &#8211; 14h &#8211; 15h &#8211; 16h <\/span><\/span><\/span><\/p>\n<p><span style=\"color: #444444;\"> <span style=\"font-family: 'Times New Roman', serif;\"><span style=\"font-size: medium;\">R\u00e9servations obligatoires au 06 75 72 99 40 <\/span><\/span><\/span><\/p>\n","protected":false},"excerpt":{"rendered":"<p>Photos de mairie-saintmauricesurmoselle.fr Dans le cadre des Journ\u00e9es Europ\u00e9ennes du Patrimoine et des diff\u00e9rentes animations que la mairie de Saint-Maurice-sur-Moselle [&hellip;]<\/p>\n","protected":false},"author":407,"featured_media":45523,"comment_status":"open","ping_status":"open","sticky":false,"template":"","format":"standard","meta":{"footnotes":""},"categories":[26,37,39],"tags":[1747,2286,153,73,1718],"class_list":["post-45522","post","type-post","status-publish","format-standard","has-post-thumbnail","hentry","category-a-la-une","category-le-thillot-son-canton","category-saint-maurice-moselle","tag-eglise","tag-orgues","tag-patrimoine","tag-saint-maurice","tag-visite"],"acf":[],"yoast_head":"<!-- This site is optimized with the Yoast SEO plugin v22.5 - https:\/\/yoast.com\/wordpress\/plugins\/seo\/ -->\n<title>Journ\u00e9es du Patrimoine\u00a0: \u00e0 la d\u00e9couverte des Grandes Orgues de l\u2019\u00e9glise de Saint-Maurice - Remiremont Info<\/title>\n<meta name=\"robots\" content=\"index, follow, max-snippet:-1, max-image-preview:large, max-video-preview:-1\" \/>\n<link rel=\"canonical\" href=\"https:\/\/vosgesinfo.fr\/remiremontinfo\/2021\/09\/journees-patrimoine-a-decouverte-grandes-orgues-de-leglise-de-saint-maurice\/\" \/>\n<meta name=\"twitter:card\" content=\"summary_large_image\" \/>\n<meta name=\"twitter:title\" content=\"Journ\u00e9es du Patrimoine\u00a0: \u00e0 la d\u00e9couverte des Grandes Orgues de l\u2019\u00e9glise de Saint-Maurice - Remiremont Info\" \/>\n<meta name=\"twitter:description\" content=\"Photos de mairie-saintmauricesurmoselle.fr Dans le cadre des Journ\u00e9es Europ\u00e9ennes du Patrimoine et des diff\u00e9rentes animations que la mairie de Saint-Maurice-sur-Moselle [&hellip;]\" \/>\n<meta name=\"twitter:image\" content=\"https:\/\/vosgesinfo.fr\/app\/uploads\/sites\/5\/2024\/09\/20210920200820-140126-1152x1536-copie.jpg\" \/>\n<meta name=\"twitter:creator\" content=\"@VosgesInfo88\" \/>\n<meta name=\"twitter:site\" content=\"@VosgesInfo88\" \/>\n<meta name=\"twitter:label1\" content=\"\u00c9crit par\" \/>\n\t<meta name=\"twitter:data1\" content=\"C D\" \/>\n\t<meta name=\"twitter:label2\" content=\"Dur\u00e9e de lecture estim\u00e9e\" \/>\n\t<meta name=\"twitter:data2\" content=\"1 minute\" \/>\n<script type=\"application\/ld+json\" class=\"yoast-schema-graph\">{\"@context\":\"https:\/\/schema.org\",\"@graph\":[{\"@type\":\"Article\",\"@id\":\"https:\/\/vosgesinfo.fr\/remiremontinfo\/2021\/09\/journees-patrimoine-a-decouverte-grandes-orgues-de-leglise-de-saint-maurice\/#article\",\"isPartOf\":{\"@id\":\"https:\/\/vosgesinfo.fr\/remiremontinfo\/2021\/09\/journees-patrimoine-a-decouverte-grandes-orgues-de-leglise-de-saint-maurice\/\"},\"author\":{\"name\":\"C D\",\"@id\":\"https:\/\/vosgesinfo.fr\/remiremontinfo\/#\/schema\/person\/3bfd164d5218a185b1db68655a265316\"},\"headline\":\"Journ\u00e9es du Patrimoine\u00a0: \u00e0 la d\u00e9couverte des Grandes Orgues de l\u2019\u00e9glise de Saint-Maurice\",\"datePublished\":\"2021-09-07T03:20:12+00:00\",\"dateModified\":\"2021-09-07T03:20:12+00:00\",\"mainEntityOfPage\":{\"@id\":\"https:\/\/vosgesinfo.fr\/remiremontinfo\/2021\/09\/journees-patrimoine-a-decouverte-grandes-orgues-de-leglise-de-saint-maurice\/\"},\"wordCount\":121,\"commentCount\":0,\"publisher\":{\"@id\":\"https:\/\/vosgesinfo.fr\/remiremontinfo\/#organization\"},\"image\":{\"@id\":\"https:\/\/vosgesinfo.fr\/remiremontinfo\/2021\/09\/journees-patrimoine-a-decouverte-grandes-orgues-de-leglise-de-saint-maurice\/#primaryimage\"},\"thumbnailUrl\":\"https:\/\/vosgesinfo.fr\/app\/uploads\/sites\/5\/2024\/09\/20210920200820-140126-1152x1536-copie.jpg\",\"keywords\":[\"\u00e9glise\",\"orgues\",\"Patrimoine\",\"Saint-Maurice\",\"visite\"],\"articleSection\":[\"A la Une\",\"Le Thillot &amp; son canton\",\"Saint-Maurice\/Moselle\"],\"inLanguage\":\"fr-FR\",\"potentialAction\":[{\"@type\":\"CommentAction\",\"name\":\"Comment\",\"target\":[\"https:\/\/vosgesinfo.fr\/remiremontinfo\/2021\/09\/journees-patrimoine-a-decouverte-grandes-orgues-de-leglise-de-saint-maurice\/#respond\"]}]},{\"@type\":\"WebPage\",\"@id\":\"https:\/\/vosgesinfo.fr\/remiremontinfo\/2021\/09\/journees-patrimoine-a-decouverte-grandes-orgues-de-leglise-de-saint-maurice\/\",\"url\":\"https:\/\/vosgesinfo.fr\/remiremontinfo\/2021\/09\/journees-patrimoine-a-decouverte-grandes-orgues-de-leglise-de-saint-maurice\/\",\"name\":\"Journ\u00e9es du Patrimoine\u00a0: \u00e0 la d\u00e9couverte des Grandes Orgues de l\u2019\u00e9glise de Saint-Maurice - Remiremont Info\",\"isPartOf\":{\"@id\":\"https:\/\/vosgesinfo.fr\/remiremontinfo\/#website\"},\"primaryImageOfPage\":{\"@id\":\"https:\/\/vosgesinfo.fr\/remiremontinfo\/2021\/09\/journees-patrimoine-a-decouverte-grandes-orgues-de-leglise-de-saint-maurice\/#primaryimage\"},\"image\":{\"@id\":\"https:\/\/vosgesinfo.fr\/remiremontinfo\/2021\/09\/journees-patrimoine-a-decouverte-grandes-orgues-de-leglise-de-saint-maurice\/#primaryimage\"},\"thumbnailUrl\":\"https:\/\/vosgesinfo.fr\/app\/uploads\/sites\/5\/2024\/09\/20210920200820-140126-1152x1536-copie.jpg\",\"datePublished\":\"2021-09-07T03:20:12+00:00\",\"dateModified\":\"2021-09-07T03:20:12+00:00\",\"breadcrumb\":{\"@id\":\"https:\/\/vosgesinfo.fr\/remiremontinfo\/2021\/09\/journees-patrimoine-a-decouverte-grandes-orgues-de-leglise-de-saint-maurice\/#breadcrumb\"},\"inLanguage\":\"fr-FR\",\"potentialAction\":[{\"@type\":\"ReadAction\",\"target\":[\"https:\/\/vosgesinfo.fr\/remiremontinfo\/2021\/09\/journees-patrimoine-a-decouverte-grandes-orgues-de-leglise-de-saint-maurice\/\"]}]},{\"@type\":\"ImageObject\",\"inLanguage\":\"fr-FR\",\"@id\":\"https:\/\/vosgesinfo.fr\/remiremontinfo\/2021\/09\/journees-patrimoine-a-decouverte-grandes-orgues-de-leglise-de-saint-maurice\/#primaryimage\",\"url\":\"https:\/\/vosgesinfo.fr\/app\/uploads\/sites\/5\/2024\/09\/20210920200820-140126-1152x1536-copie.jpg\",\"contentUrl\":\"https:\/\/vosgesinfo.fr\/app\/uploads\/sites\/5\/2024\/09\/20210920200820-140126-1152x1536-copie.jpg\",\"width\":800,\"height\":534},{\"@type\":\"BreadcrumbList\",\"@id\":\"https:\/\/vosgesinfo.fr\/remiremontinfo\/2021\/09\/journees-patrimoine-a-decouverte-grandes-orgues-de-leglise-de-saint-maurice\/#breadcrumb\",\"itemListElement\":[{\"@type\":\"ListItem\",\"position\":1,\"name\":\"Home\",\"item\":\"https:\/\/vosgesinfo.fr\/remiremontinfo\/\"},{\"@type\":\"ListItem\",\"position\":2,\"name\":\"Journ\u00e9es du Patrimoine\u00a0: \u00e0 la d\u00e9couverte des Grandes Orgues de l\u2019\u00e9glise de Saint-Maurice\"}]},{\"@type\":\"WebSite\",\"@id\":\"https:\/\/vosgesinfo.fr\/remiremontinfo\/#website\",\"url\":\"https:\/\/vosgesinfo.fr\/remiremontinfo\/\",\"name\":\"Remiremont Info\",\"description\":\"Toute l&#039;actualit\u00e9 de Remiremont\",\"publisher\":{\"@id\":\"https:\/\/vosgesinfo.fr\/remiremontinfo\/#organization\"},\"alternateName\":\"Toute l'actualit\u00e9 de Remiremont\",\"potentialAction\":[{\"@type\":\"SearchAction\",\"target\":{\"@type\":\"EntryPoint\",\"urlTemplate\":\"https:\/\/vosgesinfo.fr\/remiremontinfo\/?s={search_term_string}\"},\"query-input\":\"required name=search_term_string\"}],\"inLanguage\":\"fr-FR\"},{\"@type\":\"Organization\",\"@id\":\"https:\/\/vosgesinfo.fr\/remiremontinfo\/#organization\",\"name\":\"Remiremont Info\",\"url\":\"https:\/\/vosgesinfo.fr\/remiremontinfo\/\",\"logo\":{\"@type\":\"ImageObject\",\"inLanguage\":\"fr-FR\",\"@id\":\"https:\/\/vosgesinfo.fr\/remiremontinfo\/#\/schema\/logo\/image\/\",\"url\":\"https:\/\/vosgesinfo.fr\/app\/uploads\/sites\/5\/2023\/08\/favicon-remiremontinfo.png\",\"contentUrl\":\"https:\/\/vosgesinfo.fr\/app\/uploads\/sites\/5\/2023\/08\/favicon-remiremontinfo.png\",\"width\":512,\"height\":512,\"caption\":\"Remiremont Info\"},\"image\":{\"@id\":\"https:\/\/vosgesinfo.fr\/remiremontinfo\/#\/schema\/logo\/image\/\"},\"sameAs\":[\"https:\/\/www.facebook.com\/remiremontinfo\",\"https:\/\/x.com\/VosgesInfo88\",\"https:\/\/www.youtube.com\/@vosgesinfo\"]},{\"@type\":\"Person\",\"@id\":\"https:\/\/vosgesinfo.fr\/remiremontinfo\/#\/schema\/person\/3bfd164d5218a185b1db68655a265316\",\"name\":\"C D\",\"image\":{\"@type\":\"ImageObject\",\"inLanguage\":\"fr-FR\",\"@id\":\"https:\/\/vosgesinfo.fr\/remiremontinfo\/#\/schema\/person\/image\/\",\"url\":\"https:\/\/secure.gravatar.com\/avatar\/1f9a70007336511a47468b8f1c66f922b8b7cf617b02a31149ada43893a5d48f?s=96&d=mm&r=g\",\"contentUrl\":\"https:\/\/secure.gravatar.com\/avatar\/1f9a70007336511a47468b8f1c66f922b8b7cf617b02a31149ada43893a5d48f?s=96&d=mm&r=g\",\"caption\":\"C D\"},\"url\":\"https:\/\/vosgesinfo.fr\/remiremontinfo\/author\/cedric-drevet\/\"}]}<\/script>\n<!-- \/ Yoast SEO plugin. -->","yoast_head_json":{"title":"Journ\u00e9es du Patrimoine\u00a0: \u00e0 la d\u00e9couverte des Grandes Orgues de l\u2019\u00e9glise de Saint-Maurice - Remiremont Info","robots":{"index":"index","follow":"follow","max-snippet":"max-snippet:-1","max-image-preview":"max-image-preview:large","max-video-preview":"max-video-preview:-1"},"canonical":"https:\/\/vosgesinfo.fr\/remiremontinfo\/2021\/09\/journees-patrimoine-a-decouverte-grandes-orgues-de-leglise-de-saint-maurice\/","twitter_card":"summary_large_image","twitter_title":"Journ\u00e9es du Patrimoine\u00a0: \u00e0 la d\u00e9couverte des Grandes Orgues de l\u2019\u00e9glise de Saint-Maurice - Remiremont Info","twitter_description":"Photos de mairie-saintmauricesurmoselle.fr Dans le cadre des Journ\u00e9es Europ\u00e9ennes du Patrimoine et des diff\u00e9rentes animations que la mairie de Saint-Maurice-sur-Moselle [&hellip;]","twitter_image":"https:\/\/vosgesinfo.fr\/app\/uploads\/sites\/5\/2024\/09\/20210920200820-140126-1152x1536-copie.jpg","twitter_creator":"@VosgesInfo88","twitter_site":"@VosgesInfo88","twitter_misc":{"\u00c9crit par":"C D","Dur\u00e9e de lecture estim\u00e9e":"1 minute"},"schema":{"@context":"https:\/\/schema.org","@graph":[{"@type":"Article","@id":"https:\/\/vosgesinfo.fr\/remiremontinfo\/2021\/09\/journees-patrimoine-a-decouverte-grandes-orgues-de-leglise-de-saint-maurice\/#article","isPartOf":{"@id":"https:\/\/vosgesinfo.fr\/remiremontinfo\/2021\/09\/journees-patrimoine-a-decouverte-grandes-orgues-de-leglise-de-saint-maurice\/"},"author":{"name":"C D","@id":"https:\/\/vosgesinfo.fr\/remiremontinfo\/#\/schema\/person\/3bfd164d5218a185b1db68655a265316"},"headline":"Journ\u00e9es du Patrimoine\u00a0: \u00e0 la d\u00e9couverte des Grandes Orgues de l\u2019\u00e9glise de Saint-Maurice","datePublished":"2021-09-07T03:20:12+00:00","dateModified":"2021-09-07T03:20:12+00:00","mainEntityOfPage":{"@id":"https:\/\/vosgesinfo.fr\/remiremontinfo\/2021\/09\/journees-patrimoine-a-decouverte-grandes-orgues-de-leglise-de-saint-maurice\/"},"wordCount":121,"commentCount":0,"publisher":{"@id":"https:\/\/vosgesinfo.fr\/remiremontinfo\/#organization"},"image":{"@id":"https:\/\/vosgesinfo.fr\/remiremontinfo\/2021\/09\/journees-patrimoine-a-decouverte-grandes-orgues-de-leglise-de-saint-maurice\/#primaryimage"},"thumbnailUrl":"https:\/\/vosgesinfo.fr\/app\/uploads\/sites\/5\/2024\/09\/20210920200820-140126-1152x1536-copie.jpg","keywords":["\u00e9glise","orgues","Patrimoine","Saint-Maurice","visite"],"articleSection":["A la Une","Le Thillot &amp; son canton","Saint-Maurice\/Moselle"],"inLanguage":"fr-FR","potentialAction":[{"@type":"CommentAction","name":"Comment","target":["https:\/\/vosgesinfo.fr\/remiremontinfo\/2021\/09\/journees-patrimoine-a-decouverte-grandes-orgues-de-leglise-de-saint-maurice\/#respond"]}]},{"@type":"WebPage","@id":"https:\/\/vosgesinfo.fr\/remiremontinfo\/2021\/09\/journees-patrimoine-a-decouverte-grandes-orgues-de-leglise-de-saint-maurice\/","url":"https:\/\/vosgesinfo.fr\/remiremontinfo\/2021\/09\/journees-patrimoine-a-decouverte-grandes-orgues-de-leglise-de-saint-maurice\/","name":"Journ\u00e9es du Patrimoine\u00a0: \u00e0 la d\u00e9couverte des Grandes Orgues de l\u2019\u00e9glise de Saint-Maurice - Remiremont Info","isPartOf":{"@id":"https:\/\/vosgesinfo.fr\/remiremontinfo\/#website"},"primaryImageOfPage":{"@id":"https:\/\/vosgesinfo.fr\/remiremontinfo\/2021\/09\/journees-patrimoine-a-decouverte-grandes-orgues-de-leglise-de-saint-maurice\/#primaryimage"},"image":{"@id":"https:\/\/vosgesinfo.fr\/remiremontinfo\/2021\/09\/journees-patrimoine-a-decouverte-grandes-orgues-de-leglise-de-saint-maurice\/#primaryimage"},"thumbnailUrl":"https:\/\/vosgesinfo.fr\/app\/uploads\/sites\/5\/2024\/09\/20210920200820-140126-1152x1536-copie.jpg","datePublished":"2021-09-07T03:20:12+00:00","dateModified":"2021-09-07T03:20:12+00:00","breadcrumb":{"@id":"https:\/\/vosgesinfo.fr\/remiremontinfo\/2021\/09\/journees-patrimoine-a-decouverte-grandes-orgues-de-leglise-de-saint-maurice\/#breadcrumb"},"inLanguage":"fr-FR","potentialAction":[{"@type":"ReadAction","target":["https:\/\/vosgesinfo.fr\/remiremontinfo\/2021\/09\/journees-patrimoine-a-decouverte-grandes-orgues-de-leglise-de-saint-maurice\/"]}]},{"@type":"ImageObject","inLanguage":"fr-FR","@id":"https:\/\/vosgesinfo.fr\/remiremontinfo\/2021\/09\/journees-patrimoine-a-decouverte-grandes-orgues-de-leglise-de-saint-maurice\/#primaryimage","url":"https:\/\/vosgesinfo.fr\/app\/uploads\/sites\/5\/2024\/09\/20210920200820-140126-1152x1536-copie.jpg","contentUrl":"https:\/\/vosgesinfo.fr\/app\/uploads\/sites\/5\/2024\/09\/20210920200820-140126-1152x1536-copie.jpg","width":800,"height":534},{"@type":"BreadcrumbList","@id":"https:\/\/vosgesinfo.fr\/remiremontinfo\/2021\/09\/journees-patrimoine-a-decouverte-grandes-orgues-de-leglise-de-saint-maurice\/#breadcrumb","itemListElement":[{"@type":"ListItem","position":1,"name":"Home","item":"https:\/\/vosgesinfo.fr\/remiremontinfo\/"},{"@type":"ListItem","position":2,"name":"Journ\u00e9es du Patrimoine\u00a0: \u00e0 la d\u00e9couverte des Grandes Orgues de l\u2019\u00e9glise de Saint-Maurice"}]},{"@type":"WebSite","@id":"https:\/\/vosgesinfo.fr\/remiremontinfo\/#website","url":"https:\/\/vosgesinfo.fr\/remiremontinfo\/","name":"Remiremont Info","description":"Toute l&#039;actualit\u00e9 de Remiremont","publisher":{"@id":"https:\/\/vosgesinfo.fr\/remiremontinfo\/#organization"},"alternateName":"Toute l'actualit\u00e9 de Remiremont","potentialAction":[{"@type":"SearchAction","target":{"@type":"EntryPoint","urlTemplate":"https:\/\/vosgesinfo.fr\/remiremontinfo\/?s={search_term_string}"},"query-input":"required name=search_term_string"}],"inLanguage":"fr-FR"},{"@type":"Organization","@id":"https:\/\/vosgesinfo.fr\/remiremontinfo\/#organization","name":"Remiremont Info","url":"https:\/\/vosgesinfo.fr\/remiremontinfo\/","logo":{"@type":"ImageObject","inLanguage":"fr-FR","@id":"https:\/\/vosgesinfo.fr\/remiremontinfo\/#\/schema\/logo\/image\/","url":"https:\/\/vosgesinfo.fr\/app\/uploads\/sites\/5\/2023\/08\/favicon-remiremontinfo.png","contentUrl":"https:\/\/vosgesinfo.fr\/app\/uploads\/sites\/5\/2023\/08\/favicon-remiremontinfo.png","width":512,"height":512,"caption":"Remiremont Info"},"image":{"@id":"https:\/\/vosgesinfo.fr\/remiremontinfo\/#\/schema\/logo\/image\/"},"sameAs":["https:\/\/www.facebook.com\/remiremontinfo","https:\/\/x.com\/VosgesInfo88","https:\/\/www.youtube.com\/@vosgesinfo"]},{"@type":"Person","@id":"https:\/\/vosgesinfo.fr\/remiremontinfo\/#\/schema\/person\/3bfd164d5218a185b1db68655a265316","name":"C D","image":{"@type":"ImageObject","inLanguage":"fr-FR","@id":"https:\/\/vosgesinfo.fr\/remiremontinfo\/#\/schema\/person\/image\/","url":"https:\/\/secure.gravatar.com\/avatar\/1f9a70007336511a47468b8f1c66f922b8b7cf617b02a31149ada43893a5d48f?s=96&d=mm&r=g","contentUrl":"https:\/\/secure.gravatar.com\/avatar\/1f9a70007336511a47468b8f1c66f922b8b7cf617b02a31149ada43893a5d48f?s=96&d=mm&r=g","caption":"C D"},"url":"https:\/\/vosgesinfo.fr\/remiremontinfo\/author\/cedric-drevet\/"}]}},"_links":{"self":[{"href":"https:\/\/vosgesinfo.fr\/remiremontinfo\/wp-json\/wp\/v2\/posts\/45522","targetHints":{"allow":["GET"]}}],"collection":[{"href":"https:\/\/vosgesinfo.fr\/remiremontinfo\/wp-json\/wp\/v2\/posts"}],"about":[{"href":"https:\/\/vosgesinfo.fr\/remiremontinfo\/wp-json\/wp\/v2\/types\/post"}],"author":[{"embeddable":true,"href":"https:\/\/vosgesinfo.fr\/remiremontinfo\/wp-json\/wp\/v2\/users\/407"}],"replies":[{"embeddable":true,"href":"https:\/\/vosgesinfo.fr\/remiremontinfo\/wp-json\/wp\/v2\/comments?post=45522"}],"version-history":[{"count":0,"href":"https:\/\/vosgesinfo.fr\/remiremontinfo\/wp-json\/wp\/v2\/posts\/45522\/revisions"}],"wp:featuredmedia":[{"embeddable":true,"href":"https:\/\/vosgesinfo.fr\/remiremontinfo\/wp-json\/wp\/v2\/media\/45523"}],"wp:attachment":[{"href":"https:\/\/vosgesinfo.fr\/remiremontinfo\/wp-json\/wp\/v2\/media?parent=45522"}],"wp:term":[{"taxonomy":"category","embeddable":true,"href":"https:\/\/vosgesinfo.fr\/remiremontinfo\/wp-json\/wp\/v2\/categories?post=45522"},{"taxonomy":"post_tag","embeddable":true,"href":"https:\/\/vosgesinfo.fr\/remiremontinfo\/wp-json\/wp\/v2\/tags?post=45522"}],"curies":[{"name":"wp","href":"https:\/\/api.w.org\/{rel}","templated":true}]}}