{"id":45526,"date":"2021-09-07T06:33:45","date_gmt":"2021-09-07T04:33:45","guid":{"rendered":"https:\/\/vosgesinfo.fr\/remiremontinfo\/2021\/09\/saint-ame-chiens-devront-desormais-etre-obligatoirement-tenus-laisse\/"},"modified":"2021-09-07T06:33:45","modified_gmt":"2021-09-07T04:33:45","slug":"saint-ame-chiens-devront-desormais-etre-obligatoirement-tenus-laisse","status":"publish","type":"post","link":"https:\/\/vosgesinfo.fr\/remiremontinfo\/2021\/09\/saint-ame-chiens-devront-desormais-etre-obligatoirement-tenus-laisse\/","title":{"rendered":"Saint-Am\u00e9\u00a0: les chiens devront d\u00e9sormais \u00eatre obligatoirement tenus en laisse"},"content":{"rendered":"<p style=\"text-align: center;\"><a href=\"\/2021\/09\/Capture-d\u2019\u00e9cran-2021-09-07-102445.png\"><img decoding=\"async\" class=\"alignnone size-full wp-image-325679\" src=\"\/2021\/09\/Capture-d\u2019\u00e9cran-2021-09-07-102445.png\" alt=\"Capture d\u2019\u00e9cran 2021-09-07 102445\" width=\"800\" height=\"522\" \/><\/a><\/p>\n<p><span style=\"font-size: 10pt;\"><em><span style=\"color: #444444;\"><span style=\"font-family: 'Times New Roman', serif;\">Photo d\u2019illustration <\/span><\/span><\/em><\/span><\/p>\n<h2><span style=\"font-size: 12pt;\"><span style=\"color: #444444;\"><span style=\"font-family: 'Times New Roman', serif;\"><strong>L<\/strong><\/span><\/span><span style=\"color: #444444;\"><span style=\"font-family: 'Times New Roman', serif;\"><strong>es chiens devront d\u00e9sormais \u00eatre obligatoirement tenus en laisse <\/strong><\/span><\/span><span style=\"color: #444444;\"><span style=\"font-family: 'Times New Roman', serif;\"><strong>\u00e0 Saint-Am\u00e9. Le maire<\/strong><\/span><\/span> <span style=\"color: #444444;\"><span style=\"font-family: 'Times New Roman', serif;\"><strong>de la commune <\/strong><\/span><\/span><span style=\"color: #444444;\"><span style=\"font-family: 'Times New Roman', serif;\"><strong>a pris un arr\u00eat\u00e9 <\/strong><\/span><\/span><span style=\"color: #444444;\"><span style=\"font-family: 'Times New Roman', serif;\"><strong>en ce sens, qui s\u2019applique depuis le 4 septembre. <\/strong><\/span><\/span><\/span><\/h2>\n<p><span style=\"color: #444444;\"><span style=\"font-family: 'Times New Roman', serif;\"><span style=\"font-size: medium;\">C<\/span><\/span><\/span><span style=\"color: #444444;\"><span style=\"font-family: 'Times New Roman', serif;\"><span style=\"font-size: medium;\">ette d\u00e9cision a \u00e9t\u00e9 prise \u00ab\u00a0<\/span><\/span><\/span><span style=\"color: #444444;\"><span style=\"font-family: 'Times New Roman', serif;\"><span style=\"font-size: medium;\">Suite aux nombreuses divagations et circulations de chiens non tenus en laisse constat\u00e9es au cours de ces derni\u00e8res semaines sur le territoire de la commune\u00a0\u00bb, <\/span><\/span><\/span><span style=\"color: #444444;\"><span style=\"font-family: 'Times New Roman', serif;\"><span style=\"font-size: medium;\">explique la Mairie de Saint-Am\u00e9. \u00ab\u00a0E<\/span><\/span><\/span><span style=\"color: #444444;\"><span style=\"font-family: 'Times New Roman', serif;\"><span style=\"font-size: medium;\">t afin d&rsquo;\u00e9viter tout incident et risque pour les personnes\u00a0\u00bb. <\/span><\/span><\/span><span style=\"color: #444444;\"><span style=\"font-family: 'Times New Roman', serif;\"><span style=\"font-size: medium;\">P<\/span><\/span><\/span><span style=\"color: #444444;\"><span style=\"font-family: 'Times New Roman', serif;\"><span style=\"font-size: medium;\">a<\/span><\/span><\/span><span style=\"color: #444444;\"><span style=\"font-family: 'Times New Roman', serif;\"><span style=\"font-size: medium;\">r exemple, pr\u00e9cise l\u2019arr\u00eat\u00e9, \u00ab\u00a0l<\/span><\/span><\/span><span style=\"color: #444444;\"><span style=\"font-family: 'Times New Roman', serif;\"><span style=\"font-size: medium;\">e dimanche 29 ao\u00fbt 2021, un chien non tenu en laisse par son propri\u00e9taire s\u2019est montr\u00e9 mena\u00e7ant envers un administr\u00e9 qui se promenait route de Cleurie et envers le chien de ce dernier\u00a0\u00bb. <\/span><\/span><\/span><span style=\"color: #444444;\"><span style=\"font-family: 'Times New Roman', serif;\"><span style=\"font-size: medium;\">T<\/span><\/span><\/span><span style=\"color: #444444;\"><span style=\"font-family: 'Times New Roman', serif;\"><span style=\"font-size: medium;\">ous les chiens circulant sur la voie publique et les espaces publics soient d\u00e9sormais tenus en laisse par leur propri\u00e9taire. <\/span><\/span><\/span><span style=\"color: #444444;\"><span style=\"font-family: 'Times New Roman', serif;\"><span style=\"font-size: medium;\">Retrouvez ci dessous l\u2019arr\u00eat\u00e9 municipal en question\u00a0:\u00a0<\/span><\/span><\/span><\/p>\n<p style=\"text-align: center;\"><a href=\"\/2021\/09\/img_0.jpg\"><img decoding=\"async\" class=\"alignnone size-full wp-image-325677\" src=\"\/2021\/09\/img_0.jpg\" alt=\"img_0\" width=\"500\" height=\"707\" \/><\/a> <a href=\"\/2021\/09\/img_1.jpg\"><img decoding=\"async\" class=\"alignnone size-large wp-image-325678\" src=\"\/2021\/09\/img_1.jpg\" alt=\"img_1\" width=\"500\" height=\"707\" \/><\/a><\/p>\n","protected":false},"excerpt":{"rendered":"<p>Photo d\u2019illustration Les chiens devront d\u00e9sormais \u00eatre obligatoirement tenus en laisse \u00e0 Saint-Am\u00e9. Le maire de la commune a pris [&hellip;]<\/p>\n","protected":false},"author":407,"featured_media":45527,"comment_status":"open","ping_status":"open","sticky":false,"template":"","format":"standard","meta":{"footnotes":""},"categories":[26,35,223],"tags":[2287,1821,2288,2131,225],"class_list":["post-45526","post","type-post","status-publish","format-standard","has-post-thumbnail","hentry","category-a-la-une","category-remiremont-son-canton","category-saint-ame","tag-arrete-municipal","tag-chiens","tag-laisse","tag-obligatoire","tag-saint-ame"],"acf":[],"yoast_head":"<!-- This site is optimized with the Yoast SEO plugin v22.5 - https:\/\/yoast.com\/wordpress\/plugins\/seo\/ -->\n<title>Saint-Am\u00e9\u00a0: les chiens devront d\u00e9sormais \u00eatre obligatoirement tenus en laisse - Remiremont Info<\/title>\n<meta name=\"robots\" content=\"index, follow, max-snippet:-1, max-image-preview:large, max-video-preview:-1\" \/>\n<link rel=\"canonical\" href=\"https:\/\/vosgesinfo.fr\/remiremontinfo\/2021\/09\/saint-ame-chiens-devront-desormais-etre-obligatoirement-tenus-laisse\/\" \/>\n<meta name=\"twitter:card\" content=\"summary_large_image\" \/>\n<meta name=\"twitter:title\" content=\"Saint-Am\u00e9\u00a0: les chiens devront d\u00e9sormais \u00eatre obligatoirement tenus en laisse - Remiremont Info\" \/>\n<meta name=\"twitter:description\" content=\"Photo d\u2019illustration Les chiens devront d\u00e9sormais \u00eatre obligatoirement tenus en laisse \u00e0 Saint-Am\u00e9. Le maire de la commune a pris [&hellip;]\" \/>\n<meta name=\"twitter:image\" content=\"https:\/\/vosgesinfo.fr\/app\/uploads\/sites\/5\/2024\/09\/202109capture-decran-2021-09-07-102445.png\" \/>\n<meta name=\"twitter:creator\" content=\"@VosgesInfo88\" \/>\n<meta name=\"twitter:site\" content=\"@VosgesInfo88\" \/>\n<meta name=\"twitter:label1\" content=\"\u00c9crit par\" \/>\n\t<meta name=\"twitter:data1\" content=\"C D\" \/>\n\t<meta name=\"twitter:label2\" content=\"Dur\u00e9e de lecture estim\u00e9e\" \/>\n\t<meta name=\"twitter:data2\" content=\"1 minute\" \/>\n<script type=\"application\/ld+json\" class=\"yoast-schema-graph\">{\"@context\":\"https:\/\/schema.org\",\"@graph\":[{\"@type\":\"Article\",\"@id\":\"https:\/\/vosgesinfo.fr\/remiremontinfo\/2021\/09\/saint-ame-chiens-devront-desormais-etre-obligatoirement-tenus-laisse\/#article\",\"isPartOf\":{\"@id\":\"https:\/\/vosgesinfo.fr\/remiremontinfo\/2021\/09\/saint-ame-chiens-devront-desormais-etre-obligatoirement-tenus-laisse\/\"},\"author\":{\"name\":\"C D\",\"@id\":\"https:\/\/vosgesinfo.fr\/remiremontinfo\/#\/schema\/person\/3bfd164d5218a185b1db68655a265316\"},\"headline\":\"Saint-Am\u00e9\u00a0: les chiens devront d\u00e9sormais \u00eatre obligatoirement tenus en laisse\",\"datePublished\":\"2021-09-07T04:33:45+00:00\",\"dateModified\":\"2021-09-07T04:33:45+00:00\",\"mainEntityOfPage\":{\"@id\":\"https:\/\/vosgesinfo.fr\/remiremontinfo\/2021\/09\/saint-ame-chiens-devront-desormais-etre-obligatoirement-tenus-laisse\/\"},\"wordCount\":173,\"commentCount\":0,\"publisher\":{\"@id\":\"https:\/\/vosgesinfo.fr\/remiremontinfo\/#organization\"},\"image\":{\"@id\":\"https:\/\/vosgesinfo.fr\/remiremontinfo\/2021\/09\/saint-ame-chiens-devront-desormais-etre-obligatoirement-tenus-laisse\/#primaryimage\"},\"thumbnailUrl\":\"https:\/\/vosgesinfo.fr\/app\/uploads\/sites\/5\/2024\/09\/202109capture-decran-2021-09-07-102445.png\",\"keywords\":[\"arr\u00eat\u00e9 municipal\",\"chiens\",\"laisse\",\"obligatoire\",\"saint-am\u00e9\"],\"articleSection\":[\"A la Une\",\"Remiremont &amp; son canton\",\"Saint-Am\u00e9\"],\"inLanguage\":\"fr-FR\",\"potentialAction\":[{\"@type\":\"CommentAction\",\"name\":\"Comment\",\"target\":[\"https:\/\/vosgesinfo.fr\/remiremontinfo\/2021\/09\/saint-ame-chiens-devront-desormais-etre-obligatoirement-tenus-laisse\/#respond\"]}]},{\"@type\":\"WebPage\",\"@id\":\"https:\/\/vosgesinfo.fr\/remiremontinfo\/2021\/09\/saint-ame-chiens-devront-desormais-etre-obligatoirement-tenus-laisse\/\",\"url\":\"https:\/\/vosgesinfo.fr\/remiremontinfo\/2021\/09\/saint-ame-chiens-devront-desormais-etre-obligatoirement-tenus-laisse\/\",\"name\":\"Saint-Am\u00e9\u00a0: les chiens devront d\u00e9sormais \u00eatre obligatoirement tenus en laisse - Remiremont Info\",\"isPartOf\":{\"@id\":\"https:\/\/vosgesinfo.fr\/remiremontinfo\/#website\"},\"primaryImageOfPage\":{\"@id\":\"https:\/\/vosgesinfo.fr\/remiremontinfo\/2021\/09\/saint-ame-chiens-devront-desormais-etre-obligatoirement-tenus-laisse\/#primaryimage\"},\"image\":{\"@id\":\"https:\/\/vosgesinfo.fr\/remiremontinfo\/2021\/09\/saint-ame-chiens-devront-desormais-etre-obligatoirement-tenus-laisse\/#primaryimage\"},\"thumbnailUrl\":\"https:\/\/vosgesinfo.fr\/app\/uploads\/sites\/5\/2024\/09\/202109capture-decran-2021-09-07-102445.png\",\"datePublished\":\"2021-09-07T04:33:45+00:00\",\"dateModified\":\"2021-09-07T04:33:45+00:00\",\"breadcrumb\":{\"@id\":\"https:\/\/vosgesinfo.fr\/remiremontinfo\/2021\/09\/saint-ame-chiens-devront-desormais-etre-obligatoirement-tenus-laisse\/#breadcrumb\"},\"inLanguage\":\"fr-FR\",\"potentialAction\":[{\"@type\":\"ReadAction\",\"target\":[\"https:\/\/vosgesinfo.fr\/remiremontinfo\/2021\/09\/saint-ame-chiens-devront-desormais-etre-obligatoirement-tenus-laisse\/\"]}]},{\"@type\":\"ImageObject\",\"inLanguage\":\"fr-FR\",\"@id\":\"https:\/\/vosgesinfo.fr\/remiremontinfo\/2021\/09\/saint-ame-chiens-devront-desormais-etre-obligatoirement-tenus-laisse\/#primaryimage\",\"url\":\"https:\/\/vosgesinfo.fr\/app\/uploads\/sites\/5\/2024\/09\/202109capture-decran-2021-09-07-102445.png\",\"contentUrl\":\"https:\/\/vosgesinfo.fr\/app\/uploads\/sites\/5\/2024\/09\/202109capture-decran-2021-09-07-102445.png\",\"width\":800,\"height\":522},{\"@type\":\"BreadcrumbList\",\"@id\":\"https:\/\/vosgesinfo.fr\/remiremontinfo\/2021\/09\/saint-ame-chiens-devront-desormais-etre-obligatoirement-tenus-laisse\/#breadcrumb\",\"itemListElement\":[{\"@type\":\"ListItem\",\"position\":1,\"name\":\"Home\",\"item\":\"https:\/\/vosgesinfo.fr\/remiremontinfo\/\"},{\"@type\":\"ListItem\",\"position\":2,\"name\":\"Saint-Am\u00e9\u00a0: les chiens devront d\u00e9sormais \u00eatre obligatoirement tenus en laisse\"}]},{\"@type\":\"WebSite\",\"@id\":\"https:\/\/vosgesinfo.fr\/remiremontinfo\/#website\",\"url\":\"https:\/\/vosgesinfo.fr\/remiremontinfo\/\",\"name\":\"Remiremont Info\",\"description\":\"Toute l&#039;actualit\u00e9 de Remiremont\",\"publisher\":{\"@id\":\"https:\/\/vosgesinfo.fr\/remiremontinfo\/#organization\"},\"alternateName\":\"Toute l'actualit\u00e9 de Remiremont\",\"potentialAction\":[{\"@type\":\"SearchAction\",\"target\":{\"@type\":\"EntryPoint\",\"urlTemplate\":\"https:\/\/vosgesinfo.fr\/remiremontinfo\/?s={search_term_string}\"},\"query-input\":\"required name=search_term_string\"}],\"inLanguage\":\"fr-FR\"},{\"@type\":\"Organization\",\"@id\":\"https:\/\/vosgesinfo.fr\/remiremontinfo\/#organization\",\"name\":\"Remiremont Info\",\"url\":\"https:\/\/vosgesinfo.fr\/remiremontinfo\/\",\"logo\":{\"@type\":\"ImageObject\",\"inLanguage\":\"fr-FR\",\"@id\":\"https:\/\/vosgesinfo.fr\/remiremontinfo\/#\/schema\/logo\/image\/\",\"url\":\"https:\/\/vosgesinfo.fr\/app\/uploads\/sites\/5\/2023\/08\/favicon-remiremontinfo.png\",\"contentUrl\":\"https:\/\/vosgesinfo.fr\/app\/uploads\/sites\/5\/2023\/08\/favicon-remiremontinfo.png\",\"width\":512,\"height\":512,\"caption\":\"Remiremont Info\"},\"image\":{\"@id\":\"https:\/\/vosgesinfo.fr\/remiremontinfo\/#\/schema\/logo\/image\/\"},\"sameAs\":[\"https:\/\/www.facebook.com\/remiremontinfo\",\"https:\/\/x.com\/VosgesInfo88\",\"https:\/\/www.youtube.com\/@vosgesinfo\"]},{\"@type\":\"Person\",\"@id\":\"https:\/\/vosgesinfo.fr\/remiremontinfo\/#\/schema\/person\/3bfd164d5218a185b1db68655a265316\",\"name\":\"C D\",\"image\":{\"@type\":\"ImageObject\",\"inLanguage\":\"fr-FR\",\"@id\":\"https:\/\/vosgesinfo.fr\/remiremontinfo\/#\/schema\/person\/image\/\",\"url\":\"https:\/\/secure.gravatar.com\/avatar\/1f9a70007336511a47468b8f1c66f922b8b7cf617b02a31149ada43893a5d48f?s=96&d=mm&r=g\",\"contentUrl\":\"https:\/\/secure.gravatar.com\/avatar\/1f9a70007336511a47468b8f1c66f922b8b7cf617b02a31149ada43893a5d48f?s=96&d=mm&r=g\",\"caption\":\"C D\"},\"url\":\"https:\/\/vosgesinfo.fr\/remiremontinfo\/author\/cedric-drevet\/\"}]}<\/script>\n<!-- \/ Yoast SEO plugin. -->","yoast_head_json":{"title":"Saint-Am\u00e9\u00a0: les chiens devront d\u00e9sormais \u00eatre obligatoirement tenus en laisse - Remiremont Info","robots":{"index":"index","follow":"follow","max-snippet":"max-snippet:-1","max-image-preview":"max-image-preview:large","max-video-preview":"max-video-preview:-1"},"canonical":"https:\/\/vosgesinfo.fr\/remiremontinfo\/2021\/09\/saint-ame-chiens-devront-desormais-etre-obligatoirement-tenus-laisse\/","twitter_card":"summary_large_image","twitter_title":"Saint-Am\u00e9\u00a0: les chiens devront d\u00e9sormais \u00eatre obligatoirement tenus en laisse - Remiremont Info","twitter_description":"Photo d\u2019illustration Les chiens devront d\u00e9sormais \u00eatre obligatoirement tenus en laisse \u00e0 Saint-Am\u00e9. Le maire de la commune a pris [&hellip;]","twitter_image":"https:\/\/vosgesinfo.fr\/app\/uploads\/sites\/5\/2024\/09\/202109capture-decran-2021-09-07-102445.png","twitter_creator":"@VosgesInfo88","twitter_site":"@VosgesInfo88","twitter_misc":{"\u00c9crit par":"C D","Dur\u00e9e de lecture estim\u00e9e":"1 minute"},"schema":{"@context":"https:\/\/schema.org","@graph":[{"@type":"Article","@id":"https:\/\/vosgesinfo.fr\/remiremontinfo\/2021\/09\/saint-ame-chiens-devront-desormais-etre-obligatoirement-tenus-laisse\/#article","isPartOf":{"@id":"https:\/\/vosgesinfo.fr\/remiremontinfo\/2021\/09\/saint-ame-chiens-devront-desormais-etre-obligatoirement-tenus-laisse\/"},"author":{"name":"C D","@id":"https:\/\/vosgesinfo.fr\/remiremontinfo\/#\/schema\/person\/3bfd164d5218a185b1db68655a265316"},"headline":"Saint-Am\u00e9\u00a0: les chiens devront d\u00e9sormais \u00eatre obligatoirement tenus en laisse","datePublished":"2021-09-07T04:33:45+00:00","dateModified":"2021-09-07T04:33:45+00:00","mainEntityOfPage":{"@id":"https:\/\/vosgesinfo.fr\/remiremontinfo\/2021\/09\/saint-ame-chiens-devront-desormais-etre-obligatoirement-tenus-laisse\/"},"wordCount":173,"commentCount":0,"publisher":{"@id":"https:\/\/vosgesinfo.fr\/remiremontinfo\/#organization"},"image":{"@id":"https:\/\/vosgesinfo.fr\/remiremontinfo\/2021\/09\/saint-ame-chiens-devront-desormais-etre-obligatoirement-tenus-laisse\/#primaryimage"},"thumbnailUrl":"https:\/\/vosgesinfo.fr\/app\/uploads\/sites\/5\/2024\/09\/202109capture-decran-2021-09-07-102445.png","keywords":["arr\u00eat\u00e9 municipal","chiens","laisse","obligatoire","saint-am\u00e9"],"articleSection":["A la Une","Remiremont &amp; son canton","Saint-Am\u00e9"],"inLanguage":"fr-FR","potentialAction":[{"@type":"CommentAction","name":"Comment","target":["https:\/\/vosgesinfo.fr\/remiremontinfo\/2021\/09\/saint-ame-chiens-devront-desormais-etre-obligatoirement-tenus-laisse\/#respond"]}]},{"@type":"WebPage","@id":"https:\/\/vosgesinfo.fr\/remiremontinfo\/2021\/09\/saint-ame-chiens-devront-desormais-etre-obligatoirement-tenus-laisse\/","url":"https:\/\/vosgesinfo.fr\/remiremontinfo\/2021\/09\/saint-ame-chiens-devront-desormais-etre-obligatoirement-tenus-laisse\/","name":"Saint-Am\u00e9\u00a0: les chiens devront d\u00e9sormais \u00eatre obligatoirement tenus en laisse - Remiremont Info","isPartOf":{"@id":"https:\/\/vosgesinfo.fr\/remiremontinfo\/#website"},"primaryImageOfPage":{"@id":"https:\/\/vosgesinfo.fr\/remiremontinfo\/2021\/09\/saint-ame-chiens-devront-desormais-etre-obligatoirement-tenus-laisse\/#primaryimage"},"image":{"@id":"https:\/\/vosgesinfo.fr\/remiremontinfo\/2021\/09\/saint-ame-chiens-devront-desormais-etre-obligatoirement-tenus-laisse\/#primaryimage"},"thumbnailUrl":"https:\/\/vosgesinfo.fr\/app\/uploads\/sites\/5\/2024\/09\/202109capture-decran-2021-09-07-102445.png","datePublished":"2021-09-07T04:33:45+00:00","dateModified":"2021-09-07T04:33:45+00:00","breadcrumb":{"@id":"https:\/\/vosgesinfo.fr\/remiremontinfo\/2021\/09\/saint-ame-chiens-devront-desormais-etre-obligatoirement-tenus-laisse\/#breadcrumb"},"inLanguage":"fr-FR","potentialAction":[{"@type":"ReadAction","target":["https:\/\/vosgesinfo.fr\/remiremontinfo\/2021\/09\/saint-ame-chiens-devront-desormais-etre-obligatoirement-tenus-laisse\/"]}]},{"@type":"ImageObject","inLanguage":"fr-FR","@id":"https:\/\/vosgesinfo.fr\/remiremontinfo\/2021\/09\/saint-ame-chiens-devront-desormais-etre-obligatoirement-tenus-laisse\/#primaryimage","url":"https:\/\/vosgesinfo.fr\/app\/uploads\/sites\/5\/2024\/09\/202109capture-decran-2021-09-07-102445.png","contentUrl":"https:\/\/vosgesinfo.fr\/app\/uploads\/sites\/5\/2024\/09\/202109capture-decran-2021-09-07-102445.png","width":800,"height":522},{"@type":"BreadcrumbList","@id":"https:\/\/vosgesinfo.fr\/remiremontinfo\/2021\/09\/saint-ame-chiens-devront-desormais-etre-obligatoirement-tenus-laisse\/#breadcrumb","itemListElement":[{"@type":"ListItem","position":1,"name":"Home","item":"https:\/\/vosgesinfo.fr\/remiremontinfo\/"},{"@type":"ListItem","position":2,"name":"Saint-Am\u00e9\u00a0: les chiens devront d\u00e9sormais \u00eatre obligatoirement tenus en laisse"}]},{"@type":"WebSite","@id":"https:\/\/vosgesinfo.fr\/remiremontinfo\/#website","url":"https:\/\/vosgesinfo.fr\/remiremontinfo\/","name":"Remiremont Info","description":"Toute l&#039;actualit\u00e9 de Remiremont","publisher":{"@id":"https:\/\/vosgesinfo.fr\/remiremontinfo\/#organization"},"alternateName":"Toute l'actualit\u00e9 de Remiremont","potentialAction":[{"@type":"SearchAction","target":{"@type":"EntryPoint","urlTemplate":"https:\/\/vosgesinfo.fr\/remiremontinfo\/?s={search_term_string}"},"query-input":"required name=search_term_string"}],"inLanguage":"fr-FR"},{"@type":"Organization","@id":"https:\/\/vosgesinfo.fr\/remiremontinfo\/#organization","name":"Remiremont Info","url":"https:\/\/vosgesinfo.fr\/remiremontinfo\/","logo":{"@type":"ImageObject","inLanguage":"fr-FR","@id":"https:\/\/vosgesinfo.fr\/remiremontinfo\/#\/schema\/logo\/image\/","url":"https:\/\/vosgesinfo.fr\/app\/uploads\/sites\/5\/2023\/08\/favicon-remiremontinfo.png","contentUrl":"https:\/\/vosgesinfo.fr\/app\/uploads\/sites\/5\/2023\/08\/favicon-remiremontinfo.png","width":512,"height":512,"caption":"Remiremont Info"},"image":{"@id":"https:\/\/vosgesinfo.fr\/remiremontinfo\/#\/schema\/logo\/image\/"},"sameAs":["https:\/\/www.facebook.com\/remiremontinfo","https:\/\/x.com\/VosgesInfo88","https:\/\/www.youtube.com\/@vosgesinfo"]},{"@type":"Person","@id":"https:\/\/vosgesinfo.fr\/remiremontinfo\/#\/schema\/person\/3bfd164d5218a185b1db68655a265316","name":"C D","image":{"@type":"ImageObject","inLanguage":"fr-FR","@id":"https:\/\/vosgesinfo.fr\/remiremontinfo\/#\/schema\/person\/image\/","url":"https:\/\/secure.gravatar.com\/avatar\/1f9a70007336511a47468b8f1c66f922b8b7cf617b02a31149ada43893a5d48f?s=96&d=mm&r=g","contentUrl":"https:\/\/secure.gravatar.com\/avatar\/1f9a70007336511a47468b8f1c66f922b8b7cf617b02a31149ada43893a5d48f?s=96&d=mm&r=g","caption":"C D"},"url":"https:\/\/vosgesinfo.fr\/remiremontinfo\/author\/cedric-drevet\/"}]}},"_links":{"self":[{"href":"https:\/\/vosgesinfo.fr\/remiremontinfo\/wp-json\/wp\/v2\/posts\/45526","targetHints":{"allow":["GET"]}}],"collection":[{"href":"https:\/\/vosgesinfo.fr\/remiremontinfo\/wp-json\/wp\/v2\/posts"}],"about":[{"href":"https:\/\/vosgesinfo.fr\/remiremontinfo\/wp-json\/wp\/v2\/types\/post"}],"author":[{"embeddable":true,"href":"https:\/\/vosgesinfo.fr\/remiremontinfo\/wp-json\/wp\/v2\/users\/407"}],"replies":[{"embeddable":true,"href":"https:\/\/vosgesinfo.fr\/remiremontinfo\/wp-json\/wp\/v2\/comments?post=45526"}],"version-history":[{"count":0,"href":"https:\/\/vosgesinfo.fr\/remiremontinfo\/wp-json\/wp\/v2\/posts\/45526\/revisions"}],"wp:featuredmedia":[{"embeddable":true,"href":"https:\/\/vosgesinfo.fr\/remiremontinfo\/wp-json\/wp\/v2\/media\/45527"}],"wp:attachment":[{"href":"https:\/\/vosgesinfo.fr\/remiremontinfo\/wp-json\/wp\/v2\/media?parent=45526"}],"wp:term":[{"taxonomy":"category","embeddable":true,"href":"https:\/\/vosgesinfo.fr\/remiremontinfo\/wp-json\/wp\/v2\/categories?post=45526"},{"taxonomy":"post_tag","embeddable":true,"href":"https:\/\/vosgesinfo.fr\/remiremontinfo\/wp-json\/wp\/v2\/tags?post=45526"}],"curies":[{"name":"wp","href":"https:\/\/api.w.org\/{rel}","templated":true}]}}