{"id":45983,"date":"2021-09-16T13:56:13","date_gmt":"2021-09-16T11:56:13","guid":{"rendered":"https:\/\/vosgesinfo.fr\/remiremontinfo\/2021\/09\/saint-etienne-conseil-jeunes-a-elu-presidente-deux-vice-presidentes\/"},"modified":"2021-09-16T13:56:13","modified_gmt":"2021-09-16T11:56:13","slug":"saint-etienne-conseil-jeunes-a-elu-presidente-deux-vice-presidentes","status":"publish","type":"post","link":"https:\/\/vosgesinfo.fr\/remiremontinfo\/2021\/09\/saint-etienne-conseil-jeunes-a-elu-presidente-deux-vice-presidentes\/","title":{"rendered":"Saint-Etienne : le Conseil des Jeunes a \u00e9lu sa pr\u00e9sidente et ses deux vice-pr\u00e9sidentes"},"content":{"rendered":"<h2 style=\"font-weight: 400;\"><a href=\"\/2021\/09\/211.jpg\"><img decoding=\"async\" class=\"alignnone size-full wp-image-326509\" src=\"\/2021\/09\/211.jpg\" alt=\"2\" width=\"800\" height=\"541\" \/><\/a><\/h2>\n<h2 style=\"font-weight: 400;\"><span style=\"font-size: 12pt;\"><strong>Ce samedi matin 11 septembre, le Conseil des Jeunes a \u00e9lu sa pr\u00e9sidente et ses deux vice-pr\u00e9sidentes. Apr\u00e8s avoir respect\u00e9 une minute de silence \u00e0 la m\u00e9moire des victimes du 11 septembre et de Christian Poncelet, le Conseil des Jeunes s\u2019est livr\u00e9 \u00e0 un exercice de d\u00e9mocratie directe\u00a0: l\u2019\u00e9lection de sa pr\u00e9sidente Lorine Thiriat et des deux vice-pr\u00e9sidentes Kiara Chainel et Agathe Lignon.\u00a0Bravo \u00e0 elles !<\/strong><\/span><\/h2>\n<p style=\"font-weight: 400;\">C\u2019est en pr\u00e9sence des membres de la commission affaires scolaires et de M. le Maire que les jeunes conseillers ont pu comprendre le fonctionnement d\u2019un scrutin, du d\u00e9p\u00f4t de candidature au d\u00e9pouillement. Ils ont \u00e9galement re\u00e7u calepins et stylos \u00e0 l\u2019effigie du CDJ et quelques goodies du Conseil D\u00e9partemental.<\/p>\n<p style=\"font-weight: 400;\"><span style=\"font-size: 10pt;\"><em>Mairie de Saint-Etienne\u00a0<\/em><\/span><\/p>\n\n","protected":false},"excerpt":{"rendered":"<p>Ce samedi matin 11 septembre, le Conseil des Jeunes a \u00e9lu sa pr\u00e9sidente et ses deux vice-pr\u00e9sidentes. Apr\u00e8s avoir respect\u00e9 [&hellip;]<\/p>\n","protected":false},"author":407,"featured_media":45984,"comment_status":"open","ping_status":"open","sticky":false,"template":"","format":"standard","meta":{"footnotes":""},"categories":[26,10,35,155],"tags":[2429,259,156],"class_list":["post-45983","post","type-post","status-publish","format-standard","has-post-thumbnail","hentry","category-a-la-une","category-politique","category-remiremont-son-canton","category-saint-etienne","tag-conseil-des-jeunes","tag-elections","tag-saint-etienne"],"acf":[],"yoast_head":"<!-- This site is optimized with the Yoast SEO plugin v22.5 - https:\/\/yoast.com\/wordpress\/plugins\/seo\/ -->\n<title>Saint-Etienne : le Conseil des Jeunes a \u00e9lu sa pr\u00e9sidente et ses deux vice-pr\u00e9sidentes - Remiremont Info<\/title>\n<meta name=\"robots\" content=\"index, follow, max-snippet:-1, max-image-preview:large, max-video-preview:-1\" \/>\n<link rel=\"canonical\" href=\"https:\/\/vosgesinfo.fr\/remiremontinfo\/2021\/09\/saint-etienne-conseil-jeunes-a-elu-presidente-deux-vice-presidentes\/\" \/>\n<meta name=\"twitter:card\" content=\"summary_large_image\" \/>\n<meta name=\"twitter:title\" content=\"Saint-Etienne : le Conseil des Jeunes a \u00e9lu sa pr\u00e9sidente et ses deux vice-pr\u00e9sidentes - Remiremont Info\" \/>\n<meta name=\"twitter:description\" content=\"Ce samedi matin 11 septembre, le Conseil des Jeunes a \u00e9lu sa pr\u00e9sidente et ses deux vice-pr\u00e9sidentes. Apr\u00e8s avoir respect\u00e9 [&hellip;]\" \/>\n<meta name=\"twitter:image\" content=\"https:\/\/vosgesinfo.fr\/app\/uploads\/sites\/5\/2024\/09\/202109211.jpg\" \/>\n<meta name=\"twitter:creator\" content=\"@VosgesInfo88\" \/>\n<meta name=\"twitter:site\" content=\"@VosgesInfo88\" \/>\n<meta name=\"twitter:label1\" content=\"\u00c9crit par\" \/>\n\t<meta name=\"twitter:data1\" content=\"C D\" \/>\n\t<meta name=\"twitter:label2\" content=\"Dur\u00e9e de lecture estim\u00e9e\" \/>\n\t<meta name=\"twitter:data2\" content=\"1 minute\" \/>\n<script type=\"application\/ld+json\" class=\"yoast-schema-graph\">{\"@context\":\"https:\/\/schema.org\",\"@graph\":[{\"@type\":\"Article\",\"@id\":\"https:\/\/vosgesinfo.fr\/remiremontinfo\/2021\/09\/saint-etienne-conseil-jeunes-a-elu-presidente-deux-vice-presidentes\/#article\",\"isPartOf\":{\"@id\":\"https:\/\/vosgesinfo.fr\/remiremontinfo\/2021\/09\/saint-etienne-conseil-jeunes-a-elu-presidente-deux-vice-presidentes\/\"},\"author\":{\"name\":\"C D\",\"@id\":\"https:\/\/vosgesinfo.fr\/remiremontinfo\/#\/schema\/person\/3bfd164d5218a185b1db68655a265316\"},\"headline\":\"Saint-Etienne : le Conseil des Jeunes a \u00e9lu sa pr\u00e9sidente et ses deux vice-pr\u00e9sidentes\",\"datePublished\":\"2021-09-16T11:56:13+00:00\",\"dateModified\":\"2021-09-16T11:56:13+00:00\",\"mainEntityOfPage\":{\"@id\":\"https:\/\/vosgesinfo.fr\/remiremontinfo\/2021\/09\/saint-etienne-conseil-jeunes-a-elu-presidente-deux-vice-presidentes\/\"},\"wordCount\":153,\"commentCount\":0,\"publisher\":{\"@id\":\"https:\/\/vosgesinfo.fr\/remiremontinfo\/#organization\"},\"image\":{\"@id\":\"https:\/\/vosgesinfo.fr\/remiremontinfo\/2021\/09\/saint-etienne-conseil-jeunes-a-elu-presidente-deux-vice-presidentes\/#primaryimage\"},\"thumbnailUrl\":\"https:\/\/vosgesinfo.fr\/app\/uploads\/sites\/5\/2024\/09\/202109211.jpg\",\"keywords\":[\"conseil des jeunes\",\"Elections\",\"saint \u00e9tienne\"],\"articleSection\":[\"A la Une\",\"Politique\",\"Remiremont &amp; son canton\",\"Saint-Etienne\"],\"inLanguage\":\"fr-FR\",\"potentialAction\":[{\"@type\":\"CommentAction\",\"name\":\"Comment\",\"target\":[\"https:\/\/vosgesinfo.fr\/remiremontinfo\/2021\/09\/saint-etienne-conseil-jeunes-a-elu-presidente-deux-vice-presidentes\/#respond\"]}]},{\"@type\":\"WebPage\",\"@id\":\"https:\/\/vosgesinfo.fr\/remiremontinfo\/2021\/09\/saint-etienne-conseil-jeunes-a-elu-presidente-deux-vice-presidentes\/\",\"url\":\"https:\/\/vosgesinfo.fr\/remiremontinfo\/2021\/09\/saint-etienne-conseil-jeunes-a-elu-presidente-deux-vice-presidentes\/\",\"name\":\"Saint-Etienne : le Conseil des Jeunes a \u00e9lu sa pr\u00e9sidente et ses deux vice-pr\u00e9sidentes - Remiremont Info\",\"isPartOf\":{\"@id\":\"https:\/\/vosgesinfo.fr\/remiremontinfo\/#website\"},\"primaryImageOfPage\":{\"@id\":\"https:\/\/vosgesinfo.fr\/remiremontinfo\/2021\/09\/saint-etienne-conseil-jeunes-a-elu-presidente-deux-vice-presidentes\/#primaryimage\"},\"image\":{\"@id\":\"https:\/\/vosgesinfo.fr\/remiremontinfo\/2021\/09\/saint-etienne-conseil-jeunes-a-elu-presidente-deux-vice-presidentes\/#primaryimage\"},\"thumbnailUrl\":\"https:\/\/vosgesinfo.fr\/app\/uploads\/sites\/5\/2024\/09\/202109211.jpg\",\"datePublished\":\"2021-09-16T11:56:13+00:00\",\"dateModified\":\"2021-09-16T11:56:13+00:00\",\"breadcrumb\":{\"@id\":\"https:\/\/vosgesinfo.fr\/remiremontinfo\/2021\/09\/saint-etienne-conseil-jeunes-a-elu-presidente-deux-vice-presidentes\/#breadcrumb\"},\"inLanguage\":\"fr-FR\",\"potentialAction\":[{\"@type\":\"ReadAction\",\"target\":[\"https:\/\/vosgesinfo.fr\/remiremontinfo\/2021\/09\/saint-etienne-conseil-jeunes-a-elu-presidente-deux-vice-presidentes\/\"]}]},{\"@type\":\"ImageObject\",\"inLanguage\":\"fr-FR\",\"@id\":\"https:\/\/vosgesinfo.fr\/remiremontinfo\/2021\/09\/saint-etienne-conseil-jeunes-a-elu-presidente-deux-vice-presidentes\/#primaryimage\",\"url\":\"https:\/\/vosgesinfo.fr\/app\/uploads\/sites\/5\/2024\/09\/202109211.jpg\",\"contentUrl\":\"https:\/\/vosgesinfo.fr\/app\/uploads\/sites\/5\/2024\/09\/202109211.jpg\",\"width\":800,\"height\":541},{\"@type\":\"BreadcrumbList\",\"@id\":\"https:\/\/vosgesinfo.fr\/remiremontinfo\/2021\/09\/saint-etienne-conseil-jeunes-a-elu-presidente-deux-vice-presidentes\/#breadcrumb\",\"itemListElement\":[{\"@type\":\"ListItem\",\"position\":1,\"name\":\"Home\",\"item\":\"https:\/\/vosgesinfo.fr\/remiremontinfo\/\"},{\"@type\":\"ListItem\",\"position\":2,\"name\":\"Saint-Etienne : le Conseil des Jeunes a \u00e9lu sa pr\u00e9sidente et ses deux vice-pr\u00e9sidentes\"}]},{\"@type\":\"WebSite\",\"@id\":\"https:\/\/vosgesinfo.fr\/remiremontinfo\/#website\",\"url\":\"https:\/\/vosgesinfo.fr\/remiremontinfo\/\",\"name\":\"Remiremont Info\",\"description\":\"Toute l&#039;actualit\u00e9 de Remiremont\",\"publisher\":{\"@id\":\"https:\/\/vosgesinfo.fr\/remiremontinfo\/#organization\"},\"alternateName\":\"Toute l'actualit\u00e9 de Remiremont\",\"potentialAction\":[{\"@type\":\"SearchAction\",\"target\":{\"@type\":\"EntryPoint\",\"urlTemplate\":\"https:\/\/vosgesinfo.fr\/remiremontinfo\/?s={search_term_string}\"},\"query-input\":\"required name=search_term_string\"}],\"inLanguage\":\"fr-FR\"},{\"@type\":\"Organization\",\"@id\":\"https:\/\/vosgesinfo.fr\/remiremontinfo\/#organization\",\"name\":\"Remiremont Info\",\"url\":\"https:\/\/vosgesinfo.fr\/remiremontinfo\/\",\"logo\":{\"@type\":\"ImageObject\",\"inLanguage\":\"fr-FR\",\"@id\":\"https:\/\/vosgesinfo.fr\/remiremontinfo\/#\/schema\/logo\/image\/\",\"url\":\"https:\/\/vosgesinfo.fr\/app\/uploads\/sites\/5\/2023\/08\/favicon-remiremontinfo.png\",\"contentUrl\":\"https:\/\/vosgesinfo.fr\/app\/uploads\/sites\/5\/2023\/08\/favicon-remiremontinfo.png\",\"width\":512,\"height\":512,\"caption\":\"Remiremont Info\"},\"image\":{\"@id\":\"https:\/\/vosgesinfo.fr\/remiremontinfo\/#\/schema\/logo\/image\/\"},\"sameAs\":[\"https:\/\/www.facebook.com\/remiremontinfo\",\"https:\/\/x.com\/VosgesInfo88\",\"https:\/\/www.youtube.com\/@vosgesinfo\"]},{\"@type\":\"Person\",\"@id\":\"https:\/\/vosgesinfo.fr\/remiremontinfo\/#\/schema\/person\/3bfd164d5218a185b1db68655a265316\",\"name\":\"C D\",\"image\":{\"@type\":\"ImageObject\",\"inLanguage\":\"fr-FR\",\"@id\":\"https:\/\/vosgesinfo.fr\/remiremontinfo\/#\/schema\/person\/image\/\",\"url\":\"https:\/\/secure.gravatar.com\/avatar\/1f9a70007336511a47468b8f1c66f922b8b7cf617b02a31149ada43893a5d48f?s=96&d=mm&r=g\",\"contentUrl\":\"https:\/\/secure.gravatar.com\/avatar\/1f9a70007336511a47468b8f1c66f922b8b7cf617b02a31149ada43893a5d48f?s=96&d=mm&r=g\",\"caption\":\"C D\"},\"url\":\"https:\/\/vosgesinfo.fr\/remiremontinfo\/author\/cedric-drevet\/\"}]}<\/script>\n<!-- \/ Yoast SEO plugin. -->","yoast_head_json":{"title":"Saint-Etienne : le Conseil des Jeunes a \u00e9lu sa pr\u00e9sidente et ses deux vice-pr\u00e9sidentes - Remiremont Info","robots":{"index":"index","follow":"follow","max-snippet":"max-snippet:-1","max-image-preview":"max-image-preview:large","max-video-preview":"max-video-preview:-1"},"canonical":"https:\/\/vosgesinfo.fr\/remiremontinfo\/2021\/09\/saint-etienne-conseil-jeunes-a-elu-presidente-deux-vice-presidentes\/","twitter_card":"summary_large_image","twitter_title":"Saint-Etienne : le Conseil des Jeunes a \u00e9lu sa pr\u00e9sidente et ses deux vice-pr\u00e9sidentes - Remiremont Info","twitter_description":"Ce samedi matin 11 septembre, le Conseil des Jeunes a \u00e9lu sa pr\u00e9sidente et ses deux vice-pr\u00e9sidentes. Apr\u00e8s avoir respect\u00e9 [&hellip;]","twitter_image":"https:\/\/vosgesinfo.fr\/app\/uploads\/sites\/5\/2024\/09\/202109211.jpg","twitter_creator":"@VosgesInfo88","twitter_site":"@VosgesInfo88","twitter_misc":{"\u00c9crit par":"C D","Dur\u00e9e de lecture estim\u00e9e":"1 minute"},"schema":{"@context":"https:\/\/schema.org","@graph":[{"@type":"Article","@id":"https:\/\/vosgesinfo.fr\/remiremontinfo\/2021\/09\/saint-etienne-conseil-jeunes-a-elu-presidente-deux-vice-presidentes\/#article","isPartOf":{"@id":"https:\/\/vosgesinfo.fr\/remiremontinfo\/2021\/09\/saint-etienne-conseil-jeunes-a-elu-presidente-deux-vice-presidentes\/"},"author":{"name":"C D","@id":"https:\/\/vosgesinfo.fr\/remiremontinfo\/#\/schema\/person\/3bfd164d5218a185b1db68655a265316"},"headline":"Saint-Etienne : le Conseil des Jeunes a \u00e9lu sa pr\u00e9sidente et ses deux vice-pr\u00e9sidentes","datePublished":"2021-09-16T11:56:13+00:00","dateModified":"2021-09-16T11:56:13+00:00","mainEntityOfPage":{"@id":"https:\/\/vosgesinfo.fr\/remiremontinfo\/2021\/09\/saint-etienne-conseil-jeunes-a-elu-presidente-deux-vice-presidentes\/"},"wordCount":153,"commentCount":0,"publisher":{"@id":"https:\/\/vosgesinfo.fr\/remiremontinfo\/#organization"},"image":{"@id":"https:\/\/vosgesinfo.fr\/remiremontinfo\/2021\/09\/saint-etienne-conseil-jeunes-a-elu-presidente-deux-vice-presidentes\/#primaryimage"},"thumbnailUrl":"https:\/\/vosgesinfo.fr\/app\/uploads\/sites\/5\/2024\/09\/202109211.jpg","keywords":["conseil des jeunes","Elections","saint \u00e9tienne"],"articleSection":["A la Une","Politique","Remiremont &amp; son canton","Saint-Etienne"],"inLanguage":"fr-FR","potentialAction":[{"@type":"CommentAction","name":"Comment","target":["https:\/\/vosgesinfo.fr\/remiremontinfo\/2021\/09\/saint-etienne-conseil-jeunes-a-elu-presidente-deux-vice-presidentes\/#respond"]}]},{"@type":"WebPage","@id":"https:\/\/vosgesinfo.fr\/remiremontinfo\/2021\/09\/saint-etienne-conseil-jeunes-a-elu-presidente-deux-vice-presidentes\/","url":"https:\/\/vosgesinfo.fr\/remiremontinfo\/2021\/09\/saint-etienne-conseil-jeunes-a-elu-presidente-deux-vice-presidentes\/","name":"Saint-Etienne : le Conseil des Jeunes a \u00e9lu sa pr\u00e9sidente et ses deux vice-pr\u00e9sidentes - Remiremont Info","isPartOf":{"@id":"https:\/\/vosgesinfo.fr\/remiremontinfo\/#website"},"primaryImageOfPage":{"@id":"https:\/\/vosgesinfo.fr\/remiremontinfo\/2021\/09\/saint-etienne-conseil-jeunes-a-elu-presidente-deux-vice-presidentes\/#primaryimage"},"image":{"@id":"https:\/\/vosgesinfo.fr\/remiremontinfo\/2021\/09\/saint-etienne-conseil-jeunes-a-elu-presidente-deux-vice-presidentes\/#primaryimage"},"thumbnailUrl":"https:\/\/vosgesinfo.fr\/app\/uploads\/sites\/5\/2024\/09\/202109211.jpg","datePublished":"2021-09-16T11:56:13+00:00","dateModified":"2021-09-16T11:56:13+00:00","breadcrumb":{"@id":"https:\/\/vosgesinfo.fr\/remiremontinfo\/2021\/09\/saint-etienne-conseil-jeunes-a-elu-presidente-deux-vice-presidentes\/#breadcrumb"},"inLanguage":"fr-FR","potentialAction":[{"@type":"ReadAction","target":["https:\/\/vosgesinfo.fr\/remiremontinfo\/2021\/09\/saint-etienne-conseil-jeunes-a-elu-presidente-deux-vice-presidentes\/"]}]},{"@type":"ImageObject","inLanguage":"fr-FR","@id":"https:\/\/vosgesinfo.fr\/remiremontinfo\/2021\/09\/saint-etienne-conseil-jeunes-a-elu-presidente-deux-vice-presidentes\/#primaryimage","url":"https:\/\/vosgesinfo.fr\/app\/uploads\/sites\/5\/2024\/09\/202109211.jpg","contentUrl":"https:\/\/vosgesinfo.fr\/app\/uploads\/sites\/5\/2024\/09\/202109211.jpg","width":800,"height":541},{"@type":"BreadcrumbList","@id":"https:\/\/vosgesinfo.fr\/remiremontinfo\/2021\/09\/saint-etienne-conseil-jeunes-a-elu-presidente-deux-vice-presidentes\/#breadcrumb","itemListElement":[{"@type":"ListItem","position":1,"name":"Home","item":"https:\/\/vosgesinfo.fr\/remiremontinfo\/"},{"@type":"ListItem","position":2,"name":"Saint-Etienne : le Conseil des Jeunes a \u00e9lu sa pr\u00e9sidente et ses deux vice-pr\u00e9sidentes"}]},{"@type":"WebSite","@id":"https:\/\/vosgesinfo.fr\/remiremontinfo\/#website","url":"https:\/\/vosgesinfo.fr\/remiremontinfo\/","name":"Remiremont Info","description":"Toute l&#039;actualit\u00e9 de Remiremont","publisher":{"@id":"https:\/\/vosgesinfo.fr\/remiremontinfo\/#organization"},"alternateName":"Toute l'actualit\u00e9 de Remiremont","potentialAction":[{"@type":"SearchAction","target":{"@type":"EntryPoint","urlTemplate":"https:\/\/vosgesinfo.fr\/remiremontinfo\/?s={search_term_string}"},"query-input":"required name=search_term_string"}],"inLanguage":"fr-FR"},{"@type":"Organization","@id":"https:\/\/vosgesinfo.fr\/remiremontinfo\/#organization","name":"Remiremont Info","url":"https:\/\/vosgesinfo.fr\/remiremontinfo\/","logo":{"@type":"ImageObject","inLanguage":"fr-FR","@id":"https:\/\/vosgesinfo.fr\/remiremontinfo\/#\/schema\/logo\/image\/","url":"https:\/\/vosgesinfo.fr\/app\/uploads\/sites\/5\/2023\/08\/favicon-remiremontinfo.png","contentUrl":"https:\/\/vosgesinfo.fr\/app\/uploads\/sites\/5\/2023\/08\/favicon-remiremontinfo.png","width":512,"height":512,"caption":"Remiremont Info"},"image":{"@id":"https:\/\/vosgesinfo.fr\/remiremontinfo\/#\/schema\/logo\/image\/"},"sameAs":["https:\/\/www.facebook.com\/remiremontinfo","https:\/\/x.com\/VosgesInfo88","https:\/\/www.youtube.com\/@vosgesinfo"]},{"@type":"Person","@id":"https:\/\/vosgesinfo.fr\/remiremontinfo\/#\/schema\/person\/3bfd164d5218a185b1db68655a265316","name":"C D","image":{"@type":"ImageObject","inLanguage":"fr-FR","@id":"https:\/\/vosgesinfo.fr\/remiremontinfo\/#\/schema\/person\/image\/","url":"https:\/\/secure.gravatar.com\/avatar\/1f9a70007336511a47468b8f1c66f922b8b7cf617b02a31149ada43893a5d48f?s=96&d=mm&r=g","contentUrl":"https:\/\/secure.gravatar.com\/avatar\/1f9a70007336511a47468b8f1c66f922b8b7cf617b02a31149ada43893a5d48f?s=96&d=mm&r=g","caption":"C D"},"url":"https:\/\/vosgesinfo.fr\/remiremontinfo\/author\/cedric-drevet\/"}]}},"_links":{"self":[{"href":"https:\/\/vosgesinfo.fr\/remiremontinfo\/wp-json\/wp\/v2\/posts\/45983","targetHints":{"allow":["GET"]}}],"collection":[{"href":"https:\/\/vosgesinfo.fr\/remiremontinfo\/wp-json\/wp\/v2\/posts"}],"about":[{"href":"https:\/\/vosgesinfo.fr\/remiremontinfo\/wp-json\/wp\/v2\/types\/post"}],"author":[{"embeddable":true,"href":"https:\/\/vosgesinfo.fr\/remiremontinfo\/wp-json\/wp\/v2\/users\/407"}],"replies":[{"embeddable":true,"href":"https:\/\/vosgesinfo.fr\/remiremontinfo\/wp-json\/wp\/v2\/comments?post=45983"}],"version-history":[{"count":0,"href":"https:\/\/vosgesinfo.fr\/remiremontinfo\/wp-json\/wp\/v2\/posts\/45983\/revisions"}],"wp:featuredmedia":[{"embeddable":true,"href":"https:\/\/vosgesinfo.fr\/remiremontinfo\/wp-json\/wp\/v2\/media\/45984"}],"wp:attachment":[{"href":"https:\/\/vosgesinfo.fr\/remiremontinfo\/wp-json\/wp\/v2\/media?parent=45983"}],"wp:term":[{"taxonomy":"category","embeddable":true,"href":"https:\/\/vosgesinfo.fr\/remiremontinfo\/wp-json\/wp\/v2\/categories?post=45983"},{"taxonomy":"post_tag","embeddable":true,"href":"https:\/\/vosgesinfo.fr\/remiremontinfo\/wp-json\/wp\/v2\/tags?post=45983"}],"curies":[{"name":"wp","href":"https:\/\/api.w.org\/{rel}","templated":true}]}}