{"id":46024,"date":"2021-09-17T04:29:11","date_gmt":"2021-09-17T02:29:11","guid":{"rendered":"https:\/\/vosgesinfo.fr\/remiremontinfo\/2021\/09\/obligation-vaccinale-de-refractaires-parmi-personnels-hospitaliers-vosges\/"},"modified":"2021-09-17T04:29:11","modified_gmt":"2021-09-17T02:29:11","slug":"obligation-vaccinale-de-refractaires-parmi-personnels-hospitaliers-vosges","status":"publish","type":"post","link":"https:\/\/vosgesinfo.fr\/remiremontinfo\/2021\/09\/obligation-vaccinale-de-refractaires-parmi-personnels-hospitaliers-vosges\/","title":{"rendered":"Obligation vaccinale : peu de r\u00e9fractaires parmi les personnels hospitaliers dans les Vosges"},"content":{"rendered":"<p class=\"x_MsoNormal\"><a href=\"\/2021\/09\/nouvel-hopital-epinal-4.jpg\"><img decoding=\"async\" class=\"alignnone size-full wp-image-326587\" src=\"\/2021\/09\/nouvel-hopital-epinal-4.jpg\" alt=\"nouvel-hopital-epinal-4\" width=\"800\" height=\"600\" \/><\/a><\/p>\n<p class=\"x_MsoNormal\">Les h\u00f4pitaux vosgiens, membres du Groupement hospitalier de territoire 8 (GHT8 ), ont annonc\u00e9 que la tr\u00e8s grande majorit\u00e9 des personnels hospitaliers ont satisfait aux obligations li\u00e9es \u00e0 la vaccination, et exercent leur activit\u00e9 de fa\u00e7on normale. Quelques suspensions ont n\u00e9anmoins \u00e9t\u00e9 prononc\u00e9es,\u00a0<em>\u00ab\u00a0mais sans pr\u00e9judice majeur pour l\u2019offre de soin du d\u00e9partement\u00a0\u00bb<\/em>.<\/p>\n<p class=\"x_MsoNormal\">A titre d\u2019exemple, ont satisfait aux obligations r\u00e9glementaires :<\/p>\n<p class=\"x_MsoNormal\">\u2013 97% des personnels non m\u00e9dicaux de Remiremont ,<\/p>\n<p class=\"x_MsoNormal\">\u2013 100% des m\u00e9decins du Centre Hospitalier de l\u2019Ouest Vosgien (Neufch\u00e2teau et Vittel), du Centre hospitalier Emile Durkheim (Epinal et Golbey) et de Remiremont;<\/p>\n<p class=\"x_MsoNormal\">\u2013 96% des personnels du Centre hospitalier de la Haute Vall\u00e9e de la Moselle (Le Thillot \u2013 Bussang).<\/p>\n","protected":false},"excerpt":{"rendered":"<p>Les h\u00f4pitaux vosgiens, membres du Groupement hospitalier de territoire 8 (GHT8 ), ont annonc\u00e9 que la tr\u00e8s grande majorit\u00e9 des [&hellip;]<\/p>\n","protected":false},"author":407,"featured_media":46025,"comment_status":"open","ping_status":"open","sticky":false,"template":"","format":"standard","meta":{"footnotes":""},"categories":[26,18],"tags":[1498,2220,32],"class_list":["post-46024","post","type-post","status-publish","format-standard","has-post-thumbnail","hentry","category-a-la-une","category-vosges","tag-medecins","tag-vaccination","tag-vosges"],"acf":[],"yoast_head":"<!-- This site is optimized with the Yoast SEO plugin v22.5 - https:\/\/yoast.com\/wordpress\/plugins\/seo\/ -->\n<title>Obligation vaccinale : peu de r\u00e9fractaires parmi les personnels hospitaliers dans les Vosges - Remiremont Info<\/title>\n<meta name=\"robots\" content=\"index, follow, max-snippet:-1, max-image-preview:large, max-video-preview:-1\" \/>\n<link rel=\"canonical\" href=\"https:\/\/vosgesinfo.fr\/remiremontinfo\/2021\/09\/obligation-vaccinale-de-refractaires-parmi-personnels-hospitaliers-vosges\/\" \/>\n<meta name=\"twitter:card\" content=\"summary_large_image\" \/>\n<meta name=\"twitter:title\" content=\"Obligation vaccinale : peu de r\u00e9fractaires parmi les personnels hospitaliers dans les Vosges - Remiremont Info\" \/>\n<meta name=\"twitter:description\" content=\"Les h\u00f4pitaux vosgiens, membres du Groupement hospitalier de territoire 8 (GHT8 ), ont annonc\u00e9 que la tr\u00e8s grande majorit\u00e9 des [&hellip;]\" \/>\n<meta name=\"twitter:image\" content=\"https:\/\/vosgesinfo.fr\/app\/uploads\/sites\/5\/2024\/09\/202109nouvel-hopital-epinal-4.jpg\" \/>\n<meta name=\"twitter:creator\" content=\"@VosgesInfo88\" \/>\n<meta name=\"twitter:site\" content=\"@VosgesInfo88\" \/>\n<meta name=\"twitter:label1\" content=\"\u00c9crit par\" \/>\n\t<meta name=\"twitter:data1\" content=\"C D\" \/>\n\t<meta name=\"twitter:label2\" content=\"Dur\u00e9e de lecture estim\u00e9e\" \/>\n\t<meta name=\"twitter:data2\" content=\"1 minute\" \/>\n<script type=\"application\/ld+json\" class=\"yoast-schema-graph\">{\"@context\":\"https:\/\/schema.org\",\"@graph\":[{\"@type\":\"Article\",\"@id\":\"https:\/\/vosgesinfo.fr\/remiremontinfo\/2021\/09\/obligation-vaccinale-de-refractaires-parmi-personnels-hospitaliers-vosges\/#article\",\"isPartOf\":{\"@id\":\"https:\/\/vosgesinfo.fr\/remiremontinfo\/2021\/09\/obligation-vaccinale-de-refractaires-parmi-personnels-hospitaliers-vosges\/\"},\"author\":{\"name\":\"C D\",\"@id\":\"https:\/\/vosgesinfo.fr\/remiremontinfo\/#\/schema\/person\/3bfd164d5218a185b1db68655a265316\"},\"headline\":\"Obligation vaccinale : peu de r\u00e9fractaires parmi les personnels hospitaliers dans les Vosges\",\"datePublished\":\"2021-09-17T02:29:11+00:00\",\"dateModified\":\"2021-09-17T02:29:11+00:00\",\"mainEntityOfPage\":{\"@id\":\"https:\/\/vosgesinfo.fr\/remiremontinfo\/2021\/09\/obligation-vaccinale-de-refractaires-parmi-personnels-hospitaliers-vosges\/\"},\"wordCount\":130,\"commentCount\":0,\"publisher\":{\"@id\":\"https:\/\/vosgesinfo.fr\/remiremontinfo\/#organization\"},\"image\":{\"@id\":\"https:\/\/vosgesinfo.fr\/remiremontinfo\/2021\/09\/obligation-vaccinale-de-refractaires-parmi-personnels-hospitaliers-vosges\/#primaryimage\"},\"thumbnailUrl\":\"https:\/\/vosgesinfo.fr\/app\/uploads\/sites\/5\/2024\/09\/202109nouvel-hopital-epinal-4.jpg\",\"keywords\":[\"M\u00e9decins\",\"vaccination\",\"Vosges\"],\"articleSection\":[\"A la Une\",\"Vosges\"],\"inLanguage\":\"fr-FR\",\"potentialAction\":[{\"@type\":\"CommentAction\",\"name\":\"Comment\",\"target\":[\"https:\/\/vosgesinfo.fr\/remiremontinfo\/2021\/09\/obligation-vaccinale-de-refractaires-parmi-personnels-hospitaliers-vosges\/#respond\"]}]},{\"@type\":\"WebPage\",\"@id\":\"https:\/\/vosgesinfo.fr\/remiremontinfo\/2021\/09\/obligation-vaccinale-de-refractaires-parmi-personnels-hospitaliers-vosges\/\",\"url\":\"https:\/\/vosgesinfo.fr\/remiremontinfo\/2021\/09\/obligation-vaccinale-de-refractaires-parmi-personnels-hospitaliers-vosges\/\",\"name\":\"Obligation vaccinale : peu de r\u00e9fractaires parmi les personnels hospitaliers dans les Vosges - Remiremont Info\",\"isPartOf\":{\"@id\":\"https:\/\/vosgesinfo.fr\/remiremontinfo\/#website\"},\"primaryImageOfPage\":{\"@id\":\"https:\/\/vosgesinfo.fr\/remiremontinfo\/2021\/09\/obligation-vaccinale-de-refractaires-parmi-personnels-hospitaliers-vosges\/#primaryimage\"},\"image\":{\"@id\":\"https:\/\/vosgesinfo.fr\/remiremontinfo\/2021\/09\/obligation-vaccinale-de-refractaires-parmi-personnels-hospitaliers-vosges\/#primaryimage\"},\"thumbnailUrl\":\"https:\/\/vosgesinfo.fr\/app\/uploads\/sites\/5\/2024\/09\/202109nouvel-hopital-epinal-4.jpg\",\"datePublished\":\"2021-09-17T02:29:11+00:00\",\"dateModified\":\"2021-09-17T02:29:11+00:00\",\"breadcrumb\":{\"@id\":\"https:\/\/vosgesinfo.fr\/remiremontinfo\/2021\/09\/obligation-vaccinale-de-refractaires-parmi-personnels-hospitaliers-vosges\/#breadcrumb\"},\"inLanguage\":\"fr-FR\",\"potentialAction\":[{\"@type\":\"ReadAction\",\"target\":[\"https:\/\/vosgesinfo.fr\/remiremontinfo\/2021\/09\/obligation-vaccinale-de-refractaires-parmi-personnels-hospitaliers-vosges\/\"]}]},{\"@type\":\"ImageObject\",\"inLanguage\":\"fr-FR\",\"@id\":\"https:\/\/vosgesinfo.fr\/remiremontinfo\/2021\/09\/obligation-vaccinale-de-refractaires-parmi-personnels-hospitaliers-vosges\/#primaryimage\",\"url\":\"https:\/\/vosgesinfo.fr\/app\/uploads\/sites\/5\/2024\/09\/202109nouvel-hopital-epinal-4.jpg\",\"contentUrl\":\"https:\/\/vosgesinfo.fr\/app\/uploads\/sites\/5\/2024\/09\/202109nouvel-hopital-epinal-4.jpg\",\"width\":800,\"height\":600},{\"@type\":\"BreadcrumbList\",\"@id\":\"https:\/\/vosgesinfo.fr\/remiremontinfo\/2021\/09\/obligation-vaccinale-de-refractaires-parmi-personnels-hospitaliers-vosges\/#breadcrumb\",\"itemListElement\":[{\"@type\":\"ListItem\",\"position\":1,\"name\":\"Home\",\"item\":\"https:\/\/vosgesinfo.fr\/remiremontinfo\/\"},{\"@type\":\"ListItem\",\"position\":2,\"name\":\"Obligation vaccinale : peu de r\u00e9fractaires parmi les personnels hospitaliers dans les Vosges\"}]},{\"@type\":\"WebSite\",\"@id\":\"https:\/\/vosgesinfo.fr\/remiremontinfo\/#website\",\"url\":\"https:\/\/vosgesinfo.fr\/remiremontinfo\/\",\"name\":\"Remiremont Info\",\"description\":\"Toute l&#039;actualit\u00e9 de Remiremont\",\"publisher\":{\"@id\":\"https:\/\/vosgesinfo.fr\/remiremontinfo\/#organization\"},\"alternateName\":\"Toute l'actualit\u00e9 de Remiremont\",\"potentialAction\":[{\"@type\":\"SearchAction\",\"target\":{\"@type\":\"EntryPoint\",\"urlTemplate\":\"https:\/\/vosgesinfo.fr\/remiremontinfo\/?s={search_term_string}\"},\"query-input\":\"required name=search_term_string\"}],\"inLanguage\":\"fr-FR\"},{\"@type\":\"Organization\",\"@id\":\"https:\/\/vosgesinfo.fr\/remiremontinfo\/#organization\",\"name\":\"Remiremont Info\",\"url\":\"https:\/\/vosgesinfo.fr\/remiremontinfo\/\",\"logo\":{\"@type\":\"ImageObject\",\"inLanguage\":\"fr-FR\",\"@id\":\"https:\/\/vosgesinfo.fr\/remiremontinfo\/#\/schema\/logo\/image\/\",\"url\":\"https:\/\/vosgesinfo.fr\/app\/uploads\/sites\/5\/2023\/08\/favicon-remiremontinfo.png\",\"contentUrl\":\"https:\/\/vosgesinfo.fr\/app\/uploads\/sites\/5\/2023\/08\/favicon-remiremontinfo.png\",\"width\":512,\"height\":512,\"caption\":\"Remiremont Info\"},\"image\":{\"@id\":\"https:\/\/vosgesinfo.fr\/remiremontinfo\/#\/schema\/logo\/image\/\"},\"sameAs\":[\"https:\/\/www.facebook.com\/remiremontinfo\",\"https:\/\/x.com\/VosgesInfo88\",\"https:\/\/www.youtube.com\/@vosgesinfo\"]},{\"@type\":\"Person\",\"@id\":\"https:\/\/vosgesinfo.fr\/remiremontinfo\/#\/schema\/person\/3bfd164d5218a185b1db68655a265316\",\"name\":\"C D\",\"image\":{\"@type\":\"ImageObject\",\"inLanguage\":\"fr-FR\",\"@id\":\"https:\/\/vosgesinfo.fr\/remiremontinfo\/#\/schema\/person\/image\/\",\"url\":\"https:\/\/secure.gravatar.com\/avatar\/1f9a70007336511a47468b8f1c66f922b8b7cf617b02a31149ada43893a5d48f?s=96&d=mm&r=g\",\"contentUrl\":\"https:\/\/secure.gravatar.com\/avatar\/1f9a70007336511a47468b8f1c66f922b8b7cf617b02a31149ada43893a5d48f?s=96&d=mm&r=g\",\"caption\":\"C D\"},\"url\":\"https:\/\/vosgesinfo.fr\/remiremontinfo\/author\/cedric-drevet\/\"}]}<\/script>\n<!-- \/ Yoast SEO plugin. -->","yoast_head_json":{"title":"Obligation vaccinale : peu de r\u00e9fractaires parmi les personnels hospitaliers dans les Vosges - Remiremont Info","robots":{"index":"index","follow":"follow","max-snippet":"max-snippet:-1","max-image-preview":"max-image-preview:large","max-video-preview":"max-video-preview:-1"},"canonical":"https:\/\/vosgesinfo.fr\/remiremontinfo\/2021\/09\/obligation-vaccinale-de-refractaires-parmi-personnels-hospitaliers-vosges\/","twitter_card":"summary_large_image","twitter_title":"Obligation vaccinale : peu de r\u00e9fractaires parmi les personnels hospitaliers dans les Vosges - Remiremont Info","twitter_description":"Les h\u00f4pitaux vosgiens, membres du Groupement hospitalier de territoire 8 (GHT8 ), ont annonc\u00e9 que la tr\u00e8s grande majorit\u00e9 des [&hellip;]","twitter_image":"https:\/\/vosgesinfo.fr\/app\/uploads\/sites\/5\/2024\/09\/202109nouvel-hopital-epinal-4.jpg","twitter_creator":"@VosgesInfo88","twitter_site":"@VosgesInfo88","twitter_misc":{"\u00c9crit par":"C D","Dur\u00e9e de lecture estim\u00e9e":"1 minute"},"schema":{"@context":"https:\/\/schema.org","@graph":[{"@type":"Article","@id":"https:\/\/vosgesinfo.fr\/remiremontinfo\/2021\/09\/obligation-vaccinale-de-refractaires-parmi-personnels-hospitaliers-vosges\/#article","isPartOf":{"@id":"https:\/\/vosgesinfo.fr\/remiremontinfo\/2021\/09\/obligation-vaccinale-de-refractaires-parmi-personnels-hospitaliers-vosges\/"},"author":{"name":"C D","@id":"https:\/\/vosgesinfo.fr\/remiremontinfo\/#\/schema\/person\/3bfd164d5218a185b1db68655a265316"},"headline":"Obligation vaccinale : peu de r\u00e9fractaires parmi les personnels hospitaliers dans les Vosges","datePublished":"2021-09-17T02:29:11+00:00","dateModified":"2021-09-17T02:29:11+00:00","mainEntityOfPage":{"@id":"https:\/\/vosgesinfo.fr\/remiremontinfo\/2021\/09\/obligation-vaccinale-de-refractaires-parmi-personnels-hospitaliers-vosges\/"},"wordCount":130,"commentCount":0,"publisher":{"@id":"https:\/\/vosgesinfo.fr\/remiremontinfo\/#organization"},"image":{"@id":"https:\/\/vosgesinfo.fr\/remiremontinfo\/2021\/09\/obligation-vaccinale-de-refractaires-parmi-personnels-hospitaliers-vosges\/#primaryimage"},"thumbnailUrl":"https:\/\/vosgesinfo.fr\/app\/uploads\/sites\/5\/2024\/09\/202109nouvel-hopital-epinal-4.jpg","keywords":["M\u00e9decins","vaccination","Vosges"],"articleSection":["A la Une","Vosges"],"inLanguage":"fr-FR","potentialAction":[{"@type":"CommentAction","name":"Comment","target":["https:\/\/vosgesinfo.fr\/remiremontinfo\/2021\/09\/obligation-vaccinale-de-refractaires-parmi-personnels-hospitaliers-vosges\/#respond"]}]},{"@type":"WebPage","@id":"https:\/\/vosgesinfo.fr\/remiremontinfo\/2021\/09\/obligation-vaccinale-de-refractaires-parmi-personnels-hospitaliers-vosges\/","url":"https:\/\/vosgesinfo.fr\/remiremontinfo\/2021\/09\/obligation-vaccinale-de-refractaires-parmi-personnels-hospitaliers-vosges\/","name":"Obligation vaccinale : peu de r\u00e9fractaires parmi les personnels hospitaliers dans les Vosges - Remiremont Info","isPartOf":{"@id":"https:\/\/vosgesinfo.fr\/remiremontinfo\/#website"},"primaryImageOfPage":{"@id":"https:\/\/vosgesinfo.fr\/remiremontinfo\/2021\/09\/obligation-vaccinale-de-refractaires-parmi-personnels-hospitaliers-vosges\/#primaryimage"},"image":{"@id":"https:\/\/vosgesinfo.fr\/remiremontinfo\/2021\/09\/obligation-vaccinale-de-refractaires-parmi-personnels-hospitaliers-vosges\/#primaryimage"},"thumbnailUrl":"https:\/\/vosgesinfo.fr\/app\/uploads\/sites\/5\/2024\/09\/202109nouvel-hopital-epinal-4.jpg","datePublished":"2021-09-17T02:29:11+00:00","dateModified":"2021-09-17T02:29:11+00:00","breadcrumb":{"@id":"https:\/\/vosgesinfo.fr\/remiremontinfo\/2021\/09\/obligation-vaccinale-de-refractaires-parmi-personnels-hospitaliers-vosges\/#breadcrumb"},"inLanguage":"fr-FR","potentialAction":[{"@type":"ReadAction","target":["https:\/\/vosgesinfo.fr\/remiremontinfo\/2021\/09\/obligation-vaccinale-de-refractaires-parmi-personnels-hospitaliers-vosges\/"]}]},{"@type":"ImageObject","inLanguage":"fr-FR","@id":"https:\/\/vosgesinfo.fr\/remiremontinfo\/2021\/09\/obligation-vaccinale-de-refractaires-parmi-personnels-hospitaliers-vosges\/#primaryimage","url":"https:\/\/vosgesinfo.fr\/app\/uploads\/sites\/5\/2024\/09\/202109nouvel-hopital-epinal-4.jpg","contentUrl":"https:\/\/vosgesinfo.fr\/app\/uploads\/sites\/5\/2024\/09\/202109nouvel-hopital-epinal-4.jpg","width":800,"height":600},{"@type":"BreadcrumbList","@id":"https:\/\/vosgesinfo.fr\/remiremontinfo\/2021\/09\/obligation-vaccinale-de-refractaires-parmi-personnels-hospitaliers-vosges\/#breadcrumb","itemListElement":[{"@type":"ListItem","position":1,"name":"Home","item":"https:\/\/vosgesinfo.fr\/remiremontinfo\/"},{"@type":"ListItem","position":2,"name":"Obligation vaccinale : peu de r\u00e9fractaires parmi les personnels hospitaliers dans les Vosges"}]},{"@type":"WebSite","@id":"https:\/\/vosgesinfo.fr\/remiremontinfo\/#website","url":"https:\/\/vosgesinfo.fr\/remiremontinfo\/","name":"Remiremont Info","description":"Toute l&#039;actualit\u00e9 de Remiremont","publisher":{"@id":"https:\/\/vosgesinfo.fr\/remiremontinfo\/#organization"},"alternateName":"Toute l'actualit\u00e9 de Remiremont","potentialAction":[{"@type":"SearchAction","target":{"@type":"EntryPoint","urlTemplate":"https:\/\/vosgesinfo.fr\/remiremontinfo\/?s={search_term_string}"},"query-input":"required name=search_term_string"}],"inLanguage":"fr-FR"},{"@type":"Organization","@id":"https:\/\/vosgesinfo.fr\/remiremontinfo\/#organization","name":"Remiremont Info","url":"https:\/\/vosgesinfo.fr\/remiremontinfo\/","logo":{"@type":"ImageObject","inLanguage":"fr-FR","@id":"https:\/\/vosgesinfo.fr\/remiremontinfo\/#\/schema\/logo\/image\/","url":"https:\/\/vosgesinfo.fr\/app\/uploads\/sites\/5\/2023\/08\/favicon-remiremontinfo.png","contentUrl":"https:\/\/vosgesinfo.fr\/app\/uploads\/sites\/5\/2023\/08\/favicon-remiremontinfo.png","width":512,"height":512,"caption":"Remiremont Info"},"image":{"@id":"https:\/\/vosgesinfo.fr\/remiremontinfo\/#\/schema\/logo\/image\/"},"sameAs":["https:\/\/www.facebook.com\/remiremontinfo","https:\/\/x.com\/VosgesInfo88","https:\/\/www.youtube.com\/@vosgesinfo"]},{"@type":"Person","@id":"https:\/\/vosgesinfo.fr\/remiremontinfo\/#\/schema\/person\/3bfd164d5218a185b1db68655a265316","name":"C D","image":{"@type":"ImageObject","inLanguage":"fr-FR","@id":"https:\/\/vosgesinfo.fr\/remiremontinfo\/#\/schema\/person\/image\/","url":"https:\/\/secure.gravatar.com\/avatar\/1f9a70007336511a47468b8f1c66f922b8b7cf617b02a31149ada43893a5d48f?s=96&d=mm&r=g","contentUrl":"https:\/\/secure.gravatar.com\/avatar\/1f9a70007336511a47468b8f1c66f922b8b7cf617b02a31149ada43893a5d48f?s=96&d=mm&r=g","caption":"C D"},"url":"https:\/\/vosgesinfo.fr\/remiremontinfo\/author\/cedric-drevet\/"}]}},"_links":{"self":[{"href":"https:\/\/vosgesinfo.fr\/remiremontinfo\/wp-json\/wp\/v2\/posts\/46024","targetHints":{"allow":["GET"]}}],"collection":[{"href":"https:\/\/vosgesinfo.fr\/remiremontinfo\/wp-json\/wp\/v2\/posts"}],"about":[{"href":"https:\/\/vosgesinfo.fr\/remiremontinfo\/wp-json\/wp\/v2\/types\/post"}],"author":[{"embeddable":true,"href":"https:\/\/vosgesinfo.fr\/remiremontinfo\/wp-json\/wp\/v2\/users\/407"}],"replies":[{"embeddable":true,"href":"https:\/\/vosgesinfo.fr\/remiremontinfo\/wp-json\/wp\/v2\/comments?post=46024"}],"version-history":[{"count":0,"href":"https:\/\/vosgesinfo.fr\/remiremontinfo\/wp-json\/wp\/v2\/posts\/46024\/revisions"}],"wp:featuredmedia":[{"embeddable":true,"href":"https:\/\/vosgesinfo.fr\/remiremontinfo\/wp-json\/wp\/v2\/media\/46025"}],"wp:attachment":[{"href":"https:\/\/vosgesinfo.fr\/remiremontinfo\/wp-json\/wp\/v2\/media?parent=46024"}],"wp:term":[{"taxonomy":"category","embeddable":true,"href":"https:\/\/vosgesinfo.fr\/remiremontinfo\/wp-json\/wp\/v2\/categories?post=46024"},{"taxonomy":"post_tag","embeddable":true,"href":"https:\/\/vosgesinfo.fr\/remiremontinfo\/wp-json\/wp\/v2\/tags?post=46024"}],"curies":[{"name":"wp","href":"https:\/\/api.w.org\/{rel}","templated":true}]}}