{"id":46026,"date":"2021-09-17T06:25:18","date_gmt":"2021-09-17T04:25:18","guid":{"rendered":"https:\/\/vosgesinfo.fr\/remiremontinfo\/2021\/09\/pole-preparateur-pharmacie-cfa-depinal-a-recherche-de-nouveaux-apprentis\/"},"modified":"2021-09-17T06:25:18","modified_gmt":"2021-09-17T04:25:18","slug":"pole-preparateur-pharmacie-cfa-depinal-a-recherche-de-nouveaux-apprentis","status":"publish","type":"post","link":"https:\/\/vosgesinfo.fr\/remiremontinfo\/2021\/09\/pole-preparateur-pharmacie-cfa-depinal-a-recherche-de-nouveaux-apprentis\/","title":{"rendered":"Le P\u00f4le Pr\u00e9parateur en pharmacie du CFA d\u2019Epinal \u00e0 la recherche de nouveaux apprentis"},"content":{"rendered":"<p><a href=\"\/2021\/09\/Pharma-800x464.jpg\"><img decoding=\"async\" class=\"alignnone size-full wp-image-326593\" src=\"\/2021\/09\/Pharma-800x464.jpg\" alt=\"Pharma-800x464\" width=\"800\" height=\"464\" \/><\/a><\/p>\n<h2><span style=\"font-size: 12pt;\"><strong>Devenez Pr\u00e9parateur en pharmacie gr\u00e2ce \u00e0 l\u2019apprentissage ! Le P\u00f4le Pr\u00e9parateur en pharmacie du CFA d\u2019Epinal est \u00e0 la recherche de nouvelles candidatures.\u00a0La formation de ces professionnels de l\u2019officine\u00a0se fait en 2 \u00e0 3 ans apr\u00e8s l\u2019obtention du bac.<\/strong><\/span><\/h2>\n<p><span style=\"font-size: 12pt;\">Les missions du pr\u00e9parateur en pharmacie sont vari\u00e9es : d\u00e9livrance de m\u00e9dicaments et conseils sous responsabilit\u00e9 du Pharmacien, r\u00e9alisation de pr\u00e9parations magistrales, gestion de stock et de commandes\u2026 Autant de t\u00e2ches qui n\u00e9cessitent une certaine rigueur, mais aussi de nombreuses valeurs humaines.<\/span><\/p>\n<p><span style=\"font-size: 12pt;\">L\u2019alternance entre cours au CFA et\u00a0immersion \u00e0 la pharmacie permet d\u2019aborder toutes les comp\u00e9tences n\u00e9cessaires \u00e0 l\u2019apprentissage de ce m\u00e9tier indispensable aux officines. Pour plus de renseignements, consultez la\u00a0<a href=\"https:\/\/cfa-epinal.fr\/formations\/preparateur-en-pharmacie\/\" target=\"_blank\" rel=\"noopener\">page d\u00e9di\u00e9e sur le site web du CFA d\u2019Epinal<\/a>.<\/span><\/p>\n<p><span style=\"font-size: 12pt;\">Le P\u00f4le Pr\u00e9parateur en pharmacie du CFA d\u2019Epinal est actuellement \u00e0 la recherche de nouvelles candidatures pour\u00a0sa fili\u00e8re d\u2019apprentissage. N\u2019h\u00e9sitez plus :\u00a0<strong>contactez Madame Val\u00e9rie Izambert, responsable du p\u00f4le, au 06 20 73 46 13<\/strong>.<\/span><\/p>\n<div class=\"really_simple_share really_simple_share_button robots-nocontent snap_nopreview\"><\/div>\n","protected":false},"excerpt":{"rendered":"<p>Devenez Pr\u00e9parateur en pharmacie gr\u00e2ce \u00e0 l\u2019apprentissage ! Le P\u00f4le Pr\u00e9parateur en pharmacie du CFA d\u2019Epinal est \u00e0 la recherche [&hellip;]<\/p>\n","protected":false},"author":407,"featured_media":46027,"comment_status":"open","ping_status":"open","sticky":false,"template":"","format":"standard","meta":{"footnotes":""},"categories":[26,18],"tags":[2442,109,824,2443,32],"class_list":["post-46026","post","type-post","status-publish","format-standard","has-post-thumbnail","hentry","category-a-la-une","category-vosges","tag-cfa","tag-epinal","tag-formation","tag-pharmacie","tag-vosges"],"acf":[],"yoast_head":"<!-- This site is optimized with the Yoast SEO plugin v22.5 - https:\/\/yoast.com\/wordpress\/plugins\/seo\/ -->\n<title>Le P\u00f4le Pr\u00e9parateur en pharmacie du CFA d\u2019Epinal \u00e0 la recherche de nouveaux apprentis - Remiremont Info<\/title>\n<meta name=\"robots\" content=\"index, follow, max-snippet:-1, max-image-preview:large, max-video-preview:-1\" \/>\n<link rel=\"canonical\" href=\"https:\/\/vosgesinfo.fr\/remiremontinfo\/2021\/09\/pole-preparateur-pharmacie-cfa-depinal-a-recherche-de-nouveaux-apprentis\/\" \/>\n<meta name=\"twitter:card\" content=\"summary_large_image\" \/>\n<meta name=\"twitter:title\" content=\"Le P\u00f4le Pr\u00e9parateur en pharmacie du CFA d\u2019Epinal \u00e0 la recherche de nouveaux apprentis - Remiremont Info\" \/>\n<meta name=\"twitter:description\" content=\"Devenez Pr\u00e9parateur en pharmacie gr\u00e2ce \u00e0 l\u2019apprentissage ! Le P\u00f4le Pr\u00e9parateur en pharmacie du CFA d\u2019Epinal est \u00e0 la recherche [&hellip;]\" \/>\n<meta name=\"twitter:image\" content=\"https:\/\/vosgesinfo.fr\/app\/uploads\/sites\/5\/2024\/09\/202109pharma-800x464-1.jpg\" \/>\n<meta name=\"twitter:creator\" content=\"@VosgesInfo88\" \/>\n<meta name=\"twitter:site\" content=\"@VosgesInfo88\" \/>\n<meta name=\"twitter:label1\" content=\"\u00c9crit par\" \/>\n\t<meta name=\"twitter:data1\" content=\"C D\" \/>\n\t<meta name=\"twitter:label2\" content=\"Dur\u00e9e de lecture estim\u00e9e\" \/>\n\t<meta name=\"twitter:data2\" content=\"1 minute\" \/>\n<script type=\"application\/ld+json\" class=\"yoast-schema-graph\">{\"@context\":\"https:\/\/schema.org\",\"@graph\":[{\"@type\":\"Article\",\"@id\":\"https:\/\/vosgesinfo.fr\/remiremontinfo\/2021\/09\/pole-preparateur-pharmacie-cfa-depinal-a-recherche-de-nouveaux-apprentis\/#article\",\"isPartOf\":{\"@id\":\"https:\/\/vosgesinfo.fr\/remiremontinfo\/2021\/09\/pole-preparateur-pharmacie-cfa-depinal-a-recherche-de-nouveaux-apprentis\/\"},\"author\":{\"name\":\"C D\",\"@id\":\"https:\/\/vosgesinfo.fr\/remiremontinfo\/#\/schema\/person\/3bfd164d5218a185b1db68655a265316\"},\"headline\":\"Le P\u00f4le Pr\u00e9parateur en pharmacie du CFA d\u2019Epinal \u00e0 la recherche de nouveaux apprentis\",\"datePublished\":\"2021-09-17T04:25:18+00:00\",\"dateModified\":\"2021-09-17T04:25:18+00:00\",\"mainEntityOfPage\":{\"@id\":\"https:\/\/vosgesinfo.fr\/remiremontinfo\/2021\/09\/pole-preparateur-pharmacie-cfa-depinal-a-recherche-de-nouveaux-apprentis\/\"},\"wordCount\":193,\"commentCount\":0,\"publisher\":{\"@id\":\"https:\/\/vosgesinfo.fr\/remiremontinfo\/#organization\"},\"image\":{\"@id\":\"https:\/\/vosgesinfo.fr\/remiremontinfo\/2021\/09\/pole-preparateur-pharmacie-cfa-depinal-a-recherche-de-nouveaux-apprentis\/#primaryimage\"},\"thumbnailUrl\":\"https:\/\/vosgesinfo.fr\/app\/uploads\/sites\/5\/2024\/09\/202109pharma-800x464-1.jpg\",\"keywords\":[\"cfa\",\"\u00e9pinal\",\"Formation\",\"pharmacie\",\"Vosges\"],\"articleSection\":[\"A la Une\",\"Vosges\"],\"inLanguage\":\"fr-FR\",\"potentialAction\":[{\"@type\":\"CommentAction\",\"name\":\"Comment\",\"target\":[\"https:\/\/vosgesinfo.fr\/remiremontinfo\/2021\/09\/pole-preparateur-pharmacie-cfa-depinal-a-recherche-de-nouveaux-apprentis\/#respond\"]}]},{\"@type\":\"WebPage\",\"@id\":\"https:\/\/vosgesinfo.fr\/remiremontinfo\/2021\/09\/pole-preparateur-pharmacie-cfa-depinal-a-recherche-de-nouveaux-apprentis\/\",\"url\":\"https:\/\/vosgesinfo.fr\/remiremontinfo\/2021\/09\/pole-preparateur-pharmacie-cfa-depinal-a-recherche-de-nouveaux-apprentis\/\",\"name\":\"Le P\u00f4le Pr\u00e9parateur en pharmacie du CFA d\u2019Epinal \u00e0 la recherche de nouveaux apprentis - Remiremont Info\",\"isPartOf\":{\"@id\":\"https:\/\/vosgesinfo.fr\/remiremontinfo\/#website\"},\"primaryImageOfPage\":{\"@id\":\"https:\/\/vosgesinfo.fr\/remiremontinfo\/2021\/09\/pole-preparateur-pharmacie-cfa-depinal-a-recherche-de-nouveaux-apprentis\/#primaryimage\"},\"image\":{\"@id\":\"https:\/\/vosgesinfo.fr\/remiremontinfo\/2021\/09\/pole-preparateur-pharmacie-cfa-depinal-a-recherche-de-nouveaux-apprentis\/#primaryimage\"},\"thumbnailUrl\":\"https:\/\/vosgesinfo.fr\/app\/uploads\/sites\/5\/2024\/09\/202109pharma-800x464-1.jpg\",\"datePublished\":\"2021-09-17T04:25:18+00:00\",\"dateModified\":\"2021-09-17T04:25:18+00:00\",\"breadcrumb\":{\"@id\":\"https:\/\/vosgesinfo.fr\/remiremontinfo\/2021\/09\/pole-preparateur-pharmacie-cfa-depinal-a-recherche-de-nouveaux-apprentis\/#breadcrumb\"},\"inLanguage\":\"fr-FR\",\"potentialAction\":[{\"@type\":\"ReadAction\",\"target\":[\"https:\/\/vosgesinfo.fr\/remiremontinfo\/2021\/09\/pole-preparateur-pharmacie-cfa-depinal-a-recherche-de-nouveaux-apprentis\/\"]}]},{\"@type\":\"ImageObject\",\"inLanguage\":\"fr-FR\",\"@id\":\"https:\/\/vosgesinfo.fr\/remiremontinfo\/2021\/09\/pole-preparateur-pharmacie-cfa-depinal-a-recherche-de-nouveaux-apprentis\/#primaryimage\",\"url\":\"https:\/\/vosgesinfo.fr\/app\/uploads\/sites\/5\/2024\/09\/202109pharma-800x464-1.jpg\",\"contentUrl\":\"https:\/\/vosgesinfo.fr\/app\/uploads\/sites\/5\/2024\/09\/202109pharma-800x464-1.jpg\",\"width\":800,\"height\":464},{\"@type\":\"BreadcrumbList\",\"@id\":\"https:\/\/vosgesinfo.fr\/remiremontinfo\/2021\/09\/pole-preparateur-pharmacie-cfa-depinal-a-recherche-de-nouveaux-apprentis\/#breadcrumb\",\"itemListElement\":[{\"@type\":\"ListItem\",\"position\":1,\"name\":\"Home\",\"item\":\"https:\/\/vosgesinfo.fr\/remiremontinfo\/\"},{\"@type\":\"ListItem\",\"position\":2,\"name\":\"Le P\u00f4le Pr\u00e9parateur en pharmacie du CFA d\u2019Epinal \u00e0 la recherche de nouveaux apprentis\"}]},{\"@type\":\"WebSite\",\"@id\":\"https:\/\/vosgesinfo.fr\/remiremontinfo\/#website\",\"url\":\"https:\/\/vosgesinfo.fr\/remiremontinfo\/\",\"name\":\"Remiremont Info\",\"description\":\"Toute l&#039;actualit\u00e9 de Remiremont\",\"publisher\":{\"@id\":\"https:\/\/vosgesinfo.fr\/remiremontinfo\/#organization\"},\"alternateName\":\"Toute l'actualit\u00e9 de Remiremont\",\"potentialAction\":[{\"@type\":\"SearchAction\",\"target\":{\"@type\":\"EntryPoint\",\"urlTemplate\":\"https:\/\/vosgesinfo.fr\/remiremontinfo\/?s={search_term_string}\"},\"query-input\":\"required name=search_term_string\"}],\"inLanguage\":\"fr-FR\"},{\"@type\":\"Organization\",\"@id\":\"https:\/\/vosgesinfo.fr\/remiremontinfo\/#organization\",\"name\":\"Remiremont Info\",\"url\":\"https:\/\/vosgesinfo.fr\/remiremontinfo\/\",\"logo\":{\"@type\":\"ImageObject\",\"inLanguage\":\"fr-FR\",\"@id\":\"https:\/\/vosgesinfo.fr\/remiremontinfo\/#\/schema\/logo\/image\/\",\"url\":\"https:\/\/vosgesinfo.fr\/app\/uploads\/sites\/5\/2023\/08\/favicon-remiremontinfo.png\",\"contentUrl\":\"https:\/\/vosgesinfo.fr\/app\/uploads\/sites\/5\/2023\/08\/favicon-remiremontinfo.png\",\"width\":512,\"height\":512,\"caption\":\"Remiremont Info\"},\"image\":{\"@id\":\"https:\/\/vosgesinfo.fr\/remiremontinfo\/#\/schema\/logo\/image\/\"},\"sameAs\":[\"https:\/\/www.facebook.com\/remiremontinfo\",\"https:\/\/x.com\/VosgesInfo88\",\"https:\/\/www.youtube.com\/@vosgesinfo\"]},{\"@type\":\"Person\",\"@id\":\"https:\/\/vosgesinfo.fr\/remiremontinfo\/#\/schema\/person\/3bfd164d5218a185b1db68655a265316\",\"name\":\"C D\",\"image\":{\"@type\":\"ImageObject\",\"inLanguage\":\"fr-FR\",\"@id\":\"https:\/\/vosgesinfo.fr\/remiremontinfo\/#\/schema\/person\/image\/\",\"url\":\"https:\/\/secure.gravatar.com\/avatar\/1f9a70007336511a47468b8f1c66f922b8b7cf617b02a31149ada43893a5d48f?s=96&d=mm&r=g\",\"contentUrl\":\"https:\/\/secure.gravatar.com\/avatar\/1f9a70007336511a47468b8f1c66f922b8b7cf617b02a31149ada43893a5d48f?s=96&d=mm&r=g\",\"caption\":\"C D\"},\"url\":\"https:\/\/vosgesinfo.fr\/remiremontinfo\/author\/cedric-drevet\/\"}]}<\/script>\n<!-- \/ Yoast SEO plugin. -->","yoast_head_json":{"title":"Le P\u00f4le Pr\u00e9parateur en pharmacie du CFA d\u2019Epinal \u00e0 la recherche de nouveaux apprentis - Remiremont Info","robots":{"index":"index","follow":"follow","max-snippet":"max-snippet:-1","max-image-preview":"max-image-preview:large","max-video-preview":"max-video-preview:-1"},"canonical":"https:\/\/vosgesinfo.fr\/remiremontinfo\/2021\/09\/pole-preparateur-pharmacie-cfa-depinal-a-recherche-de-nouveaux-apprentis\/","twitter_card":"summary_large_image","twitter_title":"Le P\u00f4le Pr\u00e9parateur en pharmacie du CFA d\u2019Epinal \u00e0 la recherche de nouveaux apprentis - Remiremont Info","twitter_description":"Devenez Pr\u00e9parateur en pharmacie gr\u00e2ce \u00e0 l\u2019apprentissage ! Le P\u00f4le Pr\u00e9parateur en pharmacie du CFA d\u2019Epinal est \u00e0 la recherche [&hellip;]","twitter_image":"https:\/\/vosgesinfo.fr\/app\/uploads\/sites\/5\/2024\/09\/202109pharma-800x464-1.jpg","twitter_creator":"@VosgesInfo88","twitter_site":"@VosgesInfo88","twitter_misc":{"\u00c9crit par":"C D","Dur\u00e9e de lecture estim\u00e9e":"1 minute"},"schema":{"@context":"https:\/\/schema.org","@graph":[{"@type":"Article","@id":"https:\/\/vosgesinfo.fr\/remiremontinfo\/2021\/09\/pole-preparateur-pharmacie-cfa-depinal-a-recherche-de-nouveaux-apprentis\/#article","isPartOf":{"@id":"https:\/\/vosgesinfo.fr\/remiremontinfo\/2021\/09\/pole-preparateur-pharmacie-cfa-depinal-a-recherche-de-nouveaux-apprentis\/"},"author":{"name":"C D","@id":"https:\/\/vosgesinfo.fr\/remiremontinfo\/#\/schema\/person\/3bfd164d5218a185b1db68655a265316"},"headline":"Le P\u00f4le Pr\u00e9parateur en pharmacie du CFA d\u2019Epinal \u00e0 la recherche de nouveaux apprentis","datePublished":"2021-09-17T04:25:18+00:00","dateModified":"2021-09-17T04:25:18+00:00","mainEntityOfPage":{"@id":"https:\/\/vosgesinfo.fr\/remiremontinfo\/2021\/09\/pole-preparateur-pharmacie-cfa-depinal-a-recherche-de-nouveaux-apprentis\/"},"wordCount":193,"commentCount":0,"publisher":{"@id":"https:\/\/vosgesinfo.fr\/remiremontinfo\/#organization"},"image":{"@id":"https:\/\/vosgesinfo.fr\/remiremontinfo\/2021\/09\/pole-preparateur-pharmacie-cfa-depinal-a-recherche-de-nouveaux-apprentis\/#primaryimage"},"thumbnailUrl":"https:\/\/vosgesinfo.fr\/app\/uploads\/sites\/5\/2024\/09\/202109pharma-800x464-1.jpg","keywords":["cfa","\u00e9pinal","Formation","pharmacie","Vosges"],"articleSection":["A la Une","Vosges"],"inLanguage":"fr-FR","potentialAction":[{"@type":"CommentAction","name":"Comment","target":["https:\/\/vosgesinfo.fr\/remiremontinfo\/2021\/09\/pole-preparateur-pharmacie-cfa-depinal-a-recherche-de-nouveaux-apprentis\/#respond"]}]},{"@type":"WebPage","@id":"https:\/\/vosgesinfo.fr\/remiremontinfo\/2021\/09\/pole-preparateur-pharmacie-cfa-depinal-a-recherche-de-nouveaux-apprentis\/","url":"https:\/\/vosgesinfo.fr\/remiremontinfo\/2021\/09\/pole-preparateur-pharmacie-cfa-depinal-a-recherche-de-nouveaux-apprentis\/","name":"Le P\u00f4le Pr\u00e9parateur en pharmacie du CFA d\u2019Epinal \u00e0 la recherche de nouveaux apprentis - Remiremont Info","isPartOf":{"@id":"https:\/\/vosgesinfo.fr\/remiremontinfo\/#website"},"primaryImageOfPage":{"@id":"https:\/\/vosgesinfo.fr\/remiremontinfo\/2021\/09\/pole-preparateur-pharmacie-cfa-depinal-a-recherche-de-nouveaux-apprentis\/#primaryimage"},"image":{"@id":"https:\/\/vosgesinfo.fr\/remiremontinfo\/2021\/09\/pole-preparateur-pharmacie-cfa-depinal-a-recherche-de-nouveaux-apprentis\/#primaryimage"},"thumbnailUrl":"https:\/\/vosgesinfo.fr\/app\/uploads\/sites\/5\/2024\/09\/202109pharma-800x464-1.jpg","datePublished":"2021-09-17T04:25:18+00:00","dateModified":"2021-09-17T04:25:18+00:00","breadcrumb":{"@id":"https:\/\/vosgesinfo.fr\/remiremontinfo\/2021\/09\/pole-preparateur-pharmacie-cfa-depinal-a-recherche-de-nouveaux-apprentis\/#breadcrumb"},"inLanguage":"fr-FR","potentialAction":[{"@type":"ReadAction","target":["https:\/\/vosgesinfo.fr\/remiremontinfo\/2021\/09\/pole-preparateur-pharmacie-cfa-depinal-a-recherche-de-nouveaux-apprentis\/"]}]},{"@type":"ImageObject","inLanguage":"fr-FR","@id":"https:\/\/vosgesinfo.fr\/remiremontinfo\/2021\/09\/pole-preparateur-pharmacie-cfa-depinal-a-recherche-de-nouveaux-apprentis\/#primaryimage","url":"https:\/\/vosgesinfo.fr\/app\/uploads\/sites\/5\/2024\/09\/202109pharma-800x464-1.jpg","contentUrl":"https:\/\/vosgesinfo.fr\/app\/uploads\/sites\/5\/2024\/09\/202109pharma-800x464-1.jpg","width":800,"height":464},{"@type":"BreadcrumbList","@id":"https:\/\/vosgesinfo.fr\/remiremontinfo\/2021\/09\/pole-preparateur-pharmacie-cfa-depinal-a-recherche-de-nouveaux-apprentis\/#breadcrumb","itemListElement":[{"@type":"ListItem","position":1,"name":"Home","item":"https:\/\/vosgesinfo.fr\/remiremontinfo\/"},{"@type":"ListItem","position":2,"name":"Le P\u00f4le Pr\u00e9parateur en pharmacie du CFA d\u2019Epinal \u00e0 la recherche de nouveaux apprentis"}]},{"@type":"WebSite","@id":"https:\/\/vosgesinfo.fr\/remiremontinfo\/#website","url":"https:\/\/vosgesinfo.fr\/remiremontinfo\/","name":"Remiremont Info","description":"Toute l&#039;actualit\u00e9 de Remiremont","publisher":{"@id":"https:\/\/vosgesinfo.fr\/remiremontinfo\/#organization"},"alternateName":"Toute l'actualit\u00e9 de Remiremont","potentialAction":[{"@type":"SearchAction","target":{"@type":"EntryPoint","urlTemplate":"https:\/\/vosgesinfo.fr\/remiremontinfo\/?s={search_term_string}"},"query-input":"required name=search_term_string"}],"inLanguage":"fr-FR"},{"@type":"Organization","@id":"https:\/\/vosgesinfo.fr\/remiremontinfo\/#organization","name":"Remiremont Info","url":"https:\/\/vosgesinfo.fr\/remiremontinfo\/","logo":{"@type":"ImageObject","inLanguage":"fr-FR","@id":"https:\/\/vosgesinfo.fr\/remiremontinfo\/#\/schema\/logo\/image\/","url":"https:\/\/vosgesinfo.fr\/app\/uploads\/sites\/5\/2023\/08\/favicon-remiremontinfo.png","contentUrl":"https:\/\/vosgesinfo.fr\/app\/uploads\/sites\/5\/2023\/08\/favicon-remiremontinfo.png","width":512,"height":512,"caption":"Remiremont Info"},"image":{"@id":"https:\/\/vosgesinfo.fr\/remiremontinfo\/#\/schema\/logo\/image\/"},"sameAs":["https:\/\/www.facebook.com\/remiremontinfo","https:\/\/x.com\/VosgesInfo88","https:\/\/www.youtube.com\/@vosgesinfo"]},{"@type":"Person","@id":"https:\/\/vosgesinfo.fr\/remiremontinfo\/#\/schema\/person\/3bfd164d5218a185b1db68655a265316","name":"C D","image":{"@type":"ImageObject","inLanguage":"fr-FR","@id":"https:\/\/vosgesinfo.fr\/remiremontinfo\/#\/schema\/person\/image\/","url":"https:\/\/secure.gravatar.com\/avatar\/1f9a70007336511a47468b8f1c66f922b8b7cf617b02a31149ada43893a5d48f?s=96&d=mm&r=g","contentUrl":"https:\/\/secure.gravatar.com\/avatar\/1f9a70007336511a47468b8f1c66f922b8b7cf617b02a31149ada43893a5d48f?s=96&d=mm&r=g","caption":"C D"},"url":"https:\/\/vosgesinfo.fr\/remiremontinfo\/author\/cedric-drevet\/"}]}},"_links":{"self":[{"href":"https:\/\/vosgesinfo.fr\/remiremontinfo\/wp-json\/wp\/v2\/posts\/46026","targetHints":{"allow":["GET"]}}],"collection":[{"href":"https:\/\/vosgesinfo.fr\/remiremontinfo\/wp-json\/wp\/v2\/posts"}],"about":[{"href":"https:\/\/vosgesinfo.fr\/remiremontinfo\/wp-json\/wp\/v2\/types\/post"}],"author":[{"embeddable":true,"href":"https:\/\/vosgesinfo.fr\/remiremontinfo\/wp-json\/wp\/v2\/users\/407"}],"replies":[{"embeddable":true,"href":"https:\/\/vosgesinfo.fr\/remiremontinfo\/wp-json\/wp\/v2\/comments?post=46026"}],"version-history":[{"count":0,"href":"https:\/\/vosgesinfo.fr\/remiremontinfo\/wp-json\/wp\/v2\/posts\/46026\/revisions"}],"wp:featuredmedia":[{"embeddable":true,"href":"https:\/\/vosgesinfo.fr\/remiremontinfo\/wp-json\/wp\/v2\/media\/46027"}],"wp:attachment":[{"href":"https:\/\/vosgesinfo.fr\/remiremontinfo\/wp-json\/wp\/v2\/media?parent=46026"}],"wp:term":[{"taxonomy":"category","embeddable":true,"href":"https:\/\/vosgesinfo.fr\/remiremontinfo\/wp-json\/wp\/v2\/categories?post=46026"},{"taxonomy":"post_tag","embeddable":true,"href":"https:\/\/vosgesinfo.fr\/remiremontinfo\/wp-json\/wp\/v2\/tags?post=46026"}],"curies":[{"name":"wp","href":"https:\/\/api.w.org\/{rel}","templated":true}]}}