{"id":46394,"date":"2021-09-22T04:42:17","date_gmt":"2021-09-22T02:42:17","guid":{"rendered":"https:\/\/vosgesinfo.fr\/remiremontinfo\/2021\/09\/professionnels-de-sante-liberaux-veulent-faciliter-lacces-aux-soins\/"},"modified":"2021-09-22T04:42:17","modified_gmt":"2021-09-22T02:42:17","slug":"professionnels-de-sante-liberaux-veulent-faciliter-lacces-aux-soins","status":"publish","type":"post","link":"https:\/\/vosgesinfo.fr\/remiremontinfo\/2021\/09\/professionnels-de-sante-liberaux-veulent-faciliter-lacces-aux-soins\/","title":{"rendered":"Les professionnels de sant\u00e9 lib\u00e9raux veulent faciliter l\u2019acc\u00e8s aux soins"},"content":{"rendered":"<p><a href=\"\/2021\/09\/thumbnail_Signature_1.jpg\"><img decoding=\"async\" class=\"alignnone size-full wp-image-327158\" src=\"\/2021\/09\/thumbnail_Signature_1.jpg\" alt=\"thumbnail_Signature_1\" width=\"800\" height=\"621\" \/><\/a><\/p>\n<h2><span style=\"font-size: 12pt;\">Un contrat relatif \u00e0 la cr\u00e9ation de la communaut\u00e9 professionnelle territoriale de sant\u00e9 des Vosges centrales (CPTS) a \u00e9t\u00e9 sign\u00e9 \u00e0 Epinal. L\u2019objectif est de faciliter l\u2019acc\u00e8s aux soins.\u00a0Les professionnels de sant\u00e9 lib\u00e9raux (m\u00e9decins g\u00e9n\u00e9ralistes, infirmiers, sp\u00e9cialistes\u2026) sont au c\u0153ur du projet.\u00a0<\/span><\/h2>\n<p><span style=\"font-size: 12pt;\">La communaut\u00e9 professionnelle territoriale de sant\u00e9 des Vosges centrales (CPTS) regroupe pr\u00e8s de 210 communes,\u00a0soit 157\u00a0628 habitants d\u2019Epinal, \u00e0 Bruy\u00e8res, Mirecourt et Neufch\u00e2teau, jusqu\u2019\u00e0 Bains-l\u00e8s-Bains.<\/span><\/p>\n<p><span style=\"font-size: 12pt;\">L\u2019objectif est d\u2019am\u00e9liorer la prise en charge de la population et de fluidifier les parcours. Un noyau dur compos\u00e9 de professionnels de sant\u00e9 est \u00e0 l\u2019origine du projet\u00a0: Dr Philippe Cherrier (m\u00e9decin g\u00e9n\u00e9raliste), Dr Fr\u00e9d\u00e9ric Vilespy (m\u00e9decin g\u00e9n\u00e9raliste), St\u00e9phane Vogel (infirmier) et Dr Lo\u00efc Libot (m\u00e9decin urgentiste).\u00a0Ils ont \u00e9t\u00e9 rejoints par la suite par plus de 200 professionnels de sant\u00e9 lib\u00e9raux, issus de 13 cat\u00e9gories professionnelles diff\u00e9rentes (m\u00e9decins, infirmiers, dentistes, pharmaciens, masseurs-kin\u00e9sith\u00e9rapeutes, sages-femmes, p\u00e9dicures podologues, orthoptistes, orthophonistes\u2026).<\/span><\/p>\n<h3><span style=\"font-size: 12pt;\">Prise en charge des soins non programm\u00e9s<\/span><\/h3>\n<p><span style=\"font-size: 12pt;\">La CPTS s\u2019est fix\u00e9e comme priorit\u00e9 la coop\u00e9ration ville-h\u00f4pital (entr\u00e9es et sorties des patients\u2026) et l\u2019organisation des soins non programm\u00e9s en journ\u00e9e pour d\u00e9sengorger les urgences.<\/span><\/p>\n<h3><span style=\"font-size: 12pt;\">Admissions directes en service m\u00e9decine<\/span><\/h3>\n<p><span style=\"font-size: 12pt;\">Augmenter le nombre de patients qui sont admis \u00e0 l\u2019h\u00f4pital sans passer par les urgences, mais gr\u00e2ce \u00e0 la collaboration entre les professionnels de sant\u00e9 lib\u00e9raux et l\u2019h\u00f4pital est un enjeu majeur pour la CPTS.<\/span><\/p>\n<h3><span style=\"font-size: 12pt;\">Passages aux urgences non suivis d\u2019hospitalisation<\/span><\/h3>\n<p><span style=\"font-size: 12pt;\">Faire diminuer le taux de passages aux urgences en faveur d\u2019une meilleure prise en charge des soins non programm\u00e9s par les professionnels de sant\u00e9 lib\u00e9raux est capital pour la CPTS.<\/span><\/p>\n<p><span style=\"font-size: 12pt;\">Le territoire de la CPTS des Vosges centrales comptent d\u00e9j\u00e0 plusieurs structures d\u2019exercice coordonn\u00e9.<\/span><\/p>\n<p><span style=\"font-size: 12pt;\">Elle doit permettre une prise de rendez-vous plus rapide et fluidifier la prise en charge du patient. La CPTS doit aussi faciliter l\u2019acc\u00e8s au m\u00e9decin traitant.<\/span><\/p>\n<p><span style=\"font-size: 12pt;\">C.K.N.<\/span><\/p>\n","protected":false},"excerpt":{"rendered":"<p>Un contrat relatif \u00e0 la cr\u00e9ation de la communaut\u00e9 professionnelle territoriale de sant\u00e9 des Vosges centrales (CPTS) a \u00e9t\u00e9 sign\u00e9 [&hellip;]<\/p>\n","protected":false},"author":407,"featured_media":46395,"comment_status":"open","ping_status":"open","sticky":false,"template":"","format":"standard","meta":{"footnotes":""},"categories":[26,12,18],"tags":[2491,2492,2061,46,32],"class_list":["post-46394","post","type-post","status-publish","format-standard","has-post-thumbnail","hentry","category-a-la-une","category-sante","category-vosges","tag-acces-aux-soins","tag-docteur","tag-medecine","tag-sante","tag-vosges"],"acf":[],"yoast_head":"<!-- This site is optimized with the Yoast SEO plugin v22.5 - https:\/\/yoast.com\/wordpress\/plugins\/seo\/ -->\n<title>Les professionnels de sant\u00e9 lib\u00e9raux veulent faciliter l\u2019acc\u00e8s aux soins - Remiremont Info<\/title>\n<meta name=\"robots\" content=\"index, follow, max-snippet:-1, max-image-preview:large, max-video-preview:-1\" \/>\n<link rel=\"canonical\" href=\"https:\/\/vosgesinfo.fr\/remiremontinfo\/2021\/09\/professionnels-de-sante-liberaux-veulent-faciliter-lacces-aux-soins\/\" \/>\n<meta name=\"twitter:card\" content=\"summary_large_image\" \/>\n<meta name=\"twitter:title\" content=\"Les professionnels de sant\u00e9 lib\u00e9raux veulent faciliter l\u2019acc\u00e8s aux soins - Remiremont Info\" \/>\n<meta name=\"twitter:description\" content=\"Un contrat relatif \u00e0 la cr\u00e9ation de la communaut\u00e9 professionnelle territoriale de sant\u00e9 des Vosges centrales (CPTS) a \u00e9t\u00e9 sign\u00e9 [&hellip;]\" \/>\n<meta name=\"twitter:image\" content=\"https:\/\/vosgesinfo.fr\/app\/uploads\/sites\/5\/2024\/09\/202109thumbnail-signature-1.jpg\" \/>\n<meta name=\"twitter:creator\" content=\"@VosgesInfo88\" \/>\n<meta name=\"twitter:site\" content=\"@VosgesInfo88\" \/>\n<meta name=\"twitter:label1\" content=\"\u00c9crit par\" \/>\n\t<meta name=\"twitter:data1\" content=\"C D\" \/>\n\t<meta name=\"twitter:label2\" content=\"Dur\u00e9e de lecture estim\u00e9e\" \/>\n\t<meta name=\"twitter:data2\" content=\"2 minutes\" \/>\n<script type=\"application\/ld+json\" class=\"yoast-schema-graph\">{\"@context\":\"https:\/\/schema.org\",\"@graph\":[{\"@type\":\"Article\",\"@id\":\"https:\/\/vosgesinfo.fr\/remiremontinfo\/2021\/09\/professionnels-de-sante-liberaux-veulent-faciliter-lacces-aux-soins\/#article\",\"isPartOf\":{\"@id\":\"https:\/\/vosgesinfo.fr\/remiremontinfo\/2021\/09\/professionnels-de-sante-liberaux-veulent-faciliter-lacces-aux-soins\/\"},\"author\":{\"name\":\"C D\",\"@id\":\"https:\/\/vosgesinfo.fr\/remiremontinfo\/#\/schema\/person\/3bfd164d5218a185b1db68655a265316\"},\"headline\":\"Les professionnels de sant\u00e9 lib\u00e9raux veulent faciliter l\u2019acc\u00e8s aux soins\",\"datePublished\":\"2021-09-22T02:42:17+00:00\",\"dateModified\":\"2021-09-22T02:42:17+00:00\",\"mainEntityOfPage\":{\"@id\":\"https:\/\/vosgesinfo.fr\/remiremontinfo\/2021\/09\/professionnels-de-sante-liberaux-veulent-faciliter-lacces-aux-soins\/\"},\"wordCount\":365,\"commentCount\":0,\"publisher\":{\"@id\":\"https:\/\/vosgesinfo.fr\/remiremontinfo\/#organization\"},\"image\":{\"@id\":\"https:\/\/vosgesinfo.fr\/remiremontinfo\/2021\/09\/professionnels-de-sante-liberaux-veulent-faciliter-lacces-aux-soins\/#primaryimage\"},\"thumbnailUrl\":\"https:\/\/vosgesinfo.fr\/app\/uploads\/sites\/5\/2024\/09\/202109thumbnail-signature-1.jpg\",\"keywords\":[\"acc\u00e8s aux soins\",\"docteur\",\"M\u00e9decine\",\"sant\u00e9\",\"Vosges\"],\"articleSection\":[\"A la Une\",\"Sant\u00e9\",\"Vosges\"],\"inLanguage\":\"fr-FR\",\"potentialAction\":[{\"@type\":\"CommentAction\",\"name\":\"Comment\",\"target\":[\"https:\/\/vosgesinfo.fr\/remiremontinfo\/2021\/09\/professionnels-de-sante-liberaux-veulent-faciliter-lacces-aux-soins\/#respond\"]}]},{\"@type\":\"WebPage\",\"@id\":\"https:\/\/vosgesinfo.fr\/remiremontinfo\/2021\/09\/professionnels-de-sante-liberaux-veulent-faciliter-lacces-aux-soins\/\",\"url\":\"https:\/\/vosgesinfo.fr\/remiremontinfo\/2021\/09\/professionnels-de-sante-liberaux-veulent-faciliter-lacces-aux-soins\/\",\"name\":\"Les professionnels de sant\u00e9 lib\u00e9raux veulent faciliter l\u2019acc\u00e8s aux soins - Remiremont Info\",\"isPartOf\":{\"@id\":\"https:\/\/vosgesinfo.fr\/remiremontinfo\/#website\"},\"primaryImageOfPage\":{\"@id\":\"https:\/\/vosgesinfo.fr\/remiremontinfo\/2021\/09\/professionnels-de-sante-liberaux-veulent-faciliter-lacces-aux-soins\/#primaryimage\"},\"image\":{\"@id\":\"https:\/\/vosgesinfo.fr\/remiremontinfo\/2021\/09\/professionnels-de-sante-liberaux-veulent-faciliter-lacces-aux-soins\/#primaryimage\"},\"thumbnailUrl\":\"https:\/\/vosgesinfo.fr\/app\/uploads\/sites\/5\/2024\/09\/202109thumbnail-signature-1.jpg\",\"datePublished\":\"2021-09-22T02:42:17+00:00\",\"dateModified\":\"2021-09-22T02:42:17+00:00\",\"breadcrumb\":{\"@id\":\"https:\/\/vosgesinfo.fr\/remiremontinfo\/2021\/09\/professionnels-de-sante-liberaux-veulent-faciliter-lacces-aux-soins\/#breadcrumb\"},\"inLanguage\":\"fr-FR\",\"potentialAction\":[{\"@type\":\"ReadAction\",\"target\":[\"https:\/\/vosgesinfo.fr\/remiremontinfo\/2021\/09\/professionnels-de-sante-liberaux-veulent-faciliter-lacces-aux-soins\/\"]}]},{\"@type\":\"ImageObject\",\"inLanguage\":\"fr-FR\",\"@id\":\"https:\/\/vosgesinfo.fr\/remiremontinfo\/2021\/09\/professionnels-de-sante-liberaux-veulent-faciliter-lacces-aux-soins\/#primaryimage\",\"url\":\"https:\/\/vosgesinfo.fr\/app\/uploads\/sites\/5\/2024\/09\/202109thumbnail-signature-1.jpg\",\"contentUrl\":\"https:\/\/vosgesinfo.fr\/app\/uploads\/sites\/5\/2024\/09\/202109thumbnail-signature-1.jpg\",\"width\":800,\"height\":621},{\"@type\":\"BreadcrumbList\",\"@id\":\"https:\/\/vosgesinfo.fr\/remiremontinfo\/2021\/09\/professionnels-de-sante-liberaux-veulent-faciliter-lacces-aux-soins\/#breadcrumb\",\"itemListElement\":[{\"@type\":\"ListItem\",\"position\":1,\"name\":\"Home\",\"item\":\"https:\/\/vosgesinfo.fr\/remiremontinfo\/\"},{\"@type\":\"ListItem\",\"position\":2,\"name\":\"Les professionnels de sant\u00e9 lib\u00e9raux veulent faciliter l\u2019acc\u00e8s aux soins\"}]},{\"@type\":\"WebSite\",\"@id\":\"https:\/\/vosgesinfo.fr\/remiremontinfo\/#website\",\"url\":\"https:\/\/vosgesinfo.fr\/remiremontinfo\/\",\"name\":\"Remiremont Info\",\"description\":\"Toute l&#039;actualit\u00e9 de Remiremont\",\"publisher\":{\"@id\":\"https:\/\/vosgesinfo.fr\/remiremontinfo\/#organization\"},\"alternateName\":\"Toute l'actualit\u00e9 de Remiremont\",\"potentialAction\":[{\"@type\":\"SearchAction\",\"target\":{\"@type\":\"EntryPoint\",\"urlTemplate\":\"https:\/\/vosgesinfo.fr\/remiremontinfo\/?s={search_term_string}\"},\"query-input\":\"required name=search_term_string\"}],\"inLanguage\":\"fr-FR\"},{\"@type\":\"Organization\",\"@id\":\"https:\/\/vosgesinfo.fr\/remiremontinfo\/#organization\",\"name\":\"Remiremont Info\",\"url\":\"https:\/\/vosgesinfo.fr\/remiremontinfo\/\",\"logo\":{\"@type\":\"ImageObject\",\"inLanguage\":\"fr-FR\",\"@id\":\"https:\/\/vosgesinfo.fr\/remiremontinfo\/#\/schema\/logo\/image\/\",\"url\":\"https:\/\/vosgesinfo.fr\/app\/uploads\/sites\/5\/2023\/08\/favicon-remiremontinfo.png\",\"contentUrl\":\"https:\/\/vosgesinfo.fr\/app\/uploads\/sites\/5\/2023\/08\/favicon-remiremontinfo.png\",\"width\":512,\"height\":512,\"caption\":\"Remiremont Info\"},\"image\":{\"@id\":\"https:\/\/vosgesinfo.fr\/remiremontinfo\/#\/schema\/logo\/image\/\"},\"sameAs\":[\"https:\/\/www.facebook.com\/remiremontinfo\",\"https:\/\/x.com\/VosgesInfo88\",\"https:\/\/www.youtube.com\/@vosgesinfo\"]},{\"@type\":\"Person\",\"@id\":\"https:\/\/vosgesinfo.fr\/remiremontinfo\/#\/schema\/person\/3bfd164d5218a185b1db68655a265316\",\"name\":\"C D\",\"image\":{\"@type\":\"ImageObject\",\"inLanguage\":\"fr-FR\",\"@id\":\"https:\/\/vosgesinfo.fr\/remiremontinfo\/#\/schema\/person\/image\/\",\"url\":\"https:\/\/secure.gravatar.com\/avatar\/1f9a70007336511a47468b8f1c66f922b8b7cf617b02a31149ada43893a5d48f?s=96&d=mm&r=g\",\"contentUrl\":\"https:\/\/secure.gravatar.com\/avatar\/1f9a70007336511a47468b8f1c66f922b8b7cf617b02a31149ada43893a5d48f?s=96&d=mm&r=g\",\"caption\":\"C D\"},\"url\":\"https:\/\/vosgesinfo.fr\/remiremontinfo\/author\/cedric-drevet\/\"}]}<\/script>\n<!-- \/ Yoast SEO plugin. -->","yoast_head_json":{"title":"Les professionnels de sant\u00e9 lib\u00e9raux veulent faciliter l\u2019acc\u00e8s aux soins - Remiremont Info","robots":{"index":"index","follow":"follow","max-snippet":"max-snippet:-1","max-image-preview":"max-image-preview:large","max-video-preview":"max-video-preview:-1"},"canonical":"https:\/\/vosgesinfo.fr\/remiremontinfo\/2021\/09\/professionnels-de-sante-liberaux-veulent-faciliter-lacces-aux-soins\/","twitter_card":"summary_large_image","twitter_title":"Les professionnels de sant\u00e9 lib\u00e9raux veulent faciliter l\u2019acc\u00e8s aux soins - Remiremont Info","twitter_description":"Un contrat relatif \u00e0 la cr\u00e9ation de la communaut\u00e9 professionnelle territoriale de sant\u00e9 des Vosges centrales (CPTS) a \u00e9t\u00e9 sign\u00e9 [&hellip;]","twitter_image":"https:\/\/vosgesinfo.fr\/app\/uploads\/sites\/5\/2024\/09\/202109thumbnail-signature-1.jpg","twitter_creator":"@VosgesInfo88","twitter_site":"@VosgesInfo88","twitter_misc":{"\u00c9crit par":"C D","Dur\u00e9e de lecture estim\u00e9e":"2 minutes"},"schema":{"@context":"https:\/\/schema.org","@graph":[{"@type":"Article","@id":"https:\/\/vosgesinfo.fr\/remiremontinfo\/2021\/09\/professionnels-de-sante-liberaux-veulent-faciliter-lacces-aux-soins\/#article","isPartOf":{"@id":"https:\/\/vosgesinfo.fr\/remiremontinfo\/2021\/09\/professionnels-de-sante-liberaux-veulent-faciliter-lacces-aux-soins\/"},"author":{"name":"C D","@id":"https:\/\/vosgesinfo.fr\/remiremontinfo\/#\/schema\/person\/3bfd164d5218a185b1db68655a265316"},"headline":"Les professionnels de sant\u00e9 lib\u00e9raux veulent faciliter l\u2019acc\u00e8s aux soins","datePublished":"2021-09-22T02:42:17+00:00","dateModified":"2021-09-22T02:42:17+00:00","mainEntityOfPage":{"@id":"https:\/\/vosgesinfo.fr\/remiremontinfo\/2021\/09\/professionnels-de-sante-liberaux-veulent-faciliter-lacces-aux-soins\/"},"wordCount":365,"commentCount":0,"publisher":{"@id":"https:\/\/vosgesinfo.fr\/remiremontinfo\/#organization"},"image":{"@id":"https:\/\/vosgesinfo.fr\/remiremontinfo\/2021\/09\/professionnels-de-sante-liberaux-veulent-faciliter-lacces-aux-soins\/#primaryimage"},"thumbnailUrl":"https:\/\/vosgesinfo.fr\/app\/uploads\/sites\/5\/2024\/09\/202109thumbnail-signature-1.jpg","keywords":["acc\u00e8s aux soins","docteur","M\u00e9decine","sant\u00e9","Vosges"],"articleSection":["A la Une","Sant\u00e9","Vosges"],"inLanguage":"fr-FR","potentialAction":[{"@type":"CommentAction","name":"Comment","target":["https:\/\/vosgesinfo.fr\/remiremontinfo\/2021\/09\/professionnels-de-sante-liberaux-veulent-faciliter-lacces-aux-soins\/#respond"]}]},{"@type":"WebPage","@id":"https:\/\/vosgesinfo.fr\/remiremontinfo\/2021\/09\/professionnels-de-sante-liberaux-veulent-faciliter-lacces-aux-soins\/","url":"https:\/\/vosgesinfo.fr\/remiremontinfo\/2021\/09\/professionnels-de-sante-liberaux-veulent-faciliter-lacces-aux-soins\/","name":"Les professionnels de sant\u00e9 lib\u00e9raux veulent faciliter l\u2019acc\u00e8s aux soins - Remiremont Info","isPartOf":{"@id":"https:\/\/vosgesinfo.fr\/remiremontinfo\/#website"},"primaryImageOfPage":{"@id":"https:\/\/vosgesinfo.fr\/remiremontinfo\/2021\/09\/professionnels-de-sante-liberaux-veulent-faciliter-lacces-aux-soins\/#primaryimage"},"image":{"@id":"https:\/\/vosgesinfo.fr\/remiremontinfo\/2021\/09\/professionnels-de-sante-liberaux-veulent-faciliter-lacces-aux-soins\/#primaryimage"},"thumbnailUrl":"https:\/\/vosgesinfo.fr\/app\/uploads\/sites\/5\/2024\/09\/202109thumbnail-signature-1.jpg","datePublished":"2021-09-22T02:42:17+00:00","dateModified":"2021-09-22T02:42:17+00:00","breadcrumb":{"@id":"https:\/\/vosgesinfo.fr\/remiremontinfo\/2021\/09\/professionnels-de-sante-liberaux-veulent-faciliter-lacces-aux-soins\/#breadcrumb"},"inLanguage":"fr-FR","potentialAction":[{"@type":"ReadAction","target":["https:\/\/vosgesinfo.fr\/remiremontinfo\/2021\/09\/professionnels-de-sante-liberaux-veulent-faciliter-lacces-aux-soins\/"]}]},{"@type":"ImageObject","inLanguage":"fr-FR","@id":"https:\/\/vosgesinfo.fr\/remiremontinfo\/2021\/09\/professionnels-de-sante-liberaux-veulent-faciliter-lacces-aux-soins\/#primaryimage","url":"https:\/\/vosgesinfo.fr\/app\/uploads\/sites\/5\/2024\/09\/202109thumbnail-signature-1.jpg","contentUrl":"https:\/\/vosgesinfo.fr\/app\/uploads\/sites\/5\/2024\/09\/202109thumbnail-signature-1.jpg","width":800,"height":621},{"@type":"BreadcrumbList","@id":"https:\/\/vosgesinfo.fr\/remiremontinfo\/2021\/09\/professionnels-de-sante-liberaux-veulent-faciliter-lacces-aux-soins\/#breadcrumb","itemListElement":[{"@type":"ListItem","position":1,"name":"Home","item":"https:\/\/vosgesinfo.fr\/remiremontinfo\/"},{"@type":"ListItem","position":2,"name":"Les professionnels de sant\u00e9 lib\u00e9raux veulent faciliter l\u2019acc\u00e8s aux soins"}]},{"@type":"WebSite","@id":"https:\/\/vosgesinfo.fr\/remiremontinfo\/#website","url":"https:\/\/vosgesinfo.fr\/remiremontinfo\/","name":"Remiremont Info","description":"Toute l&#039;actualit\u00e9 de Remiremont","publisher":{"@id":"https:\/\/vosgesinfo.fr\/remiremontinfo\/#organization"},"alternateName":"Toute l'actualit\u00e9 de Remiremont","potentialAction":[{"@type":"SearchAction","target":{"@type":"EntryPoint","urlTemplate":"https:\/\/vosgesinfo.fr\/remiremontinfo\/?s={search_term_string}"},"query-input":"required name=search_term_string"}],"inLanguage":"fr-FR"},{"@type":"Organization","@id":"https:\/\/vosgesinfo.fr\/remiremontinfo\/#organization","name":"Remiremont Info","url":"https:\/\/vosgesinfo.fr\/remiremontinfo\/","logo":{"@type":"ImageObject","inLanguage":"fr-FR","@id":"https:\/\/vosgesinfo.fr\/remiremontinfo\/#\/schema\/logo\/image\/","url":"https:\/\/vosgesinfo.fr\/app\/uploads\/sites\/5\/2023\/08\/favicon-remiremontinfo.png","contentUrl":"https:\/\/vosgesinfo.fr\/app\/uploads\/sites\/5\/2023\/08\/favicon-remiremontinfo.png","width":512,"height":512,"caption":"Remiremont Info"},"image":{"@id":"https:\/\/vosgesinfo.fr\/remiremontinfo\/#\/schema\/logo\/image\/"},"sameAs":["https:\/\/www.facebook.com\/remiremontinfo","https:\/\/x.com\/VosgesInfo88","https:\/\/www.youtube.com\/@vosgesinfo"]},{"@type":"Person","@id":"https:\/\/vosgesinfo.fr\/remiremontinfo\/#\/schema\/person\/3bfd164d5218a185b1db68655a265316","name":"C D","image":{"@type":"ImageObject","inLanguage":"fr-FR","@id":"https:\/\/vosgesinfo.fr\/remiremontinfo\/#\/schema\/person\/image\/","url":"https:\/\/secure.gravatar.com\/avatar\/1f9a70007336511a47468b8f1c66f922b8b7cf617b02a31149ada43893a5d48f?s=96&d=mm&r=g","contentUrl":"https:\/\/secure.gravatar.com\/avatar\/1f9a70007336511a47468b8f1c66f922b8b7cf617b02a31149ada43893a5d48f?s=96&d=mm&r=g","caption":"C D"},"url":"https:\/\/vosgesinfo.fr\/remiremontinfo\/author\/cedric-drevet\/"}]}},"_links":{"self":[{"href":"https:\/\/vosgesinfo.fr\/remiremontinfo\/wp-json\/wp\/v2\/posts\/46394","targetHints":{"allow":["GET"]}}],"collection":[{"href":"https:\/\/vosgesinfo.fr\/remiremontinfo\/wp-json\/wp\/v2\/posts"}],"about":[{"href":"https:\/\/vosgesinfo.fr\/remiremontinfo\/wp-json\/wp\/v2\/types\/post"}],"author":[{"embeddable":true,"href":"https:\/\/vosgesinfo.fr\/remiremontinfo\/wp-json\/wp\/v2\/users\/407"}],"replies":[{"embeddable":true,"href":"https:\/\/vosgesinfo.fr\/remiremontinfo\/wp-json\/wp\/v2\/comments?post=46394"}],"version-history":[{"count":0,"href":"https:\/\/vosgesinfo.fr\/remiremontinfo\/wp-json\/wp\/v2\/posts\/46394\/revisions"}],"wp:featuredmedia":[{"embeddable":true,"href":"https:\/\/vosgesinfo.fr\/remiremontinfo\/wp-json\/wp\/v2\/media\/46395"}],"wp:attachment":[{"href":"https:\/\/vosgesinfo.fr\/remiremontinfo\/wp-json\/wp\/v2\/media?parent=46394"}],"wp:term":[{"taxonomy":"category","embeddable":true,"href":"https:\/\/vosgesinfo.fr\/remiremontinfo\/wp-json\/wp\/v2\/categories?post=46394"},{"taxonomy":"post_tag","embeddable":true,"href":"https:\/\/vosgesinfo.fr\/remiremontinfo\/wp-json\/wp\/v2\/tags?post=46394"}],"curies":[{"name":"wp","href":"https:\/\/api.w.org\/{rel}","templated":true}]}}