{"id":46455,"date":"2021-09-26T04:05:57","date_gmt":"2021-09-26T02:05:57","guid":{"rendered":"https:\/\/vosgesinfo.fr\/remiremontinfo\/2021\/09\/passions-partagees\/"},"modified":"2021-09-26T04:05:57","modified_gmt":"2021-09-26T02:05:57","slug":"passions-partagees","status":"publish","type":"post","link":"https:\/\/vosgesinfo.fr\/remiremontinfo\/2021\/09\/passions-partagees\/","title":{"rendered":"Passions partag\u00e9es&#8230;"},"content":{"rendered":"<div class=\"\" dir=\"auto\">\n<div id=\"jsc_c_26\" class=\"ecm0bbzt hv4rvrfc ihqw7lf3 dati1w0a\">\n<div class=\"j83agx80 cbu4d94t ew0dbk1b irj2b8pg\">\n<div class=\"qzhwtbm6 knvmm38d\">\n<div class=\"kvgmc6g5 cxmmr5t8 oygrvhab hcukyx3x c1et5uql ii04i59q\">\n<div dir=\"auto\"><span class=\"pq6dq46d tbxw36s4 knj5qynh kvgmc6g5 ditlmg2l oygrvhab nvdbi5me sf5mxxl7 gl3lb2sf hhz5lgdu\"><a href=\"\/2021\/09\/Affiche-du-3-octobre-MOTO.jpg\"><img decoding=\"async\" class=\"alignleft size-medium wp-image-327252\" src=\"\/2021\/09\/Affiche-du-3-octobre-MOTO-179x255.jpg\" alt=\"Affiche-du-3-octobre---MOTO\" width=\"179\" height=\"255\" \/><\/a><img decoding=\"async\" src=\"https:\/\/vosgesinfo.fr\/app\/uploads\/sites\/5\/2024\/09\/1f7e0.png\" alt=\"\" width=\"16\" height=\"16\" \/><\/span><span class=\"pq6dq46d tbxw36s4 knj5qynh kvgmc6g5 ditlmg2l oygrvhab nvdbi5me sf5mxxl7 gl3lb2sf hhz5lgdu\"><img decoding=\"async\" src=\"https:\/\/vosgesinfo.fr\/app\/uploads\/sites\/5\/2024\/09\/1f535.png\" alt=\"\" width=\"16\" height=\"16\" \/><\/span> Passions partag\u00e9es&#8230; <span class=\"pq6dq46d tbxw36s4 knj5qynh kvgmc6g5 ditlmg2l oygrvhab nvdbi5me sf5mxxl7 gl3lb2sf hhz5lgdu\"><img decoding=\"async\" src=\"https:\/\/vosgesinfo.fr\/app\/uploads\/sites\/5\/2024\/09\/1f7e0.png\" alt=\"\" width=\"16\" height=\"16\" \/><\/span><span class=\"pq6dq46d tbxw36s4 knj5qynh kvgmc6g5 ditlmg2l oygrvhab nvdbi5me sf5mxxl7 gl3lb2sf hhz5lgdu\"><img decoding=\"async\" src=\"https:\/\/vosgesinfo.fr\/app\/uploads\/sites\/5\/2024\/09\/1f535.png\" alt=\"\" width=\"16\" height=\"16\" \/><\/span><\/div>\n<\/div>\n<div class=\"o9v6fnle cxmmr5t8 oygrvhab hcukyx3x c1et5uql ii04i59q\">\n<div dir=\"auto\">Nous sommes tous acteurs de notre avenir et partageons des passions communes&#8230; la moto, la montagne, le secourisme.<\/div>\n<\/div>\n<div class=\"o9v6fnle cxmmr5t8 oygrvhab hcukyx3x c1et5uql ii04i59q\">\n<div dir=\"auto\">Une action de Sensibilisation \u00e0 la S\u00e9curit\u00e9 Routi\u00e8re et aux gestes de secours \u00e0 destination des usagers de la route et plus particuli\u00e8rement les deux roues, des usagers de la montagne est ouverte au public dimanche 03 octobre 2021 sur le site de la Mauselaine \u00e0 G\u00e9rardmer (parking au pied des pistes de ski) de 9h00 \u00e0 12h00 et de 14h00 \u00e0 17h00.<\/div>\n<\/div>\n<div class=\"o9v6fnle cxmmr5t8 oygrvhab hcukyx3x c1et5uql ii04i59q\">\n<div dir=\"auto\">Pass sanitaire obligatoire, entr\u00e9e gratuite, venez nombreux, en famille, entre amis&#8230;. passion, convivialit\u00e9, bonne humeur seront les ma\u00eetres-mots de cette journ\u00e9e.<\/div>\n<\/div>\n<div class=\"o9v6fnle cxmmr5t8 oygrvhab hcukyx3x c1et5uql ii04i59q\">\n<div dir=\"auto\">L&rsquo;atelier MOTO sera anim\u00e9 par la FFMC88 et l&rsquo;AFDM<\/div>\n<div dir=\"auto\">Les ateliers MONTAGNE et SECOURISME seront anim\u00e9s par la Protection Civile des Vosges.<\/div>\n<\/div>\n<div class=\"o9v6fnle cxmmr5t8 oygrvhab hcukyx3x c1et5uql ii04i59q\">\n<div dir=\"auto\">Cette action est organis\u00e9e avec le soutien de la Pr\u00e9fecture des Vosges, DDT88, S\u00e9curit\u00e9 Routi\u00e8re, Ville de G\u00e9rardmer, FFMC88 et l&rsquo;AFDM.<\/div>\n<\/div>\n<div class=\"o9v6fnle cxmmr5t8 oygrvhab hcukyx3x c1et5uql ii04i59q\">\n<div dir=\"auto\">N&rsquo;h\u00e9sitez pas \u00e0 en parler autour de vous et de partager cette publication !<\/div>\n<\/div>\n<div class=\"o9v6fnle cxmmr5t8 oygrvhab hcukyx3x c1et5uql ii04i59q\">\n<div dir=\"auto\"><a class=\"oajrlxb2 g5ia77u1 qu0x051f esr5mh6w e9989ue4 r7d6kgcz rq0escxv nhd2j8a9 nc684nl6 p7hjln8o kvgmc6g5 cxmmr5t8 oygrvhab hcukyx3x jb3vyjys rz4wbd8a qt6c0cv9 a8nywdso i1ao9s8h esuyzwwr f1sip0of lzcic4wl q66pz984 gpro0wi8 b1v8xokw\" href=\"https:\/\/www.facebook.com\/hashtag\/prefecturedesvosges?__eep__=6&amp;__cft__[0]=AZWRexrrANfkrA6zh5usjsolDXGtLSM4YPeEJa90cGK938tkj9z-ctD3cJkN6mzNHSUt_bnnZ7WzJfuvD-Cj8Ntct8rXa_lBpgonMhzcbMcyg-5kdaw-CulwV6iE8gLsGQaBXp-ToGh0iOKXmIbiAqb912lontwx1vofA_SlJQaWg1KcTL6c3pX0j4uY-eFT9fo&amp;__tn__=*NK-R\">#prefecturedesvosges<\/a> <a class=\"oajrlxb2 g5ia77u1 qu0x051f esr5mh6w e9989ue4 r7d6kgcz rq0escxv nhd2j8a9 nc684nl6 p7hjln8o kvgmc6g5 cxmmr5t8 oygrvhab hcukyx3x jb3vyjys rz4wbd8a qt6c0cv9 a8nywdso i1ao9s8h esuyzwwr f1sip0of lzcic4wl q66pz984 gpro0wi8 b1v8xokw\" href=\"https:\/\/www.facebook.com\/hashtag\/ddt88?__eep__=6&amp;__cft__[0]=AZWRexrrANfkrA6zh5usjsolDXGtLSM4YPeEJa90cGK938tkj9z-ctD3cJkN6mzNHSUt_bnnZ7WzJfuvD-Cj8Ntct8rXa_lBpgonMhzcbMcyg-5kdaw-CulwV6iE8gLsGQaBXp-ToGh0iOKXmIbiAqb912lontwx1vofA_SlJQaWg1KcTL6c3pX0j4uY-eFT9fo&amp;__tn__=*NK-R\">#ddt88<\/a> <a class=\"oajrlxb2 g5ia77u1 qu0x051f esr5mh6w e9989ue4 r7d6kgcz rq0escxv nhd2j8a9 nc684nl6 p7hjln8o kvgmc6g5 cxmmr5t8 oygrvhab hcukyx3x jb3vyjys rz4wbd8a qt6c0cv9 a8nywdso i1ao9s8h esuyzwwr f1sip0of lzcic4wl q66pz984 gpro0wi8 b1v8xokw\" href=\"https:\/\/www.facebook.com\/hashtag\/securiteroutiere?__eep__=6&amp;__cft__[0]=AZWRexrrANfkrA6zh5usjsolDXGtLSM4YPeEJa90cGK938tkj9z-ctD3cJkN6mzNHSUt_bnnZ7WzJfuvD-Cj8Ntct8rXa_lBpgonMhzcbMcyg-5kdaw-CulwV6iE8gLsGQaBXp-ToGh0iOKXmIbiAqb912lontwx1vofA_SlJQaWg1KcTL6c3pX0j4uY-eFT9fo&amp;__tn__=*NK-R\">#securiteroutiere<\/a> <a class=\"oajrlxb2 g5ia77u1 qu0x051f esr5mh6w e9989ue4 r7d6kgcz rq0escxv nhd2j8a9 nc684nl6 p7hjln8o kvgmc6g5 cxmmr5t8 oygrvhab hcukyx3x jb3vyjys rz4wbd8a qt6c0cv9 a8nywdso i1ao9s8h esuyzwwr f1sip0of lzcic4wl q66pz984 gpro0wi8 b1v8xokw\" href=\"https:\/\/www.facebook.com\/hashtag\/villedegerardmer?__eep__=6&amp;__cft__[0]=AZWRexrrANfkrA6zh5usjsolDXGtLSM4YPeEJa90cGK938tkj9z-ctD3cJkN6mzNHSUt_bnnZ7WzJfuvD-Cj8Ntct8rXa_lBpgonMhzcbMcyg-5kdaw-CulwV6iE8gLsGQaBXp-ToGh0iOKXmIbiAqb912lontwx1vofA_SlJQaWg1KcTL6c3pX0j4uY-eFT9fo&amp;__tn__=*NK-R\">#villedegerardmer<\/a> <a class=\"oajrlxb2 g5ia77u1 qu0x051f esr5mh6w e9989ue4 r7d6kgcz rq0escxv nhd2j8a9 nc684nl6 p7hjln8o kvgmc6g5 cxmmr5t8 oygrvhab hcukyx3x jb3vyjys rz4wbd8a qt6c0cv9 a8nywdso i1ao9s8h esuyzwwr f1sip0of lzcic4wl q66pz984 gpro0wi8 b1v8xokw\" href=\"https:\/\/www.facebook.com\/hashtag\/ffmc88?__eep__=6&amp;__cft__[0]=AZWRexrrANfkrA6zh5usjsolDXGtLSM4YPeEJa90cGK938tkj9z-ctD3cJkN6mzNHSUt_bnnZ7WzJfuvD-Cj8Ntct8rXa_lBpgonMhzcbMcyg-5kdaw-CulwV6iE8gLsGQaBXp-ToGh0iOKXmIbiAqb912lontwx1vofA_SlJQaWg1KcTL6c3pX0j4uY-eFT9fo&amp;__tn__=*NK-R\">#ffmc88<\/a> <a class=\"oajrlxb2 g5ia77u1 qu0x051f esr5mh6w e9989ue4 r7d6kgcz rq0escxv nhd2j8a9 nc684nl6 p7hjln8o kvgmc6g5 cxmmr5t8 oygrvhab hcukyx3x jb3vyjys rz4wbd8a qt6c0cv9 a8nywdso i1ao9s8h esuyzwwr f1sip0of lzcic4wl q66pz984 gpro0wi8 b1v8xokw\" href=\"https:\/\/www.facebook.com\/hashtag\/afdm?__eep__=6&amp;__cft__[0]=AZWRexrrANfkrA6zh5usjsolDXGtLSM4YPeEJa90cGK938tkj9z-ctD3cJkN6mzNHSUt_bnnZ7WzJfuvD-Cj8Ntct8rXa_lBpgonMhzcbMcyg-5kdaw-CulwV6iE8gLsGQaBXp-ToGh0iOKXmIbiAqb912lontwx1vofA_SlJQaWg1KcTL6c3pX0j4uY-eFT9fo&amp;__tn__=*NK-R\">#afdm<\/a><\/div>\n<\/div>\n<\/div>\n<\/div>\n<\/div>\n<\/div>\n","protected":false},"excerpt":{"rendered":"<p>Passions partag\u00e9es&#8230; Nous sommes tous acteurs de notre avenir et partageons des passions communes&#8230; la moto, la montagne, le secourisme. [&hellip;]<\/p>\n","protected":false},"author":56,"featured_media":46456,"comment_status":"open","ping_status":"open","sticky":false,"template":"","format":"standard","meta":{"footnotes":""},"categories":[26,1556,35,18],"tags":[2519,2520,2521,2522,1685,2186,2523,1984,1278,2524,72],"class_list":["post-46455","post","type-post","status-publish","format-standard","has-post-thumbnail","hentry","category-a-la-une","category-remiremont-remiremont-son-canton-2","category-remiremont-son-canton","category-vosges","tag-afdm","tag-ffmc88","tag-gestes-de-secours","tag-la-mauselaine","tag-montagne","tag-moto","tag-prefecture-des-vosges","tag-protection-civile-des-vosges","tag-randonnee","tag-rencontre-de-la-securite","tag-securite-routiere"],"acf":[],"yoast_head":"<!-- This site is optimized with the Yoast SEO plugin v22.5 - https:\/\/yoast.com\/wordpress\/plugins\/seo\/ -->\n<title>Passions partag\u00e9es... - Remiremont Info<\/title>\n<meta name=\"robots\" content=\"index, follow, max-snippet:-1, max-image-preview:large, max-video-preview:-1\" \/>\n<link rel=\"canonical\" href=\"https:\/\/vosgesinfo.fr\/remiremontinfo\/2021\/09\/passions-partagees\/\" \/>\n<meta name=\"twitter:card\" content=\"summary_large_image\" \/>\n<meta name=\"twitter:title\" content=\"Passions partag\u00e9es... - Remiremont Info\" \/>\n<meta name=\"twitter:description\" content=\"Passions partag\u00e9es&#8230; Nous sommes tous acteurs de notre avenir et partageons des passions communes&#8230; la moto, la montagne, le secourisme. [&hellip;]\" \/>\n<meta name=\"twitter:image\" content=\"https:\/\/vosgesinfo.fr\/app\/uploads\/sites\/5\/2024\/09\/202109affiche-du-3-octobre-moto.jpg\" \/>\n<meta name=\"twitter:creator\" content=\"@VosgesInfo88\" \/>\n<meta name=\"twitter:site\" content=\"@VosgesInfo88\" \/>\n<meta name=\"twitter:label1\" content=\"\u00c9crit par\" \/>\n\t<meta name=\"twitter:data1\" content=\"adpc88\" \/>\n\t<meta name=\"twitter:label2\" content=\"Dur\u00e9e de lecture estim\u00e9e\" \/>\n\t<meta name=\"twitter:data2\" content=\"1 minute\" \/>\n<script type=\"application\/ld+json\" class=\"yoast-schema-graph\">{\"@context\":\"https:\/\/schema.org\",\"@graph\":[{\"@type\":\"Article\",\"@id\":\"https:\/\/vosgesinfo.fr\/remiremontinfo\/2021\/09\/passions-partagees\/#article\",\"isPartOf\":{\"@id\":\"https:\/\/vosgesinfo.fr\/remiremontinfo\/2021\/09\/passions-partagees\/\"},\"author\":{\"name\":\"adpc88\",\"@id\":\"https:\/\/vosgesinfo.fr\/remiremontinfo\/#\/schema\/person\/1ff69b0fb381e95d8ce635c1af9eb14f\"},\"headline\":\"Passions partag\u00e9es&#8230;\",\"datePublished\":\"2021-09-26T02:05:57+00:00\",\"dateModified\":\"2021-09-26T02:05:57+00:00\",\"mainEntityOfPage\":{\"@id\":\"https:\/\/vosgesinfo.fr\/remiremontinfo\/2021\/09\/passions-partagees\/\"},\"wordCount\":180,\"commentCount\":0,\"publisher\":{\"@id\":\"https:\/\/vosgesinfo.fr\/remiremontinfo\/#organization\"},\"image\":{\"@id\":\"https:\/\/vosgesinfo.fr\/remiremontinfo\/2021\/09\/passions-partagees\/#primaryimage\"},\"thumbnailUrl\":\"https:\/\/vosgesinfo.fr\/app\/uploads\/sites\/5\/2024\/09\/202109affiche-du-3-octobre-moto.jpg\",\"keywords\":[\"AFDM\",\"FFMC88\",\"gestes de secours\",\"la Mauselaine\",\"Montagne\",\"moto\",\"pr\u00e9fecture des Vosges\",\"Protection Civile des Vosges\",\"randonn\u00e9e\",\"Rencontre de la S\u00e9curit\u00e9\",\"S\u00e9curit\u00e9 routi\u00e8re\"],\"articleSection\":[\"A la Une\",\"Remiremont\",\"Remiremont &amp; son canton\",\"Vosges\"],\"inLanguage\":\"fr-FR\",\"potentialAction\":[{\"@type\":\"CommentAction\",\"name\":\"Comment\",\"target\":[\"https:\/\/vosgesinfo.fr\/remiremontinfo\/2021\/09\/passions-partagees\/#respond\"]}]},{\"@type\":\"WebPage\",\"@id\":\"https:\/\/vosgesinfo.fr\/remiremontinfo\/2021\/09\/passions-partagees\/\",\"url\":\"https:\/\/vosgesinfo.fr\/remiremontinfo\/2021\/09\/passions-partagees\/\",\"name\":\"Passions partag\u00e9es... - Remiremont Info\",\"isPartOf\":{\"@id\":\"https:\/\/vosgesinfo.fr\/remiremontinfo\/#website\"},\"primaryImageOfPage\":{\"@id\":\"https:\/\/vosgesinfo.fr\/remiremontinfo\/2021\/09\/passions-partagees\/#primaryimage\"},\"image\":{\"@id\":\"https:\/\/vosgesinfo.fr\/remiremontinfo\/2021\/09\/passions-partagees\/#primaryimage\"},\"thumbnailUrl\":\"https:\/\/vosgesinfo.fr\/app\/uploads\/sites\/5\/2024\/09\/202109affiche-du-3-octobre-moto.jpg\",\"datePublished\":\"2021-09-26T02:05:57+00:00\",\"dateModified\":\"2021-09-26T02:05:57+00:00\",\"breadcrumb\":{\"@id\":\"https:\/\/vosgesinfo.fr\/remiremontinfo\/2021\/09\/passions-partagees\/#breadcrumb\"},\"inLanguage\":\"fr-FR\",\"potentialAction\":[{\"@type\":\"ReadAction\",\"target\":[\"https:\/\/vosgesinfo.fr\/remiremontinfo\/2021\/09\/passions-partagees\/\"]}]},{\"@type\":\"ImageObject\",\"inLanguage\":\"fr-FR\",\"@id\":\"https:\/\/vosgesinfo.fr\/remiremontinfo\/2021\/09\/passions-partagees\/#primaryimage\",\"url\":\"https:\/\/vosgesinfo.fr\/app\/uploads\/sites\/5\/2024\/09\/202109affiche-du-3-octobre-moto.jpg\",\"contentUrl\":\"https:\/\/vosgesinfo.fr\/app\/uploads\/sites\/5\/2024\/09\/202109affiche-du-3-octobre-moto.jpg\",\"width\":562,\"height\":800},{\"@type\":\"BreadcrumbList\",\"@id\":\"https:\/\/vosgesinfo.fr\/remiremontinfo\/2021\/09\/passions-partagees\/#breadcrumb\",\"itemListElement\":[{\"@type\":\"ListItem\",\"position\":1,\"name\":\"Home\",\"item\":\"https:\/\/vosgesinfo.fr\/remiremontinfo\/\"},{\"@type\":\"ListItem\",\"position\":2,\"name\":\"Passions partag\u00e9es&#8230;\"}]},{\"@type\":\"WebSite\",\"@id\":\"https:\/\/vosgesinfo.fr\/remiremontinfo\/#website\",\"url\":\"https:\/\/vosgesinfo.fr\/remiremontinfo\/\",\"name\":\"Remiremont Info\",\"description\":\"Toute l&#039;actualit\u00e9 de Remiremont\",\"publisher\":{\"@id\":\"https:\/\/vosgesinfo.fr\/remiremontinfo\/#organization\"},\"alternateName\":\"Toute l'actualit\u00e9 de Remiremont\",\"potentialAction\":[{\"@type\":\"SearchAction\",\"target\":{\"@type\":\"EntryPoint\",\"urlTemplate\":\"https:\/\/vosgesinfo.fr\/remiremontinfo\/?s={search_term_string}\"},\"query-input\":\"required name=search_term_string\"}],\"inLanguage\":\"fr-FR\"},{\"@type\":\"Organization\",\"@id\":\"https:\/\/vosgesinfo.fr\/remiremontinfo\/#organization\",\"name\":\"Remiremont Info\",\"url\":\"https:\/\/vosgesinfo.fr\/remiremontinfo\/\",\"logo\":{\"@type\":\"ImageObject\",\"inLanguage\":\"fr-FR\",\"@id\":\"https:\/\/vosgesinfo.fr\/remiremontinfo\/#\/schema\/logo\/image\/\",\"url\":\"https:\/\/vosgesinfo.fr\/app\/uploads\/sites\/5\/2023\/08\/favicon-remiremontinfo.png\",\"contentUrl\":\"https:\/\/vosgesinfo.fr\/app\/uploads\/sites\/5\/2023\/08\/favicon-remiremontinfo.png\",\"width\":512,\"height\":512,\"caption\":\"Remiremont Info\"},\"image\":{\"@id\":\"https:\/\/vosgesinfo.fr\/remiremontinfo\/#\/schema\/logo\/image\/\"},\"sameAs\":[\"https:\/\/www.facebook.com\/remiremontinfo\",\"https:\/\/x.com\/VosgesInfo88\",\"https:\/\/www.youtube.com\/@vosgesinfo\"]},{\"@type\":\"Person\",\"@id\":\"https:\/\/vosgesinfo.fr\/remiremontinfo\/#\/schema\/person\/1ff69b0fb381e95d8ce635c1af9eb14f\",\"name\":\"adpc88\",\"image\":{\"@type\":\"ImageObject\",\"inLanguage\":\"fr-FR\",\"@id\":\"https:\/\/vosgesinfo.fr\/remiremontinfo\/#\/schema\/person\/image\/\",\"url\":\"https:\/\/secure.gravatar.com\/avatar\/d693213d9b95c7d960c7674e653b6b02b303bfd96653313cfb5a7f188b680ac5?s=96&d=mm&r=g\",\"contentUrl\":\"https:\/\/secure.gravatar.com\/avatar\/d693213d9b95c7d960c7674e653b6b02b303bfd96653313cfb5a7f188b680ac5?s=96&d=mm&r=g\",\"caption\":\"adpc88\"},\"url\":\"https:\/\/vosgesinfo.fr\/remiremontinfo\/author\/adpc88\/\"}]}<\/script>\n<!-- \/ Yoast SEO plugin. -->","yoast_head_json":{"title":"Passions partag\u00e9es... - Remiremont Info","robots":{"index":"index","follow":"follow","max-snippet":"max-snippet:-1","max-image-preview":"max-image-preview:large","max-video-preview":"max-video-preview:-1"},"canonical":"https:\/\/vosgesinfo.fr\/remiremontinfo\/2021\/09\/passions-partagees\/","twitter_card":"summary_large_image","twitter_title":"Passions partag\u00e9es... - Remiremont Info","twitter_description":"Passions partag\u00e9es&#8230; Nous sommes tous acteurs de notre avenir et partageons des passions communes&#8230; la moto, la montagne, le secourisme. [&hellip;]","twitter_image":"https:\/\/vosgesinfo.fr\/app\/uploads\/sites\/5\/2024\/09\/202109affiche-du-3-octobre-moto.jpg","twitter_creator":"@VosgesInfo88","twitter_site":"@VosgesInfo88","twitter_misc":{"\u00c9crit par":"adpc88","Dur\u00e9e de lecture estim\u00e9e":"1 minute"},"schema":{"@context":"https:\/\/schema.org","@graph":[{"@type":"Article","@id":"https:\/\/vosgesinfo.fr\/remiremontinfo\/2021\/09\/passions-partagees\/#article","isPartOf":{"@id":"https:\/\/vosgesinfo.fr\/remiremontinfo\/2021\/09\/passions-partagees\/"},"author":{"name":"adpc88","@id":"https:\/\/vosgesinfo.fr\/remiremontinfo\/#\/schema\/person\/1ff69b0fb381e95d8ce635c1af9eb14f"},"headline":"Passions partag\u00e9es&#8230;","datePublished":"2021-09-26T02:05:57+00:00","dateModified":"2021-09-26T02:05:57+00:00","mainEntityOfPage":{"@id":"https:\/\/vosgesinfo.fr\/remiremontinfo\/2021\/09\/passions-partagees\/"},"wordCount":180,"commentCount":0,"publisher":{"@id":"https:\/\/vosgesinfo.fr\/remiremontinfo\/#organization"},"image":{"@id":"https:\/\/vosgesinfo.fr\/remiremontinfo\/2021\/09\/passions-partagees\/#primaryimage"},"thumbnailUrl":"https:\/\/vosgesinfo.fr\/app\/uploads\/sites\/5\/2024\/09\/202109affiche-du-3-octobre-moto.jpg","keywords":["AFDM","FFMC88","gestes de secours","la Mauselaine","Montagne","moto","pr\u00e9fecture des Vosges","Protection Civile des Vosges","randonn\u00e9e","Rencontre de la S\u00e9curit\u00e9","S\u00e9curit\u00e9 routi\u00e8re"],"articleSection":["A la Une","Remiremont","Remiremont &amp; son canton","Vosges"],"inLanguage":"fr-FR","potentialAction":[{"@type":"CommentAction","name":"Comment","target":["https:\/\/vosgesinfo.fr\/remiremontinfo\/2021\/09\/passions-partagees\/#respond"]}]},{"@type":"WebPage","@id":"https:\/\/vosgesinfo.fr\/remiremontinfo\/2021\/09\/passions-partagees\/","url":"https:\/\/vosgesinfo.fr\/remiremontinfo\/2021\/09\/passions-partagees\/","name":"Passions partag\u00e9es... - Remiremont Info","isPartOf":{"@id":"https:\/\/vosgesinfo.fr\/remiremontinfo\/#website"},"primaryImageOfPage":{"@id":"https:\/\/vosgesinfo.fr\/remiremontinfo\/2021\/09\/passions-partagees\/#primaryimage"},"image":{"@id":"https:\/\/vosgesinfo.fr\/remiremontinfo\/2021\/09\/passions-partagees\/#primaryimage"},"thumbnailUrl":"https:\/\/vosgesinfo.fr\/app\/uploads\/sites\/5\/2024\/09\/202109affiche-du-3-octobre-moto.jpg","datePublished":"2021-09-26T02:05:57+00:00","dateModified":"2021-09-26T02:05:57+00:00","breadcrumb":{"@id":"https:\/\/vosgesinfo.fr\/remiremontinfo\/2021\/09\/passions-partagees\/#breadcrumb"},"inLanguage":"fr-FR","potentialAction":[{"@type":"ReadAction","target":["https:\/\/vosgesinfo.fr\/remiremontinfo\/2021\/09\/passions-partagees\/"]}]},{"@type":"ImageObject","inLanguage":"fr-FR","@id":"https:\/\/vosgesinfo.fr\/remiremontinfo\/2021\/09\/passions-partagees\/#primaryimage","url":"https:\/\/vosgesinfo.fr\/app\/uploads\/sites\/5\/2024\/09\/202109affiche-du-3-octobre-moto.jpg","contentUrl":"https:\/\/vosgesinfo.fr\/app\/uploads\/sites\/5\/2024\/09\/202109affiche-du-3-octobre-moto.jpg","width":562,"height":800},{"@type":"BreadcrumbList","@id":"https:\/\/vosgesinfo.fr\/remiremontinfo\/2021\/09\/passions-partagees\/#breadcrumb","itemListElement":[{"@type":"ListItem","position":1,"name":"Home","item":"https:\/\/vosgesinfo.fr\/remiremontinfo\/"},{"@type":"ListItem","position":2,"name":"Passions partag\u00e9es&#8230;"}]},{"@type":"WebSite","@id":"https:\/\/vosgesinfo.fr\/remiremontinfo\/#website","url":"https:\/\/vosgesinfo.fr\/remiremontinfo\/","name":"Remiremont Info","description":"Toute l&#039;actualit\u00e9 de Remiremont","publisher":{"@id":"https:\/\/vosgesinfo.fr\/remiremontinfo\/#organization"},"alternateName":"Toute l'actualit\u00e9 de Remiremont","potentialAction":[{"@type":"SearchAction","target":{"@type":"EntryPoint","urlTemplate":"https:\/\/vosgesinfo.fr\/remiremontinfo\/?s={search_term_string}"},"query-input":"required name=search_term_string"}],"inLanguage":"fr-FR"},{"@type":"Organization","@id":"https:\/\/vosgesinfo.fr\/remiremontinfo\/#organization","name":"Remiremont Info","url":"https:\/\/vosgesinfo.fr\/remiremontinfo\/","logo":{"@type":"ImageObject","inLanguage":"fr-FR","@id":"https:\/\/vosgesinfo.fr\/remiremontinfo\/#\/schema\/logo\/image\/","url":"https:\/\/vosgesinfo.fr\/app\/uploads\/sites\/5\/2023\/08\/favicon-remiremontinfo.png","contentUrl":"https:\/\/vosgesinfo.fr\/app\/uploads\/sites\/5\/2023\/08\/favicon-remiremontinfo.png","width":512,"height":512,"caption":"Remiremont Info"},"image":{"@id":"https:\/\/vosgesinfo.fr\/remiremontinfo\/#\/schema\/logo\/image\/"},"sameAs":["https:\/\/www.facebook.com\/remiremontinfo","https:\/\/x.com\/VosgesInfo88","https:\/\/www.youtube.com\/@vosgesinfo"]},{"@type":"Person","@id":"https:\/\/vosgesinfo.fr\/remiremontinfo\/#\/schema\/person\/1ff69b0fb381e95d8ce635c1af9eb14f","name":"adpc88","image":{"@type":"ImageObject","inLanguage":"fr-FR","@id":"https:\/\/vosgesinfo.fr\/remiremontinfo\/#\/schema\/person\/image\/","url":"https:\/\/secure.gravatar.com\/avatar\/d693213d9b95c7d960c7674e653b6b02b303bfd96653313cfb5a7f188b680ac5?s=96&d=mm&r=g","contentUrl":"https:\/\/secure.gravatar.com\/avatar\/d693213d9b95c7d960c7674e653b6b02b303bfd96653313cfb5a7f188b680ac5?s=96&d=mm&r=g","caption":"adpc88"},"url":"https:\/\/vosgesinfo.fr\/remiremontinfo\/author\/adpc88\/"}]}},"_links":{"self":[{"href":"https:\/\/vosgesinfo.fr\/remiremontinfo\/wp-json\/wp\/v2\/posts\/46455","targetHints":{"allow":["GET"]}}],"collection":[{"href":"https:\/\/vosgesinfo.fr\/remiremontinfo\/wp-json\/wp\/v2\/posts"}],"about":[{"href":"https:\/\/vosgesinfo.fr\/remiremontinfo\/wp-json\/wp\/v2\/types\/post"}],"author":[{"embeddable":true,"href":"https:\/\/vosgesinfo.fr\/remiremontinfo\/wp-json\/wp\/v2\/users\/56"}],"replies":[{"embeddable":true,"href":"https:\/\/vosgesinfo.fr\/remiremontinfo\/wp-json\/wp\/v2\/comments?post=46455"}],"version-history":[{"count":0,"href":"https:\/\/vosgesinfo.fr\/remiremontinfo\/wp-json\/wp\/v2\/posts\/46455\/revisions"}],"wp:featuredmedia":[{"embeddable":true,"href":"https:\/\/vosgesinfo.fr\/remiremontinfo\/wp-json\/wp\/v2\/media\/46456"}],"wp:attachment":[{"href":"https:\/\/vosgesinfo.fr\/remiremontinfo\/wp-json\/wp\/v2\/media?parent=46455"}],"wp:term":[{"taxonomy":"category","embeddable":true,"href":"https:\/\/vosgesinfo.fr\/remiremontinfo\/wp-json\/wp\/v2\/categories?post=46455"},{"taxonomy":"post_tag","embeddable":true,"href":"https:\/\/vosgesinfo.fr\/remiremontinfo\/wp-json\/wp\/v2\/tags?post=46455"}],"curies":[{"name":"wp","href":"https:\/\/api.w.org\/{rel}","templated":true}]}}