{"id":4649,"date":"2024-02-22T20:18:59","date_gmt":"2024-02-22T19:18:59","guid":{"rendered":"https:\/\/vosgesinfo.fr\/remiremontinfo\/?p=4649"},"modified":"2024-02-22T20:18:59","modified_gmt":"2024-02-22T19:18:59","slug":"quelle-est-linvitee-du-prochain-festival-clap","status":"publish","type":"post","link":"https:\/\/vosgesinfo.fr\/remiremontinfo\/2024\/02\/quelle-est-linvitee-du-prochain-festival-clap\/","title":{"rendered":"Quelle est l&rsquo;invit\u00e9e du prochain Festival CLAP ?"},"content":{"rendered":"<div style=\"text-align: center;\"><span style=\"font-size: large;\"><b>La 6\u00e8me \u00e9dition du Festival CLAP s&rsquo;annonce grandiose !<\/b><\/span><\/div>\n<div><span style=\"font-size: large;\">\u00a0<\/span><\/div>\n<div dir=\"auto\"><span style=\"font-size: large;\"><b>Les 6 et 7 avril nous accueillerons au cin\u00e9ma MAJESTIC de REMIREMONT l&rsquo;immense DANIELE THOMPSON,\u00a0<\/b>une tr\u00e8s grande dame du cin\u00e9ma fran\u00e7ais \u00e0 la filmographie impressionnante.<br \/>\n<\/span><\/div>\n<div dir=\"auto\"><span style=\"font-size: large;\">Sc\u00e9nariste de dizaines de films cultes tels\u00a0<b>LA BOUM (inspir\u00e9 de son histoire personnelle), LA REINE MARGOT, l&rsquo;ETUDIANTE, LES MARMOTTES&#8230;, elle a \u00e9galement \u00e9crit la majorit\u00e9 des films de son papa GERARD OURY (LA GRANDE VADROUILLE, LES AVENTURES DE RABBI JACOB, LE CERVEAU, L&rsquo;AS DES AS, LA VENGEANCE DU SERPENT A PLUMES&#8230;)<\/b><\/span><\/div>\n<div dir=\"auto\"><span style=\"font-size: large;\">C&rsquo;est aussi une <b>grande r\u00e9alisatrice de films \u00e0 succ\u00e8s (LA BUCHE, FAUTEUILS D&rsquo;ORCHESTRE, CEZANNE ET MOI, LE CODE A CHANGE&#8230;) ;<\/b><\/span><\/div>\n<div dir=\"auto\"><span style=\"font-size: large;\">derni\u00e8rement elle a <b>\u00e9crit et r\u00e9alis\u00e9 la s\u00e9rie BARDOT pour France 2.<\/b><\/span><\/div>\n<div><span style=\"font-size: large;\">Filmographie compl\u00e8te ici\u00a0<a id=\"LPlnk909554\" href=\"https:\/\/www.allocine.fr\/personne\/fichepersonne-30322\/filmographie\/\" target=\"_blank\" rel=\"noreferrer noopener\" data-auth=\"NotApplicable\" data-linkindex=\"0\">https:\/\/www.allocine.fr\/personne\/fichepersonne-30322\/filmographie\/<\/a>\u00a0<br aria-hidden=\"true\" \/><\/span><\/div>\n<div><span style=\"font-size: large;\">\u00a0<\/span><\/div>\n<div><span style=\"font-size: large;\"><b>Lors de sa venue ce ne seront pas moins de 6 projections en sa pr\u00e9sence qui seront organis\u00e9es au cin\u00e9ma MAJESTIC (Programme complet \u00e0 venir).<\/b><\/span><\/div>\n<div><span style=\"font-size: large;\">\u00a0<\/span><\/div>\n<div><span style=\"font-size: large;\">Apr\u00e8s Agn\u00e8s JAOUI (C\u00e9sar d&rsquo;honneur 2024) et Sam KARMANN en 2023, et auparavant Patrice LECONTE, Coline SERREAU ou encore Bertrand TAVERNIER, toute l&rsquo;\u00e9quipe vous pr\u00e9pare \u00e0 nouveau un moment de cin\u00e9ma m\u00e9morable !\u00a0<\/span><\/div>\n<div dir=\"auto\"><span style=\"font-size: large;\">le festival tient enfin \u00e0 remercier le Cin\u00e9ma Majestic et la mairie de Remiremont pour le partenariat.<\/span><\/div>\n<div dir=\"auto\"><a href=\"https:\/\/vosgesinfo.fr\/app\/uploads\/sites\/5\/2024\/02\/visuel-presse-clap-6-thompson-page-0001.jpg\"><img decoding=\"async\" class=\"aligncenter size-large wp-image-4650\" src=\"https:\/\/vosgesinfo.fr\/app\/uploads\/sites\/5\/2024\/02\/visuel-presse-clap-6-thompson-page-0001-725x1024.jpg\" alt=\"\" width=\"725\" height=\"1024\" srcset=\"https:\/\/vosgesinfo.fr\/app\/uploads\/sites\/5\/2024\/02\/visuel-presse-clap-6-thompson-page-0001-725x1024.jpg 725w, https:\/\/vosgesinfo.fr\/app\/uploads\/sites\/5\/2024\/02\/visuel-presse-clap-6-thompson-page-0001-212x300.jpg 212w, https:\/\/vosgesinfo.fr\/app\/uploads\/sites\/5\/2024\/02\/visuel-presse-clap-6-thompson-page-0001-768x1085.jpg 768w, https:\/\/vosgesinfo.fr\/app\/uploads\/sites\/5\/2024\/02\/visuel-presse-clap-6-thompson-page-0001-1087x1536.jpg 1087w, https:\/\/vosgesinfo.fr\/app\/uploads\/sites\/5\/2024\/02\/visuel-presse-clap-6-thompson-page-0001.jpg 1241w\" sizes=\"(max-width: 725px) 100vw, 725px\" \/><\/a><\/div>\n","protected":false},"excerpt":{"rendered":"<p>La 6\u00e8me \u00e9dition du Festival CLAP s&rsquo;annonce grandiose ! \u00a0 Les 6 et 7 avril nous accueillerons au cin\u00e9ma MAJESTIC [&hellip;]<\/p>\n","protected":false},"author":42,"featured_media":4650,"comment_status":"open","ping_status":"open","sticky":false,"template":"","format":"standard","meta":{"footnotes":""},"categories":[26,4,18],"tags":[853,852],"class_list":["post-4649","post","type-post","status-publish","format-standard","has-post-thumbnail","hentry","category-a-la-une","category-culture","category-vosges","tag-daniele-thompson","tag-festival-clap"],"acf":[],"yoast_head":"<!-- This site is optimized with the Yoast SEO plugin v22.5 - https:\/\/yoast.com\/wordpress\/plugins\/seo\/ -->\n<title>Quelle est l&#039;invit\u00e9e du prochain Festival CLAP ? - Remiremont Info<\/title>\n<meta name=\"robots\" content=\"index, follow, max-snippet:-1, max-image-preview:large, max-video-preview:-1\" \/>\n<link rel=\"canonical\" href=\"https:\/\/vosgesinfo.fr\/remiremontinfo\/2024\/02\/quelle-est-linvitee-du-prochain-festival-clap\/\" \/>\n<meta name=\"twitter:card\" content=\"summary_large_image\" \/>\n<meta name=\"twitter:title\" content=\"Quelle est l&#039;invit\u00e9e du prochain Festival CLAP ? - Remiremont Info\" \/>\n<meta name=\"twitter:description\" content=\"La 6\u00e8me \u00e9dition du Festival CLAP s&rsquo;annonce grandiose ! \u00a0 Les 6 et 7 avril nous accueillerons au cin\u00e9ma MAJESTIC [&hellip;]\" \/>\n<meta name=\"twitter:image\" content=\"https:\/\/vosgesinfo.fr\/app\/uploads\/sites\/5\/2024\/02\/visuel-presse-clap-6-thompson-page-0001.jpg\" \/>\n<meta name=\"twitter:creator\" content=\"@VosgesInfo88\" \/>\n<meta name=\"twitter:site\" content=\"@VosgesInfo88\" \/>\n<meta name=\"twitter:label1\" content=\"\u00c9crit par\" \/>\n\t<meta name=\"twitter:data1\" content=\"QG\" \/>\n\t<meta name=\"twitter:label2\" content=\"Dur\u00e9e de lecture estim\u00e9e\" \/>\n\t<meta name=\"twitter:data2\" content=\"1 minute\" \/>\n<script type=\"application\/ld+json\" class=\"yoast-schema-graph\">{\"@context\":\"https:\/\/schema.org\",\"@graph\":[{\"@type\":\"Article\",\"@id\":\"https:\/\/vosgesinfo.fr\/remiremontinfo\/2024\/02\/quelle-est-linvitee-du-prochain-festival-clap\/#article\",\"isPartOf\":{\"@id\":\"https:\/\/vosgesinfo.fr\/remiremontinfo\/2024\/02\/quelle-est-linvitee-du-prochain-festival-clap\/\"},\"author\":{\"name\":\"QG\",\"@id\":\"https:\/\/vosgesinfo.fr\/remiremontinfo\/#\/schema\/person\/db5605779a843dad16b5368f3e7613a5\"},\"headline\":\"Quelle est l&rsquo;invit\u00e9e du prochain Festival CLAP ?\",\"datePublished\":\"2024-02-22T19:18:59+00:00\",\"dateModified\":\"2024-02-22T19:18:59+00:00\",\"mainEntityOfPage\":{\"@id\":\"https:\/\/vosgesinfo.fr\/remiremontinfo\/2024\/02\/quelle-est-linvitee-du-prochain-festival-clap\/\"},\"wordCount\":229,\"commentCount\":0,\"publisher\":{\"@id\":\"https:\/\/vosgesinfo.fr\/remiremontinfo\/#organization\"},\"image\":{\"@id\":\"https:\/\/vosgesinfo.fr\/remiremontinfo\/2024\/02\/quelle-est-linvitee-du-prochain-festival-clap\/#primaryimage\"},\"thumbnailUrl\":\"https:\/\/vosgesinfo.fr\/app\/uploads\/sites\/5\/2024\/02\/visuel-presse-clap-6-thompson-page-0001.jpg\",\"keywords\":[\"Daniele Thompson\",\"festival Clap\"],\"articleSection\":[\"A la Une\",\"Culture\",\"Vosges\"],\"inLanguage\":\"fr-FR\",\"potentialAction\":[{\"@type\":\"CommentAction\",\"name\":\"Comment\",\"target\":[\"https:\/\/vosgesinfo.fr\/remiremontinfo\/2024\/02\/quelle-est-linvitee-du-prochain-festival-clap\/#respond\"]}]},{\"@type\":\"WebPage\",\"@id\":\"https:\/\/vosgesinfo.fr\/remiremontinfo\/2024\/02\/quelle-est-linvitee-du-prochain-festival-clap\/\",\"url\":\"https:\/\/vosgesinfo.fr\/remiremontinfo\/2024\/02\/quelle-est-linvitee-du-prochain-festival-clap\/\",\"name\":\"Quelle est l'invit\u00e9e du prochain Festival CLAP ? - Remiremont Info\",\"isPartOf\":{\"@id\":\"https:\/\/vosgesinfo.fr\/remiremontinfo\/#website\"},\"primaryImageOfPage\":{\"@id\":\"https:\/\/vosgesinfo.fr\/remiremontinfo\/2024\/02\/quelle-est-linvitee-du-prochain-festival-clap\/#primaryimage\"},\"image\":{\"@id\":\"https:\/\/vosgesinfo.fr\/remiremontinfo\/2024\/02\/quelle-est-linvitee-du-prochain-festival-clap\/#primaryimage\"},\"thumbnailUrl\":\"https:\/\/vosgesinfo.fr\/app\/uploads\/sites\/5\/2024\/02\/visuel-presse-clap-6-thompson-page-0001.jpg\",\"datePublished\":\"2024-02-22T19:18:59+00:00\",\"dateModified\":\"2024-02-22T19:18:59+00:00\",\"breadcrumb\":{\"@id\":\"https:\/\/vosgesinfo.fr\/remiremontinfo\/2024\/02\/quelle-est-linvitee-du-prochain-festival-clap\/#breadcrumb\"},\"inLanguage\":\"fr-FR\",\"potentialAction\":[{\"@type\":\"ReadAction\",\"target\":[\"https:\/\/vosgesinfo.fr\/remiremontinfo\/2024\/02\/quelle-est-linvitee-du-prochain-festival-clap\/\"]}]},{\"@type\":\"ImageObject\",\"inLanguage\":\"fr-FR\",\"@id\":\"https:\/\/vosgesinfo.fr\/remiremontinfo\/2024\/02\/quelle-est-linvitee-du-prochain-festival-clap\/#primaryimage\",\"url\":\"https:\/\/vosgesinfo.fr\/app\/uploads\/sites\/5\/2024\/02\/visuel-presse-clap-6-thompson-page-0001.jpg\",\"contentUrl\":\"https:\/\/vosgesinfo.fr\/app\/uploads\/sites\/5\/2024\/02\/visuel-presse-clap-6-thompson-page-0001.jpg\",\"width\":1241,\"height\":1754},{\"@type\":\"BreadcrumbList\",\"@id\":\"https:\/\/vosgesinfo.fr\/remiremontinfo\/2024\/02\/quelle-est-linvitee-du-prochain-festival-clap\/#breadcrumb\",\"itemListElement\":[{\"@type\":\"ListItem\",\"position\":1,\"name\":\"Home\",\"item\":\"https:\/\/vosgesinfo.fr\/remiremontinfo\/\"},{\"@type\":\"ListItem\",\"position\":2,\"name\":\"Quelle est l&rsquo;invit\u00e9e du prochain Festival CLAP ?\"}]},{\"@type\":\"WebSite\",\"@id\":\"https:\/\/vosgesinfo.fr\/remiremontinfo\/#website\",\"url\":\"https:\/\/vosgesinfo.fr\/remiremontinfo\/\",\"name\":\"Remiremont Info\",\"description\":\"Toute l&#039;actualit\u00e9 de Remiremont\",\"publisher\":{\"@id\":\"https:\/\/vosgesinfo.fr\/remiremontinfo\/#organization\"},\"alternateName\":\"Toute l'actualit\u00e9 de Remiremont\",\"potentialAction\":[{\"@type\":\"SearchAction\",\"target\":{\"@type\":\"EntryPoint\",\"urlTemplate\":\"https:\/\/vosgesinfo.fr\/remiremontinfo\/?s={search_term_string}\"},\"query-input\":\"required name=search_term_string\"}],\"inLanguage\":\"fr-FR\"},{\"@type\":\"Organization\",\"@id\":\"https:\/\/vosgesinfo.fr\/remiremontinfo\/#organization\",\"name\":\"Remiremont Info\",\"url\":\"https:\/\/vosgesinfo.fr\/remiremontinfo\/\",\"logo\":{\"@type\":\"ImageObject\",\"inLanguage\":\"fr-FR\",\"@id\":\"https:\/\/vosgesinfo.fr\/remiremontinfo\/#\/schema\/logo\/image\/\",\"url\":\"https:\/\/vosgesinfo.fr\/app\/uploads\/sites\/5\/2023\/08\/favicon-remiremontinfo.png\",\"contentUrl\":\"https:\/\/vosgesinfo.fr\/app\/uploads\/sites\/5\/2023\/08\/favicon-remiremontinfo.png\",\"width\":512,\"height\":512,\"caption\":\"Remiremont Info\"},\"image\":{\"@id\":\"https:\/\/vosgesinfo.fr\/remiremontinfo\/#\/schema\/logo\/image\/\"},\"sameAs\":[\"https:\/\/www.facebook.com\/remiremontinfo\",\"https:\/\/x.com\/VosgesInfo88\",\"https:\/\/www.youtube.com\/@vosgesinfo\"]},{\"@type\":\"Person\",\"@id\":\"https:\/\/vosgesinfo.fr\/remiremontinfo\/#\/schema\/person\/db5605779a843dad16b5368f3e7613a5\",\"name\":\"QG\",\"image\":{\"@type\":\"ImageObject\",\"inLanguage\":\"fr-FR\",\"@id\":\"https:\/\/vosgesinfo.fr\/remiremontinfo\/#\/schema\/person\/image\/\",\"url\":\"https:\/\/secure.gravatar.com\/avatar\/ea80c42c204b534408512832fde52504ecabb9706bcb6151cf6175e5b64e6793?s=96&d=mm&r=g\",\"contentUrl\":\"https:\/\/secure.gravatar.com\/avatar\/ea80c42c204b534408512832fde52504ecabb9706bcb6151cf6175e5b64e6793?s=96&d=mm&r=g\",\"caption\":\"QG\"},\"url\":\"https:\/\/vosgesinfo.fr\/remiremontinfo\/author\/quentin88\/\"}]}<\/script>\n<!-- \/ Yoast SEO plugin. -->","yoast_head_json":{"title":"Quelle est l'invit\u00e9e du prochain Festival CLAP ? - Remiremont Info","robots":{"index":"index","follow":"follow","max-snippet":"max-snippet:-1","max-image-preview":"max-image-preview:large","max-video-preview":"max-video-preview:-1"},"canonical":"https:\/\/vosgesinfo.fr\/remiremontinfo\/2024\/02\/quelle-est-linvitee-du-prochain-festival-clap\/","twitter_card":"summary_large_image","twitter_title":"Quelle est l'invit\u00e9e du prochain Festival CLAP ? - Remiremont Info","twitter_description":"La 6\u00e8me \u00e9dition du Festival CLAP s&rsquo;annonce grandiose ! \u00a0 Les 6 et 7 avril nous accueillerons au cin\u00e9ma MAJESTIC [&hellip;]","twitter_image":"https:\/\/vosgesinfo.fr\/app\/uploads\/sites\/5\/2024\/02\/visuel-presse-clap-6-thompson-page-0001.jpg","twitter_creator":"@VosgesInfo88","twitter_site":"@VosgesInfo88","twitter_misc":{"\u00c9crit par":"QG","Dur\u00e9e de lecture estim\u00e9e":"1 minute"},"schema":{"@context":"https:\/\/schema.org","@graph":[{"@type":"Article","@id":"https:\/\/vosgesinfo.fr\/remiremontinfo\/2024\/02\/quelle-est-linvitee-du-prochain-festival-clap\/#article","isPartOf":{"@id":"https:\/\/vosgesinfo.fr\/remiremontinfo\/2024\/02\/quelle-est-linvitee-du-prochain-festival-clap\/"},"author":{"name":"QG","@id":"https:\/\/vosgesinfo.fr\/remiremontinfo\/#\/schema\/person\/db5605779a843dad16b5368f3e7613a5"},"headline":"Quelle est l&rsquo;invit\u00e9e du prochain Festival CLAP ?","datePublished":"2024-02-22T19:18:59+00:00","dateModified":"2024-02-22T19:18:59+00:00","mainEntityOfPage":{"@id":"https:\/\/vosgesinfo.fr\/remiremontinfo\/2024\/02\/quelle-est-linvitee-du-prochain-festival-clap\/"},"wordCount":229,"commentCount":0,"publisher":{"@id":"https:\/\/vosgesinfo.fr\/remiremontinfo\/#organization"},"image":{"@id":"https:\/\/vosgesinfo.fr\/remiremontinfo\/2024\/02\/quelle-est-linvitee-du-prochain-festival-clap\/#primaryimage"},"thumbnailUrl":"https:\/\/vosgesinfo.fr\/app\/uploads\/sites\/5\/2024\/02\/visuel-presse-clap-6-thompson-page-0001.jpg","keywords":["Daniele Thompson","festival Clap"],"articleSection":["A la Une","Culture","Vosges"],"inLanguage":"fr-FR","potentialAction":[{"@type":"CommentAction","name":"Comment","target":["https:\/\/vosgesinfo.fr\/remiremontinfo\/2024\/02\/quelle-est-linvitee-du-prochain-festival-clap\/#respond"]}]},{"@type":"WebPage","@id":"https:\/\/vosgesinfo.fr\/remiremontinfo\/2024\/02\/quelle-est-linvitee-du-prochain-festival-clap\/","url":"https:\/\/vosgesinfo.fr\/remiremontinfo\/2024\/02\/quelle-est-linvitee-du-prochain-festival-clap\/","name":"Quelle est l'invit\u00e9e du prochain Festival CLAP ? - Remiremont Info","isPartOf":{"@id":"https:\/\/vosgesinfo.fr\/remiremontinfo\/#website"},"primaryImageOfPage":{"@id":"https:\/\/vosgesinfo.fr\/remiremontinfo\/2024\/02\/quelle-est-linvitee-du-prochain-festival-clap\/#primaryimage"},"image":{"@id":"https:\/\/vosgesinfo.fr\/remiremontinfo\/2024\/02\/quelle-est-linvitee-du-prochain-festival-clap\/#primaryimage"},"thumbnailUrl":"https:\/\/vosgesinfo.fr\/app\/uploads\/sites\/5\/2024\/02\/visuel-presse-clap-6-thompson-page-0001.jpg","datePublished":"2024-02-22T19:18:59+00:00","dateModified":"2024-02-22T19:18:59+00:00","breadcrumb":{"@id":"https:\/\/vosgesinfo.fr\/remiremontinfo\/2024\/02\/quelle-est-linvitee-du-prochain-festival-clap\/#breadcrumb"},"inLanguage":"fr-FR","potentialAction":[{"@type":"ReadAction","target":["https:\/\/vosgesinfo.fr\/remiremontinfo\/2024\/02\/quelle-est-linvitee-du-prochain-festival-clap\/"]}]},{"@type":"ImageObject","inLanguage":"fr-FR","@id":"https:\/\/vosgesinfo.fr\/remiremontinfo\/2024\/02\/quelle-est-linvitee-du-prochain-festival-clap\/#primaryimage","url":"https:\/\/vosgesinfo.fr\/app\/uploads\/sites\/5\/2024\/02\/visuel-presse-clap-6-thompson-page-0001.jpg","contentUrl":"https:\/\/vosgesinfo.fr\/app\/uploads\/sites\/5\/2024\/02\/visuel-presse-clap-6-thompson-page-0001.jpg","width":1241,"height":1754},{"@type":"BreadcrumbList","@id":"https:\/\/vosgesinfo.fr\/remiremontinfo\/2024\/02\/quelle-est-linvitee-du-prochain-festival-clap\/#breadcrumb","itemListElement":[{"@type":"ListItem","position":1,"name":"Home","item":"https:\/\/vosgesinfo.fr\/remiremontinfo\/"},{"@type":"ListItem","position":2,"name":"Quelle est l&rsquo;invit\u00e9e du prochain Festival CLAP ?"}]},{"@type":"WebSite","@id":"https:\/\/vosgesinfo.fr\/remiremontinfo\/#website","url":"https:\/\/vosgesinfo.fr\/remiremontinfo\/","name":"Remiremont Info","description":"Toute l&#039;actualit\u00e9 de Remiremont","publisher":{"@id":"https:\/\/vosgesinfo.fr\/remiremontinfo\/#organization"},"alternateName":"Toute l'actualit\u00e9 de Remiremont","potentialAction":[{"@type":"SearchAction","target":{"@type":"EntryPoint","urlTemplate":"https:\/\/vosgesinfo.fr\/remiremontinfo\/?s={search_term_string}"},"query-input":"required name=search_term_string"}],"inLanguage":"fr-FR"},{"@type":"Organization","@id":"https:\/\/vosgesinfo.fr\/remiremontinfo\/#organization","name":"Remiremont Info","url":"https:\/\/vosgesinfo.fr\/remiremontinfo\/","logo":{"@type":"ImageObject","inLanguage":"fr-FR","@id":"https:\/\/vosgesinfo.fr\/remiremontinfo\/#\/schema\/logo\/image\/","url":"https:\/\/vosgesinfo.fr\/app\/uploads\/sites\/5\/2023\/08\/favicon-remiremontinfo.png","contentUrl":"https:\/\/vosgesinfo.fr\/app\/uploads\/sites\/5\/2023\/08\/favicon-remiremontinfo.png","width":512,"height":512,"caption":"Remiremont Info"},"image":{"@id":"https:\/\/vosgesinfo.fr\/remiremontinfo\/#\/schema\/logo\/image\/"},"sameAs":["https:\/\/www.facebook.com\/remiremontinfo","https:\/\/x.com\/VosgesInfo88","https:\/\/www.youtube.com\/@vosgesinfo"]},{"@type":"Person","@id":"https:\/\/vosgesinfo.fr\/remiremontinfo\/#\/schema\/person\/db5605779a843dad16b5368f3e7613a5","name":"QG","image":{"@type":"ImageObject","inLanguage":"fr-FR","@id":"https:\/\/vosgesinfo.fr\/remiremontinfo\/#\/schema\/person\/image\/","url":"https:\/\/secure.gravatar.com\/avatar\/ea80c42c204b534408512832fde52504ecabb9706bcb6151cf6175e5b64e6793?s=96&d=mm&r=g","contentUrl":"https:\/\/secure.gravatar.com\/avatar\/ea80c42c204b534408512832fde52504ecabb9706bcb6151cf6175e5b64e6793?s=96&d=mm&r=g","caption":"QG"},"url":"https:\/\/vosgesinfo.fr\/remiremontinfo\/author\/quentin88\/"}]}},"_links":{"self":[{"href":"https:\/\/vosgesinfo.fr\/remiremontinfo\/wp-json\/wp\/v2\/posts\/4649","targetHints":{"allow":["GET"]}}],"collection":[{"href":"https:\/\/vosgesinfo.fr\/remiremontinfo\/wp-json\/wp\/v2\/posts"}],"about":[{"href":"https:\/\/vosgesinfo.fr\/remiremontinfo\/wp-json\/wp\/v2\/types\/post"}],"author":[{"embeddable":true,"href":"https:\/\/vosgesinfo.fr\/remiremontinfo\/wp-json\/wp\/v2\/users\/42"}],"replies":[{"embeddable":true,"href":"https:\/\/vosgesinfo.fr\/remiremontinfo\/wp-json\/wp\/v2\/comments?post=4649"}],"version-history":[{"count":1,"href":"https:\/\/vosgesinfo.fr\/remiremontinfo\/wp-json\/wp\/v2\/posts\/4649\/revisions"}],"predecessor-version":[{"id":4651,"href":"https:\/\/vosgesinfo.fr\/remiremontinfo\/wp-json\/wp\/v2\/posts\/4649\/revisions\/4651"}],"wp:featuredmedia":[{"embeddable":true,"href":"https:\/\/vosgesinfo.fr\/remiremontinfo\/wp-json\/wp\/v2\/media\/4650"}],"wp:attachment":[{"href":"https:\/\/vosgesinfo.fr\/remiremontinfo\/wp-json\/wp\/v2\/media?parent=4649"}],"wp:term":[{"taxonomy":"category","embeddable":true,"href":"https:\/\/vosgesinfo.fr\/remiremontinfo\/wp-json\/wp\/v2\/categories?post=4649"},{"taxonomy":"post_tag","embeddable":true,"href":"https:\/\/vosgesinfo.fr\/remiremontinfo\/wp-json\/wp\/v2\/tags?post=4649"}],"curies":[{"name":"wp","href":"https:\/\/api.w.org\/{rel}","templated":true}]}}