{"id":46536,"date":"2021-09-25T16:34:36","date_gmt":"2021-09-25T14:34:36","guid":{"rendered":"https:\/\/vosgesinfo.fr\/remiremontinfo\/2021\/09\/remiremont-automobiliste-retrouvee-decedee-ravin\/"},"modified":"2021-09-25T16:34:36","modified_gmt":"2021-09-25T14:34:36","slug":"remiremont-automobiliste-retrouvee-decedee-ravin","status":"publish","type":"post","link":"https:\/\/vosgesinfo.fr\/remiremontinfo\/2021\/09\/remiremont-automobiliste-retrouvee-decedee-ravin\/","title":{"rendered":"Remiremont\u00a0: une automobiliste retrouv\u00e9e d\u00e9c\u00e9d\u00e9e dans un ravin"},"content":{"rendered":"<p><a href=\"\/2021\/09\/DSC_0283.jpg\"><img decoding=\"async\" class=\"alignnone size-full wp-image-327425\" src=\"\/2021\/09\/DSC_0283.jpg\" alt=\"DSC_0283\" width=\"800\" height=\"554\" \/><\/a><\/p>\n<h2><span style=\"font-size: 12pt;\"><strong>Ce samedi apr\u00e8s midi, aux alentours de 15h, les secours ont \u00e9t\u00e9 alert\u00e9 de la d\u00e9couverte d\u2019une voiture accident\u00e9e dans un ravin au col du Peutet. La conductrice du v\u00e9hicule est d\u00e9c\u00e9d\u00e9e.\u00a0<\/strong><\/span><\/h2>\n<p>C\u2019est un cycliste qui a d\u00e9couvert le v\u00e9hicule et a donn\u00e9 l\u2019alerte. 13 sapeurs pompiers se sont engag\u00e9s sur les lieux, ainsi qu\u2019une \u00e9quipe du SMUR, des infirmiers. On ne sait pas exactement quand l\u2019accident s\u2019est produit. Une enqu\u00eate est en cours pour d\u00e9terminer les circonstance de ce tragique \u00e9v\u00e9nement. Des membres de la Police, de la Gendarmerie se sont rendus sur les lieux.<\/p>\n<p>&nbsp;<\/p>\n","protected":false},"excerpt":{"rendered":"<p>Ce samedi apr\u00e8s midi, aux alentours de 15h, les secours ont \u00e9t\u00e9 alert\u00e9 de la d\u00e9couverte d\u2019une voiture accident\u00e9e dans [&hellip;]<\/p>\n","protected":false},"author":407,"featured_media":46537,"comment_status":"open","ping_status":"open","sticky":false,"template":"","format":"standard","meta":{"footnotes":""},"categories":[26,8,1556,35],"tags":[],"class_list":["post-46536","post","type-post","status-publish","format-standard","has-post-thumbnail","hentry","category-a-la-une","category-faits-divers","category-remiremont-remiremont-son-canton-2","category-remiremont-son-canton"],"acf":[],"yoast_head":"<!-- This site is optimized with the Yoast SEO plugin v22.5 - https:\/\/yoast.com\/wordpress\/plugins\/seo\/ -->\n<title>Remiremont\u00a0: une automobiliste retrouv\u00e9e d\u00e9c\u00e9d\u00e9e dans un ravin - Remiremont Info<\/title>\n<meta name=\"robots\" content=\"index, follow, max-snippet:-1, max-image-preview:large, max-video-preview:-1\" \/>\n<link rel=\"canonical\" href=\"https:\/\/vosgesinfo.fr\/remiremontinfo\/2021\/09\/remiremont-automobiliste-retrouvee-decedee-ravin\/\" \/>\n<meta name=\"twitter:card\" content=\"summary_large_image\" \/>\n<meta name=\"twitter:title\" content=\"Remiremont\u00a0: une automobiliste retrouv\u00e9e d\u00e9c\u00e9d\u00e9e dans un ravin - Remiremont Info\" \/>\n<meta name=\"twitter:description\" content=\"Ce samedi apr\u00e8s midi, aux alentours de 15h, les secours ont \u00e9t\u00e9 alert\u00e9 de la d\u00e9couverte d\u2019une voiture accident\u00e9e dans [&hellip;]\" \/>\n<meta name=\"twitter:image\" content=\"https:\/\/vosgesinfo.fr\/app\/uploads\/sites\/5\/2024\/09\/202109dsc-0283.jpg\" \/>\n<meta name=\"twitter:creator\" content=\"@VosgesInfo88\" \/>\n<meta name=\"twitter:site\" content=\"@VosgesInfo88\" \/>\n<meta name=\"twitter:label1\" content=\"\u00c9crit par\" \/>\n\t<meta name=\"twitter:data1\" content=\"C D\" \/>\n\t<meta name=\"twitter:label2\" content=\"Dur\u00e9e de lecture estim\u00e9e\" \/>\n\t<meta name=\"twitter:data2\" content=\"1 minute\" \/>\n<script type=\"application\/ld+json\" class=\"yoast-schema-graph\">{\"@context\":\"https:\/\/schema.org\",\"@graph\":[{\"@type\":\"Article\",\"@id\":\"https:\/\/vosgesinfo.fr\/remiremontinfo\/2021\/09\/remiremont-automobiliste-retrouvee-decedee-ravin\/#article\",\"isPartOf\":{\"@id\":\"https:\/\/vosgesinfo.fr\/remiremontinfo\/2021\/09\/remiremont-automobiliste-retrouvee-decedee-ravin\/\"},\"author\":{\"name\":\"C D\",\"@id\":\"https:\/\/vosgesinfo.fr\/remiremontinfo\/#\/schema\/person\/3bfd164d5218a185b1db68655a265316\"},\"headline\":\"Remiremont\u00a0: une automobiliste retrouv\u00e9e d\u00e9c\u00e9d\u00e9e dans un ravin\",\"datePublished\":\"2021-09-25T14:34:36+00:00\",\"dateModified\":\"2021-09-25T14:34:36+00:00\",\"mainEntityOfPage\":{\"@id\":\"https:\/\/vosgesinfo.fr\/remiremontinfo\/2021\/09\/remiremont-automobiliste-retrouvee-decedee-ravin\/\"},\"wordCount\":127,\"commentCount\":0,\"publisher\":{\"@id\":\"https:\/\/vosgesinfo.fr\/remiremontinfo\/#organization\"},\"image\":{\"@id\":\"https:\/\/vosgesinfo.fr\/remiremontinfo\/2021\/09\/remiremont-automobiliste-retrouvee-decedee-ravin\/#primaryimage\"},\"thumbnailUrl\":\"https:\/\/vosgesinfo.fr\/app\/uploads\/sites\/5\/2024\/09\/202109dsc-0283.jpg\",\"articleSection\":[\"A la Une\",\"Faits-divers\",\"Remiremont\",\"Remiremont &amp; son canton\"],\"inLanguage\":\"fr-FR\",\"potentialAction\":[{\"@type\":\"CommentAction\",\"name\":\"Comment\",\"target\":[\"https:\/\/vosgesinfo.fr\/remiremontinfo\/2021\/09\/remiremont-automobiliste-retrouvee-decedee-ravin\/#respond\"]}]},{\"@type\":\"WebPage\",\"@id\":\"https:\/\/vosgesinfo.fr\/remiremontinfo\/2021\/09\/remiremont-automobiliste-retrouvee-decedee-ravin\/\",\"url\":\"https:\/\/vosgesinfo.fr\/remiremontinfo\/2021\/09\/remiremont-automobiliste-retrouvee-decedee-ravin\/\",\"name\":\"Remiremont\u00a0: une automobiliste retrouv\u00e9e d\u00e9c\u00e9d\u00e9e dans un ravin - Remiremont Info\",\"isPartOf\":{\"@id\":\"https:\/\/vosgesinfo.fr\/remiremontinfo\/#website\"},\"primaryImageOfPage\":{\"@id\":\"https:\/\/vosgesinfo.fr\/remiremontinfo\/2021\/09\/remiremont-automobiliste-retrouvee-decedee-ravin\/#primaryimage\"},\"image\":{\"@id\":\"https:\/\/vosgesinfo.fr\/remiremontinfo\/2021\/09\/remiremont-automobiliste-retrouvee-decedee-ravin\/#primaryimage\"},\"thumbnailUrl\":\"https:\/\/vosgesinfo.fr\/app\/uploads\/sites\/5\/2024\/09\/202109dsc-0283.jpg\",\"datePublished\":\"2021-09-25T14:34:36+00:00\",\"dateModified\":\"2021-09-25T14:34:36+00:00\",\"breadcrumb\":{\"@id\":\"https:\/\/vosgesinfo.fr\/remiremontinfo\/2021\/09\/remiremont-automobiliste-retrouvee-decedee-ravin\/#breadcrumb\"},\"inLanguage\":\"fr-FR\",\"potentialAction\":[{\"@type\":\"ReadAction\",\"target\":[\"https:\/\/vosgesinfo.fr\/remiremontinfo\/2021\/09\/remiremont-automobiliste-retrouvee-decedee-ravin\/\"]}]},{\"@type\":\"ImageObject\",\"inLanguage\":\"fr-FR\",\"@id\":\"https:\/\/vosgesinfo.fr\/remiremontinfo\/2021\/09\/remiremont-automobiliste-retrouvee-decedee-ravin\/#primaryimage\",\"url\":\"https:\/\/vosgesinfo.fr\/app\/uploads\/sites\/5\/2024\/09\/202109dsc-0283.jpg\",\"contentUrl\":\"https:\/\/vosgesinfo.fr\/app\/uploads\/sites\/5\/2024\/09\/202109dsc-0283.jpg\",\"width\":800,\"height\":554},{\"@type\":\"BreadcrumbList\",\"@id\":\"https:\/\/vosgesinfo.fr\/remiremontinfo\/2021\/09\/remiremont-automobiliste-retrouvee-decedee-ravin\/#breadcrumb\",\"itemListElement\":[{\"@type\":\"ListItem\",\"position\":1,\"name\":\"Home\",\"item\":\"https:\/\/vosgesinfo.fr\/remiremontinfo\/\"},{\"@type\":\"ListItem\",\"position\":2,\"name\":\"Remiremont\u00a0: une automobiliste retrouv\u00e9e d\u00e9c\u00e9d\u00e9e dans un ravin\"}]},{\"@type\":\"WebSite\",\"@id\":\"https:\/\/vosgesinfo.fr\/remiremontinfo\/#website\",\"url\":\"https:\/\/vosgesinfo.fr\/remiremontinfo\/\",\"name\":\"Remiremont Info\",\"description\":\"Toute l&#039;actualit\u00e9 de Remiremont\",\"publisher\":{\"@id\":\"https:\/\/vosgesinfo.fr\/remiremontinfo\/#organization\"},\"alternateName\":\"Toute l'actualit\u00e9 de Remiremont\",\"potentialAction\":[{\"@type\":\"SearchAction\",\"target\":{\"@type\":\"EntryPoint\",\"urlTemplate\":\"https:\/\/vosgesinfo.fr\/remiremontinfo\/?s={search_term_string}\"},\"query-input\":\"required name=search_term_string\"}],\"inLanguage\":\"fr-FR\"},{\"@type\":\"Organization\",\"@id\":\"https:\/\/vosgesinfo.fr\/remiremontinfo\/#organization\",\"name\":\"Remiremont Info\",\"url\":\"https:\/\/vosgesinfo.fr\/remiremontinfo\/\",\"logo\":{\"@type\":\"ImageObject\",\"inLanguage\":\"fr-FR\",\"@id\":\"https:\/\/vosgesinfo.fr\/remiremontinfo\/#\/schema\/logo\/image\/\",\"url\":\"https:\/\/vosgesinfo.fr\/app\/uploads\/sites\/5\/2023\/08\/favicon-remiremontinfo.png\",\"contentUrl\":\"https:\/\/vosgesinfo.fr\/app\/uploads\/sites\/5\/2023\/08\/favicon-remiremontinfo.png\",\"width\":512,\"height\":512,\"caption\":\"Remiremont Info\"},\"image\":{\"@id\":\"https:\/\/vosgesinfo.fr\/remiremontinfo\/#\/schema\/logo\/image\/\"},\"sameAs\":[\"https:\/\/www.facebook.com\/remiremontinfo\",\"https:\/\/x.com\/VosgesInfo88\",\"https:\/\/www.youtube.com\/@vosgesinfo\"]},{\"@type\":\"Person\",\"@id\":\"https:\/\/vosgesinfo.fr\/remiremontinfo\/#\/schema\/person\/3bfd164d5218a185b1db68655a265316\",\"name\":\"C D\",\"image\":{\"@type\":\"ImageObject\",\"inLanguage\":\"fr-FR\",\"@id\":\"https:\/\/vosgesinfo.fr\/remiremontinfo\/#\/schema\/person\/image\/\",\"url\":\"https:\/\/secure.gravatar.com\/avatar\/1f9a70007336511a47468b8f1c66f922b8b7cf617b02a31149ada43893a5d48f?s=96&d=mm&r=g\",\"contentUrl\":\"https:\/\/secure.gravatar.com\/avatar\/1f9a70007336511a47468b8f1c66f922b8b7cf617b02a31149ada43893a5d48f?s=96&d=mm&r=g\",\"caption\":\"C D\"},\"url\":\"https:\/\/vosgesinfo.fr\/remiremontinfo\/author\/cedric-drevet\/\"}]}<\/script>\n<!-- \/ Yoast SEO plugin. -->","yoast_head_json":{"title":"Remiremont\u00a0: une automobiliste retrouv\u00e9e d\u00e9c\u00e9d\u00e9e dans un ravin - Remiremont Info","robots":{"index":"index","follow":"follow","max-snippet":"max-snippet:-1","max-image-preview":"max-image-preview:large","max-video-preview":"max-video-preview:-1"},"canonical":"https:\/\/vosgesinfo.fr\/remiremontinfo\/2021\/09\/remiremont-automobiliste-retrouvee-decedee-ravin\/","twitter_card":"summary_large_image","twitter_title":"Remiremont\u00a0: une automobiliste retrouv\u00e9e d\u00e9c\u00e9d\u00e9e dans un ravin - Remiremont Info","twitter_description":"Ce samedi apr\u00e8s midi, aux alentours de 15h, les secours ont \u00e9t\u00e9 alert\u00e9 de la d\u00e9couverte d\u2019une voiture accident\u00e9e dans [&hellip;]","twitter_image":"https:\/\/vosgesinfo.fr\/app\/uploads\/sites\/5\/2024\/09\/202109dsc-0283.jpg","twitter_creator":"@VosgesInfo88","twitter_site":"@VosgesInfo88","twitter_misc":{"\u00c9crit par":"C D","Dur\u00e9e de lecture estim\u00e9e":"1 minute"},"schema":{"@context":"https:\/\/schema.org","@graph":[{"@type":"Article","@id":"https:\/\/vosgesinfo.fr\/remiremontinfo\/2021\/09\/remiremont-automobiliste-retrouvee-decedee-ravin\/#article","isPartOf":{"@id":"https:\/\/vosgesinfo.fr\/remiremontinfo\/2021\/09\/remiremont-automobiliste-retrouvee-decedee-ravin\/"},"author":{"name":"C D","@id":"https:\/\/vosgesinfo.fr\/remiremontinfo\/#\/schema\/person\/3bfd164d5218a185b1db68655a265316"},"headline":"Remiremont\u00a0: une automobiliste retrouv\u00e9e d\u00e9c\u00e9d\u00e9e dans un ravin","datePublished":"2021-09-25T14:34:36+00:00","dateModified":"2021-09-25T14:34:36+00:00","mainEntityOfPage":{"@id":"https:\/\/vosgesinfo.fr\/remiremontinfo\/2021\/09\/remiremont-automobiliste-retrouvee-decedee-ravin\/"},"wordCount":127,"commentCount":0,"publisher":{"@id":"https:\/\/vosgesinfo.fr\/remiremontinfo\/#organization"},"image":{"@id":"https:\/\/vosgesinfo.fr\/remiremontinfo\/2021\/09\/remiremont-automobiliste-retrouvee-decedee-ravin\/#primaryimage"},"thumbnailUrl":"https:\/\/vosgesinfo.fr\/app\/uploads\/sites\/5\/2024\/09\/202109dsc-0283.jpg","articleSection":["A la Une","Faits-divers","Remiremont","Remiremont &amp; son canton"],"inLanguage":"fr-FR","potentialAction":[{"@type":"CommentAction","name":"Comment","target":["https:\/\/vosgesinfo.fr\/remiremontinfo\/2021\/09\/remiremont-automobiliste-retrouvee-decedee-ravin\/#respond"]}]},{"@type":"WebPage","@id":"https:\/\/vosgesinfo.fr\/remiremontinfo\/2021\/09\/remiremont-automobiliste-retrouvee-decedee-ravin\/","url":"https:\/\/vosgesinfo.fr\/remiremontinfo\/2021\/09\/remiremont-automobiliste-retrouvee-decedee-ravin\/","name":"Remiremont\u00a0: une automobiliste retrouv\u00e9e d\u00e9c\u00e9d\u00e9e dans un ravin - Remiremont Info","isPartOf":{"@id":"https:\/\/vosgesinfo.fr\/remiremontinfo\/#website"},"primaryImageOfPage":{"@id":"https:\/\/vosgesinfo.fr\/remiremontinfo\/2021\/09\/remiremont-automobiliste-retrouvee-decedee-ravin\/#primaryimage"},"image":{"@id":"https:\/\/vosgesinfo.fr\/remiremontinfo\/2021\/09\/remiremont-automobiliste-retrouvee-decedee-ravin\/#primaryimage"},"thumbnailUrl":"https:\/\/vosgesinfo.fr\/app\/uploads\/sites\/5\/2024\/09\/202109dsc-0283.jpg","datePublished":"2021-09-25T14:34:36+00:00","dateModified":"2021-09-25T14:34:36+00:00","breadcrumb":{"@id":"https:\/\/vosgesinfo.fr\/remiremontinfo\/2021\/09\/remiremont-automobiliste-retrouvee-decedee-ravin\/#breadcrumb"},"inLanguage":"fr-FR","potentialAction":[{"@type":"ReadAction","target":["https:\/\/vosgesinfo.fr\/remiremontinfo\/2021\/09\/remiremont-automobiliste-retrouvee-decedee-ravin\/"]}]},{"@type":"ImageObject","inLanguage":"fr-FR","@id":"https:\/\/vosgesinfo.fr\/remiremontinfo\/2021\/09\/remiremont-automobiliste-retrouvee-decedee-ravin\/#primaryimage","url":"https:\/\/vosgesinfo.fr\/app\/uploads\/sites\/5\/2024\/09\/202109dsc-0283.jpg","contentUrl":"https:\/\/vosgesinfo.fr\/app\/uploads\/sites\/5\/2024\/09\/202109dsc-0283.jpg","width":800,"height":554},{"@type":"BreadcrumbList","@id":"https:\/\/vosgesinfo.fr\/remiremontinfo\/2021\/09\/remiremont-automobiliste-retrouvee-decedee-ravin\/#breadcrumb","itemListElement":[{"@type":"ListItem","position":1,"name":"Home","item":"https:\/\/vosgesinfo.fr\/remiremontinfo\/"},{"@type":"ListItem","position":2,"name":"Remiremont\u00a0: une automobiliste retrouv\u00e9e d\u00e9c\u00e9d\u00e9e dans un ravin"}]},{"@type":"WebSite","@id":"https:\/\/vosgesinfo.fr\/remiremontinfo\/#website","url":"https:\/\/vosgesinfo.fr\/remiremontinfo\/","name":"Remiremont Info","description":"Toute l&#039;actualit\u00e9 de Remiremont","publisher":{"@id":"https:\/\/vosgesinfo.fr\/remiremontinfo\/#organization"},"alternateName":"Toute l'actualit\u00e9 de Remiremont","potentialAction":[{"@type":"SearchAction","target":{"@type":"EntryPoint","urlTemplate":"https:\/\/vosgesinfo.fr\/remiremontinfo\/?s={search_term_string}"},"query-input":"required name=search_term_string"}],"inLanguage":"fr-FR"},{"@type":"Organization","@id":"https:\/\/vosgesinfo.fr\/remiremontinfo\/#organization","name":"Remiremont Info","url":"https:\/\/vosgesinfo.fr\/remiremontinfo\/","logo":{"@type":"ImageObject","inLanguage":"fr-FR","@id":"https:\/\/vosgesinfo.fr\/remiremontinfo\/#\/schema\/logo\/image\/","url":"https:\/\/vosgesinfo.fr\/app\/uploads\/sites\/5\/2023\/08\/favicon-remiremontinfo.png","contentUrl":"https:\/\/vosgesinfo.fr\/app\/uploads\/sites\/5\/2023\/08\/favicon-remiremontinfo.png","width":512,"height":512,"caption":"Remiremont Info"},"image":{"@id":"https:\/\/vosgesinfo.fr\/remiremontinfo\/#\/schema\/logo\/image\/"},"sameAs":["https:\/\/www.facebook.com\/remiremontinfo","https:\/\/x.com\/VosgesInfo88","https:\/\/www.youtube.com\/@vosgesinfo"]},{"@type":"Person","@id":"https:\/\/vosgesinfo.fr\/remiremontinfo\/#\/schema\/person\/3bfd164d5218a185b1db68655a265316","name":"C D","image":{"@type":"ImageObject","inLanguage":"fr-FR","@id":"https:\/\/vosgesinfo.fr\/remiremontinfo\/#\/schema\/person\/image\/","url":"https:\/\/secure.gravatar.com\/avatar\/1f9a70007336511a47468b8f1c66f922b8b7cf617b02a31149ada43893a5d48f?s=96&d=mm&r=g","contentUrl":"https:\/\/secure.gravatar.com\/avatar\/1f9a70007336511a47468b8f1c66f922b8b7cf617b02a31149ada43893a5d48f?s=96&d=mm&r=g","caption":"C D"},"url":"https:\/\/vosgesinfo.fr\/remiremontinfo\/author\/cedric-drevet\/"}]}},"_links":{"self":[{"href":"https:\/\/vosgesinfo.fr\/remiremontinfo\/wp-json\/wp\/v2\/posts\/46536","targetHints":{"allow":["GET"]}}],"collection":[{"href":"https:\/\/vosgesinfo.fr\/remiremontinfo\/wp-json\/wp\/v2\/posts"}],"about":[{"href":"https:\/\/vosgesinfo.fr\/remiremontinfo\/wp-json\/wp\/v2\/types\/post"}],"author":[{"embeddable":true,"href":"https:\/\/vosgesinfo.fr\/remiremontinfo\/wp-json\/wp\/v2\/users\/407"}],"replies":[{"embeddable":true,"href":"https:\/\/vosgesinfo.fr\/remiremontinfo\/wp-json\/wp\/v2\/comments?post=46536"}],"version-history":[{"count":0,"href":"https:\/\/vosgesinfo.fr\/remiremontinfo\/wp-json\/wp\/v2\/posts\/46536\/revisions"}],"wp:featuredmedia":[{"embeddable":true,"href":"https:\/\/vosgesinfo.fr\/remiremontinfo\/wp-json\/wp\/v2\/media\/46537"}],"wp:attachment":[{"href":"https:\/\/vosgesinfo.fr\/remiremontinfo\/wp-json\/wp\/v2\/media?parent=46536"}],"wp:term":[{"taxonomy":"category","embeddable":true,"href":"https:\/\/vosgesinfo.fr\/remiremontinfo\/wp-json\/wp\/v2\/categories?post=46536"},{"taxonomy":"post_tag","embeddable":true,"href":"https:\/\/vosgesinfo.fr\/remiremontinfo\/wp-json\/wp\/v2\/tags?post=46536"}],"curies":[{"name":"wp","href":"https:\/\/api.w.org\/{rel}","templated":true}]}}