{"id":46612,"date":"2021-09-27T14:43:45","date_gmt":"2021-09-27T12:43:45","guid":{"rendered":"https:\/\/vosgesinfo.fr\/remiremontinfo\/2021\/09\/tour-vosges-a-velo-soutenir-lutte-contre-cancer\/"},"modified":"2021-09-27T14:43:45","modified_gmt":"2021-09-27T12:43:45","slug":"tour-vosges-a-velo-soutenir-lutte-contre-cancer","status":"publish","type":"post","link":"https:\/\/vosgesinfo.fr\/remiremontinfo\/2021\/09\/tour-vosges-a-velo-soutenir-lutte-contre-cancer\/","title":{"rendered":"Un tour des Vosges \u00e0 v\u00e9lo pour soutenir la lutte contre le cancer"},"content":{"rendered":"<p><a href=\"\/2021\/09\/V\u00e9lo_Ligue_Contre_Cancer.jpg\"><img decoding=\"async\" class=\"alignnone size-full wp-image-327583\" src=\"\/2021\/09\/V\u00e9lo_Ligue_Contre_Cancer.jpg\" alt=\"V\u00e9lo_Ligue_Contre_Cancer\" width=\"800\" height=\"600\" \/><\/a><\/p>\n<h2><span style=\"font-size: 12pt;\"><strong>Pour Jacky Petitgen\u00eat, la solidarit\u00e9 c\u2019est inn\u00e9. En tant que sportif accompli, et notamment passionn\u00e9 de cyclisme, ce dernier a d\u00e9cid\u00e9 de redoubler d\u2019efforts sur son v\u00e9lo au profit de la lutte contre le cancer.<\/strong><\/span><\/h2>\n<p>Il ainsi effectue un tour des Vosges en 3 jours, en bouclant un parcours au d\u00e9part et \u00e0 l\u2019arriv\u00e9e de sa commune de Saint-Nabord, en passant par Cornimont, La Bresse, G\u00e9rardmer, Saint-Di\u00e9-des-Vosges, Raon-l\u2019Etape, Rambervillers, Charmes, Ch\u00e2tenois, Neufch\u00e2teau, Vittel, Contrex\u00e9ville, Mirecourt, Thaon-l\u00e8s-Vosges, Epinal et Remiremont. Au total, Jacky Petitgen\u00eat aura parcouru pr\u00e8s de 450 kilom\u00e8tres au terme de son p\u00e9riple\u2026 et r\u00e9colt\u00e9 au fil de ses \u00e9tapes une coquette somme, qui sera ensuite remise au Comit\u00e9 des Vosges de la Ligue Contre le Cancer. Ce lundi du temps de midi, c\u2019est devant l\u2019H\u00f4tel de Ville d\u00e9odatien qu\u2019il s\u2019est accord\u00e9 une pause, rappelant \u00e0 cette occasion la n\u00e9cessit\u00e9 de se mobiliser et de se faire d\u00e9pister, tout en insistant sur les bienfaits d\u2019une activit\u00e9 sportive. Pour cette halte en terres d\u00e9odatiennes, \u00e9taient pr\u00e9sents l\u2019adjoint Mustafa Guglu ainsi que Fabienne, Bernadette et Jean, tous 3 b\u00e9n\u00e9voles du Comit\u00e9 des Vosges de la Ligue Contre le Cancer.<\/p>\n<p>J.J.<\/p>\n","protected":false},"excerpt":{"rendered":"<p>Pour Jacky Petitgen\u00eat, la solidarit\u00e9 c\u2019est inn\u00e9. En tant que sportif accompli, et notamment passionn\u00e9 de cyclisme, ce dernier a [&hellip;]<\/p>\n","protected":false},"author":407,"featured_media":46613,"comment_status":"open","ping_status":"open","sticky":false,"template":"","format":"standard","meta":{"footnotes":""},"categories":[26,12,18],"tags":[2563,416,1413],"class_list":["post-46612","post","type-post","status-publish","format-standard","has-post-thumbnail","hentry","category-a-la-une","category-sante","category-vosges","tag-cancer","tag-ligue-contre-le-cancer","tag-velo"],"acf":[],"yoast_head":"<!-- This site is optimized with the Yoast SEO plugin v22.5 - https:\/\/yoast.com\/wordpress\/plugins\/seo\/ -->\n<title>Un tour des Vosges \u00e0 v\u00e9lo pour soutenir la lutte contre le cancer - Remiremont Info<\/title>\n<meta name=\"robots\" content=\"index, follow, max-snippet:-1, max-image-preview:large, max-video-preview:-1\" \/>\n<link rel=\"canonical\" href=\"https:\/\/vosgesinfo.fr\/remiremontinfo\/2021\/09\/tour-vosges-a-velo-soutenir-lutte-contre-cancer\/\" \/>\n<meta name=\"twitter:card\" content=\"summary_large_image\" \/>\n<meta name=\"twitter:title\" content=\"Un tour des Vosges \u00e0 v\u00e9lo pour soutenir la lutte contre le cancer - Remiremont Info\" \/>\n<meta name=\"twitter:description\" content=\"Pour Jacky Petitgen\u00eat, la solidarit\u00e9 c\u2019est inn\u00e9. En tant que sportif accompli, et notamment passionn\u00e9 de cyclisme, ce dernier a [&hellip;]\" \/>\n<meta name=\"twitter:image\" content=\"https:\/\/vosgesinfo.fr\/app\/uploads\/sites\/5\/2024\/09\/202109velo-ligue-contre-cancer.jpg\" \/>\n<meta name=\"twitter:creator\" content=\"@VosgesInfo88\" \/>\n<meta name=\"twitter:site\" content=\"@VosgesInfo88\" \/>\n<meta name=\"twitter:label1\" content=\"\u00c9crit par\" \/>\n\t<meta name=\"twitter:data1\" content=\"C D\" \/>\n\t<meta name=\"twitter:label2\" content=\"Dur\u00e9e de lecture estim\u00e9e\" \/>\n\t<meta name=\"twitter:data2\" content=\"1 minute\" \/>\n<script type=\"application\/ld+json\" class=\"yoast-schema-graph\">{\"@context\":\"https:\/\/schema.org\",\"@graph\":[{\"@type\":\"Article\",\"@id\":\"https:\/\/vosgesinfo.fr\/remiremontinfo\/2021\/09\/tour-vosges-a-velo-soutenir-lutte-contre-cancer\/#article\",\"isPartOf\":{\"@id\":\"https:\/\/vosgesinfo.fr\/remiremontinfo\/2021\/09\/tour-vosges-a-velo-soutenir-lutte-contre-cancer\/\"},\"author\":{\"name\":\"C D\",\"@id\":\"https:\/\/vosgesinfo.fr\/remiremontinfo\/#\/schema\/person\/3bfd164d5218a185b1db68655a265316\"},\"headline\":\"Un tour des Vosges \u00e0 v\u00e9lo pour soutenir la lutte contre le cancer\",\"datePublished\":\"2021-09-27T12:43:45+00:00\",\"dateModified\":\"2021-09-27T12:43:45+00:00\",\"mainEntityOfPage\":{\"@id\":\"https:\/\/vosgesinfo.fr\/remiremontinfo\/2021\/09\/tour-vosges-a-velo-soutenir-lutte-contre-cancer\/\"},\"wordCount\":232,\"commentCount\":0,\"publisher\":{\"@id\":\"https:\/\/vosgesinfo.fr\/remiremontinfo\/#organization\"},\"image\":{\"@id\":\"https:\/\/vosgesinfo.fr\/remiremontinfo\/2021\/09\/tour-vosges-a-velo-soutenir-lutte-contre-cancer\/#primaryimage\"},\"thumbnailUrl\":\"https:\/\/vosgesinfo.fr\/app\/uploads\/sites\/5\/2024\/09\/202109velo-ligue-contre-cancer.jpg\",\"keywords\":[\"cancer\",\"Ligue contre le cancer\",\"V\u00e9lo\"],\"articleSection\":[\"A la Une\",\"Sant\u00e9\",\"Vosges\"],\"inLanguage\":\"fr-FR\",\"potentialAction\":[{\"@type\":\"CommentAction\",\"name\":\"Comment\",\"target\":[\"https:\/\/vosgesinfo.fr\/remiremontinfo\/2021\/09\/tour-vosges-a-velo-soutenir-lutte-contre-cancer\/#respond\"]}]},{\"@type\":\"WebPage\",\"@id\":\"https:\/\/vosgesinfo.fr\/remiremontinfo\/2021\/09\/tour-vosges-a-velo-soutenir-lutte-contre-cancer\/\",\"url\":\"https:\/\/vosgesinfo.fr\/remiremontinfo\/2021\/09\/tour-vosges-a-velo-soutenir-lutte-contre-cancer\/\",\"name\":\"Un tour des Vosges \u00e0 v\u00e9lo pour soutenir la lutte contre le cancer - Remiremont Info\",\"isPartOf\":{\"@id\":\"https:\/\/vosgesinfo.fr\/remiremontinfo\/#website\"},\"primaryImageOfPage\":{\"@id\":\"https:\/\/vosgesinfo.fr\/remiremontinfo\/2021\/09\/tour-vosges-a-velo-soutenir-lutte-contre-cancer\/#primaryimage\"},\"image\":{\"@id\":\"https:\/\/vosgesinfo.fr\/remiremontinfo\/2021\/09\/tour-vosges-a-velo-soutenir-lutte-contre-cancer\/#primaryimage\"},\"thumbnailUrl\":\"https:\/\/vosgesinfo.fr\/app\/uploads\/sites\/5\/2024\/09\/202109velo-ligue-contre-cancer.jpg\",\"datePublished\":\"2021-09-27T12:43:45+00:00\",\"dateModified\":\"2021-09-27T12:43:45+00:00\",\"breadcrumb\":{\"@id\":\"https:\/\/vosgesinfo.fr\/remiremontinfo\/2021\/09\/tour-vosges-a-velo-soutenir-lutte-contre-cancer\/#breadcrumb\"},\"inLanguage\":\"fr-FR\",\"potentialAction\":[{\"@type\":\"ReadAction\",\"target\":[\"https:\/\/vosgesinfo.fr\/remiremontinfo\/2021\/09\/tour-vosges-a-velo-soutenir-lutte-contre-cancer\/\"]}]},{\"@type\":\"ImageObject\",\"inLanguage\":\"fr-FR\",\"@id\":\"https:\/\/vosgesinfo.fr\/remiremontinfo\/2021\/09\/tour-vosges-a-velo-soutenir-lutte-contre-cancer\/#primaryimage\",\"url\":\"https:\/\/vosgesinfo.fr\/app\/uploads\/sites\/5\/2024\/09\/202109velo-ligue-contre-cancer.jpg\",\"contentUrl\":\"https:\/\/vosgesinfo.fr\/app\/uploads\/sites\/5\/2024\/09\/202109velo-ligue-contre-cancer.jpg\",\"width\":800,\"height\":600},{\"@type\":\"BreadcrumbList\",\"@id\":\"https:\/\/vosgesinfo.fr\/remiremontinfo\/2021\/09\/tour-vosges-a-velo-soutenir-lutte-contre-cancer\/#breadcrumb\",\"itemListElement\":[{\"@type\":\"ListItem\",\"position\":1,\"name\":\"Home\",\"item\":\"https:\/\/vosgesinfo.fr\/remiremontinfo\/\"},{\"@type\":\"ListItem\",\"position\":2,\"name\":\"Un tour des Vosges \u00e0 v\u00e9lo pour soutenir la lutte contre le cancer\"}]},{\"@type\":\"WebSite\",\"@id\":\"https:\/\/vosgesinfo.fr\/remiremontinfo\/#website\",\"url\":\"https:\/\/vosgesinfo.fr\/remiremontinfo\/\",\"name\":\"Remiremont Info\",\"description\":\"Toute l&#039;actualit\u00e9 de Remiremont\",\"publisher\":{\"@id\":\"https:\/\/vosgesinfo.fr\/remiremontinfo\/#organization\"},\"alternateName\":\"Toute l'actualit\u00e9 de Remiremont\",\"potentialAction\":[{\"@type\":\"SearchAction\",\"target\":{\"@type\":\"EntryPoint\",\"urlTemplate\":\"https:\/\/vosgesinfo.fr\/remiremontinfo\/?s={search_term_string}\"},\"query-input\":\"required name=search_term_string\"}],\"inLanguage\":\"fr-FR\"},{\"@type\":\"Organization\",\"@id\":\"https:\/\/vosgesinfo.fr\/remiremontinfo\/#organization\",\"name\":\"Remiremont Info\",\"url\":\"https:\/\/vosgesinfo.fr\/remiremontinfo\/\",\"logo\":{\"@type\":\"ImageObject\",\"inLanguage\":\"fr-FR\",\"@id\":\"https:\/\/vosgesinfo.fr\/remiremontinfo\/#\/schema\/logo\/image\/\",\"url\":\"https:\/\/vosgesinfo.fr\/app\/uploads\/sites\/5\/2023\/08\/favicon-remiremontinfo.png\",\"contentUrl\":\"https:\/\/vosgesinfo.fr\/app\/uploads\/sites\/5\/2023\/08\/favicon-remiremontinfo.png\",\"width\":512,\"height\":512,\"caption\":\"Remiremont Info\"},\"image\":{\"@id\":\"https:\/\/vosgesinfo.fr\/remiremontinfo\/#\/schema\/logo\/image\/\"},\"sameAs\":[\"https:\/\/www.facebook.com\/remiremontinfo\",\"https:\/\/x.com\/VosgesInfo88\",\"https:\/\/www.youtube.com\/@vosgesinfo\"]},{\"@type\":\"Person\",\"@id\":\"https:\/\/vosgesinfo.fr\/remiremontinfo\/#\/schema\/person\/3bfd164d5218a185b1db68655a265316\",\"name\":\"C D\",\"image\":{\"@type\":\"ImageObject\",\"inLanguage\":\"fr-FR\",\"@id\":\"https:\/\/vosgesinfo.fr\/remiremontinfo\/#\/schema\/person\/image\/\",\"url\":\"https:\/\/secure.gravatar.com\/avatar\/1f9a70007336511a47468b8f1c66f922b8b7cf617b02a31149ada43893a5d48f?s=96&d=mm&r=g\",\"contentUrl\":\"https:\/\/secure.gravatar.com\/avatar\/1f9a70007336511a47468b8f1c66f922b8b7cf617b02a31149ada43893a5d48f?s=96&d=mm&r=g\",\"caption\":\"C D\"},\"url\":\"https:\/\/vosgesinfo.fr\/remiremontinfo\/author\/cedric-drevet\/\"}]}<\/script>\n<!-- \/ Yoast SEO plugin. -->","yoast_head_json":{"title":"Un tour des Vosges \u00e0 v\u00e9lo pour soutenir la lutte contre le cancer - Remiremont Info","robots":{"index":"index","follow":"follow","max-snippet":"max-snippet:-1","max-image-preview":"max-image-preview:large","max-video-preview":"max-video-preview:-1"},"canonical":"https:\/\/vosgesinfo.fr\/remiremontinfo\/2021\/09\/tour-vosges-a-velo-soutenir-lutte-contre-cancer\/","twitter_card":"summary_large_image","twitter_title":"Un tour des Vosges \u00e0 v\u00e9lo pour soutenir la lutte contre le cancer - Remiremont Info","twitter_description":"Pour Jacky Petitgen\u00eat, la solidarit\u00e9 c\u2019est inn\u00e9. En tant que sportif accompli, et notamment passionn\u00e9 de cyclisme, ce dernier a [&hellip;]","twitter_image":"https:\/\/vosgesinfo.fr\/app\/uploads\/sites\/5\/2024\/09\/202109velo-ligue-contre-cancer.jpg","twitter_creator":"@VosgesInfo88","twitter_site":"@VosgesInfo88","twitter_misc":{"\u00c9crit par":"C D","Dur\u00e9e de lecture estim\u00e9e":"1 minute"},"schema":{"@context":"https:\/\/schema.org","@graph":[{"@type":"Article","@id":"https:\/\/vosgesinfo.fr\/remiremontinfo\/2021\/09\/tour-vosges-a-velo-soutenir-lutte-contre-cancer\/#article","isPartOf":{"@id":"https:\/\/vosgesinfo.fr\/remiremontinfo\/2021\/09\/tour-vosges-a-velo-soutenir-lutte-contre-cancer\/"},"author":{"name":"C D","@id":"https:\/\/vosgesinfo.fr\/remiremontinfo\/#\/schema\/person\/3bfd164d5218a185b1db68655a265316"},"headline":"Un tour des Vosges \u00e0 v\u00e9lo pour soutenir la lutte contre le cancer","datePublished":"2021-09-27T12:43:45+00:00","dateModified":"2021-09-27T12:43:45+00:00","mainEntityOfPage":{"@id":"https:\/\/vosgesinfo.fr\/remiremontinfo\/2021\/09\/tour-vosges-a-velo-soutenir-lutte-contre-cancer\/"},"wordCount":232,"commentCount":0,"publisher":{"@id":"https:\/\/vosgesinfo.fr\/remiremontinfo\/#organization"},"image":{"@id":"https:\/\/vosgesinfo.fr\/remiremontinfo\/2021\/09\/tour-vosges-a-velo-soutenir-lutte-contre-cancer\/#primaryimage"},"thumbnailUrl":"https:\/\/vosgesinfo.fr\/app\/uploads\/sites\/5\/2024\/09\/202109velo-ligue-contre-cancer.jpg","keywords":["cancer","Ligue contre le cancer","V\u00e9lo"],"articleSection":["A la Une","Sant\u00e9","Vosges"],"inLanguage":"fr-FR","potentialAction":[{"@type":"CommentAction","name":"Comment","target":["https:\/\/vosgesinfo.fr\/remiremontinfo\/2021\/09\/tour-vosges-a-velo-soutenir-lutte-contre-cancer\/#respond"]}]},{"@type":"WebPage","@id":"https:\/\/vosgesinfo.fr\/remiremontinfo\/2021\/09\/tour-vosges-a-velo-soutenir-lutte-contre-cancer\/","url":"https:\/\/vosgesinfo.fr\/remiremontinfo\/2021\/09\/tour-vosges-a-velo-soutenir-lutte-contre-cancer\/","name":"Un tour des Vosges \u00e0 v\u00e9lo pour soutenir la lutte contre le cancer - Remiremont Info","isPartOf":{"@id":"https:\/\/vosgesinfo.fr\/remiremontinfo\/#website"},"primaryImageOfPage":{"@id":"https:\/\/vosgesinfo.fr\/remiremontinfo\/2021\/09\/tour-vosges-a-velo-soutenir-lutte-contre-cancer\/#primaryimage"},"image":{"@id":"https:\/\/vosgesinfo.fr\/remiremontinfo\/2021\/09\/tour-vosges-a-velo-soutenir-lutte-contre-cancer\/#primaryimage"},"thumbnailUrl":"https:\/\/vosgesinfo.fr\/app\/uploads\/sites\/5\/2024\/09\/202109velo-ligue-contre-cancer.jpg","datePublished":"2021-09-27T12:43:45+00:00","dateModified":"2021-09-27T12:43:45+00:00","breadcrumb":{"@id":"https:\/\/vosgesinfo.fr\/remiremontinfo\/2021\/09\/tour-vosges-a-velo-soutenir-lutte-contre-cancer\/#breadcrumb"},"inLanguage":"fr-FR","potentialAction":[{"@type":"ReadAction","target":["https:\/\/vosgesinfo.fr\/remiremontinfo\/2021\/09\/tour-vosges-a-velo-soutenir-lutte-contre-cancer\/"]}]},{"@type":"ImageObject","inLanguage":"fr-FR","@id":"https:\/\/vosgesinfo.fr\/remiremontinfo\/2021\/09\/tour-vosges-a-velo-soutenir-lutte-contre-cancer\/#primaryimage","url":"https:\/\/vosgesinfo.fr\/app\/uploads\/sites\/5\/2024\/09\/202109velo-ligue-contre-cancer.jpg","contentUrl":"https:\/\/vosgesinfo.fr\/app\/uploads\/sites\/5\/2024\/09\/202109velo-ligue-contre-cancer.jpg","width":800,"height":600},{"@type":"BreadcrumbList","@id":"https:\/\/vosgesinfo.fr\/remiremontinfo\/2021\/09\/tour-vosges-a-velo-soutenir-lutte-contre-cancer\/#breadcrumb","itemListElement":[{"@type":"ListItem","position":1,"name":"Home","item":"https:\/\/vosgesinfo.fr\/remiremontinfo\/"},{"@type":"ListItem","position":2,"name":"Un tour des Vosges \u00e0 v\u00e9lo pour soutenir la lutte contre le cancer"}]},{"@type":"WebSite","@id":"https:\/\/vosgesinfo.fr\/remiremontinfo\/#website","url":"https:\/\/vosgesinfo.fr\/remiremontinfo\/","name":"Remiremont Info","description":"Toute l&#039;actualit\u00e9 de Remiremont","publisher":{"@id":"https:\/\/vosgesinfo.fr\/remiremontinfo\/#organization"},"alternateName":"Toute l'actualit\u00e9 de Remiremont","potentialAction":[{"@type":"SearchAction","target":{"@type":"EntryPoint","urlTemplate":"https:\/\/vosgesinfo.fr\/remiremontinfo\/?s={search_term_string}"},"query-input":"required name=search_term_string"}],"inLanguage":"fr-FR"},{"@type":"Organization","@id":"https:\/\/vosgesinfo.fr\/remiremontinfo\/#organization","name":"Remiremont Info","url":"https:\/\/vosgesinfo.fr\/remiremontinfo\/","logo":{"@type":"ImageObject","inLanguage":"fr-FR","@id":"https:\/\/vosgesinfo.fr\/remiremontinfo\/#\/schema\/logo\/image\/","url":"https:\/\/vosgesinfo.fr\/app\/uploads\/sites\/5\/2023\/08\/favicon-remiremontinfo.png","contentUrl":"https:\/\/vosgesinfo.fr\/app\/uploads\/sites\/5\/2023\/08\/favicon-remiremontinfo.png","width":512,"height":512,"caption":"Remiremont Info"},"image":{"@id":"https:\/\/vosgesinfo.fr\/remiremontinfo\/#\/schema\/logo\/image\/"},"sameAs":["https:\/\/www.facebook.com\/remiremontinfo","https:\/\/x.com\/VosgesInfo88","https:\/\/www.youtube.com\/@vosgesinfo"]},{"@type":"Person","@id":"https:\/\/vosgesinfo.fr\/remiremontinfo\/#\/schema\/person\/3bfd164d5218a185b1db68655a265316","name":"C D","image":{"@type":"ImageObject","inLanguage":"fr-FR","@id":"https:\/\/vosgesinfo.fr\/remiremontinfo\/#\/schema\/person\/image\/","url":"https:\/\/secure.gravatar.com\/avatar\/1f9a70007336511a47468b8f1c66f922b8b7cf617b02a31149ada43893a5d48f?s=96&d=mm&r=g","contentUrl":"https:\/\/secure.gravatar.com\/avatar\/1f9a70007336511a47468b8f1c66f922b8b7cf617b02a31149ada43893a5d48f?s=96&d=mm&r=g","caption":"C D"},"url":"https:\/\/vosgesinfo.fr\/remiremontinfo\/author\/cedric-drevet\/"}]}},"_links":{"self":[{"href":"https:\/\/vosgesinfo.fr\/remiremontinfo\/wp-json\/wp\/v2\/posts\/46612","targetHints":{"allow":["GET"]}}],"collection":[{"href":"https:\/\/vosgesinfo.fr\/remiremontinfo\/wp-json\/wp\/v2\/posts"}],"about":[{"href":"https:\/\/vosgesinfo.fr\/remiremontinfo\/wp-json\/wp\/v2\/types\/post"}],"author":[{"embeddable":true,"href":"https:\/\/vosgesinfo.fr\/remiremontinfo\/wp-json\/wp\/v2\/users\/407"}],"replies":[{"embeddable":true,"href":"https:\/\/vosgesinfo.fr\/remiremontinfo\/wp-json\/wp\/v2\/comments?post=46612"}],"version-history":[{"count":0,"href":"https:\/\/vosgesinfo.fr\/remiremontinfo\/wp-json\/wp\/v2\/posts\/46612\/revisions"}],"wp:featuredmedia":[{"embeddable":true,"href":"https:\/\/vosgesinfo.fr\/remiremontinfo\/wp-json\/wp\/v2\/media\/46613"}],"wp:attachment":[{"href":"https:\/\/vosgesinfo.fr\/remiremontinfo\/wp-json\/wp\/v2\/media?parent=46612"}],"wp:term":[{"taxonomy":"category","embeddable":true,"href":"https:\/\/vosgesinfo.fr\/remiremontinfo\/wp-json\/wp\/v2\/categories?post=46612"},{"taxonomy":"post_tag","embeddable":true,"href":"https:\/\/vosgesinfo.fr\/remiremontinfo\/wp-json\/wp\/v2\/tags?post=46612"}],"curies":[{"name":"wp","href":"https:\/\/api.w.org\/{rel}","templated":true}]}}