{"id":4666,"date":"2024-02-24T09:55:56","date_gmt":"2024-02-24T08:55:56","guid":{"rendered":"https:\/\/vosgesinfo.fr\/remiremontinfo\/?p=4666"},"modified":"2024-02-24T09:55:56","modified_gmt":"2024-02-24T08:55:56","slug":"ceremonie-de-prise-de-commandement-du-centre-dincendie-et-de-secours-cis-de-remiremont","status":"publish","type":"post","link":"https:\/\/vosgesinfo.fr\/remiremontinfo\/2024\/02\/ceremonie-de-prise-de-commandement-du-centre-dincendie-et-de-secours-cis-de-remiremont\/","title":{"rendered":"C\u00e9r\u00e9monie de prise de commandement du Centre d\u2019Incendie et de Secours (CIS) de Remiremont"},"content":{"rendered":"<div class=\"mceTemp\"><\/div>\n<div id=\"attachment_4668\" style=\"width: 1034px\" class=\"wp-caption aligncenter\"><img decoding=\"async\" aria-describedby=\"caption-attachment-4668\" class=\"size-large wp-image-4668\" src=\"https:\/\/vosgesinfo.fr\/app\/uploads\/sites\/5\/2024\/02\/prise-de-commandement-cis-remiremont-63-1024x683.jpg\" alt=\"\" width=\"1024\" height=\"683\" srcset=\"https:\/\/vosgesinfo.fr\/app\/uploads\/sites\/5\/2024\/02\/prise-de-commandement-cis-remiremont-63-1024x683.jpg 1024w, https:\/\/vosgesinfo.fr\/app\/uploads\/sites\/5\/2024\/02\/prise-de-commandement-cis-remiremont-63-300x200.jpg 300w, https:\/\/vosgesinfo.fr\/app\/uploads\/sites\/5\/2024\/02\/prise-de-commandement-cis-remiremont-63-768x512.jpg 768w, https:\/\/vosgesinfo.fr\/app\/uploads\/sites\/5\/2024\/02\/prise-de-commandement-cis-remiremont-63-1536x1024.jpg 1536w, https:\/\/vosgesinfo.fr\/app\/uploads\/sites\/5\/2024\/02\/prise-de-commandement-cis-remiremont-63-2048x1365.jpg 2048w\" sizes=\"(max-width: 1024px) 100vw, 1024px\" \/><p id=\"caption-attachment-4668\" class=\"wp-caption-text\">Le lieutenant Axel Brice prend la suite du Commandant Pascal Humbert<\/p><\/div>\n<p>En la pr\u00e9sence du Secr\u00e9taire G\u00e9n\u00e9ral de la Pr\u00e9fecture David PERCHERON, du Pr\u00e9sident du conseil D\u00e9partemental Fran\u00e7ois VANNSON, du Pr\u00e9sident du SDIS Dominique PEDUZZI, du Maire de Remiremont Jean-Beno\u00eet TISSERAND ainsi que nombreux repr\u00e9sentants des autorit\u00e9s de Police et de Gendarmerie a eu lieu ce vendredi soir, la c\u00e9r\u00e9monie de prise de commandement par le Lieutenant Axel BRICE au Centre d\u2019Incendie et de Secours (CIS) de Remiremont.<\/p>\n<p><a href=\"https:\/\/vosgesinfo.fr\/app\/uploads\/sites\/5\/2024\/02\/prise-de-commandement-cis-remiremont-58-scaled.jpg\"><img decoding=\"async\" class=\"alignright size-medium wp-image-4670\" src=\"https:\/\/vosgesinfo.fr\/app\/uploads\/sites\/5\/2024\/02\/prise-de-commandement-cis-remiremont-58-200x300.jpg\" alt=\"\" width=\"200\" height=\"300\" srcset=\"https:\/\/vosgesinfo.fr\/app\/uploads\/sites\/5\/2024\/02\/prise-de-commandement-cis-remiremont-58-200x300.jpg 200w, https:\/\/vosgesinfo.fr\/app\/uploads\/sites\/5\/2024\/02\/prise-de-commandement-cis-remiremont-58-683x1024.jpg 683w, https:\/\/vosgesinfo.fr\/app\/uploads\/sites\/5\/2024\/02\/prise-de-commandement-cis-remiremont-58-768x1152.jpg 768w, https:\/\/vosgesinfo.fr\/app\/uploads\/sites\/5\/2024\/02\/prise-de-commandement-cis-remiremont-58-1024x1536.jpg 1024w, https:\/\/vosgesinfo.fr\/app\/uploads\/sites\/5\/2024\/02\/prise-de-commandement-cis-remiremont-58-1365x2048.jpg 1365w, https:\/\/vosgesinfo.fr\/app\/uploads\/sites\/5\/2024\/02\/prise-de-commandement-cis-remiremont-58-scaled.jpg 1707w\" sizes=\"(max-width: 200px) 100vw, 200px\" \/><\/a>Lors des diff\u00e9rentes prises de parole, chacun a rappel\u00e9 le r\u00f4le difficile des Soldats du feu encore plus aujourd\u2019hui dans une soci\u00e9t\u00e9 en tension, f\u00e9licit\u00e9 l\u2019engagement de tous ceux qui sont engag\u00e9 pour assurer ce service public au b\u00e9n\u00e9fice de l\u2019ensemble de la population et souhait\u00e9 pleine r\u00e9ussite au Lieutenant Axel BRICE.<\/p>\n<p>Le Lieutenant Axel BRICE est n\u00e9 le 30 juillet 1996 \u00e0 Remiremont, il a 27 ans et vis en concubinage.<\/p>\n<p>Il est titulaire d\u2019une licence en gestion des ressources humaines, obtenue \u00e0 l\u2019 IAE de Nancy.<\/p>\n<p>Carri\u00e8re et affectation\u00a0:<\/p>\n<p>De 2009 \u00e0 2012 Jeune Sapeur-Pompier \u00e0 la Section Locale de Remiremont<\/p>\n<p>De 2012 \u00e0 2016 Sapeur-Pompier Volontaire ai CIS Le Val d\u2019Ajol<\/p>\n<p>De 2019 \u00e0 2020 Formation initiale de Lieutenant de 1\u00e8re classe<\/p>\n<p>De 2020 \u00e0 2022 Officier de centre au CIS d\u2019\u00c9pinal<\/p>\n<p>De 2022 \u00e0 2023 Adjoint au chef du service D\u00e9veloppement des comp\u00e9tences \u00e0 la Direction D\u00e9partementale<\/p>\n<p>D\u00e9corations\u00a0:<\/p>\n<p>M\u00e9daille pour acte de courage et de d\u00e9vouement \u00e9chelon bronze, le 03\/10\/2022, feux de for\u00eats en Gironde<\/p>\n<p>M\u00e9daille d&rsquo;honneur des sapeurs-pompiers \u00e9chelon bronze, le 14\/07\/2021<\/p>\n<p><img decoding=\"async\" class=\"alignnone size-medium wp-image-4672\" src=\"https:\/\/vosgesinfo.fr\/app\/uploads\/sites\/5\/2024\/02\/prise-de-commandement-cis-remiremont-48-300x200.jpg\" alt=\"\" width=\"300\" height=\"200\" srcset=\"https:\/\/vosgesinfo.fr\/app\/uploads\/sites\/5\/2024\/02\/prise-de-commandement-cis-remiremont-48-300x200.jpg 300w, https:\/\/vosgesinfo.fr\/app\/uploads\/sites\/5\/2024\/02\/prise-de-commandement-cis-remiremont-48-1024x683.jpg 1024w, https:\/\/vosgesinfo.fr\/app\/uploads\/sites\/5\/2024\/02\/prise-de-commandement-cis-remiremont-48-768x512.jpg 768w, https:\/\/vosgesinfo.fr\/app\/uploads\/sites\/5\/2024\/02\/prise-de-commandement-cis-remiremont-48-1536x1024.jpg 1536w, https:\/\/vosgesinfo.fr\/app\/uploads\/sites\/5\/2024\/02\/prise-de-commandement-cis-remiremont-48-2048x1365.jpg 2048w\" sizes=\"(max-width: 300px) 100vw, 300px\" \/><\/p>\n<p>Le CIS de Remiremont en quelques chiffres\u00a0:<\/p>\n<p>2 238 Interventions en 2023 dont 1692 Secours \u00e0 personnes, 189 Incendies et 159 Accidents de la route.<\/p>\n<p>Un effectif de 77 Personnes (15 femmes pour 63 hommes) dont 3 officiers, 4 officiers infirmiers et 32 sous-officiers.<\/p>\n<p>16 V\u00e9hicules dont 2 ambulances, 2 camions citernes, 1 \u00e9chelle pivotante, 2 v\u00e9hicules l\u00e9gers tout terrain.<\/p>\n<p>PM<\/p>\n<p><img decoding=\"async\" class=\"aligncenter wp-image-4674 size-large\" src=\"https:\/\/vosgesinfo.fr\/app\/uploads\/sites\/5\/2024\/02\/prise-de-commandement-cis-remiremont-24-683x1024.jpg\" alt=\"\" width=\"683\" height=\"1024\" srcset=\"https:\/\/vosgesinfo.fr\/app\/uploads\/sites\/5\/2024\/02\/prise-de-commandement-cis-remiremont-24-683x1024.jpg 683w, https:\/\/vosgesinfo.fr\/app\/uploads\/sites\/5\/2024\/02\/prise-de-commandement-cis-remiremont-24-200x300.jpg 200w, https:\/\/vosgesinfo.fr\/app\/uploads\/sites\/5\/2024\/02\/prise-de-commandement-cis-remiremont-24-768x1152.jpg 768w, https:\/\/vosgesinfo.fr\/app\/uploads\/sites\/5\/2024\/02\/prise-de-commandement-cis-remiremont-24-1024x1536.jpg 1024w, https:\/\/vosgesinfo.fr\/app\/uploads\/sites\/5\/2024\/02\/prise-de-commandement-cis-remiremont-24-1365x2048.jpg 1365w, https:\/\/vosgesinfo.fr\/app\/uploads\/sites\/5\/2024\/02\/prise-de-commandement-cis-remiremont-24-scaled.jpg 1707w\" sizes=\"(max-width: 683px) 100vw, 683px\" \/><\/p>\n","protected":false},"excerpt":{"rendered":"<p>En la pr\u00e9sence du Secr\u00e9taire G\u00e9n\u00e9ral de la Pr\u00e9fecture David PERCHERON, du Pr\u00e9sident du conseil D\u00e9partemental Fran\u00e7ois VANNSON, du Pr\u00e9sident [&hellip;]<\/p>\n","protected":false},"author":413,"featured_media":4667,"comment_status":"open","ping_status":"open","sticky":false,"template":"","format":"standard","meta":{"footnotes":""},"categories":[26,35,95],"tags":[856],"class_list":["post-4666","post","type-post","status-publish","format-standard","has-post-thumbnail","hentry","category-a-la-une","category-remiremont-son-canton","category-securite","tag-centre-dincendie-et-de-secours"],"acf":[],"yoast_head":"<!-- This site is optimized with the Yoast SEO plugin v22.5 - https:\/\/yoast.com\/wordpress\/plugins\/seo\/ -->\n<title>C\u00e9r\u00e9monie de prise de commandement du Centre d\u2019Incendie et de Secours (CIS) de Remiremont - Remiremont Info<\/title>\n<meta name=\"robots\" content=\"index, follow, max-snippet:-1, max-image-preview:large, max-video-preview:-1\" \/>\n<link rel=\"canonical\" href=\"https:\/\/vosgesinfo.fr\/remiremontinfo\/2024\/02\/ceremonie-de-prise-de-commandement-du-centre-dincendie-et-de-secours-cis-de-remiremont\/\" \/>\n<meta name=\"twitter:card\" content=\"summary_large_image\" \/>\n<meta name=\"twitter:title\" content=\"C\u00e9r\u00e9monie de prise de commandement du Centre d\u2019Incendie et de Secours (CIS) de Remiremont - Remiremont Info\" \/>\n<meta name=\"twitter:description\" content=\"En la pr\u00e9sence du Secr\u00e9taire G\u00e9n\u00e9ral de la Pr\u00e9fecture David PERCHERON, du Pr\u00e9sident du conseil D\u00e9partemental Fran\u00e7ois VANNSON, du Pr\u00e9sident [&hellip;]\" \/>\n<meta name=\"twitter:image\" content=\"https:\/\/vosgesinfo.fr\/app\/uploads\/sites\/5\/2024\/02\/prise-de-commandement-cis-remiremont-11-scaled.jpg\" \/>\n<meta name=\"twitter:creator\" content=\"@VosgesInfo88\" \/>\n<meta name=\"twitter:site\" content=\"@VosgesInfo88\" \/>\n<meta name=\"twitter:label1\" content=\"\u00c9crit par\" \/>\n\t<meta name=\"twitter:data1\" content=\"P.M\" \/>\n\t<meta name=\"twitter:label2\" content=\"Dur\u00e9e de lecture estim\u00e9e\" \/>\n\t<meta name=\"twitter:data2\" content=\"2 minutes\" \/>\n<script type=\"application\/ld+json\" class=\"yoast-schema-graph\">{\"@context\":\"https:\/\/schema.org\",\"@graph\":[{\"@type\":\"Article\",\"@id\":\"https:\/\/vosgesinfo.fr\/remiremontinfo\/2024\/02\/ceremonie-de-prise-de-commandement-du-centre-dincendie-et-de-secours-cis-de-remiremont\/#article\",\"isPartOf\":{\"@id\":\"https:\/\/vosgesinfo.fr\/remiremontinfo\/2024\/02\/ceremonie-de-prise-de-commandement-du-centre-dincendie-et-de-secours-cis-de-remiremont\/\"},\"author\":{\"name\":\"P.M\",\"@id\":\"https:\/\/vosgesinfo.fr\/remiremontinfo\/#\/schema\/person\/a6fd2dde36da20be3679f2058b94c5b8\"},\"headline\":\"C\u00e9r\u00e9monie de prise de commandement du Centre d\u2019Incendie et de Secours (CIS) de Remiremont\",\"datePublished\":\"2024-02-24T08:55:56+00:00\",\"dateModified\":\"2024-02-24T08:55:56+00:00\",\"mainEntityOfPage\":{\"@id\":\"https:\/\/vosgesinfo.fr\/remiremontinfo\/2024\/02\/ceremonie-de-prise-de-commandement-du-centre-dincendie-et-de-secours-cis-de-remiremont\/\"},\"wordCount\":339,\"commentCount\":0,\"publisher\":{\"@id\":\"https:\/\/vosgesinfo.fr\/remiremontinfo\/#organization\"},\"image\":{\"@id\":\"https:\/\/vosgesinfo.fr\/remiremontinfo\/2024\/02\/ceremonie-de-prise-de-commandement-du-centre-dincendie-et-de-secours-cis-de-remiremont\/#primaryimage\"},\"thumbnailUrl\":\"https:\/\/vosgesinfo.fr\/app\/uploads\/sites\/5\/2024\/02\/prise-de-commandement-cis-remiremont-11-scaled.jpg\",\"keywords\":[\"Centre d'Incendie et de Secours\"],\"articleSection\":[\"A la Une\",\"Remiremont &amp; son canton\",\"S\u00e9curit\u00e9\"],\"inLanguage\":\"fr-FR\",\"potentialAction\":[{\"@type\":\"CommentAction\",\"name\":\"Comment\",\"target\":[\"https:\/\/vosgesinfo.fr\/remiremontinfo\/2024\/02\/ceremonie-de-prise-de-commandement-du-centre-dincendie-et-de-secours-cis-de-remiremont\/#respond\"]}]},{\"@type\":\"WebPage\",\"@id\":\"https:\/\/vosgesinfo.fr\/remiremontinfo\/2024\/02\/ceremonie-de-prise-de-commandement-du-centre-dincendie-et-de-secours-cis-de-remiremont\/\",\"url\":\"https:\/\/vosgesinfo.fr\/remiremontinfo\/2024\/02\/ceremonie-de-prise-de-commandement-du-centre-dincendie-et-de-secours-cis-de-remiremont\/\",\"name\":\"C\u00e9r\u00e9monie de prise de commandement du Centre d\u2019Incendie et de Secours (CIS) de Remiremont - Remiremont Info\",\"isPartOf\":{\"@id\":\"https:\/\/vosgesinfo.fr\/remiremontinfo\/#website\"},\"primaryImageOfPage\":{\"@id\":\"https:\/\/vosgesinfo.fr\/remiremontinfo\/2024\/02\/ceremonie-de-prise-de-commandement-du-centre-dincendie-et-de-secours-cis-de-remiremont\/#primaryimage\"},\"image\":{\"@id\":\"https:\/\/vosgesinfo.fr\/remiremontinfo\/2024\/02\/ceremonie-de-prise-de-commandement-du-centre-dincendie-et-de-secours-cis-de-remiremont\/#primaryimage\"},\"thumbnailUrl\":\"https:\/\/vosgesinfo.fr\/app\/uploads\/sites\/5\/2024\/02\/prise-de-commandement-cis-remiremont-11-scaled.jpg\",\"datePublished\":\"2024-02-24T08:55:56+00:00\",\"dateModified\":\"2024-02-24T08:55:56+00:00\",\"breadcrumb\":{\"@id\":\"https:\/\/vosgesinfo.fr\/remiremontinfo\/2024\/02\/ceremonie-de-prise-de-commandement-du-centre-dincendie-et-de-secours-cis-de-remiremont\/#breadcrumb\"},\"inLanguage\":\"fr-FR\",\"potentialAction\":[{\"@type\":\"ReadAction\",\"target\":[\"https:\/\/vosgesinfo.fr\/remiremontinfo\/2024\/02\/ceremonie-de-prise-de-commandement-du-centre-dincendie-et-de-secours-cis-de-remiremont\/\"]}]},{\"@type\":\"ImageObject\",\"inLanguage\":\"fr-FR\",\"@id\":\"https:\/\/vosgesinfo.fr\/remiremontinfo\/2024\/02\/ceremonie-de-prise-de-commandement-du-centre-dincendie-et-de-secours-cis-de-remiremont\/#primaryimage\",\"url\":\"https:\/\/vosgesinfo.fr\/app\/uploads\/sites\/5\/2024\/02\/prise-de-commandement-cis-remiremont-11-scaled.jpg\",\"contentUrl\":\"https:\/\/vosgesinfo.fr\/app\/uploads\/sites\/5\/2024\/02\/prise-de-commandement-cis-remiremont-11-scaled.jpg\",\"width\":2560,\"height\":1707},{\"@type\":\"BreadcrumbList\",\"@id\":\"https:\/\/vosgesinfo.fr\/remiremontinfo\/2024\/02\/ceremonie-de-prise-de-commandement-du-centre-dincendie-et-de-secours-cis-de-remiremont\/#breadcrumb\",\"itemListElement\":[{\"@type\":\"ListItem\",\"position\":1,\"name\":\"Home\",\"item\":\"https:\/\/vosgesinfo.fr\/remiremontinfo\/\"},{\"@type\":\"ListItem\",\"position\":2,\"name\":\"C\u00e9r\u00e9monie de prise de commandement du Centre d\u2019Incendie et de Secours (CIS) de Remiremont\"}]},{\"@type\":\"WebSite\",\"@id\":\"https:\/\/vosgesinfo.fr\/remiremontinfo\/#website\",\"url\":\"https:\/\/vosgesinfo.fr\/remiremontinfo\/\",\"name\":\"Remiremont Info\",\"description\":\"Toute l&#039;actualit\u00e9 de Remiremont\",\"publisher\":{\"@id\":\"https:\/\/vosgesinfo.fr\/remiremontinfo\/#organization\"},\"alternateName\":\"Toute l'actualit\u00e9 de Remiremont\",\"potentialAction\":[{\"@type\":\"SearchAction\",\"target\":{\"@type\":\"EntryPoint\",\"urlTemplate\":\"https:\/\/vosgesinfo.fr\/remiremontinfo\/?s={search_term_string}\"},\"query-input\":\"required name=search_term_string\"}],\"inLanguage\":\"fr-FR\"},{\"@type\":\"Organization\",\"@id\":\"https:\/\/vosgesinfo.fr\/remiremontinfo\/#organization\",\"name\":\"Remiremont Info\",\"url\":\"https:\/\/vosgesinfo.fr\/remiremontinfo\/\",\"logo\":{\"@type\":\"ImageObject\",\"inLanguage\":\"fr-FR\",\"@id\":\"https:\/\/vosgesinfo.fr\/remiremontinfo\/#\/schema\/logo\/image\/\",\"url\":\"https:\/\/vosgesinfo.fr\/app\/uploads\/sites\/5\/2023\/08\/favicon-remiremontinfo.png\",\"contentUrl\":\"https:\/\/vosgesinfo.fr\/app\/uploads\/sites\/5\/2023\/08\/favicon-remiremontinfo.png\",\"width\":512,\"height\":512,\"caption\":\"Remiremont Info\"},\"image\":{\"@id\":\"https:\/\/vosgesinfo.fr\/remiremontinfo\/#\/schema\/logo\/image\/\"},\"sameAs\":[\"https:\/\/www.facebook.com\/remiremontinfo\",\"https:\/\/x.com\/VosgesInfo88\",\"https:\/\/www.youtube.com\/@vosgesinfo\"]},{\"@type\":\"Person\",\"@id\":\"https:\/\/vosgesinfo.fr\/remiremontinfo\/#\/schema\/person\/a6fd2dde36da20be3679f2058b94c5b8\",\"name\":\"P.M\",\"image\":{\"@type\":\"ImageObject\",\"inLanguage\":\"fr-FR\",\"@id\":\"https:\/\/vosgesinfo.fr\/remiremontinfo\/#\/schema\/person\/image\/\",\"url\":\"https:\/\/secure.gravatar.com\/avatar\/db38f6ef38bb165f6f4d352563f264129673ed4536984fbbcddf700bd12f8a9a?s=96&d=mm&r=g\",\"contentUrl\":\"https:\/\/secure.gravatar.com\/avatar\/db38f6ef38bb165f6f4d352563f264129673ed4536984fbbcddf700bd12f8a9a?s=96&d=mm&r=g\",\"caption\":\"P.M\"},\"url\":\"https:\/\/vosgesinfo.fr\/remiremontinfo\/author\/p-mangel88\/\"}]}<\/script>\n<!-- \/ Yoast SEO plugin. -->","yoast_head_json":{"title":"C\u00e9r\u00e9monie de prise de commandement du Centre d\u2019Incendie et de Secours (CIS) de Remiremont - Remiremont Info","robots":{"index":"index","follow":"follow","max-snippet":"max-snippet:-1","max-image-preview":"max-image-preview:large","max-video-preview":"max-video-preview:-1"},"canonical":"https:\/\/vosgesinfo.fr\/remiremontinfo\/2024\/02\/ceremonie-de-prise-de-commandement-du-centre-dincendie-et-de-secours-cis-de-remiremont\/","twitter_card":"summary_large_image","twitter_title":"C\u00e9r\u00e9monie de prise de commandement du Centre d\u2019Incendie et de Secours (CIS) de Remiremont - Remiremont Info","twitter_description":"En la pr\u00e9sence du Secr\u00e9taire G\u00e9n\u00e9ral de la Pr\u00e9fecture David PERCHERON, du Pr\u00e9sident du conseil D\u00e9partemental Fran\u00e7ois VANNSON, du Pr\u00e9sident [&hellip;]","twitter_image":"https:\/\/vosgesinfo.fr\/app\/uploads\/sites\/5\/2024\/02\/prise-de-commandement-cis-remiremont-11-scaled.jpg","twitter_creator":"@VosgesInfo88","twitter_site":"@VosgesInfo88","twitter_misc":{"\u00c9crit par":"P.M","Dur\u00e9e de lecture estim\u00e9e":"2 minutes"},"schema":{"@context":"https:\/\/schema.org","@graph":[{"@type":"Article","@id":"https:\/\/vosgesinfo.fr\/remiremontinfo\/2024\/02\/ceremonie-de-prise-de-commandement-du-centre-dincendie-et-de-secours-cis-de-remiremont\/#article","isPartOf":{"@id":"https:\/\/vosgesinfo.fr\/remiremontinfo\/2024\/02\/ceremonie-de-prise-de-commandement-du-centre-dincendie-et-de-secours-cis-de-remiremont\/"},"author":{"name":"P.M","@id":"https:\/\/vosgesinfo.fr\/remiremontinfo\/#\/schema\/person\/a6fd2dde36da20be3679f2058b94c5b8"},"headline":"C\u00e9r\u00e9monie de prise de commandement du Centre d\u2019Incendie et de Secours (CIS) de Remiremont","datePublished":"2024-02-24T08:55:56+00:00","dateModified":"2024-02-24T08:55:56+00:00","mainEntityOfPage":{"@id":"https:\/\/vosgesinfo.fr\/remiremontinfo\/2024\/02\/ceremonie-de-prise-de-commandement-du-centre-dincendie-et-de-secours-cis-de-remiremont\/"},"wordCount":339,"commentCount":0,"publisher":{"@id":"https:\/\/vosgesinfo.fr\/remiremontinfo\/#organization"},"image":{"@id":"https:\/\/vosgesinfo.fr\/remiremontinfo\/2024\/02\/ceremonie-de-prise-de-commandement-du-centre-dincendie-et-de-secours-cis-de-remiremont\/#primaryimage"},"thumbnailUrl":"https:\/\/vosgesinfo.fr\/app\/uploads\/sites\/5\/2024\/02\/prise-de-commandement-cis-remiremont-11-scaled.jpg","keywords":["Centre d'Incendie et de Secours"],"articleSection":["A la Une","Remiremont &amp; son canton","S\u00e9curit\u00e9"],"inLanguage":"fr-FR","potentialAction":[{"@type":"CommentAction","name":"Comment","target":["https:\/\/vosgesinfo.fr\/remiremontinfo\/2024\/02\/ceremonie-de-prise-de-commandement-du-centre-dincendie-et-de-secours-cis-de-remiremont\/#respond"]}]},{"@type":"WebPage","@id":"https:\/\/vosgesinfo.fr\/remiremontinfo\/2024\/02\/ceremonie-de-prise-de-commandement-du-centre-dincendie-et-de-secours-cis-de-remiremont\/","url":"https:\/\/vosgesinfo.fr\/remiremontinfo\/2024\/02\/ceremonie-de-prise-de-commandement-du-centre-dincendie-et-de-secours-cis-de-remiremont\/","name":"C\u00e9r\u00e9monie de prise de commandement du Centre d\u2019Incendie et de Secours (CIS) de Remiremont - Remiremont Info","isPartOf":{"@id":"https:\/\/vosgesinfo.fr\/remiremontinfo\/#website"},"primaryImageOfPage":{"@id":"https:\/\/vosgesinfo.fr\/remiremontinfo\/2024\/02\/ceremonie-de-prise-de-commandement-du-centre-dincendie-et-de-secours-cis-de-remiremont\/#primaryimage"},"image":{"@id":"https:\/\/vosgesinfo.fr\/remiremontinfo\/2024\/02\/ceremonie-de-prise-de-commandement-du-centre-dincendie-et-de-secours-cis-de-remiremont\/#primaryimage"},"thumbnailUrl":"https:\/\/vosgesinfo.fr\/app\/uploads\/sites\/5\/2024\/02\/prise-de-commandement-cis-remiremont-11-scaled.jpg","datePublished":"2024-02-24T08:55:56+00:00","dateModified":"2024-02-24T08:55:56+00:00","breadcrumb":{"@id":"https:\/\/vosgesinfo.fr\/remiremontinfo\/2024\/02\/ceremonie-de-prise-de-commandement-du-centre-dincendie-et-de-secours-cis-de-remiremont\/#breadcrumb"},"inLanguage":"fr-FR","potentialAction":[{"@type":"ReadAction","target":["https:\/\/vosgesinfo.fr\/remiremontinfo\/2024\/02\/ceremonie-de-prise-de-commandement-du-centre-dincendie-et-de-secours-cis-de-remiremont\/"]}]},{"@type":"ImageObject","inLanguage":"fr-FR","@id":"https:\/\/vosgesinfo.fr\/remiremontinfo\/2024\/02\/ceremonie-de-prise-de-commandement-du-centre-dincendie-et-de-secours-cis-de-remiremont\/#primaryimage","url":"https:\/\/vosgesinfo.fr\/app\/uploads\/sites\/5\/2024\/02\/prise-de-commandement-cis-remiremont-11-scaled.jpg","contentUrl":"https:\/\/vosgesinfo.fr\/app\/uploads\/sites\/5\/2024\/02\/prise-de-commandement-cis-remiremont-11-scaled.jpg","width":2560,"height":1707},{"@type":"BreadcrumbList","@id":"https:\/\/vosgesinfo.fr\/remiremontinfo\/2024\/02\/ceremonie-de-prise-de-commandement-du-centre-dincendie-et-de-secours-cis-de-remiremont\/#breadcrumb","itemListElement":[{"@type":"ListItem","position":1,"name":"Home","item":"https:\/\/vosgesinfo.fr\/remiremontinfo\/"},{"@type":"ListItem","position":2,"name":"C\u00e9r\u00e9monie de prise de commandement du Centre d\u2019Incendie et de Secours (CIS) de Remiremont"}]},{"@type":"WebSite","@id":"https:\/\/vosgesinfo.fr\/remiremontinfo\/#website","url":"https:\/\/vosgesinfo.fr\/remiremontinfo\/","name":"Remiremont Info","description":"Toute l&#039;actualit\u00e9 de Remiremont","publisher":{"@id":"https:\/\/vosgesinfo.fr\/remiremontinfo\/#organization"},"alternateName":"Toute l'actualit\u00e9 de Remiremont","potentialAction":[{"@type":"SearchAction","target":{"@type":"EntryPoint","urlTemplate":"https:\/\/vosgesinfo.fr\/remiremontinfo\/?s={search_term_string}"},"query-input":"required name=search_term_string"}],"inLanguage":"fr-FR"},{"@type":"Organization","@id":"https:\/\/vosgesinfo.fr\/remiremontinfo\/#organization","name":"Remiremont Info","url":"https:\/\/vosgesinfo.fr\/remiremontinfo\/","logo":{"@type":"ImageObject","inLanguage":"fr-FR","@id":"https:\/\/vosgesinfo.fr\/remiremontinfo\/#\/schema\/logo\/image\/","url":"https:\/\/vosgesinfo.fr\/app\/uploads\/sites\/5\/2023\/08\/favicon-remiremontinfo.png","contentUrl":"https:\/\/vosgesinfo.fr\/app\/uploads\/sites\/5\/2023\/08\/favicon-remiremontinfo.png","width":512,"height":512,"caption":"Remiremont Info"},"image":{"@id":"https:\/\/vosgesinfo.fr\/remiremontinfo\/#\/schema\/logo\/image\/"},"sameAs":["https:\/\/www.facebook.com\/remiremontinfo","https:\/\/x.com\/VosgesInfo88","https:\/\/www.youtube.com\/@vosgesinfo"]},{"@type":"Person","@id":"https:\/\/vosgesinfo.fr\/remiremontinfo\/#\/schema\/person\/a6fd2dde36da20be3679f2058b94c5b8","name":"P.M","image":{"@type":"ImageObject","inLanguage":"fr-FR","@id":"https:\/\/vosgesinfo.fr\/remiremontinfo\/#\/schema\/person\/image\/","url":"https:\/\/secure.gravatar.com\/avatar\/db38f6ef38bb165f6f4d352563f264129673ed4536984fbbcddf700bd12f8a9a?s=96&d=mm&r=g","contentUrl":"https:\/\/secure.gravatar.com\/avatar\/db38f6ef38bb165f6f4d352563f264129673ed4536984fbbcddf700bd12f8a9a?s=96&d=mm&r=g","caption":"P.M"},"url":"https:\/\/vosgesinfo.fr\/remiremontinfo\/author\/p-mangel88\/"}]}},"_links":{"self":[{"href":"https:\/\/vosgesinfo.fr\/remiremontinfo\/wp-json\/wp\/v2\/posts\/4666","targetHints":{"allow":["GET"]}}],"collection":[{"href":"https:\/\/vosgesinfo.fr\/remiremontinfo\/wp-json\/wp\/v2\/posts"}],"about":[{"href":"https:\/\/vosgesinfo.fr\/remiremontinfo\/wp-json\/wp\/v2\/types\/post"}],"author":[{"embeddable":true,"href":"https:\/\/vosgesinfo.fr\/remiremontinfo\/wp-json\/wp\/v2\/users\/413"}],"replies":[{"embeddable":true,"href":"https:\/\/vosgesinfo.fr\/remiremontinfo\/wp-json\/wp\/v2\/comments?post=4666"}],"version-history":[{"count":5,"href":"https:\/\/vosgesinfo.fr\/remiremontinfo\/wp-json\/wp\/v2\/posts\/4666\/revisions"}],"predecessor-version":[{"id":4677,"href":"https:\/\/vosgesinfo.fr\/remiremontinfo\/wp-json\/wp\/v2\/posts\/4666\/revisions\/4677"}],"wp:featuredmedia":[{"embeddable":true,"href":"https:\/\/vosgesinfo.fr\/remiremontinfo\/wp-json\/wp\/v2\/media\/4667"}],"wp:attachment":[{"href":"https:\/\/vosgesinfo.fr\/remiremontinfo\/wp-json\/wp\/v2\/media?parent=4666"}],"wp:term":[{"taxonomy":"category","embeddable":true,"href":"https:\/\/vosgesinfo.fr\/remiremontinfo\/wp-json\/wp\/v2\/categories?post=4666"},{"taxonomy":"post_tag","embeddable":true,"href":"https:\/\/vosgesinfo.fr\/remiremontinfo\/wp-json\/wp\/v2\/tags?post=4666"}],"curies":[{"name":"wp","href":"https:\/\/api.w.org\/{rel}","templated":true}]}}