{"id":46749,"date":"2021-10-01T07:58:14","date_gmt":"2021-10-01T05:58:14","guid":{"rendered":"https:\/\/vosgesinfo.fr\/remiremontinfo\/2021\/10\/dommartin-lyceens-de-loise-visite-gaec-de-xonvillers\/"},"modified":"2021-10-01T07:58:14","modified_gmt":"2021-10-01T05:58:14","slug":"dommartin-lyceens-de-loise-visite-gaec-de-xonvillers","status":"publish","type":"post","link":"https:\/\/vosgesinfo.fr\/remiremontinfo\/2021\/10\/dommartin-lyceens-de-loise-visite-gaec-de-xonvillers\/","title":{"rendered":"Dommartin\u00a0: des lyc\u00e9ens de l\u2019Oise en visite au Gaec de Xonvillers"},"content":{"rendered":"\n<h3><strong><span style=\"font-size: 12pt;\">Dans le cadre d\u2019une semaine de \u00ab\u00a0stage collectif\u00a0\u00bb pr\u00e9vue dans le programme du bac technologique STAV, les \u00e9l\u00e8ves du Lyc\u00e9e Agricole de Pierrefonds (Institut Charles Quentin) viennent d\u00e9couvrir l\u2019agriculture Vosgienne. <\/span><\/strong><\/h3>\n<p><span style=\"font-size: medium;\">Afin de d\u00e9couvrir une exploitation laiti\u00e8re en polyculture \u00e9levage, les 15 \u00e9l\u00e8ves <\/span><span style=\"font-size: medium;\">sont venus ce jeudi<\/span><span style=\"font-size: medium;\"> visite<\/span><span style=\"font-size: medium;\">r le<\/span><span style=\"font-size: medium;\"> GAEC de Xonvillers chez Isabelle et Damien P<\/span><span style=\"font-size: medium;\">erry<\/span><span style=\"font-size: medium;\">. Cette exploitation en syst\u00e8me lait, \u00e9l\u00e8ve 55 vaches laiti\u00e8res avec 72 ha de SAU donc 11 ha en labourable. Le lait est vendu \u00e0 la laiterie Bongrain G\u00e9rard pour la r\u00e9alisation de fromages : le \u00ab\u00a0Montagnard\u00a0\u00bb et le \u00ab\u00a0Caprice des Dieux\u00a0\u00bb. Elle diversifie \u00e9galement son activit\u00e9 avec la location d\u2019un g\u00eete agr\u00e9\u00e9 \u00ab\u00a0Bienvenue \u00e0 la Ferme\u00a0\u00bb. En plus de cette visite, <\/span><span style=\"font-size: medium;\">les \u00e9l\u00e8ves vont<\/span><span style=\"font-size: medium;\"> \u00e0 la rencontre d\u2019Arvalis, l\u2019INRA Grand Est, Agrivair et visiter le GAEC du Vacceux ! <\/span><\/p>\n","protected":false},"excerpt":{"rendered":"<p>Dans le cadre d\u2019une semaine de \u00ab\u00a0stage collectif\u00a0\u00bb pr\u00e9vue dans le programme du bac technologique STAV, les \u00e9l\u00e8ves du Lyc\u00e9e [&hellip;]<\/p>\n","protected":false},"author":407,"featured_media":46750,"comment_status":"open","ping_status":"open","sticky":false,"template":"","format":"standard","meta":{"footnotes":""},"categories":[26,47,37],"tags":[49,2043,2610,1577,1718],"class_list":["post-46749","post","type-post","status-publish","format-standard","has-post-thumbnail","hentry","category-a-la-une","category-agriculture","category-le-thillot-son-canton","tag-agriculture","tag-dommartin","tag-gaec-de-xonvillers","tag-lyceens","tag-visite"],"acf":[],"yoast_head":"<!-- This site is optimized with the Yoast SEO plugin v22.5 - https:\/\/yoast.com\/wordpress\/plugins\/seo\/ -->\n<title>Dommartin\u00a0: des lyc\u00e9ens de l\u2019Oise en visite au Gaec de Xonvillers - Remiremont Info<\/title>\n<meta name=\"robots\" content=\"index, follow, max-snippet:-1, max-image-preview:large, max-video-preview:-1\" \/>\n<link rel=\"canonical\" href=\"https:\/\/vosgesinfo.fr\/remiremontinfo\/2021\/10\/dommartin-lyceens-de-loise-visite-gaec-de-xonvillers\/\" \/>\n<meta name=\"twitter:card\" content=\"summary_large_image\" \/>\n<meta name=\"twitter:title\" content=\"Dommartin\u00a0: des lyc\u00e9ens de l\u2019Oise en visite au Gaec de Xonvillers - Remiremont Info\" \/>\n<meta name=\"twitter:description\" content=\"Dans le cadre d\u2019une semaine de \u00ab\u00a0stage collectif\u00a0\u00bb pr\u00e9vue dans le programme du bac technologique STAV, les \u00e9l\u00e8ves du Lyc\u00e9e [&hellip;]\" \/>\n<meta name=\"twitter:image\" content=\"https:\/\/vosgesinfo.fr\/app\/uploads\/sites\/5\/2024\/09\/202110tgk.jpg\" \/>\n<meta name=\"twitter:creator\" content=\"@VosgesInfo88\" \/>\n<meta name=\"twitter:site\" content=\"@VosgesInfo88\" \/>\n<meta name=\"twitter:label1\" content=\"\u00c9crit par\" \/>\n\t<meta name=\"twitter:data1\" content=\"C D\" \/>\n\t<meta name=\"twitter:label2\" content=\"Dur\u00e9e de lecture estim\u00e9e\" \/>\n\t<meta name=\"twitter:data2\" content=\"1 minute\" \/>\n<script type=\"application\/ld+json\" class=\"yoast-schema-graph\">{\"@context\":\"https:\/\/schema.org\",\"@graph\":[{\"@type\":\"Article\",\"@id\":\"https:\/\/vosgesinfo.fr\/remiremontinfo\/2021\/10\/dommartin-lyceens-de-loise-visite-gaec-de-xonvillers\/#article\",\"isPartOf\":{\"@id\":\"https:\/\/vosgesinfo.fr\/remiremontinfo\/2021\/10\/dommartin-lyceens-de-loise-visite-gaec-de-xonvillers\/\"},\"author\":{\"name\":\"C D\",\"@id\":\"https:\/\/vosgesinfo.fr\/remiremontinfo\/#\/schema\/person\/3bfd164d5218a185b1db68655a265316\"},\"headline\":\"Dommartin\u00a0: des lyc\u00e9ens de l\u2019Oise en visite au Gaec de Xonvillers\",\"datePublished\":\"2021-10-01T05:58:14+00:00\",\"dateModified\":\"2021-10-01T05:58:14+00:00\",\"mainEntityOfPage\":{\"@id\":\"https:\/\/vosgesinfo.fr\/remiremontinfo\/2021\/10\/dommartin-lyceens-de-loise-visite-gaec-de-xonvillers\/\"},\"wordCount\":168,\"commentCount\":0,\"publisher\":{\"@id\":\"https:\/\/vosgesinfo.fr\/remiremontinfo\/#organization\"},\"image\":{\"@id\":\"https:\/\/vosgesinfo.fr\/remiremontinfo\/2021\/10\/dommartin-lyceens-de-loise-visite-gaec-de-xonvillers\/#primaryimage\"},\"thumbnailUrl\":\"https:\/\/vosgesinfo.fr\/app\/uploads\/sites\/5\/2024\/09\/202110tgk.jpg\",\"keywords\":[\"agriculture\",\"dommartin\",\"gaec de xonvillers\",\"lyc\u00e9ens\",\"visite\"],\"articleSection\":[\"A la Une\",\"Agriculture\",\"Le Thillot &amp; son canton\"],\"inLanguage\":\"fr-FR\",\"potentialAction\":[{\"@type\":\"CommentAction\",\"name\":\"Comment\",\"target\":[\"https:\/\/vosgesinfo.fr\/remiremontinfo\/2021\/10\/dommartin-lyceens-de-loise-visite-gaec-de-xonvillers\/#respond\"]}]},{\"@type\":\"WebPage\",\"@id\":\"https:\/\/vosgesinfo.fr\/remiremontinfo\/2021\/10\/dommartin-lyceens-de-loise-visite-gaec-de-xonvillers\/\",\"url\":\"https:\/\/vosgesinfo.fr\/remiremontinfo\/2021\/10\/dommartin-lyceens-de-loise-visite-gaec-de-xonvillers\/\",\"name\":\"Dommartin\u00a0: des lyc\u00e9ens de l\u2019Oise en visite au Gaec de Xonvillers - Remiremont Info\",\"isPartOf\":{\"@id\":\"https:\/\/vosgesinfo.fr\/remiremontinfo\/#website\"},\"primaryImageOfPage\":{\"@id\":\"https:\/\/vosgesinfo.fr\/remiremontinfo\/2021\/10\/dommartin-lyceens-de-loise-visite-gaec-de-xonvillers\/#primaryimage\"},\"image\":{\"@id\":\"https:\/\/vosgesinfo.fr\/remiremontinfo\/2021\/10\/dommartin-lyceens-de-loise-visite-gaec-de-xonvillers\/#primaryimage\"},\"thumbnailUrl\":\"https:\/\/vosgesinfo.fr\/app\/uploads\/sites\/5\/2024\/09\/202110tgk.jpg\",\"datePublished\":\"2021-10-01T05:58:14+00:00\",\"dateModified\":\"2021-10-01T05:58:14+00:00\",\"breadcrumb\":{\"@id\":\"https:\/\/vosgesinfo.fr\/remiremontinfo\/2021\/10\/dommartin-lyceens-de-loise-visite-gaec-de-xonvillers\/#breadcrumb\"},\"inLanguage\":\"fr-FR\",\"potentialAction\":[{\"@type\":\"ReadAction\",\"target\":[\"https:\/\/vosgesinfo.fr\/remiremontinfo\/2021\/10\/dommartin-lyceens-de-loise-visite-gaec-de-xonvillers\/\"]}]},{\"@type\":\"ImageObject\",\"inLanguage\":\"fr-FR\",\"@id\":\"https:\/\/vosgesinfo.fr\/remiremontinfo\/2021\/10\/dommartin-lyceens-de-loise-visite-gaec-de-xonvillers\/#primaryimage\",\"url\":\"https:\/\/vosgesinfo.fr\/app\/uploads\/sites\/5\/2024\/09\/202110tgk.jpg\",\"contentUrl\":\"https:\/\/vosgesinfo.fr\/app\/uploads\/sites\/5\/2024\/09\/202110tgk.jpg\",\"width\":800,\"height\":600},{\"@type\":\"BreadcrumbList\",\"@id\":\"https:\/\/vosgesinfo.fr\/remiremontinfo\/2021\/10\/dommartin-lyceens-de-loise-visite-gaec-de-xonvillers\/#breadcrumb\",\"itemListElement\":[{\"@type\":\"ListItem\",\"position\":1,\"name\":\"Home\",\"item\":\"https:\/\/vosgesinfo.fr\/remiremontinfo\/\"},{\"@type\":\"ListItem\",\"position\":2,\"name\":\"Dommartin\u00a0: des lyc\u00e9ens de l\u2019Oise en visite au Gaec de Xonvillers\"}]},{\"@type\":\"WebSite\",\"@id\":\"https:\/\/vosgesinfo.fr\/remiremontinfo\/#website\",\"url\":\"https:\/\/vosgesinfo.fr\/remiremontinfo\/\",\"name\":\"Remiremont Info\",\"description\":\"Toute l&#039;actualit\u00e9 de Remiremont\",\"publisher\":{\"@id\":\"https:\/\/vosgesinfo.fr\/remiremontinfo\/#organization\"},\"alternateName\":\"Toute l'actualit\u00e9 de Remiremont\",\"potentialAction\":[{\"@type\":\"SearchAction\",\"target\":{\"@type\":\"EntryPoint\",\"urlTemplate\":\"https:\/\/vosgesinfo.fr\/remiremontinfo\/?s={search_term_string}\"},\"query-input\":\"required name=search_term_string\"}],\"inLanguage\":\"fr-FR\"},{\"@type\":\"Organization\",\"@id\":\"https:\/\/vosgesinfo.fr\/remiremontinfo\/#organization\",\"name\":\"Remiremont Info\",\"url\":\"https:\/\/vosgesinfo.fr\/remiremontinfo\/\",\"logo\":{\"@type\":\"ImageObject\",\"inLanguage\":\"fr-FR\",\"@id\":\"https:\/\/vosgesinfo.fr\/remiremontinfo\/#\/schema\/logo\/image\/\",\"url\":\"https:\/\/vosgesinfo.fr\/app\/uploads\/sites\/5\/2023\/08\/favicon-remiremontinfo.png\",\"contentUrl\":\"https:\/\/vosgesinfo.fr\/app\/uploads\/sites\/5\/2023\/08\/favicon-remiremontinfo.png\",\"width\":512,\"height\":512,\"caption\":\"Remiremont Info\"},\"image\":{\"@id\":\"https:\/\/vosgesinfo.fr\/remiremontinfo\/#\/schema\/logo\/image\/\"},\"sameAs\":[\"https:\/\/www.facebook.com\/remiremontinfo\",\"https:\/\/x.com\/VosgesInfo88\",\"https:\/\/www.youtube.com\/@vosgesinfo\"]},{\"@type\":\"Person\",\"@id\":\"https:\/\/vosgesinfo.fr\/remiremontinfo\/#\/schema\/person\/3bfd164d5218a185b1db68655a265316\",\"name\":\"C D\",\"image\":{\"@type\":\"ImageObject\",\"inLanguage\":\"fr-FR\",\"@id\":\"https:\/\/vosgesinfo.fr\/remiremontinfo\/#\/schema\/person\/image\/\",\"url\":\"https:\/\/secure.gravatar.com\/avatar\/1f9a70007336511a47468b8f1c66f922b8b7cf617b02a31149ada43893a5d48f?s=96&d=mm&r=g\",\"contentUrl\":\"https:\/\/secure.gravatar.com\/avatar\/1f9a70007336511a47468b8f1c66f922b8b7cf617b02a31149ada43893a5d48f?s=96&d=mm&r=g\",\"caption\":\"C D\"},\"url\":\"https:\/\/vosgesinfo.fr\/remiremontinfo\/author\/cedric-drevet\/\"}]}<\/script>\n<!-- \/ Yoast SEO plugin. -->","yoast_head_json":{"title":"Dommartin\u00a0: des lyc\u00e9ens de l\u2019Oise en visite au Gaec de Xonvillers - Remiremont Info","robots":{"index":"index","follow":"follow","max-snippet":"max-snippet:-1","max-image-preview":"max-image-preview:large","max-video-preview":"max-video-preview:-1"},"canonical":"https:\/\/vosgesinfo.fr\/remiremontinfo\/2021\/10\/dommartin-lyceens-de-loise-visite-gaec-de-xonvillers\/","twitter_card":"summary_large_image","twitter_title":"Dommartin\u00a0: des lyc\u00e9ens de l\u2019Oise en visite au Gaec de Xonvillers - Remiremont Info","twitter_description":"Dans le cadre d\u2019une semaine de \u00ab\u00a0stage collectif\u00a0\u00bb pr\u00e9vue dans le programme du bac technologique STAV, les \u00e9l\u00e8ves du Lyc\u00e9e [&hellip;]","twitter_image":"https:\/\/vosgesinfo.fr\/app\/uploads\/sites\/5\/2024\/09\/202110tgk.jpg","twitter_creator":"@VosgesInfo88","twitter_site":"@VosgesInfo88","twitter_misc":{"\u00c9crit par":"C D","Dur\u00e9e de lecture estim\u00e9e":"1 minute"},"schema":{"@context":"https:\/\/schema.org","@graph":[{"@type":"Article","@id":"https:\/\/vosgesinfo.fr\/remiremontinfo\/2021\/10\/dommartin-lyceens-de-loise-visite-gaec-de-xonvillers\/#article","isPartOf":{"@id":"https:\/\/vosgesinfo.fr\/remiremontinfo\/2021\/10\/dommartin-lyceens-de-loise-visite-gaec-de-xonvillers\/"},"author":{"name":"C D","@id":"https:\/\/vosgesinfo.fr\/remiremontinfo\/#\/schema\/person\/3bfd164d5218a185b1db68655a265316"},"headline":"Dommartin\u00a0: des lyc\u00e9ens de l\u2019Oise en visite au Gaec de Xonvillers","datePublished":"2021-10-01T05:58:14+00:00","dateModified":"2021-10-01T05:58:14+00:00","mainEntityOfPage":{"@id":"https:\/\/vosgesinfo.fr\/remiremontinfo\/2021\/10\/dommartin-lyceens-de-loise-visite-gaec-de-xonvillers\/"},"wordCount":168,"commentCount":0,"publisher":{"@id":"https:\/\/vosgesinfo.fr\/remiremontinfo\/#organization"},"image":{"@id":"https:\/\/vosgesinfo.fr\/remiremontinfo\/2021\/10\/dommartin-lyceens-de-loise-visite-gaec-de-xonvillers\/#primaryimage"},"thumbnailUrl":"https:\/\/vosgesinfo.fr\/app\/uploads\/sites\/5\/2024\/09\/202110tgk.jpg","keywords":["agriculture","dommartin","gaec de xonvillers","lyc\u00e9ens","visite"],"articleSection":["A la Une","Agriculture","Le Thillot &amp; son canton"],"inLanguage":"fr-FR","potentialAction":[{"@type":"CommentAction","name":"Comment","target":["https:\/\/vosgesinfo.fr\/remiremontinfo\/2021\/10\/dommartin-lyceens-de-loise-visite-gaec-de-xonvillers\/#respond"]}]},{"@type":"WebPage","@id":"https:\/\/vosgesinfo.fr\/remiremontinfo\/2021\/10\/dommartin-lyceens-de-loise-visite-gaec-de-xonvillers\/","url":"https:\/\/vosgesinfo.fr\/remiremontinfo\/2021\/10\/dommartin-lyceens-de-loise-visite-gaec-de-xonvillers\/","name":"Dommartin\u00a0: des lyc\u00e9ens de l\u2019Oise en visite au Gaec de Xonvillers - Remiremont Info","isPartOf":{"@id":"https:\/\/vosgesinfo.fr\/remiremontinfo\/#website"},"primaryImageOfPage":{"@id":"https:\/\/vosgesinfo.fr\/remiremontinfo\/2021\/10\/dommartin-lyceens-de-loise-visite-gaec-de-xonvillers\/#primaryimage"},"image":{"@id":"https:\/\/vosgesinfo.fr\/remiremontinfo\/2021\/10\/dommartin-lyceens-de-loise-visite-gaec-de-xonvillers\/#primaryimage"},"thumbnailUrl":"https:\/\/vosgesinfo.fr\/app\/uploads\/sites\/5\/2024\/09\/202110tgk.jpg","datePublished":"2021-10-01T05:58:14+00:00","dateModified":"2021-10-01T05:58:14+00:00","breadcrumb":{"@id":"https:\/\/vosgesinfo.fr\/remiremontinfo\/2021\/10\/dommartin-lyceens-de-loise-visite-gaec-de-xonvillers\/#breadcrumb"},"inLanguage":"fr-FR","potentialAction":[{"@type":"ReadAction","target":["https:\/\/vosgesinfo.fr\/remiremontinfo\/2021\/10\/dommartin-lyceens-de-loise-visite-gaec-de-xonvillers\/"]}]},{"@type":"ImageObject","inLanguage":"fr-FR","@id":"https:\/\/vosgesinfo.fr\/remiremontinfo\/2021\/10\/dommartin-lyceens-de-loise-visite-gaec-de-xonvillers\/#primaryimage","url":"https:\/\/vosgesinfo.fr\/app\/uploads\/sites\/5\/2024\/09\/202110tgk.jpg","contentUrl":"https:\/\/vosgesinfo.fr\/app\/uploads\/sites\/5\/2024\/09\/202110tgk.jpg","width":800,"height":600},{"@type":"BreadcrumbList","@id":"https:\/\/vosgesinfo.fr\/remiremontinfo\/2021\/10\/dommartin-lyceens-de-loise-visite-gaec-de-xonvillers\/#breadcrumb","itemListElement":[{"@type":"ListItem","position":1,"name":"Home","item":"https:\/\/vosgesinfo.fr\/remiremontinfo\/"},{"@type":"ListItem","position":2,"name":"Dommartin\u00a0: des lyc\u00e9ens de l\u2019Oise en visite au Gaec de Xonvillers"}]},{"@type":"WebSite","@id":"https:\/\/vosgesinfo.fr\/remiremontinfo\/#website","url":"https:\/\/vosgesinfo.fr\/remiremontinfo\/","name":"Remiremont Info","description":"Toute l&#039;actualit\u00e9 de Remiremont","publisher":{"@id":"https:\/\/vosgesinfo.fr\/remiremontinfo\/#organization"},"alternateName":"Toute l'actualit\u00e9 de Remiremont","potentialAction":[{"@type":"SearchAction","target":{"@type":"EntryPoint","urlTemplate":"https:\/\/vosgesinfo.fr\/remiremontinfo\/?s={search_term_string}"},"query-input":"required name=search_term_string"}],"inLanguage":"fr-FR"},{"@type":"Organization","@id":"https:\/\/vosgesinfo.fr\/remiremontinfo\/#organization","name":"Remiremont Info","url":"https:\/\/vosgesinfo.fr\/remiremontinfo\/","logo":{"@type":"ImageObject","inLanguage":"fr-FR","@id":"https:\/\/vosgesinfo.fr\/remiremontinfo\/#\/schema\/logo\/image\/","url":"https:\/\/vosgesinfo.fr\/app\/uploads\/sites\/5\/2023\/08\/favicon-remiremontinfo.png","contentUrl":"https:\/\/vosgesinfo.fr\/app\/uploads\/sites\/5\/2023\/08\/favicon-remiremontinfo.png","width":512,"height":512,"caption":"Remiremont Info"},"image":{"@id":"https:\/\/vosgesinfo.fr\/remiremontinfo\/#\/schema\/logo\/image\/"},"sameAs":["https:\/\/www.facebook.com\/remiremontinfo","https:\/\/x.com\/VosgesInfo88","https:\/\/www.youtube.com\/@vosgesinfo"]},{"@type":"Person","@id":"https:\/\/vosgesinfo.fr\/remiremontinfo\/#\/schema\/person\/3bfd164d5218a185b1db68655a265316","name":"C D","image":{"@type":"ImageObject","inLanguage":"fr-FR","@id":"https:\/\/vosgesinfo.fr\/remiremontinfo\/#\/schema\/person\/image\/","url":"https:\/\/secure.gravatar.com\/avatar\/1f9a70007336511a47468b8f1c66f922b8b7cf617b02a31149ada43893a5d48f?s=96&d=mm&r=g","contentUrl":"https:\/\/secure.gravatar.com\/avatar\/1f9a70007336511a47468b8f1c66f922b8b7cf617b02a31149ada43893a5d48f?s=96&d=mm&r=g","caption":"C D"},"url":"https:\/\/vosgesinfo.fr\/remiremontinfo\/author\/cedric-drevet\/"}]}},"_links":{"self":[{"href":"https:\/\/vosgesinfo.fr\/remiremontinfo\/wp-json\/wp\/v2\/posts\/46749","targetHints":{"allow":["GET"]}}],"collection":[{"href":"https:\/\/vosgesinfo.fr\/remiremontinfo\/wp-json\/wp\/v2\/posts"}],"about":[{"href":"https:\/\/vosgesinfo.fr\/remiremontinfo\/wp-json\/wp\/v2\/types\/post"}],"author":[{"embeddable":true,"href":"https:\/\/vosgesinfo.fr\/remiremontinfo\/wp-json\/wp\/v2\/users\/407"}],"replies":[{"embeddable":true,"href":"https:\/\/vosgesinfo.fr\/remiremontinfo\/wp-json\/wp\/v2\/comments?post=46749"}],"version-history":[{"count":0,"href":"https:\/\/vosgesinfo.fr\/remiremontinfo\/wp-json\/wp\/v2\/posts\/46749\/revisions"}],"wp:featuredmedia":[{"embeddable":true,"href":"https:\/\/vosgesinfo.fr\/remiremontinfo\/wp-json\/wp\/v2\/media\/46750"}],"wp:attachment":[{"href":"https:\/\/vosgesinfo.fr\/remiremontinfo\/wp-json\/wp\/v2\/media?parent=46749"}],"wp:term":[{"taxonomy":"category","embeddable":true,"href":"https:\/\/vosgesinfo.fr\/remiremontinfo\/wp-json\/wp\/v2\/categories?post=46749"},{"taxonomy":"post_tag","embeddable":true,"href":"https:\/\/vosgesinfo.fr\/remiremontinfo\/wp-json\/wp\/v2\/tags?post=46749"}],"curies":[{"name":"wp","href":"https:\/\/api.w.org\/{rel}","templated":true}]}}