{"id":46774,"date":"2021-10-01T10:38:07","date_gmt":"2021-10-01T08:38:07","guid":{"rendered":"https:\/\/vosgesinfo.fr\/remiremontinfo\/2021\/10\/remiremont-pascal-flory-medaille-sauve-deux-personnes-dun-incendie\/"},"modified":"2021-10-01T10:38:07","modified_gmt":"2021-10-01T08:38:07","slug":"remiremont-pascal-flory-medaille-sauve-deux-personnes-dun-incendie","status":"publish","type":"post","link":"https:\/\/vosgesinfo.fr\/remiremontinfo\/2021\/10\/remiremont-pascal-flory-medaille-sauve-deux-personnes-dun-incendie\/","title":{"rendered":"Remiremont\u00a0: Pascal Flory m\u00e9daill\u00e9 pour avoir sauv\u00e9 deux personnes d\u2019un incendie"},"content":{"rendered":"<h2 class=\"western\" style=\"text-align: center;\"><a href=\"\/2021\/10\/DSC_0476.jpg\"><img decoding=\"async\" class=\"alignnone size-full wp-image-327901\" src=\"\/2021\/10\/DSC_0476.jpg\" alt=\"DSC_0476\" width=\"800\" height=\"532\" \/><\/a><\/h2>\n<h2 class=\"western\"><span style=\"font-size: 12pt;\"><strong><span style=\"font-family: 'Liberation Serif', serif;\">Lundi dernier<\/span><span style=\"font-family: 'Liberation Serif', serif;\">, au <\/span><span style=\"font-family: 'Liberation Serif', serif;\">matin<\/span><span style=\"font-family: 'Liberation Serif', serif;\">, <\/span><span style=\"font-family: 'Liberation Serif', serif;\">un incendie s\u2019est d\u00e9clar\u00e9 dans l\u2019<\/span><span style=\"font-family: 'Liberation Serif', serif;\">appartement <\/span><span style=\"font-family: 'Liberation Serif', serif;\">de deux personnes \u00e2g\u00e9es, <\/span><span style=\"font-family: 'Liberation Serif', serif;\">dans <\/span><span style=\"font-family: 'Liberation Serif', serif;\">la r\u00e9sidence Catherine de Lorraine,<\/span><span style=\"font-family: 'Liberation Serif', serif;\"> situ\u00e9<\/span><span style=\"font-family: 'Liberation Serif', serif;\">e<\/span><span style=\"font-family: 'Liberation Serif', serif;\"> sur le chemin de la Maix \u00e0 Remiremont. <\/span><span style=\"font-family: 'Liberation Serif', serif;\">Pascal Flory,<\/span><span style=\"font-family: 'Liberation Serif', serif;\"> employ\u00e9 municipal qui travaille au service des parcs et jardins, <\/span><span style=\"font-family: 'Liberation Serif', serif;\">apr\u00e8s avoir aper\u00e7u la fum\u00e9e, s\u2019est lanc\u00e9 \u00e0 leur secours. La Maire de Remiremont a souhait\u00e9 le remercier pour son geste.<\/span><\/strong><\/span><\/h2>\n<p class=\"western\"><span style=\"font-size: 12pt;\"><span style=\"font-family: 'Liberation Serif', serif;\">Le m<\/span><span style=\"font-family: 'Liberation Serif', serif;\">aire Jean-Beno\u00eet Tisserand <\/span><span style=\"font-family: 'Liberation Serif', serif;\">s\u2019est rendu aux serres municipales pour remettre \u00e0 l\u2019agent la m\u00e9daille de la Ville, la plus haute distinction romarimontaine. Le <\/span><span style=\"font-family: 'Liberation Serif', serif;\">s\u00e9nateur Jean Hingray <\/span><span style=\"font-family: 'Liberation Serif', serif;\">\u00e9tait \u00e9galement pr\u00e9sent<\/span><span style=\"font-family: 'Liberation Serif', serif;\">, <\/span><span style=\"font-family: 'Liberation Serif', serif;\">ainsi que<\/span><span style=\"font-family: 'Liberation Serif', serif;\"> de nombreux conseillers municipaux, <\/span><span style=\"font-family: 'Liberation Serif', serif;\">des <\/span><span style=\"font-family: 'Liberation Serif', serif;\">membres des services communaux, <\/span><span style=\"font-family: 'Liberation Serif', serif;\">des <\/span><span style=\"font-family: 'Liberation Serif', serif;\">repr\u00e9sentants des sapeurs pompiers et de la police municipal<\/span><span style=\"font-family: 'Liberation Serif', serif;\">e. <\/span><span style=\"font-family: 'Liberation Serif', serif;\">Pascal Flory \u00e9tait accompagn\u00e9 de son \u00e9pouse, de son fr\u00e8re et de ses beaux parents. Le maire est bri\u00e8vement revenu sur le parcours de l\u2019employ\u00e9 communal. Pascal Flory, p\u00e8re de trois enfants <\/span><span style=\"font-family: 'Liberation Serif', serif;\">a pass\u00e9 <\/span><span style=\"font-family: 'Liberation Serif', serif;\"><em>\u00ab\u00a032 ans au service de Remiremont\u00a0\u00bb<\/em>, affirme-t-il. <\/span><span style=\"font-family: 'Liberation Serif', serif;\">Monsieur<\/span><span style=\"font-family: 'Liberation Serif', serif;\"> Flory a en effet a int\u00e9gr\u00e9 la mairie en 1989. <\/span><span style=\"font-family: 'Liberation Serif', serif;\">Il a \u00e9t\u00e9 agent d\u2019entretien puis adjoint technique\u00a0?<em> \u00ab\u00a0Vous \u00eates quelqu\u2019un de consciencieux, quelqu\u2019un de rapide, d\u2019efficace\u00a0\u00bb<\/em>, affirme Jean Beno\u00eet Tisserand. <em>\u00ab\u00a0Pendant 15 ans, vous avez \u00e9t\u00e9 sapeur pompier volontaire\u00a0\u00bb<\/em>. <\/span><span style=\"font-family: 'Liberation Serif', serif;\">Le maire a ensuite \u00e9voqu\u00e9 <a href=\"https:\/\/remiremontinfo.fr\/2021\/09\/remiremont-appartement-feu-six-personnes-evacuees\/\">l\u2019acte essentiel r\u00e9alis\u00e9 par l\u2019employ\u00e9 communal en d\u00e9but de semaine, d<\/a><\/span><span style=\"font-family: 'Liberation Serif', serif;\"><a href=\"https:\/\/remiremontinfo.fr\/2021\/09\/remiremont-appartement-feu-six-personnes-evacuees\/\">ans le cadre de sa tourn\u00e9e.<\/a><em> \u00ab\u00a0Vous n\u2019avez \u00e9cout\u00e9 que votre courage (\u2026) vous avez port\u00e9 assistance \u00e0 ces deux personnes\u00a0\u00bb<\/em>. Le maire remercie chaleureusement Pascal Flory pour son geste, qui a sans doute sauv\u00e9 la vie des deux habitants. <em>\u00ab\u00a0Un vrai acte d\u2019h\u00e9ro\u00efsme\u00a0\u00bb<\/em>. La dame a pu \u00eatre relog\u00e9e \u00e0 la r\u00e9sidence du Chatelet, le monsieur est quant \u00e0 lui hospitalis\u00e9. <\/span><span style=\"font-family: 'Liberation Serif', serif;\">De nature semble-t-il plut\u00f4t discr\u00e8te, Pascal Flory a sobrement remerci\u00e9 toutes personnes pr\u00e9sentes ce matin.\u00a0<\/span><\/span><\/p>\n\n","protected":false},"excerpt":{"rendered":"<p>Lundi dernier, au matin, un incendie s\u2019est d\u00e9clar\u00e9 dans l\u2019appartement de deux personnes \u00e2g\u00e9es, dans la r\u00e9sidence Catherine de Lorraine, [&hellip;]<\/p>\n","protected":false},"author":407,"featured_media":46775,"comment_status":"open","ping_status":"open","sticky":false,"template":"","format":"standard","meta":{"footnotes":""},"categories":[26,1556,35,13],"tags":[289,1844,2623,44,2624],"class_list":["post-46774","post","type-post","status-publish","format-standard","has-post-thumbnail","hentry","category-a-la-une","category-remiremont-remiremont-son-canton-2","category-remiremont-son-canton","category-societe","tag-incendie","tag-medaille","tag-pascal-flory","tag-remiremont","tag-sauve"],"acf":[],"yoast_head":"<!-- This site is optimized with the Yoast SEO plugin v22.5 - https:\/\/yoast.com\/wordpress\/plugins\/seo\/ -->\n<title>Remiremont\u00a0: Pascal Flory m\u00e9daill\u00e9 pour avoir sauv\u00e9 deux personnes d\u2019un incendie - Remiremont Info<\/title>\n<meta name=\"robots\" content=\"index, follow, max-snippet:-1, max-image-preview:large, max-video-preview:-1\" \/>\n<link rel=\"canonical\" href=\"https:\/\/vosgesinfo.fr\/remiremontinfo\/2021\/10\/remiremont-pascal-flory-medaille-sauve-deux-personnes-dun-incendie\/\" \/>\n<meta name=\"twitter:card\" content=\"summary_large_image\" \/>\n<meta name=\"twitter:title\" content=\"Remiremont\u00a0: Pascal Flory m\u00e9daill\u00e9 pour avoir sauv\u00e9 deux personnes d\u2019un incendie - Remiremont Info\" \/>\n<meta name=\"twitter:description\" content=\"Lundi dernier, au matin, un incendie s\u2019est d\u00e9clar\u00e9 dans l\u2019appartement de deux personnes \u00e2g\u00e9es, dans la r\u00e9sidence Catherine de Lorraine, [&hellip;]\" \/>\n<meta name=\"twitter:image\" content=\"https:\/\/vosgesinfo.fr\/app\/uploads\/sites\/5\/2024\/09\/202110dsc-04861.jpg\" \/>\n<meta name=\"twitter:creator\" content=\"@VosgesInfo88\" \/>\n<meta name=\"twitter:site\" content=\"@VosgesInfo88\" \/>\n<meta name=\"twitter:label1\" content=\"\u00c9crit par\" \/>\n\t<meta name=\"twitter:data1\" content=\"C D\" \/>\n\t<meta name=\"twitter:label2\" content=\"Dur\u00e9e de lecture estim\u00e9e\" \/>\n\t<meta name=\"twitter:data2\" content=\"2 minutes\" \/>\n<script type=\"application\/ld+json\" class=\"yoast-schema-graph\">{\"@context\":\"https:\/\/schema.org\",\"@graph\":[{\"@type\":\"Article\",\"@id\":\"https:\/\/vosgesinfo.fr\/remiremontinfo\/2021\/10\/remiremont-pascal-flory-medaille-sauve-deux-personnes-dun-incendie\/#article\",\"isPartOf\":{\"@id\":\"https:\/\/vosgesinfo.fr\/remiremontinfo\/2021\/10\/remiremont-pascal-flory-medaille-sauve-deux-personnes-dun-incendie\/\"},\"author\":{\"name\":\"C D\",\"@id\":\"https:\/\/vosgesinfo.fr\/remiremontinfo\/#\/schema\/person\/3bfd164d5218a185b1db68655a265316\"},\"headline\":\"Remiremont\u00a0: Pascal Flory m\u00e9daill\u00e9 pour avoir sauv\u00e9 deux personnes d\u2019un incendie\",\"datePublished\":\"2021-10-01T08:38:07+00:00\",\"dateModified\":\"2021-10-01T08:38:07+00:00\",\"mainEntityOfPage\":{\"@id\":\"https:\/\/vosgesinfo.fr\/remiremontinfo\/2021\/10\/remiremont-pascal-flory-medaille-sauve-deux-personnes-dun-incendie\/\"},\"wordCount\":342,\"commentCount\":0,\"publisher\":{\"@id\":\"https:\/\/vosgesinfo.fr\/remiremontinfo\/#organization\"},\"image\":{\"@id\":\"https:\/\/vosgesinfo.fr\/remiremontinfo\/2021\/10\/remiremont-pascal-flory-medaille-sauve-deux-personnes-dun-incendie\/#primaryimage\"},\"thumbnailUrl\":\"https:\/\/vosgesinfo.fr\/app\/uploads\/sites\/5\/2024\/09\/202110dsc-04861.jpg\",\"keywords\":[\"incendie\",\"M\u00e9daille\",\"pascal flory\",\"remiremont\",\"sauv\u00e9\"],\"articleSection\":[\"A la Une\",\"Remiremont\",\"Remiremont &amp; son canton\",\"Soci\u00e9t\u00e9\"],\"inLanguage\":\"fr-FR\",\"potentialAction\":[{\"@type\":\"CommentAction\",\"name\":\"Comment\",\"target\":[\"https:\/\/vosgesinfo.fr\/remiremontinfo\/2021\/10\/remiremont-pascal-flory-medaille-sauve-deux-personnes-dun-incendie\/#respond\"]}]},{\"@type\":\"WebPage\",\"@id\":\"https:\/\/vosgesinfo.fr\/remiremontinfo\/2021\/10\/remiremont-pascal-flory-medaille-sauve-deux-personnes-dun-incendie\/\",\"url\":\"https:\/\/vosgesinfo.fr\/remiremontinfo\/2021\/10\/remiremont-pascal-flory-medaille-sauve-deux-personnes-dun-incendie\/\",\"name\":\"Remiremont\u00a0: Pascal Flory m\u00e9daill\u00e9 pour avoir sauv\u00e9 deux personnes d\u2019un incendie - Remiremont Info\",\"isPartOf\":{\"@id\":\"https:\/\/vosgesinfo.fr\/remiremontinfo\/#website\"},\"primaryImageOfPage\":{\"@id\":\"https:\/\/vosgesinfo.fr\/remiremontinfo\/2021\/10\/remiremont-pascal-flory-medaille-sauve-deux-personnes-dun-incendie\/#primaryimage\"},\"image\":{\"@id\":\"https:\/\/vosgesinfo.fr\/remiremontinfo\/2021\/10\/remiremont-pascal-flory-medaille-sauve-deux-personnes-dun-incendie\/#primaryimage\"},\"thumbnailUrl\":\"https:\/\/vosgesinfo.fr\/app\/uploads\/sites\/5\/2024\/09\/202110dsc-04861.jpg\",\"datePublished\":\"2021-10-01T08:38:07+00:00\",\"dateModified\":\"2021-10-01T08:38:07+00:00\",\"breadcrumb\":{\"@id\":\"https:\/\/vosgesinfo.fr\/remiremontinfo\/2021\/10\/remiremont-pascal-flory-medaille-sauve-deux-personnes-dun-incendie\/#breadcrumb\"},\"inLanguage\":\"fr-FR\",\"potentialAction\":[{\"@type\":\"ReadAction\",\"target\":[\"https:\/\/vosgesinfo.fr\/remiremontinfo\/2021\/10\/remiremont-pascal-flory-medaille-sauve-deux-personnes-dun-incendie\/\"]}]},{\"@type\":\"ImageObject\",\"inLanguage\":\"fr-FR\",\"@id\":\"https:\/\/vosgesinfo.fr\/remiremontinfo\/2021\/10\/remiremont-pascal-flory-medaille-sauve-deux-personnes-dun-incendie\/#primaryimage\",\"url\":\"https:\/\/vosgesinfo.fr\/app\/uploads\/sites\/5\/2024\/09\/202110dsc-04861.jpg\",\"contentUrl\":\"https:\/\/vosgesinfo.fr\/app\/uploads\/sites\/5\/2024\/09\/202110dsc-04861.jpg\",\"width\":800,\"height\":591},{\"@type\":\"BreadcrumbList\",\"@id\":\"https:\/\/vosgesinfo.fr\/remiremontinfo\/2021\/10\/remiremont-pascal-flory-medaille-sauve-deux-personnes-dun-incendie\/#breadcrumb\",\"itemListElement\":[{\"@type\":\"ListItem\",\"position\":1,\"name\":\"Home\",\"item\":\"https:\/\/vosgesinfo.fr\/remiremontinfo\/\"},{\"@type\":\"ListItem\",\"position\":2,\"name\":\"Remiremont\u00a0: Pascal Flory m\u00e9daill\u00e9 pour avoir sauv\u00e9 deux personnes d\u2019un incendie\"}]},{\"@type\":\"WebSite\",\"@id\":\"https:\/\/vosgesinfo.fr\/remiremontinfo\/#website\",\"url\":\"https:\/\/vosgesinfo.fr\/remiremontinfo\/\",\"name\":\"Remiremont Info\",\"description\":\"Toute l&#039;actualit\u00e9 de Remiremont\",\"publisher\":{\"@id\":\"https:\/\/vosgesinfo.fr\/remiremontinfo\/#organization\"},\"alternateName\":\"Toute l'actualit\u00e9 de Remiremont\",\"potentialAction\":[{\"@type\":\"SearchAction\",\"target\":{\"@type\":\"EntryPoint\",\"urlTemplate\":\"https:\/\/vosgesinfo.fr\/remiremontinfo\/?s={search_term_string}\"},\"query-input\":\"required name=search_term_string\"}],\"inLanguage\":\"fr-FR\"},{\"@type\":\"Organization\",\"@id\":\"https:\/\/vosgesinfo.fr\/remiremontinfo\/#organization\",\"name\":\"Remiremont Info\",\"url\":\"https:\/\/vosgesinfo.fr\/remiremontinfo\/\",\"logo\":{\"@type\":\"ImageObject\",\"inLanguage\":\"fr-FR\",\"@id\":\"https:\/\/vosgesinfo.fr\/remiremontinfo\/#\/schema\/logo\/image\/\",\"url\":\"https:\/\/vosgesinfo.fr\/app\/uploads\/sites\/5\/2023\/08\/favicon-remiremontinfo.png\",\"contentUrl\":\"https:\/\/vosgesinfo.fr\/app\/uploads\/sites\/5\/2023\/08\/favicon-remiremontinfo.png\",\"width\":512,\"height\":512,\"caption\":\"Remiremont Info\"},\"image\":{\"@id\":\"https:\/\/vosgesinfo.fr\/remiremontinfo\/#\/schema\/logo\/image\/\"},\"sameAs\":[\"https:\/\/www.facebook.com\/remiremontinfo\",\"https:\/\/x.com\/VosgesInfo88\",\"https:\/\/www.youtube.com\/@vosgesinfo\"]},{\"@type\":\"Person\",\"@id\":\"https:\/\/vosgesinfo.fr\/remiremontinfo\/#\/schema\/person\/3bfd164d5218a185b1db68655a265316\",\"name\":\"C D\",\"image\":{\"@type\":\"ImageObject\",\"inLanguage\":\"fr-FR\",\"@id\":\"https:\/\/vosgesinfo.fr\/remiremontinfo\/#\/schema\/person\/image\/\",\"url\":\"https:\/\/secure.gravatar.com\/avatar\/1f9a70007336511a47468b8f1c66f922b8b7cf617b02a31149ada43893a5d48f?s=96&d=mm&r=g\",\"contentUrl\":\"https:\/\/secure.gravatar.com\/avatar\/1f9a70007336511a47468b8f1c66f922b8b7cf617b02a31149ada43893a5d48f?s=96&d=mm&r=g\",\"caption\":\"C D\"},\"url\":\"https:\/\/vosgesinfo.fr\/remiremontinfo\/author\/cedric-drevet\/\"}]}<\/script>\n<!-- \/ Yoast SEO plugin. -->","yoast_head_json":{"title":"Remiremont\u00a0: Pascal Flory m\u00e9daill\u00e9 pour avoir sauv\u00e9 deux personnes d\u2019un incendie - Remiremont Info","robots":{"index":"index","follow":"follow","max-snippet":"max-snippet:-1","max-image-preview":"max-image-preview:large","max-video-preview":"max-video-preview:-1"},"canonical":"https:\/\/vosgesinfo.fr\/remiremontinfo\/2021\/10\/remiremont-pascal-flory-medaille-sauve-deux-personnes-dun-incendie\/","twitter_card":"summary_large_image","twitter_title":"Remiremont\u00a0: Pascal Flory m\u00e9daill\u00e9 pour avoir sauv\u00e9 deux personnes d\u2019un incendie - Remiremont Info","twitter_description":"Lundi dernier, au matin, un incendie s\u2019est d\u00e9clar\u00e9 dans l\u2019appartement de deux personnes \u00e2g\u00e9es, dans la r\u00e9sidence Catherine de Lorraine, [&hellip;]","twitter_image":"https:\/\/vosgesinfo.fr\/app\/uploads\/sites\/5\/2024\/09\/202110dsc-04861.jpg","twitter_creator":"@VosgesInfo88","twitter_site":"@VosgesInfo88","twitter_misc":{"\u00c9crit par":"C D","Dur\u00e9e de lecture estim\u00e9e":"2 minutes"},"schema":{"@context":"https:\/\/schema.org","@graph":[{"@type":"Article","@id":"https:\/\/vosgesinfo.fr\/remiremontinfo\/2021\/10\/remiremont-pascal-flory-medaille-sauve-deux-personnes-dun-incendie\/#article","isPartOf":{"@id":"https:\/\/vosgesinfo.fr\/remiremontinfo\/2021\/10\/remiremont-pascal-flory-medaille-sauve-deux-personnes-dun-incendie\/"},"author":{"name":"C D","@id":"https:\/\/vosgesinfo.fr\/remiremontinfo\/#\/schema\/person\/3bfd164d5218a185b1db68655a265316"},"headline":"Remiremont\u00a0: Pascal Flory m\u00e9daill\u00e9 pour avoir sauv\u00e9 deux personnes d\u2019un incendie","datePublished":"2021-10-01T08:38:07+00:00","dateModified":"2021-10-01T08:38:07+00:00","mainEntityOfPage":{"@id":"https:\/\/vosgesinfo.fr\/remiremontinfo\/2021\/10\/remiremont-pascal-flory-medaille-sauve-deux-personnes-dun-incendie\/"},"wordCount":342,"commentCount":0,"publisher":{"@id":"https:\/\/vosgesinfo.fr\/remiremontinfo\/#organization"},"image":{"@id":"https:\/\/vosgesinfo.fr\/remiremontinfo\/2021\/10\/remiremont-pascal-flory-medaille-sauve-deux-personnes-dun-incendie\/#primaryimage"},"thumbnailUrl":"https:\/\/vosgesinfo.fr\/app\/uploads\/sites\/5\/2024\/09\/202110dsc-04861.jpg","keywords":["incendie","M\u00e9daille","pascal flory","remiremont","sauv\u00e9"],"articleSection":["A la Une","Remiremont","Remiremont &amp; son canton","Soci\u00e9t\u00e9"],"inLanguage":"fr-FR","potentialAction":[{"@type":"CommentAction","name":"Comment","target":["https:\/\/vosgesinfo.fr\/remiremontinfo\/2021\/10\/remiremont-pascal-flory-medaille-sauve-deux-personnes-dun-incendie\/#respond"]}]},{"@type":"WebPage","@id":"https:\/\/vosgesinfo.fr\/remiremontinfo\/2021\/10\/remiremont-pascal-flory-medaille-sauve-deux-personnes-dun-incendie\/","url":"https:\/\/vosgesinfo.fr\/remiremontinfo\/2021\/10\/remiremont-pascal-flory-medaille-sauve-deux-personnes-dun-incendie\/","name":"Remiremont\u00a0: Pascal Flory m\u00e9daill\u00e9 pour avoir sauv\u00e9 deux personnes d\u2019un incendie - Remiremont Info","isPartOf":{"@id":"https:\/\/vosgesinfo.fr\/remiremontinfo\/#website"},"primaryImageOfPage":{"@id":"https:\/\/vosgesinfo.fr\/remiremontinfo\/2021\/10\/remiremont-pascal-flory-medaille-sauve-deux-personnes-dun-incendie\/#primaryimage"},"image":{"@id":"https:\/\/vosgesinfo.fr\/remiremontinfo\/2021\/10\/remiremont-pascal-flory-medaille-sauve-deux-personnes-dun-incendie\/#primaryimage"},"thumbnailUrl":"https:\/\/vosgesinfo.fr\/app\/uploads\/sites\/5\/2024\/09\/202110dsc-04861.jpg","datePublished":"2021-10-01T08:38:07+00:00","dateModified":"2021-10-01T08:38:07+00:00","breadcrumb":{"@id":"https:\/\/vosgesinfo.fr\/remiremontinfo\/2021\/10\/remiremont-pascal-flory-medaille-sauve-deux-personnes-dun-incendie\/#breadcrumb"},"inLanguage":"fr-FR","potentialAction":[{"@type":"ReadAction","target":["https:\/\/vosgesinfo.fr\/remiremontinfo\/2021\/10\/remiremont-pascal-flory-medaille-sauve-deux-personnes-dun-incendie\/"]}]},{"@type":"ImageObject","inLanguage":"fr-FR","@id":"https:\/\/vosgesinfo.fr\/remiremontinfo\/2021\/10\/remiremont-pascal-flory-medaille-sauve-deux-personnes-dun-incendie\/#primaryimage","url":"https:\/\/vosgesinfo.fr\/app\/uploads\/sites\/5\/2024\/09\/202110dsc-04861.jpg","contentUrl":"https:\/\/vosgesinfo.fr\/app\/uploads\/sites\/5\/2024\/09\/202110dsc-04861.jpg","width":800,"height":591},{"@type":"BreadcrumbList","@id":"https:\/\/vosgesinfo.fr\/remiremontinfo\/2021\/10\/remiremont-pascal-flory-medaille-sauve-deux-personnes-dun-incendie\/#breadcrumb","itemListElement":[{"@type":"ListItem","position":1,"name":"Home","item":"https:\/\/vosgesinfo.fr\/remiremontinfo\/"},{"@type":"ListItem","position":2,"name":"Remiremont\u00a0: Pascal Flory m\u00e9daill\u00e9 pour avoir sauv\u00e9 deux personnes d\u2019un incendie"}]},{"@type":"WebSite","@id":"https:\/\/vosgesinfo.fr\/remiremontinfo\/#website","url":"https:\/\/vosgesinfo.fr\/remiremontinfo\/","name":"Remiremont Info","description":"Toute l&#039;actualit\u00e9 de Remiremont","publisher":{"@id":"https:\/\/vosgesinfo.fr\/remiremontinfo\/#organization"},"alternateName":"Toute l'actualit\u00e9 de Remiremont","potentialAction":[{"@type":"SearchAction","target":{"@type":"EntryPoint","urlTemplate":"https:\/\/vosgesinfo.fr\/remiremontinfo\/?s={search_term_string}"},"query-input":"required name=search_term_string"}],"inLanguage":"fr-FR"},{"@type":"Organization","@id":"https:\/\/vosgesinfo.fr\/remiremontinfo\/#organization","name":"Remiremont Info","url":"https:\/\/vosgesinfo.fr\/remiremontinfo\/","logo":{"@type":"ImageObject","inLanguage":"fr-FR","@id":"https:\/\/vosgesinfo.fr\/remiremontinfo\/#\/schema\/logo\/image\/","url":"https:\/\/vosgesinfo.fr\/app\/uploads\/sites\/5\/2023\/08\/favicon-remiremontinfo.png","contentUrl":"https:\/\/vosgesinfo.fr\/app\/uploads\/sites\/5\/2023\/08\/favicon-remiremontinfo.png","width":512,"height":512,"caption":"Remiremont Info"},"image":{"@id":"https:\/\/vosgesinfo.fr\/remiremontinfo\/#\/schema\/logo\/image\/"},"sameAs":["https:\/\/www.facebook.com\/remiremontinfo","https:\/\/x.com\/VosgesInfo88","https:\/\/www.youtube.com\/@vosgesinfo"]},{"@type":"Person","@id":"https:\/\/vosgesinfo.fr\/remiremontinfo\/#\/schema\/person\/3bfd164d5218a185b1db68655a265316","name":"C D","image":{"@type":"ImageObject","inLanguage":"fr-FR","@id":"https:\/\/vosgesinfo.fr\/remiremontinfo\/#\/schema\/person\/image\/","url":"https:\/\/secure.gravatar.com\/avatar\/1f9a70007336511a47468b8f1c66f922b8b7cf617b02a31149ada43893a5d48f?s=96&d=mm&r=g","contentUrl":"https:\/\/secure.gravatar.com\/avatar\/1f9a70007336511a47468b8f1c66f922b8b7cf617b02a31149ada43893a5d48f?s=96&d=mm&r=g","caption":"C D"},"url":"https:\/\/vosgesinfo.fr\/remiremontinfo\/author\/cedric-drevet\/"}]}},"_links":{"self":[{"href":"https:\/\/vosgesinfo.fr\/remiremontinfo\/wp-json\/wp\/v2\/posts\/46774","targetHints":{"allow":["GET"]}}],"collection":[{"href":"https:\/\/vosgesinfo.fr\/remiremontinfo\/wp-json\/wp\/v2\/posts"}],"about":[{"href":"https:\/\/vosgesinfo.fr\/remiremontinfo\/wp-json\/wp\/v2\/types\/post"}],"author":[{"embeddable":true,"href":"https:\/\/vosgesinfo.fr\/remiremontinfo\/wp-json\/wp\/v2\/users\/407"}],"replies":[{"embeddable":true,"href":"https:\/\/vosgesinfo.fr\/remiremontinfo\/wp-json\/wp\/v2\/comments?post=46774"}],"version-history":[{"count":0,"href":"https:\/\/vosgesinfo.fr\/remiremontinfo\/wp-json\/wp\/v2\/posts\/46774\/revisions"}],"wp:featuredmedia":[{"embeddable":true,"href":"https:\/\/vosgesinfo.fr\/remiremontinfo\/wp-json\/wp\/v2\/media\/46775"}],"wp:attachment":[{"href":"https:\/\/vosgesinfo.fr\/remiremontinfo\/wp-json\/wp\/v2\/media?parent=46774"}],"wp:term":[{"taxonomy":"category","embeddable":true,"href":"https:\/\/vosgesinfo.fr\/remiremontinfo\/wp-json\/wp\/v2\/categories?post=46774"},{"taxonomy":"post_tag","embeddable":true,"href":"https:\/\/vosgesinfo.fr\/remiremontinfo\/wp-json\/wp\/v2\/tags?post=46774"}],"curies":[{"name":"wp","href":"https:\/\/api.w.org\/{rel}","templated":true}]}}