{"id":46784,"date":"2021-10-01T08:39:34","date_gmt":"2021-10-01T06:39:34","guid":{"rendered":"https:\/\/vosgesinfo.fr\/remiremontinfo\/2021\/10\/remiremont-label-accueil-velo-remis-a-4-etablissements-vosgiens\/"},"modified":"2021-10-01T08:39:34","modified_gmt":"2021-10-01T06:39:34","slug":"remiremont-label-accueil-velo-remis-a-4-etablissements-vosgiens","status":"publish","type":"post","link":"https:\/\/vosgesinfo.fr\/remiremontinfo\/2021\/10\/remiremont-label-accueil-velo-remis-a-4-etablissements-vosgiens\/","title":{"rendered":"Remiremont : le label  \u00ab Accueil V\u00e9lo \u00bb remis \u00e0 4 \u00e9tablissements vosgiens"},"content":{"rendered":"<h2 style=\"text-align: center;\"><a href=\"\/2021\/10\/DSC_0441.jpg\"><img decoding=\"async\" class=\"alignnone size-full wp-image-327914\" src=\"\/2021\/10\/DSC_0441.jpg\" alt=\"DSC_0441\" width=\"800\" height=\"575\" \/><\/a><\/h2>\n<h2><span style=\"font-size: 12pt;\"><strong><span style=\"font-family: 'Liberation Serif', serif;\">William Mathis, vice-pr\u00e9sident du D\u00e9partement, en charge de la mobilit\u00e9, accompagn\u00e9 <\/span><span style=\"font-family: 'Liberation Serif', serif;\">notamment <\/span><span style=\"font-family: 'Liberation Serif', serif;\">de Val\u00e9rie Jankowski, conseill\u00e8re d\u00e9partementale du canton de Remiremont, <\/span><span style=\"font-family: 'Liberation Serif', serif;\">et de Catherine Louis, pr\u00e9sidente de la Communaut\u00e9 de Communes,<\/span> <span style=\"font-family: 'Liberation Serif', serif;\">s\u2019est rendu ce vendredi matin<\/span><span style=\"font-family: 'Liberation Serif', serif;\"> \u00e0 la chambre d\u2019h\u00f4te \u00ab\u00a0Le Grand Bienfaisy\u00a0\u00bb \u00e0 la ferme du Bienfaisy \u00e0 Remiremont pour remettre le label accueil v\u00e9lo aux propri\u00e9taires <\/span><span style=\"font-family: 'Liberation Serif', serif;\">de quatre \u00e9tablissements.<\/span><\/strong><\/span><\/h2>\n<p><span style=\"font-family: 'Liberation Serif', serif;\"><span style=\"font-size: medium;\">Ainsi, l<\/span><\/span><span style=\"font-family: 'Liberation Serif', serif;\"><span style=\"font-size: medium;\">e Grand Bienfaisy de Remiremon<\/span><\/span><span style=\"font-family: 'Liberation Serif', serif;\"><span style=\"font-size: medium;\">t, le c<\/span><\/span><span style=\"font-family: 'Liberation Serif', serif;\"><span style=\"font-size: medium;\">halet de la Prague de Bussang, <\/span><\/span><span style=\"font-family: 'Liberation Serif', serif;\"><span style=\"font-size: medium;\">le g<\/span><\/span><span style=\"font-family: 'Liberation Serif', serif;\"><span style=\"font-size: medium;\">\u00eete et <\/span><\/span><span style=\"font-family: 'Liberation Serif', serif;\"><span style=\"font-size: medium;\">les<\/span><\/span><span style=\"font-family: 'Liberation Serif', serif;\"><span style=\"font-size: medium;\"> chambres d\u2019h\u00f4tes Les Chanten\u00e9es, <\/span><\/span><span style=\"font-family: 'Liberation Serif', serif;\"><span style=\"font-size: medium;\">\u00e0 <\/span><\/span><span style=\"font-family: 'Liberation Serif', serif;\"><span style=\"font-size: medium;\">La Bresse <\/span><\/span><span style=\"font-family: 'Liberation Serif', serif;\"><span style=\"font-size: medium;\">et le g<\/span><\/span><span style=\"font-family: 'Liberation Serif', serif;\"><span style=\"font-size: medium;\">\u00eete Pomme et Mirabelle de Liezey <\/span><\/span><span style=\"font-family: 'Liberation Serif', serif;\"><span style=\"font-size: medium;\">rejoignent ce dispositif. A ce jour, le d\u00e9partement des Vosges compte plus d\u2019une centaine d\u2019 \u00e9tablissements labellis\u00e9s. <\/span><\/span><span style=\"font-family: 'Liberation Serif', serif;\"><span style=\"font-size: medium;\">Un \u00e9tablissement \u00ab Accueil V\u00e9lo \u00bb c\u2019est la garantie pour le touriste \u00e0 v\u00e9lo de : se trouver \u00e0 moins de 5km d\u2019un itin\u00e9raire cyclable, disposer d\u2019\u00e9quipements adapt\u00e9s : abri \u00e0 v\u00e9los s\u00e9curis\u00e9, kit de r\u00e9paration, b\u00e9n\u00e9ficier d\u2019un accueil attentionn\u00e9 : informations et conseils utiles (circuits, m\u00e9t\u00e9o, \u2026), disposer de services adapt\u00e9s aux cyclistes : transfert de bagages, lavage et s\u00e9chage du linge, location de v\u00e9los et accessoires, lavage des v\u00e9los. Le D\u00e9partement offre \u00e0 chaque \u00e9tablissement labellis\u00e9 un kit de r\u00e9paration ainsi que les frais d\u2019adh\u00e9sion au label.<\/span><\/span><\/p>\n<p><span style=\"font-family: 'Liberation Serif', serif;\"><span style=\"font-size: medium;\">Le Conseil d\u00e9partemental pilote et \u00e9valuateur la marque nationale \u00ab Accueil V\u00e9lo \u00bb pour le d\u00e9partement des Vosges, autorisant ainsi pour une dur\u00e9e de 3 ans les prestataires volontaires et remplissant les conditions, \u00e0 utiliser la marque. Il s\u2019agit d\u2019un label national, permettant d\u2019identifier les prestataires (h\u00e9bergeurs, sites de visites ou de loisirs, loueurs\/r\u00e9parateurs de v\u00e9lo, offices de tourisme) proposant des services adapt\u00e9s \u00e0 la pratique du tourisme \u00e0 v\u00e9lo, et situ\u00e9s \u00e0 moins de 5 km d\u2019un itin\u00e9raire cyclable balis\u00e9. Existant depuis 2012, ce label est en plein essor.\u00a0Chaque \u00e9tablissement candidat \u00e0 l&rsquo;utilisation de la marque Accueil V\u00e9lo doit formuler une demande \u00e9crite par courriel) au Conseil D\u00e9partemental des Vosges (Armelle Barbi\u00e8re, Charg\u00e9e de mission au service Tourisme \u2013 a<a href=\"mailto:barbiere@vosges.fr\">barbiere@vosges.fr<\/a>).\u00a0Une visite de contr\u00f4le est ensuite r\u00e9alis\u00e9e par l&rsquo;organisme \u00e9valuateur, afin de v\u00e9rifier que l&rsquo;\u00e9tablissement candidat respecte les crit\u00e8res du r\u00e9f\u00e9rentiel de qualit\u00e9 Accueil V\u00e9lo de sa cat\u00e9gorie.<br \/>\n<\/span><\/span><\/p>\n\n","protected":false},"excerpt":{"rendered":"<p>William Mathis, vice-pr\u00e9sident du D\u00e9partement, en charge de la mobilit\u00e9, accompagn\u00e9 notamment de Val\u00e9rie Jankowski, conseill\u00e8re d\u00e9partementale du canton de [&hellip;]<\/p>\n","protected":false},"author":407,"featured_media":46785,"comment_status":"open","ping_status":"open","sticky":false,"template":"","format":"standard","meta":{"footnotes":""},"categories":[26,1556,35,14],"tags":[274,309,44,1413,32],"class_list":["post-46784","post","type-post","status-publish","format-standard","has-post-thumbnail","hentry","category-a-la-une","category-remiremont-remiremont-son-canton-2","category-remiremont-son-canton","category-sport","tag-conseil-departemental","tag-label","tag-remiremont","tag-velo","tag-vosges"],"acf":[],"yoast_head":"<!-- This site is optimized with the Yoast SEO plugin v22.5 - https:\/\/yoast.com\/wordpress\/plugins\/seo\/ -->\n<title>Remiremont : le label \u00ab Accueil V\u00e9lo \u00bb remis \u00e0 4 \u00e9tablissements vosgiens - Remiremont Info<\/title>\n<meta name=\"robots\" content=\"index, follow, max-snippet:-1, max-image-preview:large, max-video-preview:-1\" \/>\n<link rel=\"canonical\" href=\"https:\/\/vosgesinfo.fr\/remiremontinfo\/2021\/10\/remiremont-label-accueil-velo-remis-a-4-etablissements-vosgiens\/\" \/>\n<meta name=\"twitter:card\" content=\"summary_large_image\" \/>\n<meta name=\"twitter:title\" content=\"Remiremont : le label \u00ab Accueil V\u00e9lo \u00bb remis \u00e0 4 \u00e9tablissements vosgiens - Remiremont Info\" \/>\n<meta name=\"twitter:description\" content=\"William Mathis, vice-pr\u00e9sident du D\u00e9partement, en charge de la mobilit\u00e9, accompagn\u00e9 notamment de Val\u00e9rie Jankowski, conseill\u00e8re d\u00e9partementale du canton de [&hellip;]\" \/>\n<meta name=\"twitter:image\" content=\"https:\/\/vosgesinfo.fr\/app\/uploads\/sites\/5\/2024\/09\/202110dsc-0441.jpg\" \/>\n<meta name=\"twitter:creator\" content=\"@VosgesInfo88\" \/>\n<meta name=\"twitter:site\" content=\"@VosgesInfo88\" \/>\n<meta name=\"twitter:label1\" content=\"\u00c9crit par\" \/>\n\t<meta name=\"twitter:data1\" content=\"C D\" \/>\n\t<meta name=\"twitter:label2\" content=\"Dur\u00e9e de lecture estim\u00e9e\" \/>\n\t<meta name=\"twitter:data2\" content=\"2 minutes\" \/>\n<script type=\"application\/ld+json\" class=\"yoast-schema-graph\">{\"@context\":\"https:\/\/schema.org\",\"@graph\":[{\"@type\":\"Article\",\"@id\":\"https:\/\/vosgesinfo.fr\/remiremontinfo\/2021\/10\/remiremont-label-accueil-velo-remis-a-4-etablissements-vosgiens\/#article\",\"isPartOf\":{\"@id\":\"https:\/\/vosgesinfo.fr\/remiremontinfo\/2021\/10\/remiremont-label-accueil-velo-remis-a-4-etablissements-vosgiens\/\"},\"author\":{\"name\":\"C D\",\"@id\":\"https:\/\/vosgesinfo.fr\/remiremontinfo\/#\/schema\/person\/3bfd164d5218a185b1db68655a265316\"},\"headline\":\"Remiremont : le label \u00ab Accueil V\u00e9lo \u00bb remis \u00e0 4 \u00e9tablissements vosgiens\",\"datePublished\":\"2021-10-01T06:39:34+00:00\",\"dateModified\":\"2021-10-01T06:39:34+00:00\",\"mainEntityOfPage\":{\"@id\":\"https:\/\/vosgesinfo.fr\/remiremontinfo\/2021\/10\/remiremont-label-accueil-velo-remis-a-4-etablissements-vosgiens\/\"},\"wordCount\":419,\"commentCount\":0,\"publisher\":{\"@id\":\"https:\/\/vosgesinfo.fr\/remiremontinfo\/#organization\"},\"image\":{\"@id\":\"https:\/\/vosgesinfo.fr\/remiremontinfo\/2021\/10\/remiremont-label-accueil-velo-remis-a-4-etablissements-vosgiens\/#primaryimage\"},\"thumbnailUrl\":\"https:\/\/vosgesinfo.fr\/app\/uploads\/sites\/5\/2024\/09\/202110dsc-0441.jpg\",\"keywords\":[\"Conseil d\u00e9partemental\",\"label\",\"remiremont\",\"V\u00e9lo\",\"Vosges\"],\"articleSection\":[\"A la Une\",\"Remiremont\",\"Remiremont &amp; son canton\",\"Sport\"],\"inLanguage\":\"fr-FR\",\"potentialAction\":[{\"@type\":\"CommentAction\",\"name\":\"Comment\",\"target\":[\"https:\/\/vosgesinfo.fr\/remiremontinfo\/2021\/10\/remiremont-label-accueil-velo-remis-a-4-etablissements-vosgiens\/#respond\"]}]},{\"@type\":\"WebPage\",\"@id\":\"https:\/\/vosgesinfo.fr\/remiremontinfo\/2021\/10\/remiremont-label-accueil-velo-remis-a-4-etablissements-vosgiens\/\",\"url\":\"https:\/\/vosgesinfo.fr\/remiremontinfo\/2021\/10\/remiremont-label-accueil-velo-remis-a-4-etablissements-vosgiens\/\",\"name\":\"Remiremont : le label \u00ab Accueil V\u00e9lo \u00bb remis \u00e0 4 \u00e9tablissements vosgiens - Remiremont Info\",\"isPartOf\":{\"@id\":\"https:\/\/vosgesinfo.fr\/remiremontinfo\/#website\"},\"primaryImageOfPage\":{\"@id\":\"https:\/\/vosgesinfo.fr\/remiremontinfo\/2021\/10\/remiremont-label-accueil-velo-remis-a-4-etablissements-vosgiens\/#primaryimage\"},\"image\":{\"@id\":\"https:\/\/vosgesinfo.fr\/remiremontinfo\/2021\/10\/remiremont-label-accueil-velo-remis-a-4-etablissements-vosgiens\/#primaryimage\"},\"thumbnailUrl\":\"https:\/\/vosgesinfo.fr\/app\/uploads\/sites\/5\/2024\/09\/202110dsc-0441.jpg\",\"datePublished\":\"2021-10-01T06:39:34+00:00\",\"dateModified\":\"2021-10-01T06:39:34+00:00\",\"breadcrumb\":{\"@id\":\"https:\/\/vosgesinfo.fr\/remiremontinfo\/2021\/10\/remiremont-label-accueil-velo-remis-a-4-etablissements-vosgiens\/#breadcrumb\"},\"inLanguage\":\"fr-FR\",\"potentialAction\":[{\"@type\":\"ReadAction\",\"target\":[\"https:\/\/vosgesinfo.fr\/remiremontinfo\/2021\/10\/remiremont-label-accueil-velo-remis-a-4-etablissements-vosgiens\/\"]}]},{\"@type\":\"ImageObject\",\"inLanguage\":\"fr-FR\",\"@id\":\"https:\/\/vosgesinfo.fr\/remiremontinfo\/2021\/10\/remiremont-label-accueil-velo-remis-a-4-etablissements-vosgiens\/#primaryimage\",\"url\":\"https:\/\/vosgesinfo.fr\/app\/uploads\/sites\/5\/2024\/09\/202110dsc-0441.jpg\",\"contentUrl\":\"https:\/\/vosgesinfo.fr\/app\/uploads\/sites\/5\/2024\/09\/202110dsc-0441.jpg\",\"width\":800,\"height\":575},{\"@type\":\"BreadcrumbList\",\"@id\":\"https:\/\/vosgesinfo.fr\/remiremontinfo\/2021\/10\/remiremont-label-accueil-velo-remis-a-4-etablissements-vosgiens\/#breadcrumb\",\"itemListElement\":[{\"@type\":\"ListItem\",\"position\":1,\"name\":\"Home\",\"item\":\"https:\/\/vosgesinfo.fr\/remiremontinfo\/\"},{\"@type\":\"ListItem\",\"position\":2,\"name\":\"Remiremont : le label \u00ab Accueil V\u00e9lo \u00bb remis \u00e0 4 \u00e9tablissements vosgiens\"}]},{\"@type\":\"WebSite\",\"@id\":\"https:\/\/vosgesinfo.fr\/remiremontinfo\/#website\",\"url\":\"https:\/\/vosgesinfo.fr\/remiremontinfo\/\",\"name\":\"Remiremont Info\",\"description\":\"Toute l&#039;actualit\u00e9 de Remiremont\",\"publisher\":{\"@id\":\"https:\/\/vosgesinfo.fr\/remiremontinfo\/#organization\"},\"alternateName\":\"Toute l'actualit\u00e9 de Remiremont\",\"potentialAction\":[{\"@type\":\"SearchAction\",\"target\":{\"@type\":\"EntryPoint\",\"urlTemplate\":\"https:\/\/vosgesinfo.fr\/remiremontinfo\/?s={search_term_string}\"},\"query-input\":\"required name=search_term_string\"}],\"inLanguage\":\"fr-FR\"},{\"@type\":\"Organization\",\"@id\":\"https:\/\/vosgesinfo.fr\/remiremontinfo\/#organization\",\"name\":\"Remiremont Info\",\"url\":\"https:\/\/vosgesinfo.fr\/remiremontinfo\/\",\"logo\":{\"@type\":\"ImageObject\",\"inLanguage\":\"fr-FR\",\"@id\":\"https:\/\/vosgesinfo.fr\/remiremontinfo\/#\/schema\/logo\/image\/\",\"url\":\"https:\/\/vosgesinfo.fr\/app\/uploads\/sites\/5\/2023\/08\/favicon-remiremontinfo.png\",\"contentUrl\":\"https:\/\/vosgesinfo.fr\/app\/uploads\/sites\/5\/2023\/08\/favicon-remiremontinfo.png\",\"width\":512,\"height\":512,\"caption\":\"Remiremont Info\"},\"image\":{\"@id\":\"https:\/\/vosgesinfo.fr\/remiremontinfo\/#\/schema\/logo\/image\/\"},\"sameAs\":[\"https:\/\/www.facebook.com\/remiremontinfo\",\"https:\/\/x.com\/VosgesInfo88\",\"https:\/\/www.youtube.com\/@vosgesinfo\"]},{\"@type\":\"Person\",\"@id\":\"https:\/\/vosgesinfo.fr\/remiremontinfo\/#\/schema\/person\/3bfd164d5218a185b1db68655a265316\",\"name\":\"C D\",\"image\":{\"@type\":\"ImageObject\",\"inLanguage\":\"fr-FR\",\"@id\":\"https:\/\/vosgesinfo.fr\/remiremontinfo\/#\/schema\/person\/image\/\",\"url\":\"https:\/\/secure.gravatar.com\/avatar\/1f9a70007336511a47468b8f1c66f922b8b7cf617b02a31149ada43893a5d48f?s=96&d=mm&r=g\",\"contentUrl\":\"https:\/\/secure.gravatar.com\/avatar\/1f9a70007336511a47468b8f1c66f922b8b7cf617b02a31149ada43893a5d48f?s=96&d=mm&r=g\",\"caption\":\"C D\"},\"url\":\"https:\/\/vosgesinfo.fr\/remiremontinfo\/author\/cedric-drevet\/\"}]}<\/script>\n<!-- \/ Yoast SEO plugin. -->","yoast_head_json":{"title":"Remiremont : le label \u00ab Accueil V\u00e9lo \u00bb remis \u00e0 4 \u00e9tablissements vosgiens - Remiremont Info","robots":{"index":"index","follow":"follow","max-snippet":"max-snippet:-1","max-image-preview":"max-image-preview:large","max-video-preview":"max-video-preview:-1"},"canonical":"https:\/\/vosgesinfo.fr\/remiremontinfo\/2021\/10\/remiremont-label-accueil-velo-remis-a-4-etablissements-vosgiens\/","twitter_card":"summary_large_image","twitter_title":"Remiremont : le label \u00ab Accueil V\u00e9lo \u00bb remis \u00e0 4 \u00e9tablissements vosgiens - Remiremont Info","twitter_description":"William Mathis, vice-pr\u00e9sident du D\u00e9partement, en charge de la mobilit\u00e9, accompagn\u00e9 notamment de Val\u00e9rie Jankowski, conseill\u00e8re d\u00e9partementale du canton de [&hellip;]","twitter_image":"https:\/\/vosgesinfo.fr\/app\/uploads\/sites\/5\/2024\/09\/202110dsc-0441.jpg","twitter_creator":"@VosgesInfo88","twitter_site":"@VosgesInfo88","twitter_misc":{"\u00c9crit par":"C D","Dur\u00e9e de lecture estim\u00e9e":"2 minutes"},"schema":{"@context":"https:\/\/schema.org","@graph":[{"@type":"Article","@id":"https:\/\/vosgesinfo.fr\/remiremontinfo\/2021\/10\/remiremont-label-accueil-velo-remis-a-4-etablissements-vosgiens\/#article","isPartOf":{"@id":"https:\/\/vosgesinfo.fr\/remiremontinfo\/2021\/10\/remiremont-label-accueil-velo-remis-a-4-etablissements-vosgiens\/"},"author":{"name":"C D","@id":"https:\/\/vosgesinfo.fr\/remiremontinfo\/#\/schema\/person\/3bfd164d5218a185b1db68655a265316"},"headline":"Remiremont : le label \u00ab Accueil V\u00e9lo \u00bb remis \u00e0 4 \u00e9tablissements vosgiens","datePublished":"2021-10-01T06:39:34+00:00","dateModified":"2021-10-01T06:39:34+00:00","mainEntityOfPage":{"@id":"https:\/\/vosgesinfo.fr\/remiremontinfo\/2021\/10\/remiremont-label-accueil-velo-remis-a-4-etablissements-vosgiens\/"},"wordCount":419,"commentCount":0,"publisher":{"@id":"https:\/\/vosgesinfo.fr\/remiremontinfo\/#organization"},"image":{"@id":"https:\/\/vosgesinfo.fr\/remiremontinfo\/2021\/10\/remiremont-label-accueil-velo-remis-a-4-etablissements-vosgiens\/#primaryimage"},"thumbnailUrl":"https:\/\/vosgesinfo.fr\/app\/uploads\/sites\/5\/2024\/09\/202110dsc-0441.jpg","keywords":["Conseil d\u00e9partemental","label","remiremont","V\u00e9lo","Vosges"],"articleSection":["A la Une","Remiremont","Remiremont &amp; son canton","Sport"],"inLanguage":"fr-FR","potentialAction":[{"@type":"CommentAction","name":"Comment","target":["https:\/\/vosgesinfo.fr\/remiremontinfo\/2021\/10\/remiremont-label-accueil-velo-remis-a-4-etablissements-vosgiens\/#respond"]}]},{"@type":"WebPage","@id":"https:\/\/vosgesinfo.fr\/remiremontinfo\/2021\/10\/remiremont-label-accueil-velo-remis-a-4-etablissements-vosgiens\/","url":"https:\/\/vosgesinfo.fr\/remiremontinfo\/2021\/10\/remiremont-label-accueil-velo-remis-a-4-etablissements-vosgiens\/","name":"Remiremont : le label \u00ab Accueil V\u00e9lo \u00bb remis \u00e0 4 \u00e9tablissements vosgiens - Remiremont Info","isPartOf":{"@id":"https:\/\/vosgesinfo.fr\/remiremontinfo\/#website"},"primaryImageOfPage":{"@id":"https:\/\/vosgesinfo.fr\/remiremontinfo\/2021\/10\/remiremont-label-accueil-velo-remis-a-4-etablissements-vosgiens\/#primaryimage"},"image":{"@id":"https:\/\/vosgesinfo.fr\/remiremontinfo\/2021\/10\/remiremont-label-accueil-velo-remis-a-4-etablissements-vosgiens\/#primaryimage"},"thumbnailUrl":"https:\/\/vosgesinfo.fr\/app\/uploads\/sites\/5\/2024\/09\/202110dsc-0441.jpg","datePublished":"2021-10-01T06:39:34+00:00","dateModified":"2021-10-01T06:39:34+00:00","breadcrumb":{"@id":"https:\/\/vosgesinfo.fr\/remiremontinfo\/2021\/10\/remiremont-label-accueil-velo-remis-a-4-etablissements-vosgiens\/#breadcrumb"},"inLanguage":"fr-FR","potentialAction":[{"@type":"ReadAction","target":["https:\/\/vosgesinfo.fr\/remiremontinfo\/2021\/10\/remiremont-label-accueil-velo-remis-a-4-etablissements-vosgiens\/"]}]},{"@type":"ImageObject","inLanguage":"fr-FR","@id":"https:\/\/vosgesinfo.fr\/remiremontinfo\/2021\/10\/remiremont-label-accueil-velo-remis-a-4-etablissements-vosgiens\/#primaryimage","url":"https:\/\/vosgesinfo.fr\/app\/uploads\/sites\/5\/2024\/09\/202110dsc-0441.jpg","contentUrl":"https:\/\/vosgesinfo.fr\/app\/uploads\/sites\/5\/2024\/09\/202110dsc-0441.jpg","width":800,"height":575},{"@type":"BreadcrumbList","@id":"https:\/\/vosgesinfo.fr\/remiremontinfo\/2021\/10\/remiremont-label-accueil-velo-remis-a-4-etablissements-vosgiens\/#breadcrumb","itemListElement":[{"@type":"ListItem","position":1,"name":"Home","item":"https:\/\/vosgesinfo.fr\/remiremontinfo\/"},{"@type":"ListItem","position":2,"name":"Remiremont : le label \u00ab Accueil V\u00e9lo \u00bb remis \u00e0 4 \u00e9tablissements vosgiens"}]},{"@type":"WebSite","@id":"https:\/\/vosgesinfo.fr\/remiremontinfo\/#website","url":"https:\/\/vosgesinfo.fr\/remiremontinfo\/","name":"Remiremont Info","description":"Toute l&#039;actualit\u00e9 de Remiremont","publisher":{"@id":"https:\/\/vosgesinfo.fr\/remiremontinfo\/#organization"},"alternateName":"Toute l'actualit\u00e9 de Remiremont","potentialAction":[{"@type":"SearchAction","target":{"@type":"EntryPoint","urlTemplate":"https:\/\/vosgesinfo.fr\/remiremontinfo\/?s={search_term_string}"},"query-input":"required name=search_term_string"}],"inLanguage":"fr-FR"},{"@type":"Organization","@id":"https:\/\/vosgesinfo.fr\/remiremontinfo\/#organization","name":"Remiremont Info","url":"https:\/\/vosgesinfo.fr\/remiremontinfo\/","logo":{"@type":"ImageObject","inLanguage":"fr-FR","@id":"https:\/\/vosgesinfo.fr\/remiremontinfo\/#\/schema\/logo\/image\/","url":"https:\/\/vosgesinfo.fr\/app\/uploads\/sites\/5\/2023\/08\/favicon-remiremontinfo.png","contentUrl":"https:\/\/vosgesinfo.fr\/app\/uploads\/sites\/5\/2023\/08\/favicon-remiremontinfo.png","width":512,"height":512,"caption":"Remiremont Info"},"image":{"@id":"https:\/\/vosgesinfo.fr\/remiremontinfo\/#\/schema\/logo\/image\/"},"sameAs":["https:\/\/www.facebook.com\/remiremontinfo","https:\/\/x.com\/VosgesInfo88","https:\/\/www.youtube.com\/@vosgesinfo"]},{"@type":"Person","@id":"https:\/\/vosgesinfo.fr\/remiremontinfo\/#\/schema\/person\/3bfd164d5218a185b1db68655a265316","name":"C D","image":{"@type":"ImageObject","inLanguage":"fr-FR","@id":"https:\/\/vosgesinfo.fr\/remiremontinfo\/#\/schema\/person\/image\/","url":"https:\/\/secure.gravatar.com\/avatar\/1f9a70007336511a47468b8f1c66f922b8b7cf617b02a31149ada43893a5d48f?s=96&d=mm&r=g","contentUrl":"https:\/\/secure.gravatar.com\/avatar\/1f9a70007336511a47468b8f1c66f922b8b7cf617b02a31149ada43893a5d48f?s=96&d=mm&r=g","caption":"C D"},"url":"https:\/\/vosgesinfo.fr\/remiremontinfo\/author\/cedric-drevet\/"}]}},"_links":{"self":[{"href":"https:\/\/vosgesinfo.fr\/remiremontinfo\/wp-json\/wp\/v2\/posts\/46784","targetHints":{"allow":["GET"]}}],"collection":[{"href":"https:\/\/vosgesinfo.fr\/remiremontinfo\/wp-json\/wp\/v2\/posts"}],"about":[{"href":"https:\/\/vosgesinfo.fr\/remiremontinfo\/wp-json\/wp\/v2\/types\/post"}],"author":[{"embeddable":true,"href":"https:\/\/vosgesinfo.fr\/remiremontinfo\/wp-json\/wp\/v2\/users\/407"}],"replies":[{"embeddable":true,"href":"https:\/\/vosgesinfo.fr\/remiremontinfo\/wp-json\/wp\/v2\/comments?post=46784"}],"version-history":[{"count":0,"href":"https:\/\/vosgesinfo.fr\/remiremontinfo\/wp-json\/wp\/v2\/posts\/46784\/revisions"}],"wp:featuredmedia":[{"embeddable":true,"href":"https:\/\/vosgesinfo.fr\/remiremontinfo\/wp-json\/wp\/v2\/media\/46785"}],"wp:attachment":[{"href":"https:\/\/vosgesinfo.fr\/remiremontinfo\/wp-json\/wp\/v2\/media?parent=46784"}],"wp:term":[{"taxonomy":"category","embeddable":true,"href":"https:\/\/vosgesinfo.fr\/remiremontinfo\/wp-json\/wp\/v2\/categories?post=46784"},{"taxonomy":"post_tag","embeddable":true,"href":"https:\/\/vosgesinfo.fr\/remiremontinfo\/wp-json\/wp\/v2\/tags?post=46784"}],"curies":[{"name":"wp","href":"https:\/\/api.w.org\/{rel}","templated":true}]}}