{"id":47042,"date":"2021-10-05T07:53:01","date_gmt":"2021-10-05T05:53:01","guid":{"rendered":"https:\/\/vosgesinfo.fr\/remiremontinfo\/2021\/10\/rupt-moselle-26eme-exposition-de-peintures-sculptures-aura-lieu-week-end-prochain\/"},"modified":"2021-10-05T07:53:01","modified_gmt":"2021-10-05T05:53:01","slug":"rupt-moselle-26eme-exposition-de-peintures-sculptures-aura-lieu-week-end-prochain","status":"publish","type":"post","link":"https:\/\/vosgesinfo.fr\/remiremontinfo\/2021\/10\/rupt-moselle-26eme-exposition-de-peintures-sculptures-aura-lieu-week-end-prochain\/","title":{"rendered":"Rupt-sur-Moselle : la 26\u00e8me exposition de peintures et sculptures aura lieu le week-end prochain"},"content":{"rendered":"<p><a href=\"\/2021\/10\/DSC_05351.jpg\"><img decoding=\"async\" class=\"alignnone size-full wp-image-328339\" src=\"\/2021\/10\/DSC_05351.jpg\" alt=\"DSC_05351\" width=\"800\" height=\"532\" \/><\/a><\/p>\n<p><span style=\"font-size: 10pt;\"><em><a href=\"https:\/\/remiremontinfo.fr\/2021\/07\/evodia-lance-lexpo-dernier-tri\/\">Photo d&rsquo;archive<\/a>, exposition \u00ab\u00a0Dernier Tri\u00a0\u00bb\u00a0<\/em><\/span><\/p>\n<h2 class=\"western\"><span style=\"font-size: 12pt;\"><strong><span style=\"font-family: 'Liberation Serif', serif;\">La 26\u00e8me exposition de peintures et de sculptures aura lieu\u00a0<\/span><span style=\"font-family: 'Liberation Serif', serif;\">le s<\/span><span style=\"font-family: 'Liberation Serif', serif;\">amedi 9 octobre de 14h \u00e0 17h\u00a0<\/span><span style=\"font-family: 'Liberation Serif', serif;\">et le d<\/span><span style=\"font-family: 'Liberation Serif', serif;\">imanche 10 octobre de 10h \u00e0 12h et de 14h \u00e0 18h\u00a0<\/span><span style=\"font-family: 'Liberation Serif', serif;\">a<\/span><span style=\"font-family: 'Liberation Serif', serif;\">u centre\u00a0<\/span><span style=\"font-family: 'Liberation Serif', serif;\">s<\/span><span style=\"font-family: 'Liberation Serif', serif;\">ocio-culturel\u00a0<\/span><span style=\"font-family: 'Liberation Serif', serif;\">de Rupt-sur-Moselle.\u00a0<\/span><span style=\"font-family: 'Liberation Serif', serif;\">Dans le cadre de cet \u00e9v\u00e8nement, l&rsquo;exposition \u00ab\u00a0Dernier Tri\u00a0\u00bb de \u00c9vodia sera pr\u00e9sent\u00e9e lors de l&rsquo;exposition de peintures puis du 9 au 14 octobre de 10h \u00e0 12h et de 14h \u00e0 17h.\u00a0<\/span><\/strong><\/span><\/h2>\n<p class=\"western\"><span style=\"font-size: 12pt;\"><span style=\"font-family: 'Liberation Serif', serif;\">Afin d\u2019aller plus loin dans la sensibilisation des Vosgiens aux nouvelles consignes de tri, Evodia a choisi le prisme original des arts et de la culture. Pendant deux mois, six artistes originaires du Grand-Est ont travaill\u00e9 \u00e0 la r\u00e9alisation de 10 \u0153uvres \u00e0 partir des nouvelles mati\u00e8res plastiques recyclables. Les \u0153uvres\u00a0<\/span><span style=\"font-family: 'Liberation Serif', serif;\">font\u00a0<\/span><span style=\"font-family: 'Liberation Serif', serif;\">une tourn\u00e9e d\u00e9partementale jusqu\u2019\u00e0 la fin de l\u2019ann\u00e9e. \u00ab Le tri des d\u00e9chets est un sujet qui est ancr\u00e9 dans le quotidien des habitants mais n\u2019est toutefois pas un sujet de pr\u00e9dilection \u00bb, affirme Patrick Lagarde, pr\u00e9sident d\u2019Evodia. \u00ab Il est donc essentiel d\u2019int\u00e9grer l\u2019art dans le discours p\u00e9dagogique pour obtenir une nouvelle approche quant au changement de comportement li\u00e9 \u00e0 l\u2019environnement\u00a0\u00bb.<\/span><\/span><\/p>\n","protected":false},"excerpt":{"rendered":"<p>Photo d&rsquo;archive, exposition \u00ab\u00a0Dernier Tri\u00a0\u00bb\u00a0 La 26\u00e8me exposition de peintures et de sculptures aura lieu\u00a0le samedi 9 octobre de 14h [&hellip;]<\/p>\n","protected":false},"author":407,"featured_media":47043,"comment_status":"open","ping_status":"open","sticky":false,"template":"","format":"standard","meta":{"footnotes":""},"categories":[26,4,37,250],"tags":[383,41,2663,1015,2155,310,2104],"class_list":["post-47042","post","type-post","status-publish","format-standard","has-post-thumbnail","hentry","category-a-la-une","category-culture","category-le-thillot-son-canton","category-rupt-sur-moselle","tag-art","tag-culture","tag-dernier-tri","tag-evodia","tag-peinture","tag-rupt-sur-moselle","tag-sculpture"],"acf":[],"yoast_head":"<!-- This site is optimized with the Yoast SEO plugin v22.5 - https:\/\/yoast.com\/wordpress\/plugins\/seo\/ -->\n<title>Rupt-sur-Moselle : la 26\u00e8me exposition de peintures et sculptures aura lieu le week-end prochain - Remiremont Info<\/title>\n<meta name=\"robots\" content=\"index, follow, max-snippet:-1, max-image-preview:large, max-video-preview:-1\" \/>\n<link rel=\"canonical\" href=\"https:\/\/vosgesinfo.fr\/remiremontinfo\/2021\/10\/rupt-moselle-26eme-exposition-de-peintures-sculptures-aura-lieu-week-end-prochain\/\" \/>\n<meta name=\"twitter:card\" content=\"summary_large_image\" \/>\n<meta name=\"twitter:title\" content=\"Rupt-sur-Moselle : la 26\u00e8me exposition de peintures et sculptures aura lieu le week-end prochain - Remiremont Info\" \/>\n<meta name=\"twitter:description\" content=\"Photo d&rsquo;archive, exposition \u00ab\u00a0Dernier Tri\u00a0\u00bb\u00a0 La 26\u00e8me exposition de peintures et de sculptures aura lieu\u00a0le samedi 9 octobre de 14h [&hellip;]\" \/>\n<meta name=\"twitter:image\" content=\"https:\/\/vosgesinfo.fr\/app\/uploads\/sites\/5\/2024\/09\/202110dsc-053511.jpg\" \/>\n<meta name=\"twitter:creator\" content=\"@VosgesInfo88\" \/>\n<meta name=\"twitter:site\" content=\"@VosgesInfo88\" \/>\n<meta name=\"twitter:label1\" content=\"\u00c9crit par\" \/>\n\t<meta name=\"twitter:data1\" content=\"C D\" \/>\n\t<meta name=\"twitter:label2\" content=\"Dur\u00e9e de lecture estim\u00e9e\" \/>\n\t<meta name=\"twitter:data2\" content=\"1 minute\" \/>\n<script type=\"application\/ld+json\" class=\"yoast-schema-graph\">{\"@context\":\"https:\/\/schema.org\",\"@graph\":[{\"@type\":\"Article\",\"@id\":\"https:\/\/vosgesinfo.fr\/remiremontinfo\/2021\/10\/rupt-moselle-26eme-exposition-de-peintures-sculptures-aura-lieu-week-end-prochain\/#article\",\"isPartOf\":{\"@id\":\"https:\/\/vosgesinfo.fr\/remiremontinfo\/2021\/10\/rupt-moselle-26eme-exposition-de-peintures-sculptures-aura-lieu-week-end-prochain\/\"},\"author\":{\"name\":\"C D\",\"@id\":\"https:\/\/vosgesinfo.fr\/remiremontinfo\/#\/schema\/person\/3bfd164d5218a185b1db68655a265316\"},\"headline\":\"Rupt-sur-Moselle : la 26\u00e8me exposition de peintures et sculptures aura lieu le week-end prochain\",\"datePublished\":\"2021-10-05T05:53:01+00:00\",\"dateModified\":\"2021-10-05T05:53:01+00:00\",\"mainEntityOfPage\":{\"@id\":\"https:\/\/vosgesinfo.fr\/remiremontinfo\/2021\/10\/rupt-moselle-26eme-exposition-de-peintures-sculptures-aura-lieu-week-end-prochain\/\"},\"wordCount\":213,\"commentCount\":0,\"publisher\":{\"@id\":\"https:\/\/vosgesinfo.fr\/remiremontinfo\/#organization\"},\"image\":{\"@id\":\"https:\/\/vosgesinfo.fr\/remiremontinfo\/2021\/10\/rupt-moselle-26eme-exposition-de-peintures-sculptures-aura-lieu-week-end-prochain\/#primaryimage\"},\"thumbnailUrl\":\"https:\/\/vosgesinfo.fr\/app\/uploads\/sites\/5\/2024\/09\/202110dsc-053511.jpg\",\"keywords\":[\"art\",\"culture\",\"dernier tri\",\"Evodia\",\"peinture\",\"rupt-sur-moselle\",\"sculpture\"],\"articleSection\":[\"A la Une\",\"Culture\",\"Le Thillot &amp; son canton\",\"Rupt-Sur-Moselle\"],\"inLanguage\":\"fr-FR\",\"potentialAction\":[{\"@type\":\"CommentAction\",\"name\":\"Comment\",\"target\":[\"https:\/\/vosgesinfo.fr\/remiremontinfo\/2021\/10\/rupt-moselle-26eme-exposition-de-peintures-sculptures-aura-lieu-week-end-prochain\/#respond\"]}]},{\"@type\":\"WebPage\",\"@id\":\"https:\/\/vosgesinfo.fr\/remiremontinfo\/2021\/10\/rupt-moselle-26eme-exposition-de-peintures-sculptures-aura-lieu-week-end-prochain\/\",\"url\":\"https:\/\/vosgesinfo.fr\/remiremontinfo\/2021\/10\/rupt-moselle-26eme-exposition-de-peintures-sculptures-aura-lieu-week-end-prochain\/\",\"name\":\"Rupt-sur-Moselle : la 26\u00e8me exposition de peintures et sculptures aura lieu le week-end prochain - Remiremont Info\",\"isPartOf\":{\"@id\":\"https:\/\/vosgesinfo.fr\/remiremontinfo\/#website\"},\"primaryImageOfPage\":{\"@id\":\"https:\/\/vosgesinfo.fr\/remiremontinfo\/2021\/10\/rupt-moselle-26eme-exposition-de-peintures-sculptures-aura-lieu-week-end-prochain\/#primaryimage\"},\"image\":{\"@id\":\"https:\/\/vosgesinfo.fr\/remiremontinfo\/2021\/10\/rupt-moselle-26eme-exposition-de-peintures-sculptures-aura-lieu-week-end-prochain\/#primaryimage\"},\"thumbnailUrl\":\"https:\/\/vosgesinfo.fr\/app\/uploads\/sites\/5\/2024\/09\/202110dsc-053511.jpg\",\"datePublished\":\"2021-10-05T05:53:01+00:00\",\"dateModified\":\"2021-10-05T05:53:01+00:00\",\"breadcrumb\":{\"@id\":\"https:\/\/vosgesinfo.fr\/remiremontinfo\/2021\/10\/rupt-moselle-26eme-exposition-de-peintures-sculptures-aura-lieu-week-end-prochain\/#breadcrumb\"},\"inLanguage\":\"fr-FR\",\"potentialAction\":[{\"@type\":\"ReadAction\",\"target\":[\"https:\/\/vosgesinfo.fr\/remiremontinfo\/2021\/10\/rupt-moselle-26eme-exposition-de-peintures-sculptures-aura-lieu-week-end-prochain\/\"]}]},{\"@type\":\"ImageObject\",\"inLanguage\":\"fr-FR\",\"@id\":\"https:\/\/vosgesinfo.fr\/remiremontinfo\/2021\/10\/rupt-moselle-26eme-exposition-de-peintures-sculptures-aura-lieu-week-end-prochain\/#primaryimage\",\"url\":\"https:\/\/vosgesinfo.fr\/app\/uploads\/sites\/5\/2024\/09\/202110dsc-053511.jpg\",\"contentUrl\":\"https:\/\/vosgesinfo.fr\/app\/uploads\/sites\/5\/2024\/09\/202110dsc-053511.jpg\",\"width\":800,\"height\":532},{\"@type\":\"BreadcrumbList\",\"@id\":\"https:\/\/vosgesinfo.fr\/remiremontinfo\/2021\/10\/rupt-moselle-26eme-exposition-de-peintures-sculptures-aura-lieu-week-end-prochain\/#breadcrumb\",\"itemListElement\":[{\"@type\":\"ListItem\",\"position\":1,\"name\":\"Home\",\"item\":\"https:\/\/vosgesinfo.fr\/remiremontinfo\/\"},{\"@type\":\"ListItem\",\"position\":2,\"name\":\"Rupt-sur-Moselle : la 26\u00e8me exposition de peintures et sculptures aura lieu le week-end prochain\"}]},{\"@type\":\"WebSite\",\"@id\":\"https:\/\/vosgesinfo.fr\/remiremontinfo\/#website\",\"url\":\"https:\/\/vosgesinfo.fr\/remiremontinfo\/\",\"name\":\"Remiremont Info\",\"description\":\"Toute l&#039;actualit\u00e9 de Remiremont\",\"publisher\":{\"@id\":\"https:\/\/vosgesinfo.fr\/remiremontinfo\/#organization\"},\"alternateName\":\"Toute l'actualit\u00e9 de Remiremont\",\"potentialAction\":[{\"@type\":\"SearchAction\",\"target\":{\"@type\":\"EntryPoint\",\"urlTemplate\":\"https:\/\/vosgesinfo.fr\/remiremontinfo\/?s={search_term_string}\"},\"query-input\":\"required name=search_term_string\"}],\"inLanguage\":\"fr-FR\"},{\"@type\":\"Organization\",\"@id\":\"https:\/\/vosgesinfo.fr\/remiremontinfo\/#organization\",\"name\":\"Remiremont Info\",\"url\":\"https:\/\/vosgesinfo.fr\/remiremontinfo\/\",\"logo\":{\"@type\":\"ImageObject\",\"inLanguage\":\"fr-FR\",\"@id\":\"https:\/\/vosgesinfo.fr\/remiremontinfo\/#\/schema\/logo\/image\/\",\"url\":\"https:\/\/vosgesinfo.fr\/app\/uploads\/sites\/5\/2023\/08\/favicon-remiremontinfo.png\",\"contentUrl\":\"https:\/\/vosgesinfo.fr\/app\/uploads\/sites\/5\/2023\/08\/favicon-remiremontinfo.png\",\"width\":512,\"height\":512,\"caption\":\"Remiremont Info\"},\"image\":{\"@id\":\"https:\/\/vosgesinfo.fr\/remiremontinfo\/#\/schema\/logo\/image\/\"},\"sameAs\":[\"https:\/\/www.facebook.com\/remiremontinfo\",\"https:\/\/x.com\/VosgesInfo88\",\"https:\/\/www.youtube.com\/@vosgesinfo\"]},{\"@type\":\"Person\",\"@id\":\"https:\/\/vosgesinfo.fr\/remiremontinfo\/#\/schema\/person\/3bfd164d5218a185b1db68655a265316\",\"name\":\"C D\",\"image\":{\"@type\":\"ImageObject\",\"inLanguage\":\"fr-FR\",\"@id\":\"https:\/\/vosgesinfo.fr\/remiremontinfo\/#\/schema\/person\/image\/\",\"url\":\"https:\/\/secure.gravatar.com\/avatar\/1f9a70007336511a47468b8f1c66f922b8b7cf617b02a31149ada43893a5d48f?s=96&d=mm&r=g\",\"contentUrl\":\"https:\/\/secure.gravatar.com\/avatar\/1f9a70007336511a47468b8f1c66f922b8b7cf617b02a31149ada43893a5d48f?s=96&d=mm&r=g\",\"caption\":\"C D\"},\"url\":\"https:\/\/vosgesinfo.fr\/remiremontinfo\/author\/cedric-drevet\/\"}]}<\/script>\n<!-- \/ Yoast SEO plugin. -->","yoast_head_json":{"title":"Rupt-sur-Moselle : la 26\u00e8me exposition de peintures et sculptures aura lieu le week-end prochain - Remiremont Info","robots":{"index":"index","follow":"follow","max-snippet":"max-snippet:-1","max-image-preview":"max-image-preview:large","max-video-preview":"max-video-preview:-1"},"canonical":"https:\/\/vosgesinfo.fr\/remiremontinfo\/2021\/10\/rupt-moselle-26eme-exposition-de-peintures-sculptures-aura-lieu-week-end-prochain\/","twitter_card":"summary_large_image","twitter_title":"Rupt-sur-Moselle : la 26\u00e8me exposition de peintures et sculptures aura lieu le week-end prochain - Remiremont Info","twitter_description":"Photo d&rsquo;archive, exposition \u00ab\u00a0Dernier Tri\u00a0\u00bb\u00a0 La 26\u00e8me exposition de peintures et de sculptures aura lieu\u00a0le samedi 9 octobre de 14h [&hellip;]","twitter_image":"https:\/\/vosgesinfo.fr\/app\/uploads\/sites\/5\/2024\/09\/202110dsc-053511.jpg","twitter_creator":"@VosgesInfo88","twitter_site":"@VosgesInfo88","twitter_misc":{"\u00c9crit par":"C D","Dur\u00e9e de lecture estim\u00e9e":"1 minute"},"schema":{"@context":"https:\/\/schema.org","@graph":[{"@type":"Article","@id":"https:\/\/vosgesinfo.fr\/remiremontinfo\/2021\/10\/rupt-moselle-26eme-exposition-de-peintures-sculptures-aura-lieu-week-end-prochain\/#article","isPartOf":{"@id":"https:\/\/vosgesinfo.fr\/remiremontinfo\/2021\/10\/rupt-moselle-26eme-exposition-de-peintures-sculptures-aura-lieu-week-end-prochain\/"},"author":{"name":"C D","@id":"https:\/\/vosgesinfo.fr\/remiremontinfo\/#\/schema\/person\/3bfd164d5218a185b1db68655a265316"},"headline":"Rupt-sur-Moselle : la 26\u00e8me exposition de peintures et sculptures aura lieu le week-end prochain","datePublished":"2021-10-05T05:53:01+00:00","dateModified":"2021-10-05T05:53:01+00:00","mainEntityOfPage":{"@id":"https:\/\/vosgesinfo.fr\/remiremontinfo\/2021\/10\/rupt-moselle-26eme-exposition-de-peintures-sculptures-aura-lieu-week-end-prochain\/"},"wordCount":213,"commentCount":0,"publisher":{"@id":"https:\/\/vosgesinfo.fr\/remiremontinfo\/#organization"},"image":{"@id":"https:\/\/vosgesinfo.fr\/remiremontinfo\/2021\/10\/rupt-moselle-26eme-exposition-de-peintures-sculptures-aura-lieu-week-end-prochain\/#primaryimage"},"thumbnailUrl":"https:\/\/vosgesinfo.fr\/app\/uploads\/sites\/5\/2024\/09\/202110dsc-053511.jpg","keywords":["art","culture","dernier tri","Evodia","peinture","rupt-sur-moselle","sculpture"],"articleSection":["A la Une","Culture","Le Thillot &amp; son canton","Rupt-Sur-Moselle"],"inLanguage":"fr-FR","potentialAction":[{"@type":"CommentAction","name":"Comment","target":["https:\/\/vosgesinfo.fr\/remiremontinfo\/2021\/10\/rupt-moselle-26eme-exposition-de-peintures-sculptures-aura-lieu-week-end-prochain\/#respond"]}]},{"@type":"WebPage","@id":"https:\/\/vosgesinfo.fr\/remiremontinfo\/2021\/10\/rupt-moselle-26eme-exposition-de-peintures-sculptures-aura-lieu-week-end-prochain\/","url":"https:\/\/vosgesinfo.fr\/remiremontinfo\/2021\/10\/rupt-moselle-26eme-exposition-de-peintures-sculptures-aura-lieu-week-end-prochain\/","name":"Rupt-sur-Moselle : la 26\u00e8me exposition de peintures et sculptures aura lieu le week-end prochain - Remiremont Info","isPartOf":{"@id":"https:\/\/vosgesinfo.fr\/remiremontinfo\/#website"},"primaryImageOfPage":{"@id":"https:\/\/vosgesinfo.fr\/remiremontinfo\/2021\/10\/rupt-moselle-26eme-exposition-de-peintures-sculptures-aura-lieu-week-end-prochain\/#primaryimage"},"image":{"@id":"https:\/\/vosgesinfo.fr\/remiremontinfo\/2021\/10\/rupt-moselle-26eme-exposition-de-peintures-sculptures-aura-lieu-week-end-prochain\/#primaryimage"},"thumbnailUrl":"https:\/\/vosgesinfo.fr\/app\/uploads\/sites\/5\/2024\/09\/202110dsc-053511.jpg","datePublished":"2021-10-05T05:53:01+00:00","dateModified":"2021-10-05T05:53:01+00:00","breadcrumb":{"@id":"https:\/\/vosgesinfo.fr\/remiremontinfo\/2021\/10\/rupt-moselle-26eme-exposition-de-peintures-sculptures-aura-lieu-week-end-prochain\/#breadcrumb"},"inLanguage":"fr-FR","potentialAction":[{"@type":"ReadAction","target":["https:\/\/vosgesinfo.fr\/remiremontinfo\/2021\/10\/rupt-moselle-26eme-exposition-de-peintures-sculptures-aura-lieu-week-end-prochain\/"]}]},{"@type":"ImageObject","inLanguage":"fr-FR","@id":"https:\/\/vosgesinfo.fr\/remiremontinfo\/2021\/10\/rupt-moselle-26eme-exposition-de-peintures-sculptures-aura-lieu-week-end-prochain\/#primaryimage","url":"https:\/\/vosgesinfo.fr\/app\/uploads\/sites\/5\/2024\/09\/202110dsc-053511.jpg","contentUrl":"https:\/\/vosgesinfo.fr\/app\/uploads\/sites\/5\/2024\/09\/202110dsc-053511.jpg","width":800,"height":532},{"@type":"BreadcrumbList","@id":"https:\/\/vosgesinfo.fr\/remiremontinfo\/2021\/10\/rupt-moselle-26eme-exposition-de-peintures-sculptures-aura-lieu-week-end-prochain\/#breadcrumb","itemListElement":[{"@type":"ListItem","position":1,"name":"Home","item":"https:\/\/vosgesinfo.fr\/remiremontinfo\/"},{"@type":"ListItem","position":2,"name":"Rupt-sur-Moselle : la 26\u00e8me exposition de peintures et sculptures aura lieu le week-end prochain"}]},{"@type":"WebSite","@id":"https:\/\/vosgesinfo.fr\/remiremontinfo\/#website","url":"https:\/\/vosgesinfo.fr\/remiremontinfo\/","name":"Remiremont Info","description":"Toute l&#039;actualit\u00e9 de Remiremont","publisher":{"@id":"https:\/\/vosgesinfo.fr\/remiremontinfo\/#organization"},"alternateName":"Toute l'actualit\u00e9 de Remiremont","potentialAction":[{"@type":"SearchAction","target":{"@type":"EntryPoint","urlTemplate":"https:\/\/vosgesinfo.fr\/remiremontinfo\/?s={search_term_string}"},"query-input":"required name=search_term_string"}],"inLanguage":"fr-FR"},{"@type":"Organization","@id":"https:\/\/vosgesinfo.fr\/remiremontinfo\/#organization","name":"Remiremont Info","url":"https:\/\/vosgesinfo.fr\/remiremontinfo\/","logo":{"@type":"ImageObject","inLanguage":"fr-FR","@id":"https:\/\/vosgesinfo.fr\/remiremontinfo\/#\/schema\/logo\/image\/","url":"https:\/\/vosgesinfo.fr\/app\/uploads\/sites\/5\/2023\/08\/favicon-remiremontinfo.png","contentUrl":"https:\/\/vosgesinfo.fr\/app\/uploads\/sites\/5\/2023\/08\/favicon-remiremontinfo.png","width":512,"height":512,"caption":"Remiremont Info"},"image":{"@id":"https:\/\/vosgesinfo.fr\/remiremontinfo\/#\/schema\/logo\/image\/"},"sameAs":["https:\/\/www.facebook.com\/remiremontinfo","https:\/\/x.com\/VosgesInfo88","https:\/\/www.youtube.com\/@vosgesinfo"]},{"@type":"Person","@id":"https:\/\/vosgesinfo.fr\/remiremontinfo\/#\/schema\/person\/3bfd164d5218a185b1db68655a265316","name":"C D","image":{"@type":"ImageObject","inLanguage":"fr-FR","@id":"https:\/\/vosgesinfo.fr\/remiremontinfo\/#\/schema\/person\/image\/","url":"https:\/\/secure.gravatar.com\/avatar\/1f9a70007336511a47468b8f1c66f922b8b7cf617b02a31149ada43893a5d48f?s=96&d=mm&r=g","contentUrl":"https:\/\/secure.gravatar.com\/avatar\/1f9a70007336511a47468b8f1c66f922b8b7cf617b02a31149ada43893a5d48f?s=96&d=mm&r=g","caption":"C D"},"url":"https:\/\/vosgesinfo.fr\/remiremontinfo\/author\/cedric-drevet\/"}]}},"_links":{"self":[{"href":"https:\/\/vosgesinfo.fr\/remiremontinfo\/wp-json\/wp\/v2\/posts\/47042","targetHints":{"allow":["GET"]}}],"collection":[{"href":"https:\/\/vosgesinfo.fr\/remiremontinfo\/wp-json\/wp\/v2\/posts"}],"about":[{"href":"https:\/\/vosgesinfo.fr\/remiremontinfo\/wp-json\/wp\/v2\/types\/post"}],"author":[{"embeddable":true,"href":"https:\/\/vosgesinfo.fr\/remiremontinfo\/wp-json\/wp\/v2\/users\/407"}],"replies":[{"embeddable":true,"href":"https:\/\/vosgesinfo.fr\/remiremontinfo\/wp-json\/wp\/v2\/comments?post=47042"}],"version-history":[{"count":0,"href":"https:\/\/vosgesinfo.fr\/remiremontinfo\/wp-json\/wp\/v2\/posts\/47042\/revisions"}],"wp:featuredmedia":[{"embeddable":true,"href":"https:\/\/vosgesinfo.fr\/remiremontinfo\/wp-json\/wp\/v2\/media\/47043"}],"wp:attachment":[{"href":"https:\/\/vosgesinfo.fr\/remiremontinfo\/wp-json\/wp\/v2\/media?parent=47042"}],"wp:term":[{"taxonomy":"category","embeddable":true,"href":"https:\/\/vosgesinfo.fr\/remiremontinfo\/wp-json\/wp\/v2\/categories?post=47042"},{"taxonomy":"post_tag","embeddable":true,"href":"https:\/\/vosgesinfo.fr\/remiremontinfo\/wp-json\/wp\/v2\/tags?post=47042"}],"curies":[{"name":"wp","href":"https:\/\/api.w.org\/{rel}","templated":true}]}}