{"id":47062,"date":"2021-10-05T08:58:45","date_gmt":"2021-10-05T06:58:45","guid":{"rendered":"https:\/\/vosgesinfo.fr\/remiremontinfo\/2021\/10\/facebook-instagram-whatsapp-fonctionnent-a-nouveau\/"},"modified":"2021-10-05T08:58:45","modified_gmt":"2021-10-05T06:58:45","slug":"facebook-instagram-whatsapp-fonctionnent-a-nouveau","status":"publish","type":"post","link":"https:\/\/vosgesinfo.fr\/remiremontinfo\/2021\/10\/facebook-instagram-whatsapp-fonctionnent-a-nouveau\/","title":{"rendered":"Facebook, Instagram, WhatsApp fonctionnent \u00e0 nouveau"},"content":{"rendered":"<h2><a href=\"\/2021\/10\/Capture-d\u2019\u00e9cran-2021-10-04-190920.png\"><img decoding=\"async\" class=\"alignnone size-full wp-image-328313\" src=\"\/2021\/10\/Capture-d\u2019\u00e9cran-2021-10-04-190920.png\" alt=\"Capture d\u2019\u00e9cran 2021-10-04 190920\" width=\"800\" height=\"534\" \/><\/a><\/h2>\n<h2><span style=\"font-size: 12pt;\"><strong>\u00ab\u00a0D\u00e9sol\u00e9, impossible d\u2019acc\u00e9der \u00e0 cette page\u00a0\u00bb. Comme nous\u00a0<a href=\"https:\/\/epinalinfos.fr\/2021\/10\/reseaux-sociaux-facebook-instagram-whatsapp-messenger-panne\/\" target=\"_blank\" rel=\"noopener\">vous l\u2019annoncions hier<\/a>, une panne mondiale a touch\u00e9 les r\u00e9seaux sociaux. Une panne qui a emp\u00each\u00e9 pendant plusieurs heures ce lundi les utilisateurs de Facebook d\u2019acc\u00e9der au r\u00e9seau social ainsi qu\u2019\u00e0 ses applications Instagram et WhatsApp.<\/strong><\/span><\/h2>\n<p><span style=\"font-size: 12pt;\">Les r\u00e9seaux sociaux\u00a0Facebook, Instagram, WhatsApp et Messenger sont tomb\u00e9s en panne un peu avant 18h. Un fait qui n\u2019est pas pass\u00e9 inaper\u00e7u \u00e9tant donn\u00e9 le nombre d\u2019utilisateurs de ces services dans le monde entier.<\/span><\/p>\n<p><span style=\"font-size: 12pt;\">Difficile de savoir ce qui a caus\u00e9 cette panne g\u00e9ante de Facebook, Instagram et WhatsApp, mais pour certains sp\u00e9cialistes, il s\u2019agirait d\u2019une erreur de configuration et non d\u2019une cyber-attaque. En effet, Facebook a d\u2019ailleurs indiqu\u00e9 lundi soir dans un communiqu\u00e9 que la panne majeure de ses r\u00e9seaux et messageries avait \u00e9t\u00e9 caus\u00e9e par un\u00a0<em>\u00ab\u00a0changement de configuration d\u00e9fectueux\u00a0\u00bb<\/em>\u00a0de ses serveurs. \u00a0<em>\u00ab\u00a0Nous pr\u00e9sentons nos excuses \u00e0 ceux qui ont \u00e9t\u00e9 affect\u00e9s\u00a0\u00bb<\/em>\u00a0a ajout\u00e9 Facebook dans son communiqu\u00e9. Une panne g\u00e9ante qui a fait le bonheur de Twitter pendant quelques heures.<\/span><\/p>\n<p><span style=\"font-size: 12pt;\">C.K.N.<\/span><\/p>\n","protected":false},"excerpt":{"rendered":"<p>\u00ab\u00a0D\u00e9sol\u00e9, impossible d\u2019acc\u00e9der \u00e0 cette page\u00a0\u00bb. Comme nous\u00a0vous l\u2019annoncions hier, une panne mondiale a touch\u00e9 les r\u00e9seaux sociaux. Une panne [&hellip;]<\/p>\n","protected":false},"author":407,"featured_media":47063,"comment_status":"open","ping_status":"open","sticky":false,"template":"","format":"standard","meta":{"footnotes":""},"categories":[26,13,18],"tags":[2671,2672,1851],"class_list":["post-47062","post","type-post","status-publish","format-standard","has-post-thumbnail","hentry","category-a-la-une","category-societe","category-vosges","tag-facebook","tag-instagram","tag-reseaux-sociaux"],"acf":[],"yoast_head":"<!-- This site is optimized with the Yoast SEO plugin v22.5 - https:\/\/yoast.com\/wordpress\/plugins\/seo\/ -->\n<title>Facebook, Instagram, WhatsApp fonctionnent \u00e0 nouveau - Remiremont Info<\/title>\n<meta name=\"robots\" content=\"index, follow, max-snippet:-1, max-image-preview:large, max-video-preview:-1\" \/>\n<link rel=\"canonical\" href=\"https:\/\/vosgesinfo.fr\/remiremontinfo\/2021\/10\/facebook-instagram-whatsapp-fonctionnent-a-nouveau\/\" \/>\n<meta name=\"twitter:card\" content=\"summary_large_image\" \/>\n<meta name=\"twitter:title\" content=\"Facebook, Instagram, WhatsApp fonctionnent \u00e0 nouveau - Remiremont Info\" \/>\n<meta name=\"twitter:description\" content=\"\u00ab\u00a0D\u00e9sol\u00e9, impossible d\u2019acc\u00e9der \u00e0 cette page\u00a0\u00bb. Comme nous\u00a0vous l\u2019annoncions hier, une panne mondiale a touch\u00e9 les r\u00e9seaux sociaux. Une panne [&hellip;]\" \/>\n<meta name=\"twitter:image\" content=\"https:\/\/vosgesinfo.fr\/app\/uploads\/sites\/5\/2024\/09\/202110capture-decran-2021-10-04-190920-1.png\" \/>\n<meta name=\"twitter:creator\" content=\"@VosgesInfo88\" \/>\n<meta name=\"twitter:site\" content=\"@VosgesInfo88\" \/>\n<meta name=\"twitter:label1\" content=\"\u00c9crit par\" \/>\n\t<meta name=\"twitter:data1\" content=\"C D\" \/>\n\t<meta name=\"twitter:label2\" content=\"Dur\u00e9e de lecture estim\u00e9e\" \/>\n\t<meta name=\"twitter:data2\" content=\"1 minute\" \/>\n<script type=\"application\/ld+json\" class=\"yoast-schema-graph\">{\"@context\":\"https:\/\/schema.org\",\"@graph\":[{\"@type\":\"Article\",\"@id\":\"https:\/\/vosgesinfo.fr\/remiremontinfo\/2021\/10\/facebook-instagram-whatsapp-fonctionnent-a-nouveau\/#article\",\"isPartOf\":{\"@id\":\"https:\/\/vosgesinfo.fr\/remiremontinfo\/2021\/10\/facebook-instagram-whatsapp-fonctionnent-a-nouveau\/\"},\"author\":{\"name\":\"C D\",\"@id\":\"https:\/\/vosgesinfo.fr\/remiremontinfo\/#\/schema\/person\/3bfd164d5218a185b1db68655a265316\"},\"headline\":\"Facebook, Instagram, WhatsApp fonctionnent \u00e0 nouveau\",\"datePublished\":\"2021-10-05T06:58:45+00:00\",\"dateModified\":\"2021-10-05T06:58:45+00:00\",\"mainEntityOfPage\":{\"@id\":\"https:\/\/vosgesinfo.fr\/remiremontinfo\/2021\/10\/facebook-instagram-whatsapp-fonctionnent-a-nouveau\/\"},\"wordCount\":201,\"commentCount\":0,\"publisher\":{\"@id\":\"https:\/\/vosgesinfo.fr\/remiremontinfo\/#organization\"},\"image\":{\"@id\":\"https:\/\/vosgesinfo.fr\/remiremontinfo\/2021\/10\/facebook-instagram-whatsapp-fonctionnent-a-nouveau\/#primaryimage\"},\"thumbnailUrl\":\"https:\/\/vosgesinfo.fr\/app\/uploads\/sites\/5\/2024\/09\/202110capture-decran-2021-10-04-190920-1.png\",\"keywords\":[\"facebook\",\"instagram\",\"r\u00e9seaux sociaux\"],\"articleSection\":[\"A la Une\",\"Soci\u00e9t\u00e9\",\"Vosges\"],\"inLanguage\":\"fr-FR\",\"potentialAction\":[{\"@type\":\"CommentAction\",\"name\":\"Comment\",\"target\":[\"https:\/\/vosgesinfo.fr\/remiremontinfo\/2021\/10\/facebook-instagram-whatsapp-fonctionnent-a-nouveau\/#respond\"]}]},{\"@type\":\"WebPage\",\"@id\":\"https:\/\/vosgesinfo.fr\/remiremontinfo\/2021\/10\/facebook-instagram-whatsapp-fonctionnent-a-nouveau\/\",\"url\":\"https:\/\/vosgesinfo.fr\/remiremontinfo\/2021\/10\/facebook-instagram-whatsapp-fonctionnent-a-nouveau\/\",\"name\":\"Facebook, Instagram, WhatsApp fonctionnent \u00e0 nouveau - Remiremont Info\",\"isPartOf\":{\"@id\":\"https:\/\/vosgesinfo.fr\/remiremontinfo\/#website\"},\"primaryImageOfPage\":{\"@id\":\"https:\/\/vosgesinfo.fr\/remiremontinfo\/2021\/10\/facebook-instagram-whatsapp-fonctionnent-a-nouveau\/#primaryimage\"},\"image\":{\"@id\":\"https:\/\/vosgesinfo.fr\/remiremontinfo\/2021\/10\/facebook-instagram-whatsapp-fonctionnent-a-nouveau\/#primaryimage\"},\"thumbnailUrl\":\"https:\/\/vosgesinfo.fr\/app\/uploads\/sites\/5\/2024\/09\/202110capture-decran-2021-10-04-190920-1.png\",\"datePublished\":\"2021-10-05T06:58:45+00:00\",\"dateModified\":\"2021-10-05T06:58:45+00:00\",\"breadcrumb\":{\"@id\":\"https:\/\/vosgesinfo.fr\/remiremontinfo\/2021\/10\/facebook-instagram-whatsapp-fonctionnent-a-nouveau\/#breadcrumb\"},\"inLanguage\":\"fr-FR\",\"potentialAction\":[{\"@type\":\"ReadAction\",\"target\":[\"https:\/\/vosgesinfo.fr\/remiremontinfo\/2021\/10\/facebook-instagram-whatsapp-fonctionnent-a-nouveau\/\"]}]},{\"@type\":\"ImageObject\",\"inLanguage\":\"fr-FR\",\"@id\":\"https:\/\/vosgesinfo.fr\/remiremontinfo\/2021\/10\/facebook-instagram-whatsapp-fonctionnent-a-nouveau\/#primaryimage\",\"url\":\"https:\/\/vosgesinfo.fr\/app\/uploads\/sites\/5\/2024\/09\/202110capture-decran-2021-10-04-190920-1.png\",\"contentUrl\":\"https:\/\/vosgesinfo.fr\/app\/uploads\/sites\/5\/2024\/09\/202110capture-decran-2021-10-04-190920-1.png\",\"width\":800,\"height\":534},{\"@type\":\"BreadcrumbList\",\"@id\":\"https:\/\/vosgesinfo.fr\/remiremontinfo\/2021\/10\/facebook-instagram-whatsapp-fonctionnent-a-nouveau\/#breadcrumb\",\"itemListElement\":[{\"@type\":\"ListItem\",\"position\":1,\"name\":\"Home\",\"item\":\"https:\/\/vosgesinfo.fr\/remiremontinfo\/\"},{\"@type\":\"ListItem\",\"position\":2,\"name\":\"Facebook, Instagram, WhatsApp fonctionnent \u00e0 nouveau\"}]},{\"@type\":\"WebSite\",\"@id\":\"https:\/\/vosgesinfo.fr\/remiremontinfo\/#website\",\"url\":\"https:\/\/vosgesinfo.fr\/remiremontinfo\/\",\"name\":\"Remiremont Info\",\"description\":\"Toute l&#039;actualit\u00e9 de Remiremont\",\"publisher\":{\"@id\":\"https:\/\/vosgesinfo.fr\/remiremontinfo\/#organization\"},\"alternateName\":\"Toute l'actualit\u00e9 de Remiremont\",\"potentialAction\":[{\"@type\":\"SearchAction\",\"target\":{\"@type\":\"EntryPoint\",\"urlTemplate\":\"https:\/\/vosgesinfo.fr\/remiremontinfo\/?s={search_term_string}\"},\"query-input\":\"required name=search_term_string\"}],\"inLanguage\":\"fr-FR\"},{\"@type\":\"Organization\",\"@id\":\"https:\/\/vosgesinfo.fr\/remiremontinfo\/#organization\",\"name\":\"Remiremont Info\",\"url\":\"https:\/\/vosgesinfo.fr\/remiremontinfo\/\",\"logo\":{\"@type\":\"ImageObject\",\"inLanguage\":\"fr-FR\",\"@id\":\"https:\/\/vosgesinfo.fr\/remiremontinfo\/#\/schema\/logo\/image\/\",\"url\":\"https:\/\/vosgesinfo.fr\/app\/uploads\/sites\/5\/2023\/08\/favicon-remiremontinfo.png\",\"contentUrl\":\"https:\/\/vosgesinfo.fr\/app\/uploads\/sites\/5\/2023\/08\/favicon-remiremontinfo.png\",\"width\":512,\"height\":512,\"caption\":\"Remiremont Info\"},\"image\":{\"@id\":\"https:\/\/vosgesinfo.fr\/remiremontinfo\/#\/schema\/logo\/image\/\"},\"sameAs\":[\"https:\/\/www.facebook.com\/remiremontinfo\",\"https:\/\/x.com\/VosgesInfo88\",\"https:\/\/www.youtube.com\/@vosgesinfo\"]},{\"@type\":\"Person\",\"@id\":\"https:\/\/vosgesinfo.fr\/remiremontinfo\/#\/schema\/person\/3bfd164d5218a185b1db68655a265316\",\"name\":\"C D\",\"image\":{\"@type\":\"ImageObject\",\"inLanguage\":\"fr-FR\",\"@id\":\"https:\/\/vosgesinfo.fr\/remiremontinfo\/#\/schema\/person\/image\/\",\"url\":\"https:\/\/secure.gravatar.com\/avatar\/1f9a70007336511a47468b8f1c66f922b8b7cf617b02a31149ada43893a5d48f?s=96&d=mm&r=g\",\"contentUrl\":\"https:\/\/secure.gravatar.com\/avatar\/1f9a70007336511a47468b8f1c66f922b8b7cf617b02a31149ada43893a5d48f?s=96&d=mm&r=g\",\"caption\":\"C D\"},\"url\":\"https:\/\/vosgesinfo.fr\/remiremontinfo\/author\/cedric-drevet\/\"}]}<\/script>\n<!-- \/ Yoast SEO plugin. -->","yoast_head_json":{"title":"Facebook, Instagram, WhatsApp fonctionnent \u00e0 nouveau - Remiremont Info","robots":{"index":"index","follow":"follow","max-snippet":"max-snippet:-1","max-image-preview":"max-image-preview:large","max-video-preview":"max-video-preview:-1"},"canonical":"https:\/\/vosgesinfo.fr\/remiremontinfo\/2021\/10\/facebook-instagram-whatsapp-fonctionnent-a-nouveau\/","twitter_card":"summary_large_image","twitter_title":"Facebook, Instagram, WhatsApp fonctionnent \u00e0 nouveau - Remiremont Info","twitter_description":"\u00ab\u00a0D\u00e9sol\u00e9, impossible d\u2019acc\u00e9der \u00e0 cette page\u00a0\u00bb. Comme nous\u00a0vous l\u2019annoncions hier, une panne mondiale a touch\u00e9 les r\u00e9seaux sociaux. Une panne [&hellip;]","twitter_image":"https:\/\/vosgesinfo.fr\/app\/uploads\/sites\/5\/2024\/09\/202110capture-decran-2021-10-04-190920-1.png","twitter_creator":"@VosgesInfo88","twitter_site":"@VosgesInfo88","twitter_misc":{"\u00c9crit par":"C D","Dur\u00e9e de lecture estim\u00e9e":"1 minute"},"schema":{"@context":"https:\/\/schema.org","@graph":[{"@type":"Article","@id":"https:\/\/vosgesinfo.fr\/remiremontinfo\/2021\/10\/facebook-instagram-whatsapp-fonctionnent-a-nouveau\/#article","isPartOf":{"@id":"https:\/\/vosgesinfo.fr\/remiremontinfo\/2021\/10\/facebook-instagram-whatsapp-fonctionnent-a-nouveau\/"},"author":{"name":"C D","@id":"https:\/\/vosgesinfo.fr\/remiremontinfo\/#\/schema\/person\/3bfd164d5218a185b1db68655a265316"},"headline":"Facebook, Instagram, WhatsApp fonctionnent \u00e0 nouveau","datePublished":"2021-10-05T06:58:45+00:00","dateModified":"2021-10-05T06:58:45+00:00","mainEntityOfPage":{"@id":"https:\/\/vosgesinfo.fr\/remiremontinfo\/2021\/10\/facebook-instagram-whatsapp-fonctionnent-a-nouveau\/"},"wordCount":201,"commentCount":0,"publisher":{"@id":"https:\/\/vosgesinfo.fr\/remiremontinfo\/#organization"},"image":{"@id":"https:\/\/vosgesinfo.fr\/remiremontinfo\/2021\/10\/facebook-instagram-whatsapp-fonctionnent-a-nouveau\/#primaryimage"},"thumbnailUrl":"https:\/\/vosgesinfo.fr\/app\/uploads\/sites\/5\/2024\/09\/202110capture-decran-2021-10-04-190920-1.png","keywords":["facebook","instagram","r\u00e9seaux sociaux"],"articleSection":["A la Une","Soci\u00e9t\u00e9","Vosges"],"inLanguage":"fr-FR","potentialAction":[{"@type":"CommentAction","name":"Comment","target":["https:\/\/vosgesinfo.fr\/remiremontinfo\/2021\/10\/facebook-instagram-whatsapp-fonctionnent-a-nouveau\/#respond"]}]},{"@type":"WebPage","@id":"https:\/\/vosgesinfo.fr\/remiremontinfo\/2021\/10\/facebook-instagram-whatsapp-fonctionnent-a-nouveau\/","url":"https:\/\/vosgesinfo.fr\/remiremontinfo\/2021\/10\/facebook-instagram-whatsapp-fonctionnent-a-nouveau\/","name":"Facebook, Instagram, WhatsApp fonctionnent \u00e0 nouveau - Remiremont Info","isPartOf":{"@id":"https:\/\/vosgesinfo.fr\/remiremontinfo\/#website"},"primaryImageOfPage":{"@id":"https:\/\/vosgesinfo.fr\/remiremontinfo\/2021\/10\/facebook-instagram-whatsapp-fonctionnent-a-nouveau\/#primaryimage"},"image":{"@id":"https:\/\/vosgesinfo.fr\/remiremontinfo\/2021\/10\/facebook-instagram-whatsapp-fonctionnent-a-nouveau\/#primaryimage"},"thumbnailUrl":"https:\/\/vosgesinfo.fr\/app\/uploads\/sites\/5\/2024\/09\/202110capture-decran-2021-10-04-190920-1.png","datePublished":"2021-10-05T06:58:45+00:00","dateModified":"2021-10-05T06:58:45+00:00","breadcrumb":{"@id":"https:\/\/vosgesinfo.fr\/remiremontinfo\/2021\/10\/facebook-instagram-whatsapp-fonctionnent-a-nouveau\/#breadcrumb"},"inLanguage":"fr-FR","potentialAction":[{"@type":"ReadAction","target":["https:\/\/vosgesinfo.fr\/remiremontinfo\/2021\/10\/facebook-instagram-whatsapp-fonctionnent-a-nouveau\/"]}]},{"@type":"ImageObject","inLanguage":"fr-FR","@id":"https:\/\/vosgesinfo.fr\/remiremontinfo\/2021\/10\/facebook-instagram-whatsapp-fonctionnent-a-nouveau\/#primaryimage","url":"https:\/\/vosgesinfo.fr\/app\/uploads\/sites\/5\/2024\/09\/202110capture-decran-2021-10-04-190920-1.png","contentUrl":"https:\/\/vosgesinfo.fr\/app\/uploads\/sites\/5\/2024\/09\/202110capture-decran-2021-10-04-190920-1.png","width":800,"height":534},{"@type":"BreadcrumbList","@id":"https:\/\/vosgesinfo.fr\/remiremontinfo\/2021\/10\/facebook-instagram-whatsapp-fonctionnent-a-nouveau\/#breadcrumb","itemListElement":[{"@type":"ListItem","position":1,"name":"Home","item":"https:\/\/vosgesinfo.fr\/remiremontinfo\/"},{"@type":"ListItem","position":2,"name":"Facebook, Instagram, WhatsApp fonctionnent \u00e0 nouveau"}]},{"@type":"WebSite","@id":"https:\/\/vosgesinfo.fr\/remiremontinfo\/#website","url":"https:\/\/vosgesinfo.fr\/remiremontinfo\/","name":"Remiremont Info","description":"Toute l&#039;actualit\u00e9 de Remiremont","publisher":{"@id":"https:\/\/vosgesinfo.fr\/remiremontinfo\/#organization"},"alternateName":"Toute l'actualit\u00e9 de Remiremont","potentialAction":[{"@type":"SearchAction","target":{"@type":"EntryPoint","urlTemplate":"https:\/\/vosgesinfo.fr\/remiremontinfo\/?s={search_term_string}"},"query-input":"required name=search_term_string"}],"inLanguage":"fr-FR"},{"@type":"Organization","@id":"https:\/\/vosgesinfo.fr\/remiremontinfo\/#organization","name":"Remiremont Info","url":"https:\/\/vosgesinfo.fr\/remiremontinfo\/","logo":{"@type":"ImageObject","inLanguage":"fr-FR","@id":"https:\/\/vosgesinfo.fr\/remiremontinfo\/#\/schema\/logo\/image\/","url":"https:\/\/vosgesinfo.fr\/app\/uploads\/sites\/5\/2023\/08\/favicon-remiremontinfo.png","contentUrl":"https:\/\/vosgesinfo.fr\/app\/uploads\/sites\/5\/2023\/08\/favicon-remiremontinfo.png","width":512,"height":512,"caption":"Remiremont Info"},"image":{"@id":"https:\/\/vosgesinfo.fr\/remiremontinfo\/#\/schema\/logo\/image\/"},"sameAs":["https:\/\/www.facebook.com\/remiremontinfo","https:\/\/x.com\/VosgesInfo88","https:\/\/www.youtube.com\/@vosgesinfo"]},{"@type":"Person","@id":"https:\/\/vosgesinfo.fr\/remiremontinfo\/#\/schema\/person\/3bfd164d5218a185b1db68655a265316","name":"C D","image":{"@type":"ImageObject","inLanguage":"fr-FR","@id":"https:\/\/vosgesinfo.fr\/remiremontinfo\/#\/schema\/person\/image\/","url":"https:\/\/secure.gravatar.com\/avatar\/1f9a70007336511a47468b8f1c66f922b8b7cf617b02a31149ada43893a5d48f?s=96&d=mm&r=g","contentUrl":"https:\/\/secure.gravatar.com\/avatar\/1f9a70007336511a47468b8f1c66f922b8b7cf617b02a31149ada43893a5d48f?s=96&d=mm&r=g","caption":"C D"},"url":"https:\/\/vosgesinfo.fr\/remiremontinfo\/author\/cedric-drevet\/"}]}},"_links":{"self":[{"href":"https:\/\/vosgesinfo.fr\/remiremontinfo\/wp-json\/wp\/v2\/posts\/47062","targetHints":{"allow":["GET"]}}],"collection":[{"href":"https:\/\/vosgesinfo.fr\/remiremontinfo\/wp-json\/wp\/v2\/posts"}],"about":[{"href":"https:\/\/vosgesinfo.fr\/remiremontinfo\/wp-json\/wp\/v2\/types\/post"}],"author":[{"embeddable":true,"href":"https:\/\/vosgesinfo.fr\/remiremontinfo\/wp-json\/wp\/v2\/users\/407"}],"replies":[{"embeddable":true,"href":"https:\/\/vosgesinfo.fr\/remiremontinfo\/wp-json\/wp\/v2\/comments?post=47062"}],"version-history":[{"count":0,"href":"https:\/\/vosgesinfo.fr\/remiremontinfo\/wp-json\/wp\/v2\/posts\/47062\/revisions"}],"wp:featuredmedia":[{"embeddable":true,"href":"https:\/\/vosgesinfo.fr\/remiremontinfo\/wp-json\/wp\/v2\/media\/47063"}],"wp:attachment":[{"href":"https:\/\/vosgesinfo.fr\/remiremontinfo\/wp-json\/wp\/v2\/media?parent=47062"}],"wp:term":[{"taxonomy":"category","embeddable":true,"href":"https:\/\/vosgesinfo.fr\/remiremontinfo\/wp-json\/wp\/v2\/categories?post=47062"},{"taxonomy":"post_tag","embeddable":true,"href":"https:\/\/vosgesinfo.fr\/remiremontinfo\/wp-json\/wp\/v2\/tags?post=47062"}],"curies":[{"name":"wp","href":"https:\/\/api.w.org\/{rel}","templated":true}]}}