{"id":47066,"date":"2021-10-05T04:30:56","date_gmt":"2021-10-05T02:30:56","guid":{"rendered":"https:\/\/vosgesinfo.fr\/remiremontinfo\/2021\/10\/manifestent-pouvoir-dachat-salaires\/"},"modified":"2021-10-05T04:30:56","modified_gmt":"2021-10-05T02:30:56","slug":"manifestent-pouvoir-dachat-salaires","status":"publish","type":"post","link":"https:\/\/vosgesinfo.fr\/remiremontinfo\/2021\/10\/manifestent-pouvoir-dachat-salaires\/","title":{"rendered":"Ils manifestent pour le pouvoir d\u2019achat et les salaires"},"content":{"rendered":"<p><a href=\"\/2021\/10\/manifestation-salaire-epinal-3.jpg\"><img decoding=\"async\" class=\"alignnone size-full wp-image-328387 aligncenter\" src=\"\/2021\/10\/manifestation-salaire-epinal-3.jpg\" alt=\"manifestation-salaire-epinal-3\" width=\"800\" height=\"600\" \/><\/a><\/p>\n<h2><span style=\"font-size: 12pt;\">L\u2019intersyndicale CGT-FO-FSU-Solidaires avaient lanc\u00e9 une appel \u00e0 manifester et \u00e0 la gr\u00e8ve ce mardi 5 octobre. Le cort\u00e8ge s\u2019est rassembl\u00e9 place Foch devant la pr\u00e9fecture d\u2019Epinal, avant de d\u00e9filer dans les rues du centre-ville. C\u2019est la premi\u00e8re mobilisation nationale depuis la rentr\u00e9e. Ils protestent contre l\u2019inflation des prix,\u00a0la question des salaires et les r\u00e9formes de l\u2019assurance ch\u00f4mage et des retraites.<\/span><\/h2>\n<p><span style=\"font-size: 12pt;\">A quelques mois des \u00e9lections pr\u00e9sidentielles, les syndicats veulent se faire entendre. \u00ab\u00a0Stop au quoi qu\u2019il nous en co\u00fbte\u00a0\u00bb peut-on lire sur les banderoles des syndicats. Ce mardi apr\u00e8s-midi, les manifestants avaient rendez-vous place Foch \u00e0 Epinal. Ils protestent contre la r\u00e9forme de l\u2019assurance ch\u00f4mage, entr\u00e9e en vigueur le 1er octobre et demandent l\u2019abandon de la r\u00e9forme des retraites. Ils protestent aussi contre l\u2019inflation des prix de consommation courante : \u00e9nergie et alimentation.<\/span><\/p>\n<p><span style=\"font-size: 12pt;\">La question des salaires et des pensions est au c\u0153ur de cette mobilisation.\u00a0Pour les syndicats, l\u2019augmentation du\u00a0Smic\u00a0effective depuis le 1<sup>er<\/sup>\u00a0octobre ne suffit pas. L\u2019intersyndicale affirme \u00ab\u00a0l\u2019urgence d\u2019augmenter le Smic et les grilles de classifications, le point d\u2019indice de la fonction publique, les pensions, les minima sociaux et les bourses d\u2019\u00e9tudes\u00a0\u00bb.<\/span><\/p>\n<p><span style=\"font-size: 12pt;\">C.K.N.<\/span><\/p>\n\n","protected":false},"excerpt":{"rendered":"<p>L\u2019intersyndicale CGT-FO-FSU-Solidaires avaient lanc\u00e9 une appel \u00e0 manifester et \u00e0 la gr\u00e8ve ce mardi 5 octobre. Le cort\u00e8ge s\u2019est rassembl\u00e9 [&hellip;]<\/p>\n","protected":false},"author":407,"featured_media":47067,"comment_status":"open","ping_status":"open","sticky":false,"template":"","format":"standard","meta":{"footnotes":""},"categories":[26,18],"tags":[],"class_list":["post-47066","post","type-post","status-publish","format-standard","has-post-thumbnail","hentry","category-a-la-une","category-vosges"],"acf":[],"yoast_head":"<!-- This site is optimized with the Yoast SEO plugin v22.5 - https:\/\/yoast.com\/wordpress\/plugins\/seo\/ -->\n<title>Ils manifestent pour le pouvoir d\u2019achat et les salaires - Remiremont Info<\/title>\n<meta name=\"robots\" content=\"index, follow, max-snippet:-1, max-image-preview:large, max-video-preview:-1\" \/>\n<link rel=\"canonical\" href=\"https:\/\/vosgesinfo.fr\/remiremontinfo\/2021\/10\/manifestent-pouvoir-dachat-salaires\/\" \/>\n<meta name=\"twitter:card\" content=\"summary_large_image\" \/>\n<meta name=\"twitter:title\" content=\"Ils manifestent pour le pouvoir d\u2019achat et les salaires - Remiremont Info\" \/>\n<meta name=\"twitter:description\" content=\"L\u2019intersyndicale CGT-FO-FSU-Solidaires avaient lanc\u00e9 une appel \u00e0 manifester et \u00e0 la gr\u00e8ve ce mardi 5 octobre. Le cort\u00e8ge s\u2019est rassembl\u00e9 [&hellip;]\" \/>\n<meta name=\"twitter:image\" content=\"https:\/\/vosgesinfo.fr\/app\/uploads\/sites\/5\/2024\/09\/202110manifestation-salaire-epinal-10.jpg\" \/>\n<meta name=\"twitter:creator\" content=\"@VosgesInfo88\" \/>\n<meta name=\"twitter:site\" content=\"@VosgesInfo88\" \/>\n<meta name=\"twitter:label1\" content=\"\u00c9crit par\" \/>\n\t<meta name=\"twitter:data1\" content=\"C D\" \/>\n\t<meta name=\"twitter:label2\" content=\"Dur\u00e9e de lecture estim\u00e9e\" \/>\n\t<meta name=\"twitter:data2\" content=\"1 minute\" \/>\n<script type=\"application\/ld+json\" class=\"yoast-schema-graph\">{\"@context\":\"https:\/\/schema.org\",\"@graph\":[{\"@type\":\"Article\",\"@id\":\"https:\/\/vosgesinfo.fr\/remiremontinfo\/2021\/10\/manifestent-pouvoir-dachat-salaires\/#article\",\"isPartOf\":{\"@id\":\"https:\/\/vosgesinfo.fr\/remiremontinfo\/2021\/10\/manifestent-pouvoir-dachat-salaires\/\"},\"author\":{\"name\":\"C D\",\"@id\":\"https:\/\/vosgesinfo.fr\/remiremontinfo\/#\/schema\/person\/3bfd164d5218a185b1db68655a265316\"},\"headline\":\"Ils manifestent pour le pouvoir d\u2019achat et les salaires\",\"datePublished\":\"2021-10-05T02:30:56+00:00\",\"dateModified\":\"2021-10-05T02:30:56+00:00\",\"mainEntityOfPage\":{\"@id\":\"https:\/\/vosgesinfo.fr\/remiremontinfo\/2021\/10\/manifestent-pouvoir-dachat-salaires\/\"},\"wordCount\":236,\"commentCount\":0,\"publisher\":{\"@id\":\"https:\/\/vosgesinfo.fr\/remiremontinfo\/#organization\"},\"image\":{\"@id\":\"https:\/\/vosgesinfo.fr\/remiremontinfo\/2021\/10\/manifestent-pouvoir-dachat-salaires\/#primaryimage\"},\"thumbnailUrl\":\"https:\/\/vosgesinfo.fr\/app\/uploads\/sites\/5\/2024\/09\/202110manifestation-salaire-epinal-10.jpg\",\"articleSection\":[\"A la Une\",\"Vosges\"],\"inLanguage\":\"fr-FR\",\"potentialAction\":[{\"@type\":\"CommentAction\",\"name\":\"Comment\",\"target\":[\"https:\/\/vosgesinfo.fr\/remiremontinfo\/2021\/10\/manifestent-pouvoir-dachat-salaires\/#respond\"]}]},{\"@type\":\"WebPage\",\"@id\":\"https:\/\/vosgesinfo.fr\/remiremontinfo\/2021\/10\/manifestent-pouvoir-dachat-salaires\/\",\"url\":\"https:\/\/vosgesinfo.fr\/remiremontinfo\/2021\/10\/manifestent-pouvoir-dachat-salaires\/\",\"name\":\"Ils manifestent pour le pouvoir d\u2019achat et les salaires - Remiremont Info\",\"isPartOf\":{\"@id\":\"https:\/\/vosgesinfo.fr\/remiremontinfo\/#website\"},\"primaryImageOfPage\":{\"@id\":\"https:\/\/vosgesinfo.fr\/remiremontinfo\/2021\/10\/manifestent-pouvoir-dachat-salaires\/#primaryimage\"},\"image\":{\"@id\":\"https:\/\/vosgesinfo.fr\/remiremontinfo\/2021\/10\/manifestent-pouvoir-dachat-salaires\/#primaryimage\"},\"thumbnailUrl\":\"https:\/\/vosgesinfo.fr\/app\/uploads\/sites\/5\/2024\/09\/202110manifestation-salaire-epinal-10.jpg\",\"datePublished\":\"2021-10-05T02:30:56+00:00\",\"dateModified\":\"2021-10-05T02:30:56+00:00\",\"breadcrumb\":{\"@id\":\"https:\/\/vosgesinfo.fr\/remiremontinfo\/2021\/10\/manifestent-pouvoir-dachat-salaires\/#breadcrumb\"},\"inLanguage\":\"fr-FR\",\"potentialAction\":[{\"@type\":\"ReadAction\",\"target\":[\"https:\/\/vosgesinfo.fr\/remiremontinfo\/2021\/10\/manifestent-pouvoir-dachat-salaires\/\"]}]},{\"@type\":\"ImageObject\",\"inLanguage\":\"fr-FR\",\"@id\":\"https:\/\/vosgesinfo.fr\/remiremontinfo\/2021\/10\/manifestent-pouvoir-dachat-salaires\/#primaryimage\",\"url\":\"https:\/\/vosgesinfo.fr\/app\/uploads\/sites\/5\/2024\/09\/202110manifestation-salaire-epinal-10.jpg\",\"contentUrl\":\"https:\/\/vosgesinfo.fr\/app\/uploads\/sites\/5\/2024\/09\/202110manifestation-salaire-epinal-10.jpg\",\"width\":800,\"height\":600},{\"@type\":\"BreadcrumbList\",\"@id\":\"https:\/\/vosgesinfo.fr\/remiremontinfo\/2021\/10\/manifestent-pouvoir-dachat-salaires\/#breadcrumb\",\"itemListElement\":[{\"@type\":\"ListItem\",\"position\":1,\"name\":\"Home\",\"item\":\"https:\/\/vosgesinfo.fr\/remiremontinfo\/\"},{\"@type\":\"ListItem\",\"position\":2,\"name\":\"Ils manifestent pour le pouvoir d\u2019achat et les salaires\"}]},{\"@type\":\"WebSite\",\"@id\":\"https:\/\/vosgesinfo.fr\/remiremontinfo\/#website\",\"url\":\"https:\/\/vosgesinfo.fr\/remiremontinfo\/\",\"name\":\"Remiremont Info\",\"description\":\"Toute l&#039;actualit\u00e9 de Remiremont\",\"publisher\":{\"@id\":\"https:\/\/vosgesinfo.fr\/remiremontinfo\/#organization\"},\"alternateName\":\"Toute l'actualit\u00e9 de Remiremont\",\"potentialAction\":[{\"@type\":\"SearchAction\",\"target\":{\"@type\":\"EntryPoint\",\"urlTemplate\":\"https:\/\/vosgesinfo.fr\/remiremontinfo\/?s={search_term_string}\"},\"query-input\":\"required name=search_term_string\"}],\"inLanguage\":\"fr-FR\"},{\"@type\":\"Organization\",\"@id\":\"https:\/\/vosgesinfo.fr\/remiremontinfo\/#organization\",\"name\":\"Remiremont Info\",\"url\":\"https:\/\/vosgesinfo.fr\/remiremontinfo\/\",\"logo\":{\"@type\":\"ImageObject\",\"inLanguage\":\"fr-FR\",\"@id\":\"https:\/\/vosgesinfo.fr\/remiremontinfo\/#\/schema\/logo\/image\/\",\"url\":\"https:\/\/vosgesinfo.fr\/app\/uploads\/sites\/5\/2023\/08\/favicon-remiremontinfo.png\",\"contentUrl\":\"https:\/\/vosgesinfo.fr\/app\/uploads\/sites\/5\/2023\/08\/favicon-remiremontinfo.png\",\"width\":512,\"height\":512,\"caption\":\"Remiremont Info\"},\"image\":{\"@id\":\"https:\/\/vosgesinfo.fr\/remiremontinfo\/#\/schema\/logo\/image\/\"},\"sameAs\":[\"https:\/\/www.facebook.com\/remiremontinfo\",\"https:\/\/x.com\/VosgesInfo88\",\"https:\/\/www.youtube.com\/@vosgesinfo\"]},{\"@type\":\"Person\",\"@id\":\"https:\/\/vosgesinfo.fr\/remiremontinfo\/#\/schema\/person\/3bfd164d5218a185b1db68655a265316\",\"name\":\"C D\",\"image\":{\"@type\":\"ImageObject\",\"inLanguage\":\"fr-FR\",\"@id\":\"https:\/\/vosgesinfo.fr\/remiremontinfo\/#\/schema\/person\/image\/\",\"url\":\"https:\/\/secure.gravatar.com\/avatar\/1f9a70007336511a47468b8f1c66f922b8b7cf617b02a31149ada43893a5d48f?s=96&d=mm&r=g\",\"contentUrl\":\"https:\/\/secure.gravatar.com\/avatar\/1f9a70007336511a47468b8f1c66f922b8b7cf617b02a31149ada43893a5d48f?s=96&d=mm&r=g\",\"caption\":\"C D\"},\"url\":\"https:\/\/vosgesinfo.fr\/remiremontinfo\/author\/cedric-drevet\/\"}]}<\/script>\n<!-- \/ Yoast SEO plugin. -->","yoast_head_json":{"title":"Ils manifestent pour le pouvoir d\u2019achat et les salaires - Remiremont Info","robots":{"index":"index","follow":"follow","max-snippet":"max-snippet:-1","max-image-preview":"max-image-preview:large","max-video-preview":"max-video-preview:-1"},"canonical":"https:\/\/vosgesinfo.fr\/remiremontinfo\/2021\/10\/manifestent-pouvoir-dachat-salaires\/","twitter_card":"summary_large_image","twitter_title":"Ils manifestent pour le pouvoir d\u2019achat et les salaires - Remiremont Info","twitter_description":"L\u2019intersyndicale CGT-FO-FSU-Solidaires avaient lanc\u00e9 une appel \u00e0 manifester et \u00e0 la gr\u00e8ve ce mardi 5 octobre. Le cort\u00e8ge s\u2019est rassembl\u00e9 [&hellip;]","twitter_image":"https:\/\/vosgesinfo.fr\/app\/uploads\/sites\/5\/2024\/09\/202110manifestation-salaire-epinal-10.jpg","twitter_creator":"@VosgesInfo88","twitter_site":"@VosgesInfo88","twitter_misc":{"\u00c9crit par":"C D","Dur\u00e9e de lecture estim\u00e9e":"1 minute"},"schema":{"@context":"https:\/\/schema.org","@graph":[{"@type":"Article","@id":"https:\/\/vosgesinfo.fr\/remiremontinfo\/2021\/10\/manifestent-pouvoir-dachat-salaires\/#article","isPartOf":{"@id":"https:\/\/vosgesinfo.fr\/remiremontinfo\/2021\/10\/manifestent-pouvoir-dachat-salaires\/"},"author":{"name":"C D","@id":"https:\/\/vosgesinfo.fr\/remiremontinfo\/#\/schema\/person\/3bfd164d5218a185b1db68655a265316"},"headline":"Ils manifestent pour le pouvoir d\u2019achat et les salaires","datePublished":"2021-10-05T02:30:56+00:00","dateModified":"2021-10-05T02:30:56+00:00","mainEntityOfPage":{"@id":"https:\/\/vosgesinfo.fr\/remiremontinfo\/2021\/10\/manifestent-pouvoir-dachat-salaires\/"},"wordCount":236,"commentCount":0,"publisher":{"@id":"https:\/\/vosgesinfo.fr\/remiremontinfo\/#organization"},"image":{"@id":"https:\/\/vosgesinfo.fr\/remiremontinfo\/2021\/10\/manifestent-pouvoir-dachat-salaires\/#primaryimage"},"thumbnailUrl":"https:\/\/vosgesinfo.fr\/app\/uploads\/sites\/5\/2024\/09\/202110manifestation-salaire-epinal-10.jpg","articleSection":["A la Une","Vosges"],"inLanguage":"fr-FR","potentialAction":[{"@type":"CommentAction","name":"Comment","target":["https:\/\/vosgesinfo.fr\/remiremontinfo\/2021\/10\/manifestent-pouvoir-dachat-salaires\/#respond"]}]},{"@type":"WebPage","@id":"https:\/\/vosgesinfo.fr\/remiremontinfo\/2021\/10\/manifestent-pouvoir-dachat-salaires\/","url":"https:\/\/vosgesinfo.fr\/remiremontinfo\/2021\/10\/manifestent-pouvoir-dachat-salaires\/","name":"Ils manifestent pour le pouvoir d\u2019achat et les salaires - Remiremont Info","isPartOf":{"@id":"https:\/\/vosgesinfo.fr\/remiremontinfo\/#website"},"primaryImageOfPage":{"@id":"https:\/\/vosgesinfo.fr\/remiremontinfo\/2021\/10\/manifestent-pouvoir-dachat-salaires\/#primaryimage"},"image":{"@id":"https:\/\/vosgesinfo.fr\/remiremontinfo\/2021\/10\/manifestent-pouvoir-dachat-salaires\/#primaryimage"},"thumbnailUrl":"https:\/\/vosgesinfo.fr\/app\/uploads\/sites\/5\/2024\/09\/202110manifestation-salaire-epinal-10.jpg","datePublished":"2021-10-05T02:30:56+00:00","dateModified":"2021-10-05T02:30:56+00:00","breadcrumb":{"@id":"https:\/\/vosgesinfo.fr\/remiremontinfo\/2021\/10\/manifestent-pouvoir-dachat-salaires\/#breadcrumb"},"inLanguage":"fr-FR","potentialAction":[{"@type":"ReadAction","target":["https:\/\/vosgesinfo.fr\/remiremontinfo\/2021\/10\/manifestent-pouvoir-dachat-salaires\/"]}]},{"@type":"ImageObject","inLanguage":"fr-FR","@id":"https:\/\/vosgesinfo.fr\/remiremontinfo\/2021\/10\/manifestent-pouvoir-dachat-salaires\/#primaryimage","url":"https:\/\/vosgesinfo.fr\/app\/uploads\/sites\/5\/2024\/09\/202110manifestation-salaire-epinal-10.jpg","contentUrl":"https:\/\/vosgesinfo.fr\/app\/uploads\/sites\/5\/2024\/09\/202110manifestation-salaire-epinal-10.jpg","width":800,"height":600},{"@type":"BreadcrumbList","@id":"https:\/\/vosgesinfo.fr\/remiremontinfo\/2021\/10\/manifestent-pouvoir-dachat-salaires\/#breadcrumb","itemListElement":[{"@type":"ListItem","position":1,"name":"Home","item":"https:\/\/vosgesinfo.fr\/remiremontinfo\/"},{"@type":"ListItem","position":2,"name":"Ils manifestent pour le pouvoir d\u2019achat et les salaires"}]},{"@type":"WebSite","@id":"https:\/\/vosgesinfo.fr\/remiremontinfo\/#website","url":"https:\/\/vosgesinfo.fr\/remiremontinfo\/","name":"Remiremont Info","description":"Toute l&#039;actualit\u00e9 de Remiremont","publisher":{"@id":"https:\/\/vosgesinfo.fr\/remiremontinfo\/#organization"},"alternateName":"Toute l'actualit\u00e9 de Remiremont","potentialAction":[{"@type":"SearchAction","target":{"@type":"EntryPoint","urlTemplate":"https:\/\/vosgesinfo.fr\/remiremontinfo\/?s={search_term_string}"},"query-input":"required name=search_term_string"}],"inLanguage":"fr-FR"},{"@type":"Organization","@id":"https:\/\/vosgesinfo.fr\/remiremontinfo\/#organization","name":"Remiremont Info","url":"https:\/\/vosgesinfo.fr\/remiremontinfo\/","logo":{"@type":"ImageObject","inLanguage":"fr-FR","@id":"https:\/\/vosgesinfo.fr\/remiremontinfo\/#\/schema\/logo\/image\/","url":"https:\/\/vosgesinfo.fr\/app\/uploads\/sites\/5\/2023\/08\/favicon-remiremontinfo.png","contentUrl":"https:\/\/vosgesinfo.fr\/app\/uploads\/sites\/5\/2023\/08\/favicon-remiremontinfo.png","width":512,"height":512,"caption":"Remiremont Info"},"image":{"@id":"https:\/\/vosgesinfo.fr\/remiremontinfo\/#\/schema\/logo\/image\/"},"sameAs":["https:\/\/www.facebook.com\/remiremontinfo","https:\/\/x.com\/VosgesInfo88","https:\/\/www.youtube.com\/@vosgesinfo"]},{"@type":"Person","@id":"https:\/\/vosgesinfo.fr\/remiremontinfo\/#\/schema\/person\/3bfd164d5218a185b1db68655a265316","name":"C D","image":{"@type":"ImageObject","inLanguage":"fr-FR","@id":"https:\/\/vosgesinfo.fr\/remiremontinfo\/#\/schema\/person\/image\/","url":"https:\/\/secure.gravatar.com\/avatar\/1f9a70007336511a47468b8f1c66f922b8b7cf617b02a31149ada43893a5d48f?s=96&d=mm&r=g","contentUrl":"https:\/\/secure.gravatar.com\/avatar\/1f9a70007336511a47468b8f1c66f922b8b7cf617b02a31149ada43893a5d48f?s=96&d=mm&r=g","caption":"C D"},"url":"https:\/\/vosgesinfo.fr\/remiremontinfo\/author\/cedric-drevet\/"}]}},"_links":{"self":[{"href":"https:\/\/vosgesinfo.fr\/remiremontinfo\/wp-json\/wp\/v2\/posts\/47066","targetHints":{"allow":["GET"]}}],"collection":[{"href":"https:\/\/vosgesinfo.fr\/remiremontinfo\/wp-json\/wp\/v2\/posts"}],"about":[{"href":"https:\/\/vosgesinfo.fr\/remiremontinfo\/wp-json\/wp\/v2\/types\/post"}],"author":[{"embeddable":true,"href":"https:\/\/vosgesinfo.fr\/remiremontinfo\/wp-json\/wp\/v2\/users\/407"}],"replies":[{"embeddable":true,"href":"https:\/\/vosgesinfo.fr\/remiremontinfo\/wp-json\/wp\/v2\/comments?post=47066"}],"version-history":[{"count":0,"href":"https:\/\/vosgesinfo.fr\/remiremontinfo\/wp-json\/wp\/v2\/posts\/47066\/revisions"}],"wp:featuredmedia":[{"embeddable":true,"href":"https:\/\/vosgesinfo.fr\/remiremontinfo\/wp-json\/wp\/v2\/media\/47067"}],"wp:attachment":[{"href":"https:\/\/vosgesinfo.fr\/remiremontinfo\/wp-json\/wp\/v2\/media?parent=47066"}],"wp:term":[{"taxonomy":"category","embeddable":true,"href":"https:\/\/vosgesinfo.fr\/remiremontinfo\/wp-json\/wp\/v2\/categories?post=47066"},{"taxonomy":"post_tag","embeddable":true,"href":"https:\/\/vosgesinfo.fr\/remiremontinfo\/wp-json\/wp\/v2\/tags?post=47066"}],"curies":[{"name":"wp","href":"https:\/\/api.w.org\/{rel}","templated":true}]}}