{"id":47079,"date":"2021-10-06T04:50:03","date_gmt":"2021-10-06T02:50:03","guid":{"rendered":"https:\/\/vosgesinfo.fr\/remiremontinfo\/2021\/10\/conseil-departemental-social-economie-tourisme-menu-elus\/"},"modified":"2021-10-06T04:50:03","modified_gmt":"2021-10-06T02:50:03","slug":"conseil-departemental-social-economie-tourisme-menu-elus","status":"publish","type":"post","link":"https:\/\/vosgesinfo.fr\/remiremontinfo\/2021\/10\/conseil-departemental-social-economie-tourisme-menu-elus\/","title":{"rendered":"Conseil D\u00e9partemental : social, \u00e9conomie, tourisme au menu des \u00e9lus"},"content":{"rendered":"<h2><a href=\"\/2021\/10\/conseil-departemental.jpg\"><img decoding=\"async\" class=\"alignnone size-full wp-image-328425\" src=\"\/2021\/10\/conseil-departemental.jpg\" alt=\"conseil-departemental\" width=\"800\" height=\"450\" \/><\/a><\/h2>\n<h2><span style=\"font-size: 12pt;\">Lors de la derni\u00e8re commission permanente les \u00e9lus ont adopt\u00e9 92 rapports. Zoom sur : le soutien \u00e0 l\u2019agriculture, l\u2019\u00e9conomie, le social, le tourisme.<\/span><\/h2>\n<h3><span style=\"font-size: 12pt;\">Social<\/span><\/h3>\n<p><span style=\"font-size: 12pt;\">Les \u00e9lus ont vot\u00e9 une aide de 10.000 euros au profit du Centre d\u2019action sociale de la ville d\u2019Epinal qui m\u00e8ne actuellement une exp\u00e9rimentation en faveur des spinaliens touch\u00e9s par un cancer. Le projet \u00ab Repas plaisir \u2013 Epinal solidaire \u2013 une aide pour lutter contre le cancer \u00bb est n\u00e9 de la volont\u00e9 de r\u00e9pondre, sans connotation m\u00e9dicale, \u00e0 la probl\u00e9matique du soutien \u00e0 la personne malade durant les 3 jours post-chimioth\u00e9rapie, afin de l\u2019aider \u00e0 combattre la maladie et ses cons\u00e9quences sur l\u2019entourage proche. L\u2019alimentation est importante dans le processus de gu\u00e9rison mais elle est souvent n\u00e9glig\u00e9e car elle demande aux personnes malades des efforts suppl\u00e9mentaires. Concr\u00e8tement, ce dispositif pr\u00e9voit une aide de 10 euros par jour pendant les 3 jours post-chimioth\u00e9rapie pour le malade et les membres de sa famille. Ces ch\u00e8ques sont utilisables chez les traiteurs, boulangers et tous les autres m\u00e9tiers de bouche partenaires.<\/span><\/p>\n<h3><span style=\"font-size: 12pt;\">Economie<\/span><\/h3>\n<p><span style=\"font-size: 12pt;\">Les \u00e9lus d\u00e9partementaux ont allou\u00e9 une aide de 385 705 euros \u00e0 25 dossiers afin de soutenir l\u2019investissement de structures intervenant dans le domaine de l\u2019insertion par l\u2019\u00e9conomie. Ainsi, Aspire (port\u00e9e par l\u2019association l\u2019Abri) recevra une subvention de 14.000 euros afin de soutenir son projet de mise en service d\u2019un atelier de menuiserie au sein de la maison d\u2019arr\u00eat d\u2019Epinal. Ce projet permettra de proposer une offre de r\u00e9insertion par le travail en milieu p\u00e9nitentiaire \u00e0 destination des d\u00e9tenus via une activit\u00e9 de menuiserie et un accompagnement socioprofessionnel.<\/span><\/p>\n<h3><span style=\"font-size: 12pt;\">Tourisme<\/span><\/h3>\n<p><span style=\"font-size: 12pt;\">Le D\u00e9partement va soutenir 8 dossiers d\u2019aide \u00e0 l\u2019immobilier d\u2019entreprises touristiques pour un montant de 107.700 euros. Ainsi \u00e0 Xonrupt Longemer, le d\u00e9partement aidera, \u00e0 hauteur de 10.000 euros, la soci\u00e9t\u00e9 Le Yeti qui souhaite r\u00e9nover une ancienne ferme de 435 m2 en 3 meubl\u00e9s de tourisme d\u2019une capacit\u00e9 d\u2019accueil de 24 personnes. Ces meubl\u00e9s seront \u00e0 proximit\u00e9 de sentiers de randonn\u00e9es p\u00e9destres, proches des lacs et pistes de ski.<\/span><\/p>\n<h3><span style=\"font-size: 12pt;\">Soutien aux initiatives rurales<\/span><\/h3>\n<p><span style=\"font-size: 12pt;\">Les \u00e9lus ont approuv\u00e9 une aide de 18.000 euros en faveur de deux projets. Le premier consiste en la cr\u00e9ation, par la Fermette aux escargots situ\u00e9e \u00e0 Romont, d\u2019une salle d\u2019hibernation pour escargots et l\u2019acquisition d\u2019une machine sous vide. Le 2e projet est lui situ\u00e9 \u00e0 Nompatelize et permettra \u00e0 Emilie Brickert de cr\u00e9er un atelier de transformation de c\u00e9r\u00e9ales en farine et p\u00e2tes artisanales.<\/span><\/p>\n","protected":false},"excerpt":{"rendered":"<p>Lors de la derni\u00e8re commission permanente les \u00e9lus ont adopt\u00e9 92 rapports. Zoom sur : le soutien \u00e0 l\u2019agriculture, l\u2019\u00e9conomie, [&hellip;]<\/p>\n","protected":false},"author":407,"featured_media":47080,"comment_status":"open","ping_status":"open","sticky":false,"template":"","format":"standard","meta":{"footnotes":""},"categories":[26,10,18],"tags":[274,126,32],"class_list":["post-47079","post","type-post","status-publish","format-standard","has-post-thumbnail","hentry","category-a-la-une","category-politique","category-vosges","tag-conseil-departemental","tag-politique","tag-vosges"],"acf":[],"yoast_head":"<!-- This site is optimized with the Yoast SEO plugin v22.5 - https:\/\/yoast.com\/wordpress\/plugins\/seo\/ -->\n<title>Conseil D\u00e9partemental : social, \u00e9conomie, tourisme au menu des \u00e9lus - Remiremont Info<\/title>\n<meta name=\"robots\" content=\"index, follow, max-snippet:-1, max-image-preview:large, max-video-preview:-1\" \/>\n<link rel=\"canonical\" href=\"https:\/\/vosgesinfo.fr\/remiremontinfo\/2021\/10\/conseil-departemental-social-economie-tourisme-menu-elus\/\" \/>\n<meta name=\"twitter:card\" content=\"summary_large_image\" \/>\n<meta name=\"twitter:title\" content=\"Conseil D\u00e9partemental : social, \u00e9conomie, tourisme au menu des \u00e9lus - Remiremont Info\" \/>\n<meta name=\"twitter:description\" content=\"Lors de la derni\u00e8re commission permanente les \u00e9lus ont adopt\u00e9 92 rapports. Zoom sur : le soutien \u00e0 l\u2019agriculture, l\u2019\u00e9conomie, [&hellip;]\" \/>\n<meta name=\"twitter:image\" content=\"https:\/\/vosgesinfo.fr\/app\/uploads\/sites\/5\/2024\/09\/202110conseil-departemental.jpg\" \/>\n<meta name=\"twitter:creator\" content=\"@VosgesInfo88\" \/>\n<meta name=\"twitter:site\" content=\"@VosgesInfo88\" \/>\n<meta name=\"twitter:label1\" content=\"\u00c9crit par\" \/>\n\t<meta name=\"twitter:data1\" content=\"C D\" \/>\n\t<meta name=\"twitter:label2\" content=\"Dur\u00e9e de lecture estim\u00e9e\" \/>\n\t<meta name=\"twitter:data2\" content=\"2 minutes\" \/>\n<script type=\"application\/ld+json\" class=\"yoast-schema-graph\">{\"@context\":\"https:\/\/schema.org\",\"@graph\":[{\"@type\":\"Article\",\"@id\":\"https:\/\/vosgesinfo.fr\/remiremontinfo\/2021\/10\/conseil-departemental-social-economie-tourisme-menu-elus\/#article\",\"isPartOf\":{\"@id\":\"https:\/\/vosgesinfo.fr\/remiremontinfo\/2021\/10\/conseil-departemental-social-economie-tourisme-menu-elus\/\"},\"author\":{\"name\":\"C D\",\"@id\":\"https:\/\/vosgesinfo.fr\/remiremontinfo\/#\/schema\/person\/3bfd164d5218a185b1db68655a265316\"},\"headline\":\"Conseil D\u00e9partemental : social, \u00e9conomie, tourisme au menu des \u00e9lus\",\"datePublished\":\"2021-10-06T02:50:03+00:00\",\"dateModified\":\"2021-10-06T02:50:03+00:00\",\"mainEntityOfPage\":{\"@id\":\"https:\/\/vosgesinfo.fr\/remiremontinfo\/2021\/10\/conseil-departemental-social-economie-tourisme-menu-elus\/\"},\"wordCount\":441,\"commentCount\":0,\"publisher\":{\"@id\":\"https:\/\/vosgesinfo.fr\/remiremontinfo\/#organization\"},\"image\":{\"@id\":\"https:\/\/vosgesinfo.fr\/remiremontinfo\/2021\/10\/conseil-departemental-social-economie-tourisme-menu-elus\/#primaryimage\"},\"thumbnailUrl\":\"https:\/\/vosgesinfo.fr\/app\/uploads\/sites\/5\/2024\/09\/202110conseil-departemental.jpg\",\"keywords\":[\"Conseil d\u00e9partemental\",\"politique\",\"Vosges\"],\"articleSection\":[\"A la Une\",\"Politique\",\"Vosges\"],\"inLanguage\":\"fr-FR\",\"potentialAction\":[{\"@type\":\"CommentAction\",\"name\":\"Comment\",\"target\":[\"https:\/\/vosgesinfo.fr\/remiremontinfo\/2021\/10\/conseil-departemental-social-economie-tourisme-menu-elus\/#respond\"]}]},{\"@type\":\"WebPage\",\"@id\":\"https:\/\/vosgesinfo.fr\/remiremontinfo\/2021\/10\/conseil-departemental-social-economie-tourisme-menu-elus\/\",\"url\":\"https:\/\/vosgesinfo.fr\/remiremontinfo\/2021\/10\/conseil-departemental-social-economie-tourisme-menu-elus\/\",\"name\":\"Conseil D\u00e9partemental : social, \u00e9conomie, tourisme au menu des \u00e9lus - Remiremont Info\",\"isPartOf\":{\"@id\":\"https:\/\/vosgesinfo.fr\/remiremontinfo\/#website\"},\"primaryImageOfPage\":{\"@id\":\"https:\/\/vosgesinfo.fr\/remiremontinfo\/2021\/10\/conseil-departemental-social-economie-tourisme-menu-elus\/#primaryimage\"},\"image\":{\"@id\":\"https:\/\/vosgesinfo.fr\/remiremontinfo\/2021\/10\/conseil-departemental-social-economie-tourisme-menu-elus\/#primaryimage\"},\"thumbnailUrl\":\"https:\/\/vosgesinfo.fr\/app\/uploads\/sites\/5\/2024\/09\/202110conseil-departemental.jpg\",\"datePublished\":\"2021-10-06T02:50:03+00:00\",\"dateModified\":\"2021-10-06T02:50:03+00:00\",\"breadcrumb\":{\"@id\":\"https:\/\/vosgesinfo.fr\/remiremontinfo\/2021\/10\/conseil-departemental-social-economie-tourisme-menu-elus\/#breadcrumb\"},\"inLanguage\":\"fr-FR\",\"potentialAction\":[{\"@type\":\"ReadAction\",\"target\":[\"https:\/\/vosgesinfo.fr\/remiremontinfo\/2021\/10\/conseil-departemental-social-economie-tourisme-menu-elus\/\"]}]},{\"@type\":\"ImageObject\",\"inLanguage\":\"fr-FR\",\"@id\":\"https:\/\/vosgesinfo.fr\/remiremontinfo\/2021\/10\/conseil-departemental-social-economie-tourisme-menu-elus\/#primaryimage\",\"url\":\"https:\/\/vosgesinfo.fr\/app\/uploads\/sites\/5\/2024\/09\/202110conseil-departemental.jpg\",\"contentUrl\":\"https:\/\/vosgesinfo.fr\/app\/uploads\/sites\/5\/2024\/09\/202110conseil-departemental.jpg\",\"width\":800,\"height\":450},{\"@type\":\"BreadcrumbList\",\"@id\":\"https:\/\/vosgesinfo.fr\/remiremontinfo\/2021\/10\/conseil-departemental-social-economie-tourisme-menu-elus\/#breadcrumb\",\"itemListElement\":[{\"@type\":\"ListItem\",\"position\":1,\"name\":\"Home\",\"item\":\"https:\/\/vosgesinfo.fr\/remiremontinfo\/\"},{\"@type\":\"ListItem\",\"position\":2,\"name\":\"Conseil D\u00e9partemental : social, \u00e9conomie, tourisme au menu des \u00e9lus\"}]},{\"@type\":\"WebSite\",\"@id\":\"https:\/\/vosgesinfo.fr\/remiremontinfo\/#website\",\"url\":\"https:\/\/vosgesinfo.fr\/remiremontinfo\/\",\"name\":\"Remiremont Info\",\"description\":\"Toute l&#039;actualit\u00e9 de Remiremont\",\"publisher\":{\"@id\":\"https:\/\/vosgesinfo.fr\/remiremontinfo\/#organization\"},\"alternateName\":\"Toute l'actualit\u00e9 de Remiremont\",\"potentialAction\":[{\"@type\":\"SearchAction\",\"target\":{\"@type\":\"EntryPoint\",\"urlTemplate\":\"https:\/\/vosgesinfo.fr\/remiremontinfo\/?s={search_term_string}\"},\"query-input\":\"required name=search_term_string\"}],\"inLanguage\":\"fr-FR\"},{\"@type\":\"Organization\",\"@id\":\"https:\/\/vosgesinfo.fr\/remiremontinfo\/#organization\",\"name\":\"Remiremont Info\",\"url\":\"https:\/\/vosgesinfo.fr\/remiremontinfo\/\",\"logo\":{\"@type\":\"ImageObject\",\"inLanguage\":\"fr-FR\",\"@id\":\"https:\/\/vosgesinfo.fr\/remiremontinfo\/#\/schema\/logo\/image\/\",\"url\":\"https:\/\/vosgesinfo.fr\/app\/uploads\/sites\/5\/2023\/08\/favicon-remiremontinfo.png\",\"contentUrl\":\"https:\/\/vosgesinfo.fr\/app\/uploads\/sites\/5\/2023\/08\/favicon-remiremontinfo.png\",\"width\":512,\"height\":512,\"caption\":\"Remiremont Info\"},\"image\":{\"@id\":\"https:\/\/vosgesinfo.fr\/remiremontinfo\/#\/schema\/logo\/image\/\"},\"sameAs\":[\"https:\/\/www.facebook.com\/remiremontinfo\",\"https:\/\/x.com\/VosgesInfo88\",\"https:\/\/www.youtube.com\/@vosgesinfo\"]},{\"@type\":\"Person\",\"@id\":\"https:\/\/vosgesinfo.fr\/remiremontinfo\/#\/schema\/person\/3bfd164d5218a185b1db68655a265316\",\"name\":\"C D\",\"image\":{\"@type\":\"ImageObject\",\"inLanguage\":\"fr-FR\",\"@id\":\"https:\/\/vosgesinfo.fr\/remiremontinfo\/#\/schema\/person\/image\/\",\"url\":\"https:\/\/secure.gravatar.com\/avatar\/1f9a70007336511a47468b8f1c66f922b8b7cf617b02a31149ada43893a5d48f?s=96&d=mm&r=g\",\"contentUrl\":\"https:\/\/secure.gravatar.com\/avatar\/1f9a70007336511a47468b8f1c66f922b8b7cf617b02a31149ada43893a5d48f?s=96&d=mm&r=g\",\"caption\":\"C D\"},\"url\":\"https:\/\/vosgesinfo.fr\/remiremontinfo\/author\/cedric-drevet\/\"}]}<\/script>\n<!-- \/ Yoast SEO plugin. -->","yoast_head_json":{"title":"Conseil D\u00e9partemental : social, \u00e9conomie, tourisme au menu des \u00e9lus - Remiremont Info","robots":{"index":"index","follow":"follow","max-snippet":"max-snippet:-1","max-image-preview":"max-image-preview:large","max-video-preview":"max-video-preview:-1"},"canonical":"https:\/\/vosgesinfo.fr\/remiremontinfo\/2021\/10\/conseil-departemental-social-economie-tourisme-menu-elus\/","twitter_card":"summary_large_image","twitter_title":"Conseil D\u00e9partemental : social, \u00e9conomie, tourisme au menu des \u00e9lus - Remiremont Info","twitter_description":"Lors de la derni\u00e8re commission permanente les \u00e9lus ont adopt\u00e9 92 rapports. Zoom sur : le soutien \u00e0 l\u2019agriculture, l\u2019\u00e9conomie, [&hellip;]","twitter_image":"https:\/\/vosgesinfo.fr\/app\/uploads\/sites\/5\/2024\/09\/202110conseil-departemental.jpg","twitter_creator":"@VosgesInfo88","twitter_site":"@VosgesInfo88","twitter_misc":{"\u00c9crit par":"C D","Dur\u00e9e de lecture estim\u00e9e":"2 minutes"},"schema":{"@context":"https:\/\/schema.org","@graph":[{"@type":"Article","@id":"https:\/\/vosgesinfo.fr\/remiremontinfo\/2021\/10\/conseil-departemental-social-economie-tourisme-menu-elus\/#article","isPartOf":{"@id":"https:\/\/vosgesinfo.fr\/remiremontinfo\/2021\/10\/conseil-departemental-social-economie-tourisme-menu-elus\/"},"author":{"name":"C D","@id":"https:\/\/vosgesinfo.fr\/remiremontinfo\/#\/schema\/person\/3bfd164d5218a185b1db68655a265316"},"headline":"Conseil D\u00e9partemental : social, \u00e9conomie, tourisme au menu des \u00e9lus","datePublished":"2021-10-06T02:50:03+00:00","dateModified":"2021-10-06T02:50:03+00:00","mainEntityOfPage":{"@id":"https:\/\/vosgesinfo.fr\/remiremontinfo\/2021\/10\/conseil-departemental-social-economie-tourisme-menu-elus\/"},"wordCount":441,"commentCount":0,"publisher":{"@id":"https:\/\/vosgesinfo.fr\/remiremontinfo\/#organization"},"image":{"@id":"https:\/\/vosgesinfo.fr\/remiremontinfo\/2021\/10\/conseil-departemental-social-economie-tourisme-menu-elus\/#primaryimage"},"thumbnailUrl":"https:\/\/vosgesinfo.fr\/app\/uploads\/sites\/5\/2024\/09\/202110conseil-departemental.jpg","keywords":["Conseil d\u00e9partemental","politique","Vosges"],"articleSection":["A la Une","Politique","Vosges"],"inLanguage":"fr-FR","potentialAction":[{"@type":"CommentAction","name":"Comment","target":["https:\/\/vosgesinfo.fr\/remiremontinfo\/2021\/10\/conseil-departemental-social-economie-tourisme-menu-elus\/#respond"]}]},{"@type":"WebPage","@id":"https:\/\/vosgesinfo.fr\/remiremontinfo\/2021\/10\/conseil-departemental-social-economie-tourisme-menu-elus\/","url":"https:\/\/vosgesinfo.fr\/remiremontinfo\/2021\/10\/conseil-departemental-social-economie-tourisme-menu-elus\/","name":"Conseil D\u00e9partemental : social, \u00e9conomie, tourisme au menu des \u00e9lus - Remiremont Info","isPartOf":{"@id":"https:\/\/vosgesinfo.fr\/remiremontinfo\/#website"},"primaryImageOfPage":{"@id":"https:\/\/vosgesinfo.fr\/remiremontinfo\/2021\/10\/conseil-departemental-social-economie-tourisme-menu-elus\/#primaryimage"},"image":{"@id":"https:\/\/vosgesinfo.fr\/remiremontinfo\/2021\/10\/conseil-departemental-social-economie-tourisme-menu-elus\/#primaryimage"},"thumbnailUrl":"https:\/\/vosgesinfo.fr\/app\/uploads\/sites\/5\/2024\/09\/202110conseil-departemental.jpg","datePublished":"2021-10-06T02:50:03+00:00","dateModified":"2021-10-06T02:50:03+00:00","breadcrumb":{"@id":"https:\/\/vosgesinfo.fr\/remiremontinfo\/2021\/10\/conseil-departemental-social-economie-tourisme-menu-elus\/#breadcrumb"},"inLanguage":"fr-FR","potentialAction":[{"@type":"ReadAction","target":["https:\/\/vosgesinfo.fr\/remiremontinfo\/2021\/10\/conseil-departemental-social-economie-tourisme-menu-elus\/"]}]},{"@type":"ImageObject","inLanguage":"fr-FR","@id":"https:\/\/vosgesinfo.fr\/remiremontinfo\/2021\/10\/conseil-departemental-social-economie-tourisme-menu-elus\/#primaryimage","url":"https:\/\/vosgesinfo.fr\/app\/uploads\/sites\/5\/2024\/09\/202110conseil-departemental.jpg","contentUrl":"https:\/\/vosgesinfo.fr\/app\/uploads\/sites\/5\/2024\/09\/202110conseil-departemental.jpg","width":800,"height":450},{"@type":"BreadcrumbList","@id":"https:\/\/vosgesinfo.fr\/remiremontinfo\/2021\/10\/conseil-departemental-social-economie-tourisme-menu-elus\/#breadcrumb","itemListElement":[{"@type":"ListItem","position":1,"name":"Home","item":"https:\/\/vosgesinfo.fr\/remiremontinfo\/"},{"@type":"ListItem","position":2,"name":"Conseil D\u00e9partemental : social, \u00e9conomie, tourisme au menu des \u00e9lus"}]},{"@type":"WebSite","@id":"https:\/\/vosgesinfo.fr\/remiremontinfo\/#website","url":"https:\/\/vosgesinfo.fr\/remiremontinfo\/","name":"Remiremont Info","description":"Toute l&#039;actualit\u00e9 de Remiremont","publisher":{"@id":"https:\/\/vosgesinfo.fr\/remiremontinfo\/#organization"},"alternateName":"Toute l'actualit\u00e9 de Remiremont","potentialAction":[{"@type":"SearchAction","target":{"@type":"EntryPoint","urlTemplate":"https:\/\/vosgesinfo.fr\/remiremontinfo\/?s={search_term_string}"},"query-input":"required name=search_term_string"}],"inLanguage":"fr-FR"},{"@type":"Organization","@id":"https:\/\/vosgesinfo.fr\/remiremontinfo\/#organization","name":"Remiremont Info","url":"https:\/\/vosgesinfo.fr\/remiremontinfo\/","logo":{"@type":"ImageObject","inLanguage":"fr-FR","@id":"https:\/\/vosgesinfo.fr\/remiremontinfo\/#\/schema\/logo\/image\/","url":"https:\/\/vosgesinfo.fr\/app\/uploads\/sites\/5\/2023\/08\/favicon-remiremontinfo.png","contentUrl":"https:\/\/vosgesinfo.fr\/app\/uploads\/sites\/5\/2023\/08\/favicon-remiremontinfo.png","width":512,"height":512,"caption":"Remiremont Info"},"image":{"@id":"https:\/\/vosgesinfo.fr\/remiremontinfo\/#\/schema\/logo\/image\/"},"sameAs":["https:\/\/www.facebook.com\/remiremontinfo","https:\/\/x.com\/VosgesInfo88","https:\/\/www.youtube.com\/@vosgesinfo"]},{"@type":"Person","@id":"https:\/\/vosgesinfo.fr\/remiremontinfo\/#\/schema\/person\/3bfd164d5218a185b1db68655a265316","name":"C D","image":{"@type":"ImageObject","inLanguage":"fr-FR","@id":"https:\/\/vosgesinfo.fr\/remiremontinfo\/#\/schema\/person\/image\/","url":"https:\/\/secure.gravatar.com\/avatar\/1f9a70007336511a47468b8f1c66f922b8b7cf617b02a31149ada43893a5d48f?s=96&d=mm&r=g","contentUrl":"https:\/\/secure.gravatar.com\/avatar\/1f9a70007336511a47468b8f1c66f922b8b7cf617b02a31149ada43893a5d48f?s=96&d=mm&r=g","caption":"C D"},"url":"https:\/\/vosgesinfo.fr\/remiremontinfo\/author\/cedric-drevet\/"}]}},"_links":{"self":[{"href":"https:\/\/vosgesinfo.fr\/remiremontinfo\/wp-json\/wp\/v2\/posts\/47079","targetHints":{"allow":["GET"]}}],"collection":[{"href":"https:\/\/vosgesinfo.fr\/remiremontinfo\/wp-json\/wp\/v2\/posts"}],"about":[{"href":"https:\/\/vosgesinfo.fr\/remiremontinfo\/wp-json\/wp\/v2\/types\/post"}],"author":[{"embeddable":true,"href":"https:\/\/vosgesinfo.fr\/remiremontinfo\/wp-json\/wp\/v2\/users\/407"}],"replies":[{"embeddable":true,"href":"https:\/\/vosgesinfo.fr\/remiremontinfo\/wp-json\/wp\/v2\/comments?post=47079"}],"version-history":[{"count":0,"href":"https:\/\/vosgesinfo.fr\/remiremontinfo\/wp-json\/wp\/v2\/posts\/47079\/revisions"}],"wp:featuredmedia":[{"embeddable":true,"href":"https:\/\/vosgesinfo.fr\/remiremontinfo\/wp-json\/wp\/v2\/media\/47080"}],"wp:attachment":[{"href":"https:\/\/vosgesinfo.fr\/remiremontinfo\/wp-json\/wp\/v2\/media?parent=47079"}],"wp:term":[{"taxonomy":"category","embeddable":true,"href":"https:\/\/vosgesinfo.fr\/remiremontinfo\/wp-json\/wp\/v2\/categories?post=47079"},{"taxonomy":"post_tag","embeddable":true,"href":"https:\/\/vosgesinfo.fr\/remiremontinfo\/wp-json\/wp\/v2\/tags?post=47079"}],"curies":[{"name":"wp","href":"https:\/\/api.w.org\/{rel}","templated":true}]}}