{"id":4736,"date":"2024-02-28T13:16:16","date_gmt":"2024-02-28T12:16:16","guid":{"rendered":"https:\/\/vosgesinfo.fr\/remiremontinfo\/?p=4736"},"modified":"2024-02-28T13:17:04","modified_gmt":"2024-02-28T12:17:04","slug":"le-festival-international-de-sculpture-camille-claudel-devoile-son-affiche","status":"publish","type":"post","link":"https:\/\/vosgesinfo.fr\/remiremontinfo\/2024\/02\/le-festival-international-de-sculpture-camille-claudel-devoile-son-affiche\/","title":{"rendered":"Le festival international de sculpture Camille Claudel d\u00e9voile son affiche"},"content":{"rendered":"<div id=\"attachment_4738\" style=\"width: 1034px\" class=\"wp-caption aligncenter\"><a href=\"https:\/\/vosgesinfo.fr\/app\/uploads\/sites\/5\/2024\/02\/affiche-festival-camille-claudel-la-bresse-31-2-scaled.jpg\"><img decoding=\"async\" aria-describedby=\"caption-attachment-4738\" class=\"wp-image-4738 size-large\" src=\"https:\/\/vosgesinfo.fr\/app\/uploads\/sites\/5\/2024\/02\/affiche-festival-camille-claudel-la-bresse-31-2-1024x771.jpg\" alt=\"M. Crouvezier, A. Ducret et O. Claudon, artiste qui signe cette nouvelle affiche du festival. \" width=\"1024\" height=\"771\" srcset=\"https:\/\/vosgesinfo.fr\/app\/uploads\/sites\/5\/2024\/02\/affiche-festival-camille-claudel-la-bresse-31-2-1024x771.jpg 1024w, https:\/\/vosgesinfo.fr\/app\/uploads\/sites\/5\/2024\/02\/affiche-festival-camille-claudel-la-bresse-31-2-300x226.jpg 300w, https:\/\/vosgesinfo.fr\/app\/uploads\/sites\/5\/2024\/02\/affiche-festival-camille-claudel-la-bresse-31-2-768x578.jpg 768w, https:\/\/vosgesinfo.fr\/app\/uploads\/sites\/5\/2024\/02\/affiche-festival-camille-claudel-la-bresse-31-2-1536x1157.jpg 1536w, https:\/\/vosgesinfo.fr\/app\/uploads\/sites\/5\/2024\/02\/affiche-festival-camille-claudel-la-bresse-31-2-2048x1542.jpg 2048w\" sizes=\"(max-width: 1024px) 100vw, 1024px\" \/><\/a><p id=\"caption-attachment-4738\" class=\"wp-caption-text\">M. Crouvezier, A. Ducret et O. Claudon, artiste qui signe cette nouvelle affiche du festival.<\/p><\/div>\n<p>&nbsp;<\/p>\n<p><strong>Ce mercredi matin avait lieu la premi\u00e8re conf\u00e9rence de presse d\u00e9di\u00e9e \u00e0 la 31\u00e8me \u00e9dition du Festival International de Sculpture <em>Camille Claudel<\/em>. A cette occasion, Maryvonne Crouvezier, maire de La Bresse, Alexandrine Ducret, pr\u00e9sidente du festival, ainsi que l&rsquo;artiste local &lsquo;Olivier Claudon ont eu le plaisir de d\u00e9voiler l&rsquo;affiche de ce nouvel opus qui aura lieu du 4 au 12 mai 2024.<\/strong><\/p>\n<p>Les forces vives du festival sont donc au four et au moulin pour donner \u00e0 vie \u00e0 ce festival dont la renomm\u00e9e d\u00e9passe bien largement les fronti\u00e8res du d\u00e9partement et de la r\u00e9gion. Un tel \u00e9v\u00e8nement se doit d&rsquo;\u00eatre identifier visuellement et Olivier Claudon, depuis 30 ans, se fait un plaisir de r\u00e9aliser chaque affiche avec le plus grand soin et beaucoup d&rsquo;enthousiasme. Pour cette nouvelle cr\u00e9ation, il s&rsquo;est bien entendu inspir\u00e9 du th\u00e8me annuel du festival qui est \u00ab\u00a0Des racines et des ailes\u00a0\u00bb tout en rendant hommage \u00e0 deux sculpteurs de sa connaissance qui seront pr\u00e9sents cette ann\u00e9e \u00e0 La Bresse o\u00f9 vous pourrez d\u00e9couvrir une s\u00e9lection de leurs \u0153uvres.<\/p>\n<p>Honneur \u00e0 Anne Bousaubert qu&rsquo;Olivier conna\u00eet bien puisqu&rsquo;il a expos\u00e9 \u00e0 deux reprise en sa compagnie. Il la d\u00e9crit comme \u00ab\u00a0un petit bout de femme attachant, p\u00e9tillante, pleine d&rsquo;\u00e9nergie\u00a0\u00bb qui sculpte le corps et l&rsquo;\u00e2me humaine. Elle souligne notamment les \u00e9motions et les attitudes \u00e0 travers les forces et les failles du corps, elle qui est \u00ab\u00a0tomb\u00e9e dans la terre\u00a0\u00bb il y a une douzaine d&rsquo; ann\u00e9es, comme elle le dit si bien. Par la <em>terre<\/em>, c&rsquo;est bien d&rsquo;argile dont elle veut parler, mati\u00e8re premi\u00e8re qu&rsquo;elle manie et patine \u00e0 merveille pour donner naissance \u00e0 des sculptures \u00e0 la pr\u00e9sence intense et de toute beaut\u00e9. \u00ab\u00a0Cette affiche contient une \u0153uvre de chacun des deux artistes. Pour Anne Boisaubert, j&rsquo;ai choisi une sculpture qui a \u00e9t\u00e9 vol\u00e9e alors qu&rsquo;elle \u00e9t\u00e9 expos\u00e9e \u00e0 Boulogne, puis retrouv\u00e9e dans un bosquet, le voleur ayant peut-\u00eatre eu des remords&#8230; Cette \u0153uvre s&rsquo;appelle \u00ab\u00a0<em>L&rsquo;envol\u00e9e<\/em>\u00a0\u00bb , \u00e7a ne s&rsquo;invente pas, et elle sera expos\u00e9e au festival\u00a0\u00bb pr\u00e9cise ainsi olivier Claudon.<\/p>\n<p>Le second artiste se nomme Christophe Lgh Henry et il vient de Belgique : \u00ab\u00a0Il est assez d\u00e9gant\u00e9 je dirai. C&rsquo;est un artiste de la r\u00e9cup\u00e9ration, qui va dans les d\u00e9charges, les greniers, les march\u00e9s aux puces pour trouver des objets qu&rsquo;il retravaille, soude, agrafe, visse, colle, ponce etc. pour leur donner une deuxi\u00e8me vie. Il cherche des petits riens qui deviendront un grand tout comme il dit, il se sent concern\u00e9 la cause environnemental, la biodiversit\u00e9 et sculpte principalement des animaux, parfois \u00e9tranges\u00a0\u00bb explique Olivier Claudon. Par ailleurs, sachez que Christophe Lgh Henry cr\u00e9era une sculpture pendant la dur\u00e9e du festival, au c\u00f4t\u00e9 des sculpteurs sur bois, ce qui est particuli\u00e8rement prometteur&#8230;<\/p>\n","protected":false},"excerpt":{"rendered":"<p>&nbsp; Ce mercredi matin avait lieu la premi\u00e8re conf\u00e9rence de presse d\u00e9di\u00e9e \u00e0 la 31\u00e8me \u00e9dition du Festival International de [&hellip;]<\/p>\n","protected":false},"author":42,"featured_media":4737,"comment_status":"open","ping_status":"open","sticky":false,"template":"","format":"standard","meta":{"footnotes":""},"categories":[26,4,108,62,104,845,362,18],"tags":[868,869],"class_list":["post-4736","post","type-post","status-publish","format-standard","has-post-thumbnail","hentry","category-a-la-une","category-culture","category-epinal","category-gerardmer","category-la-bresse-la-bresse-son-canton","category-la-plaine-des-vosges","category-saint-die","category-vosges","tag-festival-camille-claudel","tag-olivier-claudon"],"acf":[],"yoast_head":"<!-- This site is optimized with the Yoast SEO plugin v22.5 - https:\/\/yoast.com\/wordpress\/plugins\/seo\/ -->\n<title>Le festival international de sculpture Camille Claudel d\u00e9voile son affiche - Remiremont Info<\/title>\n<meta name=\"robots\" content=\"index, follow, max-snippet:-1, max-image-preview:large, max-video-preview:-1\" \/>\n<link rel=\"canonical\" href=\"https:\/\/vosgesinfo.fr\/remiremontinfo\/2024\/02\/le-festival-international-de-sculpture-camille-claudel-devoile-son-affiche\/\" \/>\n<meta name=\"twitter:card\" content=\"summary_large_image\" \/>\n<meta name=\"twitter:title\" content=\"Le festival international de sculpture Camille Claudel d\u00e9voile son affiche - Remiremont Info\" \/>\n<meta name=\"twitter:description\" content=\"&nbsp; Ce mercredi matin avait lieu la premi\u00e8re conf\u00e9rence de presse d\u00e9di\u00e9e \u00e0 la 31\u00e8me \u00e9dition du Festival International de [&hellip;]\" \/>\n<meta name=\"twitter:image\" content=\"https:\/\/vosgesinfo.fr\/app\/uploads\/sites\/5\/2024\/02\/affiche-festival-camille-claudel-la-bresse-31-1-scaled.jpg\" \/>\n<meta name=\"twitter:creator\" content=\"@VosgesInfo88\" \/>\n<meta name=\"twitter:site\" content=\"@VosgesInfo88\" \/>\n<meta name=\"twitter:label1\" content=\"\u00c9crit par\" \/>\n\t<meta name=\"twitter:data1\" content=\"QG\" \/>\n\t<meta name=\"twitter:label2\" content=\"Dur\u00e9e de lecture estim\u00e9e\" \/>\n\t<meta name=\"twitter:data2\" content=\"3 minutes\" \/>\n<script type=\"application\/ld+json\" class=\"yoast-schema-graph\">{\"@context\":\"https:\/\/schema.org\",\"@graph\":[{\"@type\":\"Article\",\"@id\":\"https:\/\/vosgesinfo.fr\/remiremontinfo\/2024\/02\/le-festival-international-de-sculpture-camille-claudel-devoile-son-affiche\/#article\",\"isPartOf\":{\"@id\":\"https:\/\/vosgesinfo.fr\/remiremontinfo\/2024\/02\/le-festival-international-de-sculpture-camille-claudel-devoile-son-affiche\/\"},\"author\":{\"name\":\"QG\",\"@id\":\"https:\/\/vosgesinfo.fr\/remiremontinfo\/#\/schema\/person\/db5605779a843dad16b5368f3e7613a5\"},\"headline\":\"Le festival international de sculpture Camille Claudel d\u00e9voile son affiche\",\"datePublished\":\"2024-02-28T12:16:16+00:00\",\"dateModified\":\"2024-02-28T12:17:04+00:00\",\"mainEntityOfPage\":{\"@id\":\"https:\/\/vosgesinfo.fr\/remiremontinfo\/2024\/02\/le-festival-international-de-sculpture-camille-claudel-devoile-son-affiche\/\"},\"wordCount\":528,\"commentCount\":0,\"publisher\":{\"@id\":\"https:\/\/vosgesinfo.fr\/remiremontinfo\/#organization\"},\"image\":{\"@id\":\"https:\/\/vosgesinfo.fr\/remiremontinfo\/2024\/02\/le-festival-international-de-sculpture-camille-claudel-devoile-son-affiche\/#primaryimage\"},\"thumbnailUrl\":\"https:\/\/vosgesinfo.fr\/app\/uploads\/sites\/5\/2024\/02\/affiche-festival-camille-claudel-la-bresse-31-1-scaled.jpg\",\"keywords\":[\"Festival Camille Claudel\",\"Olivier Claudon\"],\"articleSection\":[\"A la Une\",\"Culture\",\"Epinal\",\"G\u00e9rardmer\",\"La Bresse\",\"La plaine des vosges\",\"Saint-di\u00e9\",\"Vosges\"],\"inLanguage\":\"fr-FR\",\"potentialAction\":[{\"@type\":\"CommentAction\",\"name\":\"Comment\",\"target\":[\"https:\/\/vosgesinfo.fr\/remiremontinfo\/2024\/02\/le-festival-international-de-sculpture-camille-claudel-devoile-son-affiche\/#respond\"]}]},{\"@type\":\"WebPage\",\"@id\":\"https:\/\/vosgesinfo.fr\/remiremontinfo\/2024\/02\/le-festival-international-de-sculpture-camille-claudel-devoile-son-affiche\/\",\"url\":\"https:\/\/vosgesinfo.fr\/remiremontinfo\/2024\/02\/le-festival-international-de-sculpture-camille-claudel-devoile-son-affiche\/\",\"name\":\"Le festival international de sculpture Camille Claudel d\u00e9voile son affiche - Remiremont Info\",\"isPartOf\":{\"@id\":\"https:\/\/vosgesinfo.fr\/remiremontinfo\/#website\"},\"primaryImageOfPage\":{\"@id\":\"https:\/\/vosgesinfo.fr\/remiremontinfo\/2024\/02\/le-festival-international-de-sculpture-camille-claudel-devoile-son-affiche\/#primaryimage\"},\"image\":{\"@id\":\"https:\/\/vosgesinfo.fr\/remiremontinfo\/2024\/02\/le-festival-international-de-sculpture-camille-claudel-devoile-son-affiche\/#primaryimage\"},\"thumbnailUrl\":\"https:\/\/vosgesinfo.fr\/app\/uploads\/sites\/5\/2024\/02\/affiche-festival-camille-claudel-la-bresse-31-1-scaled.jpg\",\"datePublished\":\"2024-02-28T12:16:16+00:00\",\"dateModified\":\"2024-02-28T12:17:04+00:00\",\"breadcrumb\":{\"@id\":\"https:\/\/vosgesinfo.fr\/remiremontinfo\/2024\/02\/le-festival-international-de-sculpture-camille-claudel-devoile-son-affiche\/#breadcrumb\"},\"inLanguage\":\"fr-FR\",\"potentialAction\":[{\"@type\":\"ReadAction\",\"target\":[\"https:\/\/vosgesinfo.fr\/remiremontinfo\/2024\/02\/le-festival-international-de-sculpture-camille-claudel-devoile-son-affiche\/\"]}]},{\"@type\":\"ImageObject\",\"inLanguage\":\"fr-FR\",\"@id\":\"https:\/\/vosgesinfo.fr\/remiremontinfo\/2024\/02\/le-festival-international-de-sculpture-camille-claudel-devoile-son-affiche\/#primaryimage\",\"url\":\"https:\/\/vosgesinfo.fr\/app\/uploads\/sites\/5\/2024\/02\/affiche-festival-camille-claudel-la-bresse-31-1-scaled.jpg\",\"contentUrl\":\"https:\/\/vosgesinfo.fr\/app\/uploads\/sites\/5\/2024\/02\/affiche-festival-camille-claudel-la-bresse-31-1-scaled.jpg\",\"width\":2560,\"height\":1928},{\"@type\":\"BreadcrumbList\",\"@id\":\"https:\/\/vosgesinfo.fr\/remiremontinfo\/2024\/02\/le-festival-international-de-sculpture-camille-claudel-devoile-son-affiche\/#breadcrumb\",\"itemListElement\":[{\"@type\":\"ListItem\",\"position\":1,\"name\":\"Home\",\"item\":\"https:\/\/vosgesinfo.fr\/remiremontinfo\/\"},{\"@type\":\"ListItem\",\"position\":2,\"name\":\"Le festival international de sculpture Camille Claudel d\u00e9voile son affiche\"}]},{\"@type\":\"WebSite\",\"@id\":\"https:\/\/vosgesinfo.fr\/remiremontinfo\/#website\",\"url\":\"https:\/\/vosgesinfo.fr\/remiremontinfo\/\",\"name\":\"Remiremont Info\",\"description\":\"Toute l&#039;actualit\u00e9 de Remiremont\",\"publisher\":{\"@id\":\"https:\/\/vosgesinfo.fr\/remiremontinfo\/#organization\"},\"alternateName\":\"Toute l'actualit\u00e9 de Remiremont\",\"potentialAction\":[{\"@type\":\"SearchAction\",\"target\":{\"@type\":\"EntryPoint\",\"urlTemplate\":\"https:\/\/vosgesinfo.fr\/remiremontinfo\/?s={search_term_string}\"},\"query-input\":\"required name=search_term_string\"}],\"inLanguage\":\"fr-FR\"},{\"@type\":\"Organization\",\"@id\":\"https:\/\/vosgesinfo.fr\/remiremontinfo\/#organization\",\"name\":\"Remiremont Info\",\"url\":\"https:\/\/vosgesinfo.fr\/remiremontinfo\/\",\"logo\":{\"@type\":\"ImageObject\",\"inLanguage\":\"fr-FR\",\"@id\":\"https:\/\/vosgesinfo.fr\/remiremontinfo\/#\/schema\/logo\/image\/\",\"url\":\"https:\/\/vosgesinfo.fr\/app\/uploads\/sites\/5\/2023\/08\/favicon-remiremontinfo.png\",\"contentUrl\":\"https:\/\/vosgesinfo.fr\/app\/uploads\/sites\/5\/2023\/08\/favicon-remiremontinfo.png\",\"width\":512,\"height\":512,\"caption\":\"Remiremont Info\"},\"image\":{\"@id\":\"https:\/\/vosgesinfo.fr\/remiremontinfo\/#\/schema\/logo\/image\/\"},\"sameAs\":[\"https:\/\/www.facebook.com\/remiremontinfo\",\"https:\/\/x.com\/VosgesInfo88\",\"https:\/\/www.youtube.com\/@vosgesinfo\"]},{\"@type\":\"Person\",\"@id\":\"https:\/\/vosgesinfo.fr\/remiremontinfo\/#\/schema\/person\/db5605779a843dad16b5368f3e7613a5\",\"name\":\"QG\",\"image\":{\"@type\":\"ImageObject\",\"inLanguage\":\"fr-FR\",\"@id\":\"https:\/\/vosgesinfo.fr\/remiremontinfo\/#\/schema\/person\/image\/\",\"url\":\"https:\/\/secure.gravatar.com\/avatar\/ea80c42c204b534408512832fde52504ecabb9706bcb6151cf6175e5b64e6793?s=96&d=mm&r=g\",\"contentUrl\":\"https:\/\/secure.gravatar.com\/avatar\/ea80c42c204b534408512832fde52504ecabb9706bcb6151cf6175e5b64e6793?s=96&d=mm&r=g\",\"caption\":\"QG\"},\"url\":\"https:\/\/vosgesinfo.fr\/remiremontinfo\/author\/quentin88\/\"}]}<\/script>\n<!-- \/ Yoast SEO plugin. -->","yoast_head_json":{"title":"Le festival international de sculpture Camille Claudel d\u00e9voile son affiche - Remiremont Info","robots":{"index":"index","follow":"follow","max-snippet":"max-snippet:-1","max-image-preview":"max-image-preview:large","max-video-preview":"max-video-preview:-1"},"canonical":"https:\/\/vosgesinfo.fr\/remiremontinfo\/2024\/02\/le-festival-international-de-sculpture-camille-claudel-devoile-son-affiche\/","twitter_card":"summary_large_image","twitter_title":"Le festival international de sculpture Camille Claudel d\u00e9voile son affiche - Remiremont Info","twitter_description":"&nbsp; Ce mercredi matin avait lieu la premi\u00e8re conf\u00e9rence de presse d\u00e9di\u00e9e \u00e0 la 31\u00e8me \u00e9dition du Festival International de [&hellip;]","twitter_image":"https:\/\/vosgesinfo.fr\/app\/uploads\/sites\/5\/2024\/02\/affiche-festival-camille-claudel-la-bresse-31-1-scaled.jpg","twitter_creator":"@VosgesInfo88","twitter_site":"@VosgesInfo88","twitter_misc":{"\u00c9crit par":"QG","Dur\u00e9e de lecture estim\u00e9e":"3 minutes"},"schema":{"@context":"https:\/\/schema.org","@graph":[{"@type":"Article","@id":"https:\/\/vosgesinfo.fr\/remiremontinfo\/2024\/02\/le-festival-international-de-sculpture-camille-claudel-devoile-son-affiche\/#article","isPartOf":{"@id":"https:\/\/vosgesinfo.fr\/remiremontinfo\/2024\/02\/le-festival-international-de-sculpture-camille-claudel-devoile-son-affiche\/"},"author":{"name":"QG","@id":"https:\/\/vosgesinfo.fr\/remiremontinfo\/#\/schema\/person\/db5605779a843dad16b5368f3e7613a5"},"headline":"Le festival international de sculpture Camille Claudel d\u00e9voile son affiche","datePublished":"2024-02-28T12:16:16+00:00","dateModified":"2024-02-28T12:17:04+00:00","mainEntityOfPage":{"@id":"https:\/\/vosgesinfo.fr\/remiremontinfo\/2024\/02\/le-festival-international-de-sculpture-camille-claudel-devoile-son-affiche\/"},"wordCount":528,"commentCount":0,"publisher":{"@id":"https:\/\/vosgesinfo.fr\/remiremontinfo\/#organization"},"image":{"@id":"https:\/\/vosgesinfo.fr\/remiremontinfo\/2024\/02\/le-festival-international-de-sculpture-camille-claudel-devoile-son-affiche\/#primaryimage"},"thumbnailUrl":"https:\/\/vosgesinfo.fr\/app\/uploads\/sites\/5\/2024\/02\/affiche-festival-camille-claudel-la-bresse-31-1-scaled.jpg","keywords":["Festival Camille Claudel","Olivier Claudon"],"articleSection":["A la Une","Culture","Epinal","G\u00e9rardmer","La Bresse","La plaine des vosges","Saint-di\u00e9","Vosges"],"inLanguage":"fr-FR","potentialAction":[{"@type":"CommentAction","name":"Comment","target":["https:\/\/vosgesinfo.fr\/remiremontinfo\/2024\/02\/le-festival-international-de-sculpture-camille-claudel-devoile-son-affiche\/#respond"]}]},{"@type":"WebPage","@id":"https:\/\/vosgesinfo.fr\/remiremontinfo\/2024\/02\/le-festival-international-de-sculpture-camille-claudel-devoile-son-affiche\/","url":"https:\/\/vosgesinfo.fr\/remiremontinfo\/2024\/02\/le-festival-international-de-sculpture-camille-claudel-devoile-son-affiche\/","name":"Le festival international de sculpture Camille Claudel d\u00e9voile son affiche - Remiremont Info","isPartOf":{"@id":"https:\/\/vosgesinfo.fr\/remiremontinfo\/#website"},"primaryImageOfPage":{"@id":"https:\/\/vosgesinfo.fr\/remiremontinfo\/2024\/02\/le-festival-international-de-sculpture-camille-claudel-devoile-son-affiche\/#primaryimage"},"image":{"@id":"https:\/\/vosgesinfo.fr\/remiremontinfo\/2024\/02\/le-festival-international-de-sculpture-camille-claudel-devoile-son-affiche\/#primaryimage"},"thumbnailUrl":"https:\/\/vosgesinfo.fr\/app\/uploads\/sites\/5\/2024\/02\/affiche-festival-camille-claudel-la-bresse-31-1-scaled.jpg","datePublished":"2024-02-28T12:16:16+00:00","dateModified":"2024-02-28T12:17:04+00:00","breadcrumb":{"@id":"https:\/\/vosgesinfo.fr\/remiremontinfo\/2024\/02\/le-festival-international-de-sculpture-camille-claudel-devoile-son-affiche\/#breadcrumb"},"inLanguage":"fr-FR","potentialAction":[{"@type":"ReadAction","target":["https:\/\/vosgesinfo.fr\/remiremontinfo\/2024\/02\/le-festival-international-de-sculpture-camille-claudel-devoile-son-affiche\/"]}]},{"@type":"ImageObject","inLanguage":"fr-FR","@id":"https:\/\/vosgesinfo.fr\/remiremontinfo\/2024\/02\/le-festival-international-de-sculpture-camille-claudel-devoile-son-affiche\/#primaryimage","url":"https:\/\/vosgesinfo.fr\/app\/uploads\/sites\/5\/2024\/02\/affiche-festival-camille-claudel-la-bresse-31-1-scaled.jpg","contentUrl":"https:\/\/vosgesinfo.fr\/app\/uploads\/sites\/5\/2024\/02\/affiche-festival-camille-claudel-la-bresse-31-1-scaled.jpg","width":2560,"height":1928},{"@type":"BreadcrumbList","@id":"https:\/\/vosgesinfo.fr\/remiremontinfo\/2024\/02\/le-festival-international-de-sculpture-camille-claudel-devoile-son-affiche\/#breadcrumb","itemListElement":[{"@type":"ListItem","position":1,"name":"Home","item":"https:\/\/vosgesinfo.fr\/remiremontinfo\/"},{"@type":"ListItem","position":2,"name":"Le festival international de sculpture Camille Claudel d\u00e9voile son affiche"}]},{"@type":"WebSite","@id":"https:\/\/vosgesinfo.fr\/remiremontinfo\/#website","url":"https:\/\/vosgesinfo.fr\/remiremontinfo\/","name":"Remiremont Info","description":"Toute l&#039;actualit\u00e9 de Remiremont","publisher":{"@id":"https:\/\/vosgesinfo.fr\/remiremontinfo\/#organization"},"alternateName":"Toute l'actualit\u00e9 de Remiremont","potentialAction":[{"@type":"SearchAction","target":{"@type":"EntryPoint","urlTemplate":"https:\/\/vosgesinfo.fr\/remiremontinfo\/?s={search_term_string}"},"query-input":"required name=search_term_string"}],"inLanguage":"fr-FR"},{"@type":"Organization","@id":"https:\/\/vosgesinfo.fr\/remiremontinfo\/#organization","name":"Remiremont Info","url":"https:\/\/vosgesinfo.fr\/remiremontinfo\/","logo":{"@type":"ImageObject","inLanguage":"fr-FR","@id":"https:\/\/vosgesinfo.fr\/remiremontinfo\/#\/schema\/logo\/image\/","url":"https:\/\/vosgesinfo.fr\/app\/uploads\/sites\/5\/2023\/08\/favicon-remiremontinfo.png","contentUrl":"https:\/\/vosgesinfo.fr\/app\/uploads\/sites\/5\/2023\/08\/favicon-remiremontinfo.png","width":512,"height":512,"caption":"Remiremont Info"},"image":{"@id":"https:\/\/vosgesinfo.fr\/remiremontinfo\/#\/schema\/logo\/image\/"},"sameAs":["https:\/\/www.facebook.com\/remiremontinfo","https:\/\/x.com\/VosgesInfo88","https:\/\/www.youtube.com\/@vosgesinfo"]},{"@type":"Person","@id":"https:\/\/vosgesinfo.fr\/remiremontinfo\/#\/schema\/person\/db5605779a843dad16b5368f3e7613a5","name":"QG","image":{"@type":"ImageObject","inLanguage":"fr-FR","@id":"https:\/\/vosgesinfo.fr\/remiremontinfo\/#\/schema\/person\/image\/","url":"https:\/\/secure.gravatar.com\/avatar\/ea80c42c204b534408512832fde52504ecabb9706bcb6151cf6175e5b64e6793?s=96&d=mm&r=g","contentUrl":"https:\/\/secure.gravatar.com\/avatar\/ea80c42c204b534408512832fde52504ecabb9706bcb6151cf6175e5b64e6793?s=96&d=mm&r=g","caption":"QG"},"url":"https:\/\/vosgesinfo.fr\/remiremontinfo\/author\/quentin88\/"}]}},"_links":{"self":[{"href":"https:\/\/vosgesinfo.fr\/remiremontinfo\/wp-json\/wp\/v2\/posts\/4736","targetHints":{"allow":["GET"]}}],"collection":[{"href":"https:\/\/vosgesinfo.fr\/remiremontinfo\/wp-json\/wp\/v2\/posts"}],"about":[{"href":"https:\/\/vosgesinfo.fr\/remiremontinfo\/wp-json\/wp\/v2\/types\/post"}],"author":[{"embeddable":true,"href":"https:\/\/vosgesinfo.fr\/remiremontinfo\/wp-json\/wp\/v2\/users\/42"}],"replies":[{"embeddable":true,"href":"https:\/\/vosgesinfo.fr\/remiremontinfo\/wp-json\/wp\/v2\/comments?post=4736"}],"version-history":[{"count":1,"href":"https:\/\/vosgesinfo.fr\/remiremontinfo\/wp-json\/wp\/v2\/posts\/4736\/revisions"}],"predecessor-version":[{"id":4739,"href":"https:\/\/vosgesinfo.fr\/remiremontinfo\/wp-json\/wp\/v2\/posts\/4736\/revisions\/4739"}],"wp:featuredmedia":[{"embeddable":true,"href":"https:\/\/vosgesinfo.fr\/remiremontinfo\/wp-json\/wp\/v2\/media\/4737"}],"wp:attachment":[{"href":"https:\/\/vosgesinfo.fr\/remiremontinfo\/wp-json\/wp\/v2\/media?parent=4736"}],"wp:term":[{"taxonomy":"category","embeddable":true,"href":"https:\/\/vosgesinfo.fr\/remiremontinfo\/wp-json\/wp\/v2\/categories?post=4736"},{"taxonomy":"post_tag","embeddable":true,"href":"https:\/\/vosgesinfo.fr\/remiremontinfo\/wp-json\/wp\/v2\/tags?post=4736"}],"curies":[{"name":"wp","href":"https:\/\/api.w.org\/{rel}","templated":true}]}}