{"id":4740,"date":"2024-02-29T14:25:43","date_gmt":"2024-02-29T13:25:43","guid":{"rendered":"https:\/\/vosgesinfo.fr\/remiremontinfo\/?p=4740"},"modified":"2024-02-29T14:25:43","modified_gmt":"2024-02-29T13:25:43","slug":"le-festival-de-sculpture-camille-claudel-vous-donnera-des-racines-et-des-ailes","status":"publish","type":"post","link":"https:\/\/vosgesinfo.fr\/remiremontinfo\/2024\/02\/le-festival-de-sculpture-camille-claudel-vous-donnera-des-racines-et-des-ailes\/","title":{"rendered":"Le festival de sculpture Camille Claudel vous donnera \u00ab\u00a0Des racines et des ailes\u00a0\u00bb"},"content":{"rendered":"\n\t\t<style type=\"text\/css\">\n\t\t\t#gallery-1 {\n\t\t\t\tmargin: auto;\n\t\t\t}\n\t\t\t#gallery-1 .gallery-item {\n\t\t\t\tfloat: left;\n\t\t\t\tmargin-top: 10px;\n\t\t\t\ttext-align: center;\n\t\t\t\twidth: 50%;\n\t\t\t}\n\t\t\t#gallery-1 img {\n\t\t\t\tborder: 2px solid #cfcfcf;\n\t\t\t}\n\t\t\t#gallery-1 .gallery-caption {\n\t\t\t\tmargin-left: 0;\n\t\t\t}\n\t\t\t\/* see gallery_shortcode() in wp-includes\/media.php *\/\n\t\t<\/style>\n\t\t<div id='gallery-1' class='gallery galleryid-4740 gallery-columns-2 gallery-size-medium'><dl class='gallery-item'>\n\t\t\t<dt class='gallery-icon landscape'>\n\t\t\t\t<a href='https:\/\/vosgesinfo.fr\/app\/uploads\/sites\/5\/2024\/02\/festival-camille-claudel-presentation-2-scaled.jpg'><img decoding=\"async\" width=\"300\" height=\"226\" src=\"https:\/\/vosgesinfo.fr\/app\/uploads\/sites\/5\/2024\/02\/festival-camille-claudel-presentation-2-300x226.jpg\" class=\"attachment-medium size-medium\" alt=\"Alexandrine Ducret, pr\u00e9sidente du festival.\" aria-describedby=\"gallery-1-4742\" srcset=\"https:\/\/vosgesinfo.fr\/app\/uploads\/sites\/5\/2024\/02\/festival-camille-claudel-presentation-2-300x226.jpg 300w, https:\/\/vosgesinfo.fr\/app\/uploads\/sites\/5\/2024\/02\/festival-camille-claudel-presentation-2-1024x771.jpg 1024w, https:\/\/vosgesinfo.fr\/app\/uploads\/sites\/5\/2024\/02\/festival-camille-claudel-presentation-2-768x578.jpg 768w, https:\/\/vosgesinfo.fr\/app\/uploads\/sites\/5\/2024\/02\/festival-camille-claudel-presentation-2-1536x1157.jpg 1536w, https:\/\/vosgesinfo.fr\/app\/uploads\/sites\/5\/2024\/02\/festival-camille-claudel-presentation-2-2048x1542.jpg 2048w\" sizes=\"(max-width: 300px) 100vw, 300px\" \/><\/a>\n\t\t\t<\/dt>\n\t\t\t\t<dd class='wp-caption-text gallery-caption' id='gallery-1-4742'>\n\t\t\t\tAlexandrine Ducret, pr\u00e9sidente du festival.\n\t\t\t\t<\/dd><\/dl><dl class='gallery-item'>\n\t\t\t<dt class='gallery-icon landscape'>\n\t\t\t\t<a href='https:\/\/vosgesinfo.fr\/app\/uploads\/sites\/5\/2024\/02\/festival-camille-claudel-presentation-1-scaled.jpg'><img decoding=\"async\" width=\"300\" height=\"226\" src=\"https:\/\/vosgesinfo.fr\/app\/uploads\/sites\/5\/2024\/02\/festival-camille-claudel-presentation-1-300x226.jpg\" class=\"attachment-medium size-medium\" alt=\"Maryvonne Crouvezier, maire de La Bresse.\" aria-describedby=\"gallery-1-4741\" srcset=\"https:\/\/vosgesinfo.fr\/app\/uploads\/sites\/5\/2024\/02\/festival-camille-claudel-presentation-1-300x226.jpg 300w, https:\/\/vosgesinfo.fr\/app\/uploads\/sites\/5\/2024\/02\/festival-camille-claudel-presentation-1-1024x771.jpg 1024w, https:\/\/vosgesinfo.fr\/app\/uploads\/sites\/5\/2024\/02\/festival-camille-claudel-presentation-1-768x578.jpg 768w, https:\/\/vosgesinfo.fr\/app\/uploads\/sites\/5\/2024\/02\/festival-camille-claudel-presentation-1-1536x1157.jpg 1536w, https:\/\/vosgesinfo.fr\/app\/uploads\/sites\/5\/2024\/02\/festival-camille-claudel-presentation-1-2048x1542.jpg 2048w\" sizes=\"(max-width: 300px) 100vw, 300px\" \/><\/a>\n\t\t\t<\/dt>\n\t\t\t\t<dd class='wp-caption-text gallery-caption' id='gallery-1-4741'>\n\t\t\t\tMaryvonne Crouvezier, maire de La Bresse.\n\t\t\t\t<\/dd><\/dl><br style=\"clear: both\" \/>\n\t\t<\/div>\n\n<p><strong>Les b\u00e9n\u00e9voles du festival international de sculpture de La Bresse attaquent la derni\u00e8re ligne droite avant le top d\u00e9part d&rsquo;une 31\u00e8me \u00e9dition qui s&rsquo;annoncent sous les meilleurs auspices. Mercredi matin, Maryvonne Crouvezier, maire de la commune h\u00f4te, a eu le plaisir de d\u00e9voiler les grandes lignes de cet \u00e9v\u00e8nement qui accueillera pas moins de 18 sculpteurs, mais aussi, et c&rsquo;est une premi\u00e8re, un artiste qui r\u00e9alise de la marqueterie.<\/strong><\/p>\n<p><a href=\"https:\/\/vosgesinfo.fr\/app\/uploads\/sites\/5\/2024\/02\/logo-festival-de-sculpture-camille-claudel.png\"><img decoding=\"async\" class=\"aligncenter size-medium wp-image-4761\" src=\"https:\/\/vosgesinfo.fr\/app\/uploads\/sites\/5\/2024\/02\/logo-festival-de-sculpture-camille-claudel-300x193.png\" alt=\"\" width=\"300\" height=\"193\" srcset=\"https:\/\/vosgesinfo.fr\/app\/uploads\/sites\/5\/2024\/02\/logo-festival-de-sculpture-camille-claudel-300x193.png 300w, https:\/\/vosgesinfo.fr\/app\/uploads\/sites\/5\/2024\/02\/logo-festival-de-sculpture-camille-claudel-1024x659.png 1024w, https:\/\/vosgesinfo.fr\/app\/uploads\/sites\/5\/2024\/02\/logo-festival-de-sculpture-camille-claudel-768x494.png 768w, https:\/\/vosgesinfo.fr\/app\/uploads\/sites\/5\/2024\/02\/logo-festival-de-sculpture-camille-claudel-1536x989.png 1536w, https:\/\/vosgesinfo.fr\/app\/uploads\/sites\/5\/2024\/02\/logo-festival-de-sculpture-camille-claudel-2048x1319.png 2048w\" sizes=\"(max-width: 300px) 100vw, 300px\" \/><\/a><\/p>\n<p>A l&rsquo;occasion de la conf\u00e9rence de presse programm\u00e9e ce mercredi en mairie de la Bresse, Maryvonne Crouvezier a donc tenu \u00e0 remercier chaleureusement l&rsquo;ensemble des b\u00e9n\u00e9voles, des \u00e9lus et des agents de la Ville engag\u00e9s dans l&rsquo;organisation de cette \u00e9dition, sans oublier les partenaires et le cr\u00e9ateur de l&rsquo;affiche, fid\u00e8le parmi les fid\u00e8les, en la personne d&rsquo;Olivier Claudon. Le premier magistrat a \u00e9galement rappel\u00e9 le th\u00e8me du 31\u00e8me festival, \u00e0 savoir \u00ab\u00a0Des racines et des ailes\u00a0\u00bb qui se traduira entre autre par des ateliers destin\u00e9s \u00e0 initier les jeunes \u00e0 l&rsquo;art en g\u00e9n\u00e9ral et \u00e0 la sculpture en particulier. Le traditionnel d\u00e9fi artistique sera lui aussi au menu, comme toujours, et verra les artistes invit\u00e9s unir leurs forces et leur cr\u00e9ativit\u00e9 autour d&rsquo;un projet commun : faire na\u00eetre en seulement une semaine une \u0153uvre d&rsquo;art \u00e0 partir d&rsquo;un bloc de pierre, d&rsquo;un simple billot de bois ou d&rsquo;autres mat\u00e9riaux&#8230; Une \u0153uvre d&rsquo;art qui prendra forme sous les yeux du public car la proximit\u00e9 avec ce dernier reste une priorit\u00e9 pour le festival de La Bresse, c&rsquo;est son essence m\u00eame qui s&rsquo;exprime \u00e0 travers le d\u00e9sormais c\u00e9l\u00e8bre et f\u00e9d\u00e9rateur <em>symposium<\/em>.<\/p>\n<p><strong>Un livre d&rsquo;or et des nouveaux partenaires<\/strong><\/p>\n<p>Pour sa part, la pr\u00e9sidente du festival Alexandrine Ducret a \u00e9voqu\u00e9 une 31\u00e8me \u00e9dition marqu\u00e9e par des changements \u00e0 venir avec entre autres l&rsquo;arriv\u00e9e de nouveaux partenaires, mais aussi d&rsquo;une nouvelle discipline, la marqueterie. Alexandrine Ducret a \u00e9galement eu le grand plaisir d&rsquo;annoncer que le projet de livre d&rsquo;or du festival, floril\u00e8ge de 30 ann\u00e9es de projets artistiques, d&rsquo;aventures culturelles et humaines, verra tr\u00e8s prochainement le jour gr\u00e2ce au travail de 6 b\u00e9n\u00e9voles. un ouvrage dont il faudra surveiller la sortie avec la plus grande attention ! En attendant la semaine de l&rsquo;ascension et le d\u00e9but des r\u00e9jouissances pr\u00e9vu pour le 4 mai 2024, vous pouvez d\u00e9j\u00e0 vous rendre sur le site du festival pour d\u00e9couvrir le programme et les artistes invit\u00e9s qui rejoindront donc Anne Boisaubert et Christophe Lgh Henry.<\/p>\n<p>Prochainement plus d&rsquo;informations sur le site de l&rsquo;\u00e9v\u00e8nement : <a href=\"https:\/\/www.festival-sculpture.fr\/\">https:\/\/www.festival-sculpture.fr\/<\/a><\/p>\n<p><a href=\"https:\/\/vosgesinfo.fr\/app\/uploads\/sites\/5\/2024\/02\/festival-de-sculpture-camille-claudel-affiche.jpg\"><img decoding=\"async\" class=\"aligncenter size-large wp-image-4762\" src=\"https:\/\/vosgesinfo.fr\/app\/uploads\/sites\/5\/2024\/02\/festival-de-sculpture-camille-claudel-affiche-725x1024.jpg\" alt=\"\" width=\"725\" height=\"1024\" srcset=\"https:\/\/vosgesinfo.fr\/app\/uploads\/sites\/5\/2024\/02\/festival-de-sculpture-camille-claudel-affiche-725x1024.jpg 725w, https:\/\/vosgesinfo.fr\/app\/uploads\/sites\/5\/2024\/02\/festival-de-sculpture-camille-claudel-affiche-212x300.jpg 212w, https:\/\/vosgesinfo.fr\/app\/uploads\/sites\/5\/2024\/02\/festival-de-sculpture-camille-claudel-affiche-768x1085.jpg 768w, https:\/\/vosgesinfo.fr\/app\/uploads\/sites\/5\/2024\/02\/festival-de-sculpture-camille-claudel-affiche.jpg 843w\" sizes=\"(max-width: 725px) 100vw, 725px\" \/><\/a><\/p>\n","protected":false},"excerpt":{"rendered":"<p>Les b\u00e9n\u00e9voles du festival international de sculpture de La Bresse attaquent la derni\u00e8re ligne droite avant le top d\u00e9part d&rsquo;une [&hellip;]<\/p>\n","protected":false},"author":42,"featured_media":4742,"comment_status":"open","ping_status":"open","sticky":false,"template":"","format":"standard","meta":{"footnotes":""},"categories":[26,4,18],"tags":[870,868],"class_list":["post-4740","post","type-post","status-publish","format-standard","has-post-thumbnail","hentry","category-a-la-une","category-culture","category-vosges","tag-alexandrine-ducret","tag-festival-camille-claudel"],"acf":[],"yoast_head":"<!-- This site is optimized with the Yoast SEO plugin v22.5 - https:\/\/yoast.com\/wordpress\/plugins\/seo\/ -->\n<title>Le festival de sculpture Camille Claudel vous donnera &quot;Des racines et des ailes&quot; - Remiremont Info<\/title>\n<meta name=\"robots\" content=\"index, follow, max-snippet:-1, max-image-preview:large, max-video-preview:-1\" \/>\n<link rel=\"canonical\" href=\"https:\/\/vosgesinfo.fr\/remiremontinfo\/2024\/02\/le-festival-de-sculpture-camille-claudel-vous-donnera-des-racines-et-des-ailes\/\" \/>\n<meta name=\"twitter:card\" content=\"summary_large_image\" \/>\n<meta name=\"twitter:title\" content=\"Le festival de sculpture Camille Claudel vous donnera &quot;Des racines et des ailes&quot; - Remiremont Info\" \/>\n<meta name=\"twitter:description\" content=\"Les b\u00e9n\u00e9voles du festival international de sculpture de La Bresse attaquent la derni\u00e8re ligne droite avant le top d\u00e9part d&rsquo;une [&hellip;]\" \/>\n<meta name=\"twitter:image\" content=\"https:\/\/vosgesinfo.fr\/app\/uploads\/sites\/5\/2024\/02\/festival-camille-claudel-presentation-2-scaled.jpg\" \/>\n<meta name=\"twitter:creator\" content=\"@VosgesInfo88\" \/>\n<meta name=\"twitter:site\" content=\"@VosgesInfo88\" \/>\n<meta name=\"twitter:label1\" content=\"\u00c9crit par\" \/>\n\t<meta name=\"twitter:data1\" content=\"QG\" \/>\n\t<meta name=\"twitter:label2\" content=\"Dur\u00e9e de lecture estim\u00e9e\" \/>\n\t<meta name=\"twitter:data2\" content=\"2 minutes\" \/>\n<script type=\"application\/ld+json\" class=\"yoast-schema-graph\">{\"@context\":\"https:\/\/schema.org\",\"@graph\":[{\"@type\":\"Article\",\"@id\":\"https:\/\/vosgesinfo.fr\/remiremontinfo\/2024\/02\/le-festival-de-sculpture-camille-claudel-vous-donnera-des-racines-et-des-ailes\/#article\",\"isPartOf\":{\"@id\":\"https:\/\/vosgesinfo.fr\/remiremontinfo\/2024\/02\/le-festival-de-sculpture-camille-claudel-vous-donnera-des-racines-et-des-ailes\/\"},\"author\":{\"name\":\"QG\",\"@id\":\"https:\/\/vosgesinfo.fr\/remiremontinfo\/#\/schema\/person\/db5605779a843dad16b5368f3e7613a5\"},\"headline\":\"Le festival de sculpture Camille Claudel vous donnera \u00ab\u00a0Des racines et des ailes\u00a0\u00bb\",\"datePublished\":\"2024-02-29T13:25:43+00:00\",\"dateModified\":\"2024-02-29T13:25:43+00:00\",\"mainEntityOfPage\":{\"@id\":\"https:\/\/vosgesinfo.fr\/remiremontinfo\/2024\/02\/le-festival-de-sculpture-camille-claudel-vous-donnera-des-racines-et-des-ailes\/\"},\"wordCount\":487,\"commentCount\":0,\"publisher\":{\"@id\":\"https:\/\/vosgesinfo.fr\/remiremontinfo\/#organization\"},\"image\":{\"@id\":\"https:\/\/vosgesinfo.fr\/remiremontinfo\/2024\/02\/le-festival-de-sculpture-camille-claudel-vous-donnera-des-racines-et-des-ailes\/#primaryimage\"},\"thumbnailUrl\":\"https:\/\/vosgesinfo.fr\/app\/uploads\/sites\/5\/2024\/02\/festival-camille-claudel-presentation-2-scaled.jpg\",\"keywords\":[\"Alexandrine Ducret\",\"Festival Camille Claudel\"],\"articleSection\":[\"A la Une\",\"Culture\",\"Vosges\"],\"inLanguage\":\"fr-FR\",\"potentialAction\":[{\"@type\":\"CommentAction\",\"name\":\"Comment\",\"target\":[\"https:\/\/vosgesinfo.fr\/remiremontinfo\/2024\/02\/le-festival-de-sculpture-camille-claudel-vous-donnera-des-racines-et-des-ailes\/#respond\"]}]},{\"@type\":\"WebPage\",\"@id\":\"https:\/\/vosgesinfo.fr\/remiremontinfo\/2024\/02\/le-festival-de-sculpture-camille-claudel-vous-donnera-des-racines-et-des-ailes\/\",\"url\":\"https:\/\/vosgesinfo.fr\/remiremontinfo\/2024\/02\/le-festival-de-sculpture-camille-claudel-vous-donnera-des-racines-et-des-ailes\/\",\"name\":\"Le festival de sculpture Camille Claudel vous donnera \\\"Des racines et des ailes\\\" - Remiremont Info\",\"isPartOf\":{\"@id\":\"https:\/\/vosgesinfo.fr\/remiremontinfo\/#website\"},\"primaryImageOfPage\":{\"@id\":\"https:\/\/vosgesinfo.fr\/remiremontinfo\/2024\/02\/le-festival-de-sculpture-camille-claudel-vous-donnera-des-racines-et-des-ailes\/#primaryimage\"},\"image\":{\"@id\":\"https:\/\/vosgesinfo.fr\/remiremontinfo\/2024\/02\/le-festival-de-sculpture-camille-claudel-vous-donnera-des-racines-et-des-ailes\/#primaryimage\"},\"thumbnailUrl\":\"https:\/\/vosgesinfo.fr\/app\/uploads\/sites\/5\/2024\/02\/festival-camille-claudel-presentation-2-scaled.jpg\",\"datePublished\":\"2024-02-29T13:25:43+00:00\",\"dateModified\":\"2024-02-29T13:25:43+00:00\",\"breadcrumb\":{\"@id\":\"https:\/\/vosgesinfo.fr\/remiremontinfo\/2024\/02\/le-festival-de-sculpture-camille-claudel-vous-donnera-des-racines-et-des-ailes\/#breadcrumb\"},\"inLanguage\":\"fr-FR\",\"potentialAction\":[{\"@type\":\"ReadAction\",\"target\":[\"https:\/\/vosgesinfo.fr\/remiremontinfo\/2024\/02\/le-festival-de-sculpture-camille-claudel-vous-donnera-des-racines-et-des-ailes\/\"]}]},{\"@type\":\"ImageObject\",\"inLanguage\":\"fr-FR\",\"@id\":\"https:\/\/vosgesinfo.fr\/remiremontinfo\/2024\/02\/le-festival-de-sculpture-camille-claudel-vous-donnera-des-racines-et-des-ailes\/#primaryimage\",\"url\":\"https:\/\/vosgesinfo.fr\/app\/uploads\/sites\/5\/2024\/02\/festival-camille-claudel-presentation-2-scaled.jpg\",\"contentUrl\":\"https:\/\/vosgesinfo.fr\/app\/uploads\/sites\/5\/2024\/02\/festival-camille-claudel-presentation-2-scaled.jpg\",\"width\":2560,\"height\":1928,\"caption\":\"Alexandrine Ducret, pr\u00e9sidente du festival.\"},{\"@type\":\"BreadcrumbList\",\"@id\":\"https:\/\/vosgesinfo.fr\/remiremontinfo\/2024\/02\/le-festival-de-sculpture-camille-claudel-vous-donnera-des-racines-et-des-ailes\/#breadcrumb\",\"itemListElement\":[{\"@type\":\"ListItem\",\"position\":1,\"name\":\"Home\",\"item\":\"https:\/\/vosgesinfo.fr\/remiremontinfo\/\"},{\"@type\":\"ListItem\",\"position\":2,\"name\":\"Le festival de sculpture Camille Claudel vous donnera \u00ab\u00a0Des racines et des ailes\u00a0\u00bb\"}]},{\"@type\":\"WebSite\",\"@id\":\"https:\/\/vosgesinfo.fr\/remiremontinfo\/#website\",\"url\":\"https:\/\/vosgesinfo.fr\/remiremontinfo\/\",\"name\":\"Remiremont Info\",\"description\":\"Toute l&#039;actualit\u00e9 de Remiremont\",\"publisher\":{\"@id\":\"https:\/\/vosgesinfo.fr\/remiremontinfo\/#organization\"},\"alternateName\":\"Toute l'actualit\u00e9 de Remiremont\",\"potentialAction\":[{\"@type\":\"SearchAction\",\"target\":{\"@type\":\"EntryPoint\",\"urlTemplate\":\"https:\/\/vosgesinfo.fr\/remiremontinfo\/?s={search_term_string}\"},\"query-input\":\"required name=search_term_string\"}],\"inLanguage\":\"fr-FR\"},{\"@type\":\"Organization\",\"@id\":\"https:\/\/vosgesinfo.fr\/remiremontinfo\/#organization\",\"name\":\"Remiremont Info\",\"url\":\"https:\/\/vosgesinfo.fr\/remiremontinfo\/\",\"logo\":{\"@type\":\"ImageObject\",\"inLanguage\":\"fr-FR\",\"@id\":\"https:\/\/vosgesinfo.fr\/remiremontinfo\/#\/schema\/logo\/image\/\",\"url\":\"https:\/\/vosgesinfo.fr\/app\/uploads\/sites\/5\/2023\/08\/favicon-remiremontinfo.png\",\"contentUrl\":\"https:\/\/vosgesinfo.fr\/app\/uploads\/sites\/5\/2023\/08\/favicon-remiremontinfo.png\",\"width\":512,\"height\":512,\"caption\":\"Remiremont Info\"},\"image\":{\"@id\":\"https:\/\/vosgesinfo.fr\/remiremontinfo\/#\/schema\/logo\/image\/\"},\"sameAs\":[\"https:\/\/www.facebook.com\/remiremontinfo\",\"https:\/\/x.com\/VosgesInfo88\",\"https:\/\/www.youtube.com\/@vosgesinfo\"]},{\"@type\":\"Person\",\"@id\":\"https:\/\/vosgesinfo.fr\/remiremontinfo\/#\/schema\/person\/db5605779a843dad16b5368f3e7613a5\",\"name\":\"QG\",\"image\":{\"@type\":\"ImageObject\",\"inLanguage\":\"fr-FR\",\"@id\":\"https:\/\/vosgesinfo.fr\/remiremontinfo\/#\/schema\/person\/image\/\",\"url\":\"https:\/\/secure.gravatar.com\/avatar\/ea80c42c204b534408512832fde52504ecabb9706bcb6151cf6175e5b64e6793?s=96&d=mm&r=g\",\"contentUrl\":\"https:\/\/secure.gravatar.com\/avatar\/ea80c42c204b534408512832fde52504ecabb9706bcb6151cf6175e5b64e6793?s=96&d=mm&r=g\",\"caption\":\"QG\"},\"url\":\"https:\/\/vosgesinfo.fr\/remiremontinfo\/author\/quentin88\/\"}]}<\/script>\n<!-- \/ Yoast SEO plugin. -->","yoast_head_json":{"title":"Le festival de sculpture Camille Claudel vous donnera \"Des racines et des ailes\" - Remiremont Info","robots":{"index":"index","follow":"follow","max-snippet":"max-snippet:-1","max-image-preview":"max-image-preview:large","max-video-preview":"max-video-preview:-1"},"canonical":"https:\/\/vosgesinfo.fr\/remiremontinfo\/2024\/02\/le-festival-de-sculpture-camille-claudel-vous-donnera-des-racines-et-des-ailes\/","twitter_card":"summary_large_image","twitter_title":"Le festival de sculpture Camille Claudel vous donnera \"Des racines et des ailes\" - Remiremont Info","twitter_description":"Les b\u00e9n\u00e9voles du festival international de sculpture de La Bresse attaquent la derni\u00e8re ligne droite avant le top d\u00e9part d&rsquo;une [&hellip;]","twitter_image":"https:\/\/vosgesinfo.fr\/app\/uploads\/sites\/5\/2024\/02\/festival-camille-claudel-presentation-2-scaled.jpg","twitter_creator":"@VosgesInfo88","twitter_site":"@VosgesInfo88","twitter_misc":{"\u00c9crit par":"QG","Dur\u00e9e de lecture estim\u00e9e":"2 minutes"},"schema":{"@context":"https:\/\/schema.org","@graph":[{"@type":"Article","@id":"https:\/\/vosgesinfo.fr\/remiremontinfo\/2024\/02\/le-festival-de-sculpture-camille-claudel-vous-donnera-des-racines-et-des-ailes\/#article","isPartOf":{"@id":"https:\/\/vosgesinfo.fr\/remiremontinfo\/2024\/02\/le-festival-de-sculpture-camille-claudel-vous-donnera-des-racines-et-des-ailes\/"},"author":{"name":"QG","@id":"https:\/\/vosgesinfo.fr\/remiremontinfo\/#\/schema\/person\/db5605779a843dad16b5368f3e7613a5"},"headline":"Le festival de sculpture Camille Claudel vous donnera \u00ab\u00a0Des racines et des ailes\u00a0\u00bb","datePublished":"2024-02-29T13:25:43+00:00","dateModified":"2024-02-29T13:25:43+00:00","mainEntityOfPage":{"@id":"https:\/\/vosgesinfo.fr\/remiremontinfo\/2024\/02\/le-festival-de-sculpture-camille-claudel-vous-donnera-des-racines-et-des-ailes\/"},"wordCount":487,"commentCount":0,"publisher":{"@id":"https:\/\/vosgesinfo.fr\/remiremontinfo\/#organization"},"image":{"@id":"https:\/\/vosgesinfo.fr\/remiremontinfo\/2024\/02\/le-festival-de-sculpture-camille-claudel-vous-donnera-des-racines-et-des-ailes\/#primaryimage"},"thumbnailUrl":"https:\/\/vosgesinfo.fr\/app\/uploads\/sites\/5\/2024\/02\/festival-camille-claudel-presentation-2-scaled.jpg","keywords":["Alexandrine Ducret","Festival Camille Claudel"],"articleSection":["A la Une","Culture","Vosges"],"inLanguage":"fr-FR","potentialAction":[{"@type":"CommentAction","name":"Comment","target":["https:\/\/vosgesinfo.fr\/remiremontinfo\/2024\/02\/le-festival-de-sculpture-camille-claudel-vous-donnera-des-racines-et-des-ailes\/#respond"]}]},{"@type":"WebPage","@id":"https:\/\/vosgesinfo.fr\/remiremontinfo\/2024\/02\/le-festival-de-sculpture-camille-claudel-vous-donnera-des-racines-et-des-ailes\/","url":"https:\/\/vosgesinfo.fr\/remiremontinfo\/2024\/02\/le-festival-de-sculpture-camille-claudel-vous-donnera-des-racines-et-des-ailes\/","name":"Le festival de sculpture Camille Claudel vous donnera \"Des racines et des ailes\" - Remiremont Info","isPartOf":{"@id":"https:\/\/vosgesinfo.fr\/remiremontinfo\/#website"},"primaryImageOfPage":{"@id":"https:\/\/vosgesinfo.fr\/remiremontinfo\/2024\/02\/le-festival-de-sculpture-camille-claudel-vous-donnera-des-racines-et-des-ailes\/#primaryimage"},"image":{"@id":"https:\/\/vosgesinfo.fr\/remiremontinfo\/2024\/02\/le-festival-de-sculpture-camille-claudel-vous-donnera-des-racines-et-des-ailes\/#primaryimage"},"thumbnailUrl":"https:\/\/vosgesinfo.fr\/app\/uploads\/sites\/5\/2024\/02\/festival-camille-claudel-presentation-2-scaled.jpg","datePublished":"2024-02-29T13:25:43+00:00","dateModified":"2024-02-29T13:25:43+00:00","breadcrumb":{"@id":"https:\/\/vosgesinfo.fr\/remiremontinfo\/2024\/02\/le-festival-de-sculpture-camille-claudel-vous-donnera-des-racines-et-des-ailes\/#breadcrumb"},"inLanguage":"fr-FR","potentialAction":[{"@type":"ReadAction","target":["https:\/\/vosgesinfo.fr\/remiremontinfo\/2024\/02\/le-festival-de-sculpture-camille-claudel-vous-donnera-des-racines-et-des-ailes\/"]}]},{"@type":"ImageObject","inLanguage":"fr-FR","@id":"https:\/\/vosgesinfo.fr\/remiremontinfo\/2024\/02\/le-festival-de-sculpture-camille-claudel-vous-donnera-des-racines-et-des-ailes\/#primaryimage","url":"https:\/\/vosgesinfo.fr\/app\/uploads\/sites\/5\/2024\/02\/festival-camille-claudel-presentation-2-scaled.jpg","contentUrl":"https:\/\/vosgesinfo.fr\/app\/uploads\/sites\/5\/2024\/02\/festival-camille-claudel-presentation-2-scaled.jpg","width":2560,"height":1928,"caption":"Alexandrine Ducret, pr\u00e9sidente du festival."},{"@type":"BreadcrumbList","@id":"https:\/\/vosgesinfo.fr\/remiremontinfo\/2024\/02\/le-festival-de-sculpture-camille-claudel-vous-donnera-des-racines-et-des-ailes\/#breadcrumb","itemListElement":[{"@type":"ListItem","position":1,"name":"Home","item":"https:\/\/vosgesinfo.fr\/remiremontinfo\/"},{"@type":"ListItem","position":2,"name":"Le festival de sculpture Camille Claudel vous donnera \u00ab\u00a0Des racines et des ailes\u00a0\u00bb"}]},{"@type":"WebSite","@id":"https:\/\/vosgesinfo.fr\/remiremontinfo\/#website","url":"https:\/\/vosgesinfo.fr\/remiremontinfo\/","name":"Remiremont Info","description":"Toute l&#039;actualit\u00e9 de Remiremont","publisher":{"@id":"https:\/\/vosgesinfo.fr\/remiremontinfo\/#organization"},"alternateName":"Toute l'actualit\u00e9 de Remiremont","potentialAction":[{"@type":"SearchAction","target":{"@type":"EntryPoint","urlTemplate":"https:\/\/vosgesinfo.fr\/remiremontinfo\/?s={search_term_string}"},"query-input":"required name=search_term_string"}],"inLanguage":"fr-FR"},{"@type":"Organization","@id":"https:\/\/vosgesinfo.fr\/remiremontinfo\/#organization","name":"Remiremont Info","url":"https:\/\/vosgesinfo.fr\/remiremontinfo\/","logo":{"@type":"ImageObject","inLanguage":"fr-FR","@id":"https:\/\/vosgesinfo.fr\/remiremontinfo\/#\/schema\/logo\/image\/","url":"https:\/\/vosgesinfo.fr\/app\/uploads\/sites\/5\/2023\/08\/favicon-remiremontinfo.png","contentUrl":"https:\/\/vosgesinfo.fr\/app\/uploads\/sites\/5\/2023\/08\/favicon-remiremontinfo.png","width":512,"height":512,"caption":"Remiremont Info"},"image":{"@id":"https:\/\/vosgesinfo.fr\/remiremontinfo\/#\/schema\/logo\/image\/"},"sameAs":["https:\/\/www.facebook.com\/remiremontinfo","https:\/\/x.com\/VosgesInfo88","https:\/\/www.youtube.com\/@vosgesinfo"]},{"@type":"Person","@id":"https:\/\/vosgesinfo.fr\/remiremontinfo\/#\/schema\/person\/db5605779a843dad16b5368f3e7613a5","name":"QG","image":{"@type":"ImageObject","inLanguage":"fr-FR","@id":"https:\/\/vosgesinfo.fr\/remiremontinfo\/#\/schema\/person\/image\/","url":"https:\/\/secure.gravatar.com\/avatar\/ea80c42c204b534408512832fde52504ecabb9706bcb6151cf6175e5b64e6793?s=96&d=mm&r=g","contentUrl":"https:\/\/secure.gravatar.com\/avatar\/ea80c42c204b534408512832fde52504ecabb9706bcb6151cf6175e5b64e6793?s=96&d=mm&r=g","caption":"QG"},"url":"https:\/\/vosgesinfo.fr\/remiremontinfo\/author\/quentin88\/"}]}},"_links":{"self":[{"href":"https:\/\/vosgesinfo.fr\/remiremontinfo\/wp-json\/wp\/v2\/posts\/4740","targetHints":{"allow":["GET"]}}],"collection":[{"href":"https:\/\/vosgesinfo.fr\/remiremontinfo\/wp-json\/wp\/v2\/posts"}],"about":[{"href":"https:\/\/vosgesinfo.fr\/remiremontinfo\/wp-json\/wp\/v2\/types\/post"}],"author":[{"embeddable":true,"href":"https:\/\/vosgesinfo.fr\/remiremontinfo\/wp-json\/wp\/v2\/users\/42"}],"replies":[{"embeddable":true,"href":"https:\/\/vosgesinfo.fr\/remiremontinfo\/wp-json\/wp\/v2\/comments?post=4740"}],"version-history":[{"count":2,"href":"https:\/\/vosgesinfo.fr\/remiremontinfo\/wp-json\/wp\/v2\/posts\/4740\/revisions"}],"predecessor-version":[{"id":4763,"href":"https:\/\/vosgesinfo.fr\/remiremontinfo\/wp-json\/wp\/v2\/posts\/4740\/revisions\/4763"}],"wp:featuredmedia":[{"embeddable":true,"href":"https:\/\/vosgesinfo.fr\/remiremontinfo\/wp-json\/wp\/v2\/media\/4742"}],"wp:attachment":[{"href":"https:\/\/vosgesinfo.fr\/remiremontinfo\/wp-json\/wp\/v2\/media?parent=4740"}],"wp:term":[{"taxonomy":"category","embeddable":true,"href":"https:\/\/vosgesinfo.fr\/remiremontinfo\/wp-json\/wp\/v2\/categories?post=4740"},{"taxonomy":"post_tag","embeddable":true,"href":"https:\/\/vosgesinfo.fr\/remiremontinfo\/wp-json\/wp\/v2\/tags?post=4740"}],"curies":[{"name":"wp","href":"https:\/\/api.w.org\/{rel}","templated":true}]}}