{"id":47717,"date":"2021-10-21T08:06:26","date_gmt":"2021-10-21T06:06:26","guid":{"rendered":"https:\/\/vosgesinfo.fr\/remiremontinfo\/2021\/10\/tempete-aurore-routes-coupees-trains-a-larret\/"},"modified":"2021-10-21T08:06:26","modified_gmt":"2021-10-21T06:06:26","slug":"tempete-aurore-routes-coupees-trains-a-larret","status":"publish","type":"post","link":"https:\/\/vosgesinfo.fr\/remiremontinfo\/2021\/10\/tempete-aurore-routes-coupees-trains-a-larret\/","title":{"rendered":"Temp\u00eate Aurore : des routes coup\u00e9es et des trains \u00e0 l\u2019arr\u00eat"},"content":{"rendered":"<p><a href=\"\/2021\/10\/vent-vosges.png\"><img decoding=\"async\" class=\"alignnone size-full wp-image-329600\" src=\"\/2021\/10\/vent-vosges.png\" alt=\"vent-vosges\" width=\"800\" height=\"513\" \/><\/a><\/p>\n<h2><span style=\"font-size: 12pt;\">Prudence sur les routes si vous circulez ce jeudi. Suite aux fortes rafales de vent qui s\u2019accompagnent de pluie, la visibilit\u00e9 est r\u00e9duite par endroit et des arbres se retrouvent en travers des routes.\u00a0<\/span><\/h2>\n<p><span style=\"font-size: 12pt;\">La temp\u00eate Aurore a provoqu\u00e9 des d\u00e9g\u00e2ts sur les routes. Des arbres se retrouvent en travers. Les pompiers sont actuellement mobilis\u00e9s. Les fortes rafales de vent ont aussi provoqu\u00e9 des d\u00e9g\u00e2ts au niveau des trains. La circulation est tr\u00e8s perturb\u00e9e sur toutes les lignes en Lorraine et m\u00eame interrompue sur certaines lignes. Aucun TER ne fonctionne jusqu\u2019\u00e0 12h.<\/span><\/p>\n<p><span style=\"font-size: 12pt;\">Enedis appelle les Lorrains \u00e0 la plus grande prudence et demande aux habitants de\u00a0ne pas toucher les lignes \u00e9lectriques tomb\u00e9es \u00e0 terre.<\/span><\/p>\n<p><span style=\"font-size: 12pt;\">Certaines routes sont coup\u00e9es comme la route de Renauvoid,\u00a0dans le secteur du\u00a0lac de Bouzey<b>,\u00a0<\/b>suite \u00e0 la chute d\u2019un arbre. La ville d\u2019Epinal a annonc\u00e9 la fermeture des parcs et jardins suite aux fortes rafales de vent. Les rafales li\u00e9es \u00e0 la temp\u00eate Aurore \u00e9taient impressionnantes : jusqu\u2019\u00e0 124 km\/h \u00e0 Vagney. Au Markstein, une pointe \u00e0 170 km\/h a \u00e9t\u00e9 enregistr\u00e9e.<\/span><\/p>\n<p><span style=\"font-size: 12pt;\">C.K.N.<\/span><\/p>\n<p>&nbsp;<\/p>\n","protected":false},"excerpt":{"rendered":"<p>Prudence sur les routes si vous circulez ce jeudi. Suite aux fortes rafales de vent qui s\u2019accompagnent de pluie, la [&hellip;]<\/p>\n","protected":false},"author":407,"featured_media":47718,"comment_status":"open","ping_status":"open","sticky":false,"template":"","format":"standard","meta":{"footnotes":""},"categories":[26,127,18],"tags":[128,2798,719,2799,32],"class_list":["post-47717","post","type-post","status-publish","format-standard","has-post-thumbnail","hentry","category-a-la-une","category-meteo","category-vosges","tag-meteo","tag-prudence","tag-route","tag-vent","tag-vosges"],"acf":[],"yoast_head":"<!-- This site is optimized with the Yoast SEO plugin v22.5 - https:\/\/yoast.com\/wordpress\/plugins\/seo\/ -->\n<title>Temp\u00eate Aurore : des routes coup\u00e9es et des trains \u00e0 l\u2019arr\u00eat - Remiremont Info<\/title>\n<meta name=\"robots\" content=\"index, follow, max-snippet:-1, max-image-preview:large, max-video-preview:-1\" \/>\n<link rel=\"canonical\" href=\"https:\/\/vosgesinfo.fr\/remiremontinfo\/2021\/10\/tempete-aurore-routes-coupees-trains-a-larret\/\" \/>\n<meta name=\"twitter:card\" content=\"summary_large_image\" \/>\n<meta name=\"twitter:title\" content=\"Temp\u00eate Aurore : des routes coup\u00e9es et des trains \u00e0 l\u2019arr\u00eat - Remiremont Info\" \/>\n<meta name=\"twitter:description\" content=\"Prudence sur les routes si vous circulez ce jeudi. Suite aux fortes rafales de vent qui s\u2019accompagnent de pluie, la [&hellip;]\" \/>\n<meta name=\"twitter:image\" content=\"https:\/\/vosgesinfo.fr\/app\/uploads\/sites\/5\/2024\/09\/202110vent-vosges.png\" \/>\n<meta name=\"twitter:creator\" content=\"@VosgesInfo88\" \/>\n<meta name=\"twitter:site\" content=\"@VosgesInfo88\" \/>\n<meta name=\"twitter:label1\" content=\"\u00c9crit par\" \/>\n\t<meta name=\"twitter:data1\" content=\"C D\" \/>\n\t<meta name=\"twitter:label2\" content=\"Dur\u00e9e de lecture estim\u00e9e\" \/>\n\t<meta name=\"twitter:data2\" content=\"1 minute\" \/>\n<script type=\"application\/ld+json\" class=\"yoast-schema-graph\">{\"@context\":\"https:\/\/schema.org\",\"@graph\":[{\"@type\":\"Article\",\"@id\":\"https:\/\/vosgesinfo.fr\/remiremontinfo\/2021\/10\/tempete-aurore-routes-coupees-trains-a-larret\/#article\",\"isPartOf\":{\"@id\":\"https:\/\/vosgesinfo.fr\/remiremontinfo\/2021\/10\/tempete-aurore-routes-coupees-trains-a-larret\/\"},\"author\":{\"name\":\"C D\",\"@id\":\"https:\/\/vosgesinfo.fr\/remiremontinfo\/#\/schema\/person\/3bfd164d5218a185b1db68655a265316\"},\"headline\":\"Temp\u00eate Aurore : des routes coup\u00e9es et des trains \u00e0 l\u2019arr\u00eat\",\"datePublished\":\"2021-10-21T06:06:26+00:00\",\"dateModified\":\"2021-10-21T06:06:26+00:00\",\"mainEntityOfPage\":{\"@id\":\"https:\/\/vosgesinfo.fr\/remiremontinfo\/2021\/10\/tempete-aurore-routes-coupees-trains-a-larret\/\"},\"wordCount\":207,\"commentCount\":0,\"publisher\":{\"@id\":\"https:\/\/vosgesinfo.fr\/remiremontinfo\/#organization\"},\"image\":{\"@id\":\"https:\/\/vosgesinfo.fr\/remiremontinfo\/2021\/10\/tempete-aurore-routes-coupees-trains-a-larret\/#primaryimage\"},\"thumbnailUrl\":\"https:\/\/vosgesinfo.fr\/app\/uploads\/sites\/5\/2024\/09\/202110vent-vosges.png\",\"keywords\":[\"M\u00e9t\u00e9o\",\"prudence\",\"Route\",\"vent\",\"Vosges\"],\"articleSection\":[\"A la Une\",\"M\u00e9t\u00e9o\",\"Vosges\"],\"inLanguage\":\"fr-FR\",\"potentialAction\":[{\"@type\":\"CommentAction\",\"name\":\"Comment\",\"target\":[\"https:\/\/vosgesinfo.fr\/remiremontinfo\/2021\/10\/tempete-aurore-routes-coupees-trains-a-larret\/#respond\"]}]},{\"@type\":\"WebPage\",\"@id\":\"https:\/\/vosgesinfo.fr\/remiremontinfo\/2021\/10\/tempete-aurore-routes-coupees-trains-a-larret\/\",\"url\":\"https:\/\/vosgesinfo.fr\/remiremontinfo\/2021\/10\/tempete-aurore-routes-coupees-trains-a-larret\/\",\"name\":\"Temp\u00eate Aurore : des routes coup\u00e9es et des trains \u00e0 l\u2019arr\u00eat - Remiremont Info\",\"isPartOf\":{\"@id\":\"https:\/\/vosgesinfo.fr\/remiremontinfo\/#website\"},\"primaryImageOfPage\":{\"@id\":\"https:\/\/vosgesinfo.fr\/remiremontinfo\/2021\/10\/tempete-aurore-routes-coupees-trains-a-larret\/#primaryimage\"},\"image\":{\"@id\":\"https:\/\/vosgesinfo.fr\/remiremontinfo\/2021\/10\/tempete-aurore-routes-coupees-trains-a-larret\/#primaryimage\"},\"thumbnailUrl\":\"https:\/\/vosgesinfo.fr\/app\/uploads\/sites\/5\/2024\/09\/202110vent-vosges.png\",\"datePublished\":\"2021-10-21T06:06:26+00:00\",\"dateModified\":\"2021-10-21T06:06:26+00:00\",\"breadcrumb\":{\"@id\":\"https:\/\/vosgesinfo.fr\/remiremontinfo\/2021\/10\/tempete-aurore-routes-coupees-trains-a-larret\/#breadcrumb\"},\"inLanguage\":\"fr-FR\",\"potentialAction\":[{\"@type\":\"ReadAction\",\"target\":[\"https:\/\/vosgesinfo.fr\/remiremontinfo\/2021\/10\/tempete-aurore-routes-coupees-trains-a-larret\/\"]}]},{\"@type\":\"ImageObject\",\"inLanguage\":\"fr-FR\",\"@id\":\"https:\/\/vosgesinfo.fr\/remiremontinfo\/2021\/10\/tempete-aurore-routes-coupees-trains-a-larret\/#primaryimage\",\"url\":\"https:\/\/vosgesinfo.fr\/app\/uploads\/sites\/5\/2024\/09\/202110vent-vosges.png\",\"contentUrl\":\"https:\/\/vosgesinfo.fr\/app\/uploads\/sites\/5\/2024\/09\/202110vent-vosges.png\",\"width\":800,\"height\":513},{\"@type\":\"BreadcrumbList\",\"@id\":\"https:\/\/vosgesinfo.fr\/remiremontinfo\/2021\/10\/tempete-aurore-routes-coupees-trains-a-larret\/#breadcrumb\",\"itemListElement\":[{\"@type\":\"ListItem\",\"position\":1,\"name\":\"Home\",\"item\":\"https:\/\/vosgesinfo.fr\/remiremontinfo\/\"},{\"@type\":\"ListItem\",\"position\":2,\"name\":\"Temp\u00eate Aurore : des routes coup\u00e9es et des trains \u00e0 l\u2019arr\u00eat\"}]},{\"@type\":\"WebSite\",\"@id\":\"https:\/\/vosgesinfo.fr\/remiremontinfo\/#website\",\"url\":\"https:\/\/vosgesinfo.fr\/remiremontinfo\/\",\"name\":\"Remiremont Info\",\"description\":\"Toute l&#039;actualit\u00e9 de Remiremont\",\"publisher\":{\"@id\":\"https:\/\/vosgesinfo.fr\/remiremontinfo\/#organization\"},\"alternateName\":\"Toute l'actualit\u00e9 de Remiremont\",\"potentialAction\":[{\"@type\":\"SearchAction\",\"target\":{\"@type\":\"EntryPoint\",\"urlTemplate\":\"https:\/\/vosgesinfo.fr\/remiremontinfo\/?s={search_term_string}\"},\"query-input\":\"required name=search_term_string\"}],\"inLanguage\":\"fr-FR\"},{\"@type\":\"Organization\",\"@id\":\"https:\/\/vosgesinfo.fr\/remiremontinfo\/#organization\",\"name\":\"Remiremont Info\",\"url\":\"https:\/\/vosgesinfo.fr\/remiremontinfo\/\",\"logo\":{\"@type\":\"ImageObject\",\"inLanguage\":\"fr-FR\",\"@id\":\"https:\/\/vosgesinfo.fr\/remiremontinfo\/#\/schema\/logo\/image\/\",\"url\":\"https:\/\/vosgesinfo.fr\/app\/uploads\/sites\/5\/2023\/08\/favicon-remiremontinfo.png\",\"contentUrl\":\"https:\/\/vosgesinfo.fr\/app\/uploads\/sites\/5\/2023\/08\/favicon-remiremontinfo.png\",\"width\":512,\"height\":512,\"caption\":\"Remiremont Info\"},\"image\":{\"@id\":\"https:\/\/vosgesinfo.fr\/remiremontinfo\/#\/schema\/logo\/image\/\"},\"sameAs\":[\"https:\/\/www.facebook.com\/remiremontinfo\",\"https:\/\/x.com\/VosgesInfo88\",\"https:\/\/www.youtube.com\/@vosgesinfo\"]},{\"@type\":\"Person\",\"@id\":\"https:\/\/vosgesinfo.fr\/remiremontinfo\/#\/schema\/person\/3bfd164d5218a185b1db68655a265316\",\"name\":\"C D\",\"image\":{\"@type\":\"ImageObject\",\"inLanguage\":\"fr-FR\",\"@id\":\"https:\/\/vosgesinfo.fr\/remiremontinfo\/#\/schema\/person\/image\/\",\"url\":\"https:\/\/secure.gravatar.com\/avatar\/1f9a70007336511a47468b8f1c66f922b8b7cf617b02a31149ada43893a5d48f?s=96&d=mm&r=g\",\"contentUrl\":\"https:\/\/secure.gravatar.com\/avatar\/1f9a70007336511a47468b8f1c66f922b8b7cf617b02a31149ada43893a5d48f?s=96&d=mm&r=g\",\"caption\":\"C D\"},\"url\":\"https:\/\/vosgesinfo.fr\/remiremontinfo\/author\/cedric-drevet\/\"}]}<\/script>\n<!-- \/ Yoast SEO plugin. -->","yoast_head_json":{"title":"Temp\u00eate Aurore : des routes coup\u00e9es et des trains \u00e0 l\u2019arr\u00eat - Remiremont Info","robots":{"index":"index","follow":"follow","max-snippet":"max-snippet:-1","max-image-preview":"max-image-preview:large","max-video-preview":"max-video-preview:-1"},"canonical":"https:\/\/vosgesinfo.fr\/remiremontinfo\/2021\/10\/tempete-aurore-routes-coupees-trains-a-larret\/","twitter_card":"summary_large_image","twitter_title":"Temp\u00eate Aurore : des routes coup\u00e9es et des trains \u00e0 l\u2019arr\u00eat - Remiremont Info","twitter_description":"Prudence sur les routes si vous circulez ce jeudi. Suite aux fortes rafales de vent qui s\u2019accompagnent de pluie, la [&hellip;]","twitter_image":"https:\/\/vosgesinfo.fr\/app\/uploads\/sites\/5\/2024\/09\/202110vent-vosges.png","twitter_creator":"@VosgesInfo88","twitter_site":"@VosgesInfo88","twitter_misc":{"\u00c9crit par":"C D","Dur\u00e9e de lecture estim\u00e9e":"1 minute"},"schema":{"@context":"https:\/\/schema.org","@graph":[{"@type":"Article","@id":"https:\/\/vosgesinfo.fr\/remiremontinfo\/2021\/10\/tempete-aurore-routes-coupees-trains-a-larret\/#article","isPartOf":{"@id":"https:\/\/vosgesinfo.fr\/remiremontinfo\/2021\/10\/tempete-aurore-routes-coupees-trains-a-larret\/"},"author":{"name":"C D","@id":"https:\/\/vosgesinfo.fr\/remiremontinfo\/#\/schema\/person\/3bfd164d5218a185b1db68655a265316"},"headline":"Temp\u00eate Aurore : des routes coup\u00e9es et des trains \u00e0 l\u2019arr\u00eat","datePublished":"2021-10-21T06:06:26+00:00","dateModified":"2021-10-21T06:06:26+00:00","mainEntityOfPage":{"@id":"https:\/\/vosgesinfo.fr\/remiremontinfo\/2021\/10\/tempete-aurore-routes-coupees-trains-a-larret\/"},"wordCount":207,"commentCount":0,"publisher":{"@id":"https:\/\/vosgesinfo.fr\/remiremontinfo\/#organization"},"image":{"@id":"https:\/\/vosgesinfo.fr\/remiremontinfo\/2021\/10\/tempete-aurore-routes-coupees-trains-a-larret\/#primaryimage"},"thumbnailUrl":"https:\/\/vosgesinfo.fr\/app\/uploads\/sites\/5\/2024\/09\/202110vent-vosges.png","keywords":["M\u00e9t\u00e9o","prudence","Route","vent","Vosges"],"articleSection":["A la Une","M\u00e9t\u00e9o","Vosges"],"inLanguage":"fr-FR","potentialAction":[{"@type":"CommentAction","name":"Comment","target":["https:\/\/vosgesinfo.fr\/remiremontinfo\/2021\/10\/tempete-aurore-routes-coupees-trains-a-larret\/#respond"]}]},{"@type":"WebPage","@id":"https:\/\/vosgesinfo.fr\/remiremontinfo\/2021\/10\/tempete-aurore-routes-coupees-trains-a-larret\/","url":"https:\/\/vosgesinfo.fr\/remiremontinfo\/2021\/10\/tempete-aurore-routes-coupees-trains-a-larret\/","name":"Temp\u00eate Aurore : des routes coup\u00e9es et des trains \u00e0 l\u2019arr\u00eat - Remiremont Info","isPartOf":{"@id":"https:\/\/vosgesinfo.fr\/remiremontinfo\/#website"},"primaryImageOfPage":{"@id":"https:\/\/vosgesinfo.fr\/remiremontinfo\/2021\/10\/tempete-aurore-routes-coupees-trains-a-larret\/#primaryimage"},"image":{"@id":"https:\/\/vosgesinfo.fr\/remiremontinfo\/2021\/10\/tempete-aurore-routes-coupees-trains-a-larret\/#primaryimage"},"thumbnailUrl":"https:\/\/vosgesinfo.fr\/app\/uploads\/sites\/5\/2024\/09\/202110vent-vosges.png","datePublished":"2021-10-21T06:06:26+00:00","dateModified":"2021-10-21T06:06:26+00:00","breadcrumb":{"@id":"https:\/\/vosgesinfo.fr\/remiremontinfo\/2021\/10\/tempete-aurore-routes-coupees-trains-a-larret\/#breadcrumb"},"inLanguage":"fr-FR","potentialAction":[{"@type":"ReadAction","target":["https:\/\/vosgesinfo.fr\/remiremontinfo\/2021\/10\/tempete-aurore-routes-coupees-trains-a-larret\/"]}]},{"@type":"ImageObject","inLanguage":"fr-FR","@id":"https:\/\/vosgesinfo.fr\/remiremontinfo\/2021\/10\/tempete-aurore-routes-coupees-trains-a-larret\/#primaryimage","url":"https:\/\/vosgesinfo.fr\/app\/uploads\/sites\/5\/2024\/09\/202110vent-vosges.png","contentUrl":"https:\/\/vosgesinfo.fr\/app\/uploads\/sites\/5\/2024\/09\/202110vent-vosges.png","width":800,"height":513},{"@type":"BreadcrumbList","@id":"https:\/\/vosgesinfo.fr\/remiremontinfo\/2021\/10\/tempete-aurore-routes-coupees-trains-a-larret\/#breadcrumb","itemListElement":[{"@type":"ListItem","position":1,"name":"Home","item":"https:\/\/vosgesinfo.fr\/remiremontinfo\/"},{"@type":"ListItem","position":2,"name":"Temp\u00eate Aurore : des routes coup\u00e9es et des trains \u00e0 l\u2019arr\u00eat"}]},{"@type":"WebSite","@id":"https:\/\/vosgesinfo.fr\/remiremontinfo\/#website","url":"https:\/\/vosgesinfo.fr\/remiremontinfo\/","name":"Remiremont Info","description":"Toute l&#039;actualit\u00e9 de Remiremont","publisher":{"@id":"https:\/\/vosgesinfo.fr\/remiremontinfo\/#organization"},"alternateName":"Toute l'actualit\u00e9 de Remiremont","potentialAction":[{"@type":"SearchAction","target":{"@type":"EntryPoint","urlTemplate":"https:\/\/vosgesinfo.fr\/remiremontinfo\/?s={search_term_string}"},"query-input":"required name=search_term_string"}],"inLanguage":"fr-FR"},{"@type":"Organization","@id":"https:\/\/vosgesinfo.fr\/remiremontinfo\/#organization","name":"Remiremont Info","url":"https:\/\/vosgesinfo.fr\/remiremontinfo\/","logo":{"@type":"ImageObject","inLanguage":"fr-FR","@id":"https:\/\/vosgesinfo.fr\/remiremontinfo\/#\/schema\/logo\/image\/","url":"https:\/\/vosgesinfo.fr\/app\/uploads\/sites\/5\/2023\/08\/favicon-remiremontinfo.png","contentUrl":"https:\/\/vosgesinfo.fr\/app\/uploads\/sites\/5\/2023\/08\/favicon-remiremontinfo.png","width":512,"height":512,"caption":"Remiremont Info"},"image":{"@id":"https:\/\/vosgesinfo.fr\/remiremontinfo\/#\/schema\/logo\/image\/"},"sameAs":["https:\/\/www.facebook.com\/remiremontinfo","https:\/\/x.com\/VosgesInfo88","https:\/\/www.youtube.com\/@vosgesinfo"]},{"@type":"Person","@id":"https:\/\/vosgesinfo.fr\/remiremontinfo\/#\/schema\/person\/3bfd164d5218a185b1db68655a265316","name":"C D","image":{"@type":"ImageObject","inLanguage":"fr-FR","@id":"https:\/\/vosgesinfo.fr\/remiremontinfo\/#\/schema\/person\/image\/","url":"https:\/\/secure.gravatar.com\/avatar\/1f9a70007336511a47468b8f1c66f922b8b7cf617b02a31149ada43893a5d48f?s=96&d=mm&r=g","contentUrl":"https:\/\/secure.gravatar.com\/avatar\/1f9a70007336511a47468b8f1c66f922b8b7cf617b02a31149ada43893a5d48f?s=96&d=mm&r=g","caption":"C D"},"url":"https:\/\/vosgesinfo.fr\/remiremontinfo\/author\/cedric-drevet\/"}]}},"_links":{"self":[{"href":"https:\/\/vosgesinfo.fr\/remiremontinfo\/wp-json\/wp\/v2\/posts\/47717","targetHints":{"allow":["GET"]}}],"collection":[{"href":"https:\/\/vosgesinfo.fr\/remiremontinfo\/wp-json\/wp\/v2\/posts"}],"about":[{"href":"https:\/\/vosgesinfo.fr\/remiremontinfo\/wp-json\/wp\/v2\/types\/post"}],"author":[{"embeddable":true,"href":"https:\/\/vosgesinfo.fr\/remiremontinfo\/wp-json\/wp\/v2\/users\/407"}],"replies":[{"embeddable":true,"href":"https:\/\/vosgesinfo.fr\/remiremontinfo\/wp-json\/wp\/v2\/comments?post=47717"}],"version-history":[{"count":0,"href":"https:\/\/vosgesinfo.fr\/remiremontinfo\/wp-json\/wp\/v2\/posts\/47717\/revisions"}],"wp:featuredmedia":[{"embeddable":true,"href":"https:\/\/vosgesinfo.fr\/remiremontinfo\/wp-json\/wp\/v2\/media\/47718"}],"wp:attachment":[{"href":"https:\/\/vosgesinfo.fr\/remiremontinfo\/wp-json\/wp\/v2\/media?parent=47717"}],"wp:term":[{"taxonomy":"category","embeddable":true,"href":"https:\/\/vosgesinfo.fr\/remiremontinfo\/wp-json\/wp\/v2\/categories?post=47717"},{"taxonomy":"post_tag","embeddable":true,"href":"https:\/\/vosgesinfo.fr\/remiremontinfo\/wp-json\/wp\/v2\/tags?post=47717"}],"curies":[{"name":"wp","href":"https:\/\/api.w.org\/{rel}","templated":true}]}}