{"id":47723,"date":"2021-10-21T08:00:23","date_gmt":"2021-10-21T06:00:23","guid":{"rendered":"https:\/\/vosgesinfo.fr\/remiremontinfo\/2021\/10\/bresse-eleves-participent-a-dictee-de-lassociation-ela-lutte-contre-leucodystrophies\/"},"modified":"2021-10-21T08:00:23","modified_gmt":"2021-10-21T06:00:23","slug":"bresse-eleves-participent-a-dictee-de-lassociation-ela-lutte-contre-leucodystrophies","status":"publish","type":"post","link":"https:\/\/vosgesinfo.fr\/remiremontinfo\/2021\/10\/bresse-eleves-participent-a-dictee-de-lassociation-ela-lutte-contre-leucodystrophies\/","title":{"rendered":"La Bresse\u00a0: les \u00e9l\u00e8ves participent \u00e0 la dict\u00e9e de l\u2019association ELA, qui lutte contre les leucodystrophies"},"content":{"rendered":"<p style=\"text-align: center;\" align=\"left\"><a href=\"\/2021\/10\/246981185_2744509685848126_5380693102464121957_n.jpg\"><img decoding=\"async\" class=\"alignnone size-full wp-image-329610\" src=\"\/2021\/10\/246981185_2744509685848126_5380693102464121957_n.jpg\" alt=\"246981185_2744509685848126_5380693102464121957_n\" width=\"800\" height=\"600\" \/><\/a><\/p>\n<p align=\"left\"><span style=\"font-size: 10pt;\"><em>Photos de @labresse.fr<\/em><\/span><\/p>\n<h2 align=\"left\"><span style=\"font-size: 12pt;\"><strong>Maryvonne Crouvezier, maire de La Bresse, a r\u00e9cit\u00e9 ce lundi 18 octobre la dict\u00e9e aux \u00e9l\u00e8ves de 3\u00e8me du Groupe Scolaire Saint Laurent en pr\u00e9sence de Monsieur Doney, le professeur d&rsquo; EPS et pilote du projet Association ELA, qui lutte contre les leucodystrophies.<\/strong><\/span><\/h2>\n<p align=\"left\">\u00c0 chaque \u00e9dition, un auteur r\u00e9dige un texte in\u00e9dit d\u00e9di\u00e9 au combat contre la maladie. Ce texte fait ensuite l\u2019objet d\u2019une dict\u00e9e qui marque le lancement de la semaine ELA. Lue par un enseignant, ou par une personnalit\u00e9, cette dict\u00e9e est un support d\u2019\u00e9changes sur la solidarit\u00e9, la citoyennet\u00e9, le respect, le handicap. Pour cette \u00e9dition 2021, Herv\u00e9 Le Tellier, Prix Goncourt 2020, s\u2019est pr\u00eat\u00e9 au jeu. Selon le site de l\u2019association ELA, Herv\u00e9 Le Tellier est un \u00e9crivain fran\u00e7ais n\u00e9 le 21 avril 1957, Prix Goncourt 2020 pour son roman L\u2019Anomalie (Gallimard). Auteur de romans, nouvelles, po\u00e9sies, th\u00e9\u00e2tre. Il a \u00e9t\u00e9 coopt\u00e9 \u00e0 l\u2019Oulipo (Ouvroir de Litt\u00e9rature Potentielle) en 1992 (simultan\u00e9ment au po\u00e8te allemand Oskar Pastior), et a publi\u00e9 sur l\u2019Ouvroir un ouvrage de r\u00e9f\u00e9rence : Esth\u00e9tique de l\u2019Oulipo. Il a particip\u00e9 \u00e0 l\u2019aventure de la s\u00e9rie \u00ab Le Poulpe \u00bb, avec un roman, La Disparition de Perek, adapt\u00e9 \u00e9galement en bande dessin\u00e9e. Math\u00e9maticien de formation, puis journaliste \u2014 dipl\u00f4m\u00e9 du Centre de formation des journalistes \u00e0 Paris (promotion 1983) il est linguiste et sp\u00e9cialiste des litt\u00e9ratures \u00e0 contraintes. \u00c9diteur, il a fait publier plusieurs ouvrages au Castor Astral comme \u00ab What a man ! \u00bb de Georges Perec, et \u00ab Je me souviens \u00bb de Roland Brasseur. Il a collabor\u00e9 \u00e0 l\u2019\u00e9mission de France Culture \u00ab Les Papous dans la t\u00eate \u00bb.<\/p>\n<p style=\"text-align: center;\" align=\"left\"><a href=\"\/2021\/10\/246876142_2744509585848136_808989737459573464_n.jpg\"><img decoding=\"async\" class=\"alignnone size-full wp-image-329611\" src=\"\/2021\/10\/246876142_2744509585848136_808989737459573464_n.jpg\" alt=\"246876142_2744509585848136_808989737459573464_n\" width=\"800\" height=\"600\" \/><\/a><\/p>\n","protected":false},"excerpt":{"rendered":"<p>Photos de @labresse.fr Maryvonne Crouvezier, maire de La Bresse, a r\u00e9cit\u00e9 ce lundi 18 octobre la dict\u00e9e aux \u00e9l\u00e8ves de [&hellip;]<\/p>\n","protected":false},"author":407,"featured_media":47724,"comment_status":"open","ping_status":"open","sticky":false,"template":"","format":"standard","meta":{"footnotes":""},"categories":[26,165,104,25],"tags":[2801,2802,105],"class_list":["post-47723","post","type-post","status-publish","format-standard","has-post-thumbnail","hentry","category-a-la-une","category-enseignement","category-la-bresse-la-bresse-son-canton","category-la-bresse-son-canton","tag-dictee","tag-ela","tag-la-bresse"],"acf":[],"yoast_head":"<!-- This site is optimized with the Yoast SEO plugin v22.5 - https:\/\/yoast.com\/wordpress\/plugins\/seo\/ -->\n<title>La Bresse\u00a0: les \u00e9l\u00e8ves participent \u00e0 la dict\u00e9e de l\u2019association ELA, qui lutte contre les leucodystrophies - Remiremont Info<\/title>\n<meta name=\"robots\" content=\"index, follow, max-snippet:-1, max-image-preview:large, max-video-preview:-1\" \/>\n<link rel=\"canonical\" href=\"https:\/\/vosgesinfo.fr\/remiremontinfo\/2021\/10\/bresse-eleves-participent-a-dictee-de-lassociation-ela-lutte-contre-leucodystrophies\/\" \/>\n<meta name=\"twitter:card\" content=\"summary_large_image\" \/>\n<meta name=\"twitter:title\" content=\"La Bresse\u00a0: les \u00e9l\u00e8ves participent \u00e0 la dict\u00e9e de l\u2019association ELA, qui lutte contre les leucodystrophies - Remiremont Info\" \/>\n<meta name=\"twitter:description\" content=\"Photos de @labresse.fr Maryvonne Crouvezier, maire de La Bresse, a r\u00e9cit\u00e9 ce lundi 18 octobre la dict\u00e9e aux \u00e9l\u00e8ves de [&hellip;]\" \/>\n<meta name=\"twitter:image\" content=\"https:\/\/vosgesinfo.fr\/app\/uploads\/sites\/5\/2024\/09\/202110246981185-2744509685848126-5380693102464121957-n.jpg\" \/>\n<meta name=\"twitter:creator\" content=\"@VosgesInfo88\" \/>\n<meta name=\"twitter:site\" content=\"@VosgesInfo88\" \/>\n<meta name=\"twitter:label1\" content=\"\u00c9crit par\" \/>\n\t<meta name=\"twitter:data1\" content=\"C D\" \/>\n\t<meta name=\"twitter:label2\" content=\"Dur\u00e9e de lecture estim\u00e9e\" \/>\n\t<meta name=\"twitter:data2\" content=\"1 minute\" \/>\n<script type=\"application\/ld+json\" class=\"yoast-schema-graph\">{\"@context\":\"https:\/\/schema.org\",\"@graph\":[{\"@type\":\"Article\",\"@id\":\"https:\/\/vosgesinfo.fr\/remiremontinfo\/2021\/10\/bresse-eleves-participent-a-dictee-de-lassociation-ela-lutte-contre-leucodystrophies\/#article\",\"isPartOf\":{\"@id\":\"https:\/\/vosgesinfo.fr\/remiremontinfo\/2021\/10\/bresse-eleves-participent-a-dictee-de-lassociation-ela-lutte-contre-leucodystrophies\/\"},\"author\":{\"name\":\"C D\",\"@id\":\"https:\/\/vosgesinfo.fr\/remiremontinfo\/#\/schema\/person\/3bfd164d5218a185b1db68655a265316\"},\"headline\":\"La Bresse\u00a0: les \u00e9l\u00e8ves participent \u00e0 la dict\u00e9e de l\u2019association ELA, qui lutte contre les leucodystrophies\",\"datePublished\":\"2021-10-21T06:00:23+00:00\",\"dateModified\":\"2021-10-21T06:00:23+00:00\",\"mainEntityOfPage\":{\"@id\":\"https:\/\/vosgesinfo.fr\/remiremontinfo\/2021\/10\/bresse-eleves-participent-a-dictee-de-lassociation-ela-lutte-contre-leucodystrophies\/\"},\"wordCount\":301,\"commentCount\":0,\"publisher\":{\"@id\":\"https:\/\/vosgesinfo.fr\/remiremontinfo\/#organization\"},\"image\":{\"@id\":\"https:\/\/vosgesinfo.fr\/remiremontinfo\/2021\/10\/bresse-eleves-participent-a-dictee-de-lassociation-ela-lutte-contre-leucodystrophies\/#primaryimage\"},\"thumbnailUrl\":\"https:\/\/vosgesinfo.fr\/app\/uploads\/sites\/5\/2024\/09\/202110246981185-2744509685848126-5380693102464121957-n.jpg\",\"keywords\":[\"dict\u00e9e\",\"ela\",\"la bresse\"],\"articleSection\":[\"A la Une\",\"Enseignement\",\"La Bresse\",\"La Bresse &amp; son canton\"],\"inLanguage\":\"fr-FR\",\"potentialAction\":[{\"@type\":\"CommentAction\",\"name\":\"Comment\",\"target\":[\"https:\/\/vosgesinfo.fr\/remiremontinfo\/2021\/10\/bresse-eleves-participent-a-dictee-de-lassociation-ela-lutte-contre-leucodystrophies\/#respond\"]}]},{\"@type\":\"WebPage\",\"@id\":\"https:\/\/vosgesinfo.fr\/remiremontinfo\/2021\/10\/bresse-eleves-participent-a-dictee-de-lassociation-ela-lutte-contre-leucodystrophies\/\",\"url\":\"https:\/\/vosgesinfo.fr\/remiremontinfo\/2021\/10\/bresse-eleves-participent-a-dictee-de-lassociation-ela-lutte-contre-leucodystrophies\/\",\"name\":\"La Bresse\u00a0: les \u00e9l\u00e8ves participent \u00e0 la dict\u00e9e de l\u2019association ELA, qui lutte contre les leucodystrophies - Remiremont Info\",\"isPartOf\":{\"@id\":\"https:\/\/vosgesinfo.fr\/remiremontinfo\/#website\"},\"primaryImageOfPage\":{\"@id\":\"https:\/\/vosgesinfo.fr\/remiremontinfo\/2021\/10\/bresse-eleves-participent-a-dictee-de-lassociation-ela-lutte-contre-leucodystrophies\/#primaryimage\"},\"image\":{\"@id\":\"https:\/\/vosgesinfo.fr\/remiremontinfo\/2021\/10\/bresse-eleves-participent-a-dictee-de-lassociation-ela-lutte-contre-leucodystrophies\/#primaryimage\"},\"thumbnailUrl\":\"https:\/\/vosgesinfo.fr\/app\/uploads\/sites\/5\/2024\/09\/202110246981185-2744509685848126-5380693102464121957-n.jpg\",\"datePublished\":\"2021-10-21T06:00:23+00:00\",\"dateModified\":\"2021-10-21T06:00:23+00:00\",\"breadcrumb\":{\"@id\":\"https:\/\/vosgesinfo.fr\/remiremontinfo\/2021\/10\/bresse-eleves-participent-a-dictee-de-lassociation-ela-lutte-contre-leucodystrophies\/#breadcrumb\"},\"inLanguage\":\"fr-FR\",\"potentialAction\":[{\"@type\":\"ReadAction\",\"target\":[\"https:\/\/vosgesinfo.fr\/remiremontinfo\/2021\/10\/bresse-eleves-participent-a-dictee-de-lassociation-ela-lutte-contre-leucodystrophies\/\"]}]},{\"@type\":\"ImageObject\",\"inLanguage\":\"fr-FR\",\"@id\":\"https:\/\/vosgesinfo.fr\/remiremontinfo\/2021\/10\/bresse-eleves-participent-a-dictee-de-lassociation-ela-lutte-contre-leucodystrophies\/#primaryimage\",\"url\":\"https:\/\/vosgesinfo.fr\/app\/uploads\/sites\/5\/2024\/09\/202110246981185-2744509685848126-5380693102464121957-n.jpg\",\"contentUrl\":\"https:\/\/vosgesinfo.fr\/app\/uploads\/sites\/5\/2024\/09\/202110246981185-2744509685848126-5380693102464121957-n.jpg\",\"width\":800,\"height\":600},{\"@type\":\"BreadcrumbList\",\"@id\":\"https:\/\/vosgesinfo.fr\/remiremontinfo\/2021\/10\/bresse-eleves-participent-a-dictee-de-lassociation-ela-lutte-contre-leucodystrophies\/#breadcrumb\",\"itemListElement\":[{\"@type\":\"ListItem\",\"position\":1,\"name\":\"Home\",\"item\":\"https:\/\/vosgesinfo.fr\/remiremontinfo\/\"},{\"@type\":\"ListItem\",\"position\":2,\"name\":\"La Bresse\u00a0: les \u00e9l\u00e8ves participent \u00e0 la dict\u00e9e de l\u2019association ELA, qui lutte contre les leucodystrophies\"}]},{\"@type\":\"WebSite\",\"@id\":\"https:\/\/vosgesinfo.fr\/remiremontinfo\/#website\",\"url\":\"https:\/\/vosgesinfo.fr\/remiremontinfo\/\",\"name\":\"Remiremont Info\",\"description\":\"Toute l&#039;actualit\u00e9 de Remiremont\",\"publisher\":{\"@id\":\"https:\/\/vosgesinfo.fr\/remiremontinfo\/#organization\"},\"alternateName\":\"Toute l'actualit\u00e9 de Remiremont\",\"potentialAction\":[{\"@type\":\"SearchAction\",\"target\":{\"@type\":\"EntryPoint\",\"urlTemplate\":\"https:\/\/vosgesinfo.fr\/remiremontinfo\/?s={search_term_string}\"},\"query-input\":\"required name=search_term_string\"}],\"inLanguage\":\"fr-FR\"},{\"@type\":\"Organization\",\"@id\":\"https:\/\/vosgesinfo.fr\/remiremontinfo\/#organization\",\"name\":\"Remiremont Info\",\"url\":\"https:\/\/vosgesinfo.fr\/remiremontinfo\/\",\"logo\":{\"@type\":\"ImageObject\",\"inLanguage\":\"fr-FR\",\"@id\":\"https:\/\/vosgesinfo.fr\/remiremontinfo\/#\/schema\/logo\/image\/\",\"url\":\"https:\/\/vosgesinfo.fr\/app\/uploads\/sites\/5\/2023\/08\/favicon-remiremontinfo.png\",\"contentUrl\":\"https:\/\/vosgesinfo.fr\/app\/uploads\/sites\/5\/2023\/08\/favicon-remiremontinfo.png\",\"width\":512,\"height\":512,\"caption\":\"Remiremont Info\"},\"image\":{\"@id\":\"https:\/\/vosgesinfo.fr\/remiremontinfo\/#\/schema\/logo\/image\/\"},\"sameAs\":[\"https:\/\/www.facebook.com\/remiremontinfo\",\"https:\/\/x.com\/VosgesInfo88\",\"https:\/\/www.youtube.com\/@vosgesinfo\"]},{\"@type\":\"Person\",\"@id\":\"https:\/\/vosgesinfo.fr\/remiremontinfo\/#\/schema\/person\/3bfd164d5218a185b1db68655a265316\",\"name\":\"C D\",\"image\":{\"@type\":\"ImageObject\",\"inLanguage\":\"fr-FR\",\"@id\":\"https:\/\/vosgesinfo.fr\/remiremontinfo\/#\/schema\/person\/image\/\",\"url\":\"https:\/\/secure.gravatar.com\/avatar\/1f9a70007336511a47468b8f1c66f922b8b7cf617b02a31149ada43893a5d48f?s=96&d=mm&r=g\",\"contentUrl\":\"https:\/\/secure.gravatar.com\/avatar\/1f9a70007336511a47468b8f1c66f922b8b7cf617b02a31149ada43893a5d48f?s=96&d=mm&r=g\",\"caption\":\"C D\"},\"url\":\"https:\/\/vosgesinfo.fr\/remiremontinfo\/author\/cedric-drevet\/\"}]}<\/script>\n<!-- \/ Yoast SEO plugin. -->","yoast_head_json":{"title":"La Bresse\u00a0: les \u00e9l\u00e8ves participent \u00e0 la dict\u00e9e de l\u2019association ELA, qui lutte contre les leucodystrophies - Remiremont Info","robots":{"index":"index","follow":"follow","max-snippet":"max-snippet:-1","max-image-preview":"max-image-preview:large","max-video-preview":"max-video-preview:-1"},"canonical":"https:\/\/vosgesinfo.fr\/remiremontinfo\/2021\/10\/bresse-eleves-participent-a-dictee-de-lassociation-ela-lutte-contre-leucodystrophies\/","twitter_card":"summary_large_image","twitter_title":"La Bresse\u00a0: les \u00e9l\u00e8ves participent \u00e0 la dict\u00e9e de l\u2019association ELA, qui lutte contre les leucodystrophies - Remiremont Info","twitter_description":"Photos de @labresse.fr Maryvonne Crouvezier, maire de La Bresse, a r\u00e9cit\u00e9 ce lundi 18 octobre la dict\u00e9e aux \u00e9l\u00e8ves de [&hellip;]","twitter_image":"https:\/\/vosgesinfo.fr\/app\/uploads\/sites\/5\/2024\/09\/202110246981185-2744509685848126-5380693102464121957-n.jpg","twitter_creator":"@VosgesInfo88","twitter_site":"@VosgesInfo88","twitter_misc":{"\u00c9crit par":"C D","Dur\u00e9e de lecture estim\u00e9e":"1 minute"},"schema":{"@context":"https:\/\/schema.org","@graph":[{"@type":"Article","@id":"https:\/\/vosgesinfo.fr\/remiremontinfo\/2021\/10\/bresse-eleves-participent-a-dictee-de-lassociation-ela-lutte-contre-leucodystrophies\/#article","isPartOf":{"@id":"https:\/\/vosgesinfo.fr\/remiremontinfo\/2021\/10\/bresse-eleves-participent-a-dictee-de-lassociation-ela-lutte-contre-leucodystrophies\/"},"author":{"name":"C D","@id":"https:\/\/vosgesinfo.fr\/remiremontinfo\/#\/schema\/person\/3bfd164d5218a185b1db68655a265316"},"headline":"La Bresse\u00a0: les \u00e9l\u00e8ves participent \u00e0 la dict\u00e9e de l\u2019association ELA, qui lutte contre les leucodystrophies","datePublished":"2021-10-21T06:00:23+00:00","dateModified":"2021-10-21T06:00:23+00:00","mainEntityOfPage":{"@id":"https:\/\/vosgesinfo.fr\/remiremontinfo\/2021\/10\/bresse-eleves-participent-a-dictee-de-lassociation-ela-lutte-contre-leucodystrophies\/"},"wordCount":301,"commentCount":0,"publisher":{"@id":"https:\/\/vosgesinfo.fr\/remiremontinfo\/#organization"},"image":{"@id":"https:\/\/vosgesinfo.fr\/remiremontinfo\/2021\/10\/bresse-eleves-participent-a-dictee-de-lassociation-ela-lutte-contre-leucodystrophies\/#primaryimage"},"thumbnailUrl":"https:\/\/vosgesinfo.fr\/app\/uploads\/sites\/5\/2024\/09\/202110246981185-2744509685848126-5380693102464121957-n.jpg","keywords":["dict\u00e9e","ela","la bresse"],"articleSection":["A la Une","Enseignement","La Bresse","La Bresse &amp; son canton"],"inLanguage":"fr-FR","potentialAction":[{"@type":"CommentAction","name":"Comment","target":["https:\/\/vosgesinfo.fr\/remiremontinfo\/2021\/10\/bresse-eleves-participent-a-dictee-de-lassociation-ela-lutte-contre-leucodystrophies\/#respond"]}]},{"@type":"WebPage","@id":"https:\/\/vosgesinfo.fr\/remiremontinfo\/2021\/10\/bresse-eleves-participent-a-dictee-de-lassociation-ela-lutte-contre-leucodystrophies\/","url":"https:\/\/vosgesinfo.fr\/remiremontinfo\/2021\/10\/bresse-eleves-participent-a-dictee-de-lassociation-ela-lutte-contre-leucodystrophies\/","name":"La Bresse\u00a0: les \u00e9l\u00e8ves participent \u00e0 la dict\u00e9e de l\u2019association ELA, qui lutte contre les leucodystrophies - Remiremont Info","isPartOf":{"@id":"https:\/\/vosgesinfo.fr\/remiremontinfo\/#website"},"primaryImageOfPage":{"@id":"https:\/\/vosgesinfo.fr\/remiremontinfo\/2021\/10\/bresse-eleves-participent-a-dictee-de-lassociation-ela-lutte-contre-leucodystrophies\/#primaryimage"},"image":{"@id":"https:\/\/vosgesinfo.fr\/remiremontinfo\/2021\/10\/bresse-eleves-participent-a-dictee-de-lassociation-ela-lutte-contre-leucodystrophies\/#primaryimage"},"thumbnailUrl":"https:\/\/vosgesinfo.fr\/app\/uploads\/sites\/5\/2024\/09\/202110246981185-2744509685848126-5380693102464121957-n.jpg","datePublished":"2021-10-21T06:00:23+00:00","dateModified":"2021-10-21T06:00:23+00:00","breadcrumb":{"@id":"https:\/\/vosgesinfo.fr\/remiremontinfo\/2021\/10\/bresse-eleves-participent-a-dictee-de-lassociation-ela-lutte-contre-leucodystrophies\/#breadcrumb"},"inLanguage":"fr-FR","potentialAction":[{"@type":"ReadAction","target":["https:\/\/vosgesinfo.fr\/remiremontinfo\/2021\/10\/bresse-eleves-participent-a-dictee-de-lassociation-ela-lutte-contre-leucodystrophies\/"]}]},{"@type":"ImageObject","inLanguage":"fr-FR","@id":"https:\/\/vosgesinfo.fr\/remiremontinfo\/2021\/10\/bresse-eleves-participent-a-dictee-de-lassociation-ela-lutte-contre-leucodystrophies\/#primaryimage","url":"https:\/\/vosgesinfo.fr\/app\/uploads\/sites\/5\/2024\/09\/202110246981185-2744509685848126-5380693102464121957-n.jpg","contentUrl":"https:\/\/vosgesinfo.fr\/app\/uploads\/sites\/5\/2024\/09\/202110246981185-2744509685848126-5380693102464121957-n.jpg","width":800,"height":600},{"@type":"BreadcrumbList","@id":"https:\/\/vosgesinfo.fr\/remiremontinfo\/2021\/10\/bresse-eleves-participent-a-dictee-de-lassociation-ela-lutte-contre-leucodystrophies\/#breadcrumb","itemListElement":[{"@type":"ListItem","position":1,"name":"Home","item":"https:\/\/vosgesinfo.fr\/remiremontinfo\/"},{"@type":"ListItem","position":2,"name":"La Bresse\u00a0: les \u00e9l\u00e8ves participent \u00e0 la dict\u00e9e de l\u2019association ELA, qui lutte contre les leucodystrophies"}]},{"@type":"WebSite","@id":"https:\/\/vosgesinfo.fr\/remiremontinfo\/#website","url":"https:\/\/vosgesinfo.fr\/remiremontinfo\/","name":"Remiremont Info","description":"Toute l&#039;actualit\u00e9 de Remiremont","publisher":{"@id":"https:\/\/vosgesinfo.fr\/remiremontinfo\/#organization"},"alternateName":"Toute l'actualit\u00e9 de Remiremont","potentialAction":[{"@type":"SearchAction","target":{"@type":"EntryPoint","urlTemplate":"https:\/\/vosgesinfo.fr\/remiremontinfo\/?s={search_term_string}"},"query-input":"required name=search_term_string"}],"inLanguage":"fr-FR"},{"@type":"Organization","@id":"https:\/\/vosgesinfo.fr\/remiremontinfo\/#organization","name":"Remiremont Info","url":"https:\/\/vosgesinfo.fr\/remiremontinfo\/","logo":{"@type":"ImageObject","inLanguage":"fr-FR","@id":"https:\/\/vosgesinfo.fr\/remiremontinfo\/#\/schema\/logo\/image\/","url":"https:\/\/vosgesinfo.fr\/app\/uploads\/sites\/5\/2023\/08\/favicon-remiremontinfo.png","contentUrl":"https:\/\/vosgesinfo.fr\/app\/uploads\/sites\/5\/2023\/08\/favicon-remiremontinfo.png","width":512,"height":512,"caption":"Remiremont Info"},"image":{"@id":"https:\/\/vosgesinfo.fr\/remiremontinfo\/#\/schema\/logo\/image\/"},"sameAs":["https:\/\/www.facebook.com\/remiremontinfo","https:\/\/x.com\/VosgesInfo88","https:\/\/www.youtube.com\/@vosgesinfo"]},{"@type":"Person","@id":"https:\/\/vosgesinfo.fr\/remiremontinfo\/#\/schema\/person\/3bfd164d5218a185b1db68655a265316","name":"C D","image":{"@type":"ImageObject","inLanguage":"fr-FR","@id":"https:\/\/vosgesinfo.fr\/remiremontinfo\/#\/schema\/person\/image\/","url":"https:\/\/secure.gravatar.com\/avatar\/1f9a70007336511a47468b8f1c66f922b8b7cf617b02a31149ada43893a5d48f?s=96&d=mm&r=g","contentUrl":"https:\/\/secure.gravatar.com\/avatar\/1f9a70007336511a47468b8f1c66f922b8b7cf617b02a31149ada43893a5d48f?s=96&d=mm&r=g","caption":"C D"},"url":"https:\/\/vosgesinfo.fr\/remiremontinfo\/author\/cedric-drevet\/"}]}},"_links":{"self":[{"href":"https:\/\/vosgesinfo.fr\/remiremontinfo\/wp-json\/wp\/v2\/posts\/47723","targetHints":{"allow":["GET"]}}],"collection":[{"href":"https:\/\/vosgesinfo.fr\/remiremontinfo\/wp-json\/wp\/v2\/posts"}],"about":[{"href":"https:\/\/vosgesinfo.fr\/remiremontinfo\/wp-json\/wp\/v2\/types\/post"}],"author":[{"embeddable":true,"href":"https:\/\/vosgesinfo.fr\/remiremontinfo\/wp-json\/wp\/v2\/users\/407"}],"replies":[{"embeddable":true,"href":"https:\/\/vosgesinfo.fr\/remiremontinfo\/wp-json\/wp\/v2\/comments?post=47723"}],"version-history":[{"count":0,"href":"https:\/\/vosgesinfo.fr\/remiremontinfo\/wp-json\/wp\/v2\/posts\/47723\/revisions"}],"wp:featuredmedia":[{"embeddable":true,"href":"https:\/\/vosgesinfo.fr\/remiremontinfo\/wp-json\/wp\/v2\/media\/47724"}],"wp:attachment":[{"href":"https:\/\/vosgesinfo.fr\/remiremontinfo\/wp-json\/wp\/v2\/media?parent=47723"}],"wp:term":[{"taxonomy":"category","embeddable":true,"href":"https:\/\/vosgesinfo.fr\/remiremontinfo\/wp-json\/wp\/v2\/categories?post=47723"},{"taxonomy":"post_tag","embeddable":true,"href":"https:\/\/vosgesinfo.fr\/remiremontinfo\/wp-json\/wp\/v2\/tags?post=47723"}],"curies":[{"name":"wp","href":"https:\/\/api.w.org\/{rel}","templated":true}]}}