{"id":47985,"date":"2021-10-26T07:54:19","date_gmt":"2021-10-26T05:54:19","guid":{"rendered":"https:\/\/vosgesinfo.fr\/remiremontinfo\/2021\/10\/job-devenez-conducteur-de-voiture-radar-lorraine\/"},"modified":"2021-10-26T07:54:19","modified_gmt":"2021-10-26T05:54:19","slug":"job-devenez-conducteur-de-voiture-radar-lorraine","status":"publish","type":"post","link":"https:\/\/vosgesinfo.fr\/remiremontinfo\/2021\/10\/job-devenez-conducteur-de-voiture-radar-lorraine\/","title":{"rendered":"Job : devenez conducteur de voiture-radar en Lorraine"},"content":{"rendered":"<p><a href=\"\/2021\/10\/voiture-radar-privee-800x514.jpg\"><img decoding=\"async\" class=\"alignnone size-full wp-image-330044\" src=\"\/2021\/10\/voiture-radar-privee-800x514.jpg\" alt=\"voiture-radar-privee-800x514\" width=\"800\" height=\"514\" \/><\/a><\/p>\n<h2><span style=\"font-size: 12pt;\">Nous vous en\u00a0<a href=\"https:\/\/epinalinfos.fr\/2021\/10\/voitures-radar-banalisees-privees-arrivent-vosges\/\" target=\"_blank\" rel=\"noopener\">parlions la semaine derni\u00e8re dans notre article<\/a>, les voitures-radar banalis\u00e9es priv\u00e9es arrivent dans le Grand Est.\u00a0Elles seront d\u00e9ploy\u00e9es progressivement sur le d\u00e9partement des Vosges ainsi que sur toute la Lorraine \u00e0 partir du 1er trimestre 2022.\u00a0Une soci\u00e9t\u00e9 priv\u00e9e recherche des conducteurs pour ses voitures-radar.<\/span><\/h2>\n<p><span style=\"font-size: 12pt;\">Une annonce a \u00e9t\u00e9 publi\u00e9e par une soci\u00e9t\u00e9 priv\u00e9e qui recherche des conducteurs pour ses voitures-radar en Lorraine. Vous r\u00eavez de sanctionner les automobilistes qui roulent trop vite? Ce job insolite est fait pour vous.<\/span><\/p>\n<p><span style=\"font-size: 12pt;\">La\u00a0<a href=\"https:\/\/epinalinfos.fr\/2021\/10\/voitures-radar-banalisees-privees-arrivent-vosges\/\" target=\"_blank\" rel=\"noopener\">semaine derni\u00e8re<\/a>, le Pr\u00e9fet des Vosges, avait annonc\u00e9\u00a0que de nouvelles mesures allaient \u00eatre prises afin de r\u00e9duire l\u2019accidentologie sur les routes du d\u00e9partement et de Lorraine. Parmi ces mesures, le d\u00e9ploiement, \u00e0 partir du 1er trimestre 2022 des\u00a0voitures-radar banalis\u00e9es priv\u00e9es. Elles \u00e9taient jusque-l\u00e0 pilot\u00e9es par les forces de l\u2019ordre uniquement.\u00a0<\/span><\/p>\n<p><span style=\"font-size: 12pt;\">Lire la suite ici :\u00a0<a href=\"https:\/\/epinalinfos.fr\/2021\/10\/job-devenez-conducteur-de-voiture-radar-lorraine\/\">Job : devenez conducteur de voiture-radar en Lorraine &#8211; Epinal infos<\/a><\/span><\/p>\n","protected":false},"excerpt":{"rendered":"<p>Nous vous en\u00a0parlions la semaine derni\u00e8re dans notre article, les voitures-radar banalis\u00e9es priv\u00e9es arrivent dans le Grand Est.\u00a0Elles seront d\u00e9ploy\u00e9es [&hellip;]<\/p>\n","protected":false},"author":407,"featured_media":47986,"comment_status":"open","ping_status":"open","sticky":false,"template":"","format":"standard","meta":{"footnotes":""},"categories":[26,188,18],"tags":[2860,2861,32],"class_list":["post-47985","post","type-post","status-publish","format-standard","has-post-thumbnail","hentry","category-a-la-une","category-region","category-vosges","tag-job","tag-voiture-radar","tag-vosges"],"acf":[],"yoast_head":"<!-- This site is optimized with the Yoast SEO plugin v22.5 - https:\/\/yoast.com\/wordpress\/plugins\/seo\/ -->\n<title>Job : devenez conducteur de voiture-radar en Lorraine - Remiremont Info<\/title>\n<meta name=\"robots\" content=\"index, follow, max-snippet:-1, max-image-preview:large, max-video-preview:-1\" \/>\n<link rel=\"canonical\" href=\"https:\/\/vosgesinfo.fr\/remiremontinfo\/2021\/10\/job-devenez-conducteur-de-voiture-radar-lorraine\/\" \/>\n<meta name=\"twitter:card\" content=\"summary_large_image\" \/>\n<meta name=\"twitter:title\" content=\"Job : devenez conducteur de voiture-radar en Lorraine - Remiremont Info\" \/>\n<meta name=\"twitter:description\" content=\"Nous vous en\u00a0parlions la semaine derni\u00e8re dans notre article, les voitures-radar banalis\u00e9es priv\u00e9es arrivent dans le Grand Est.\u00a0Elles seront d\u00e9ploy\u00e9es [&hellip;]\" \/>\n<meta name=\"twitter:image\" content=\"https:\/\/vosgesinfo.fr\/app\/uploads\/sites\/5\/2024\/09\/202110voiture-radar-privee-800x514-1.jpg\" \/>\n<meta name=\"twitter:creator\" content=\"@VosgesInfo88\" \/>\n<meta name=\"twitter:site\" content=\"@VosgesInfo88\" \/>\n<meta name=\"twitter:label1\" content=\"\u00c9crit par\" \/>\n\t<meta name=\"twitter:data1\" content=\"C D\" \/>\n\t<meta name=\"twitter:label2\" content=\"Dur\u00e9e de lecture estim\u00e9e\" \/>\n\t<meta name=\"twitter:data2\" content=\"1 minute\" \/>\n<script type=\"application\/ld+json\" class=\"yoast-schema-graph\">{\"@context\":\"https:\/\/schema.org\",\"@graph\":[{\"@type\":\"Article\",\"@id\":\"https:\/\/vosgesinfo.fr\/remiremontinfo\/2021\/10\/job-devenez-conducteur-de-voiture-radar-lorraine\/#article\",\"isPartOf\":{\"@id\":\"https:\/\/vosgesinfo.fr\/remiremontinfo\/2021\/10\/job-devenez-conducteur-de-voiture-radar-lorraine\/\"},\"author\":{\"name\":\"C D\",\"@id\":\"https:\/\/vosgesinfo.fr\/remiremontinfo\/#\/schema\/person\/3bfd164d5218a185b1db68655a265316\"},\"headline\":\"Job : devenez conducteur de voiture-radar en Lorraine\",\"datePublished\":\"2021-10-26T05:54:19+00:00\",\"dateModified\":\"2021-10-26T05:54:19+00:00\",\"mainEntityOfPage\":{\"@id\":\"https:\/\/vosgesinfo.fr\/remiremontinfo\/2021\/10\/job-devenez-conducteur-de-voiture-radar-lorraine\/\"},\"wordCount\":176,\"commentCount\":0,\"publisher\":{\"@id\":\"https:\/\/vosgesinfo.fr\/remiremontinfo\/#organization\"},\"image\":{\"@id\":\"https:\/\/vosgesinfo.fr\/remiremontinfo\/2021\/10\/job-devenez-conducteur-de-voiture-radar-lorraine\/#primaryimage\"},\"thumbnailUrl\":\"https:\/\/vosgesinfo.fr\/app\/uploads\/sites\/5\/2024\/09\/202110voiture-radar-privee-800x514-1.jpg\",\"keywords\":[\"job\",\"voiture radar\",\"Vosges\"],\"articleSection\":[\"A la Une\",\"R\u00e9gion\",\"Vosges\"],\"inLanguage\":\"fr-FR\",\"potentialAction\":[{\"@type\":\"CommentAction\",\"name\":\"Comment\",\"target\":[\"https:\/\/vosgesinfo.fr\/remiremontinfo\/2021\/10\/job-devenez-conducteur-de-voiture-radar-lorraine\/#respond\"]}]},{\"@type\":\"WebPage\",\"@id\":\"https:\/\/vosgesinfo.fr\/remiremontinfo\/2021\/10\/job-devenez-conducteur-de-voiture-radar-lorraine\/\",\"url\":\"https:\/\/vosgesinfo.fr\/remiremontinfo\/2021\/10\/job-devenez-conducteur-de-voiture-radar-lorraine\/\",\"name\":\"Job : devenez conducteur de voiture-radar en Lorraine - Remiremont Info\",\"isPartOf\":{\"@id\":\"https:\/\/vosgesinfo.fr\/remiremontinfo\/#website\"},\"primaryImageOfPage\":{\"@id\":\"https:\/\/vosgesinfo.fr\/remiremontinfo\/2021\/10\/job-devenez-conducteur-de-voiture-radar-lorraine\/#primaryimage\"},\"image\":{\"@id\":\"https:\/\/vosgesinfo.fr\/remiremontinfo\/2021\/10\/job-devenez-conducteur-de-voiture-radar-lorraine\/#primaryimage\"},\"thumbnailUrl\":\"https:\/\/vosgesinfo.fr\/app\/uploads\/sites\/5\/2024\/09\/202110voiture-radar-privee-800x514-1.jpg\",\"datePublished\":\"2021-10-26T05:54:19+00:00\",\"dateModified\":\"2021-10-26T05:54:19+00:00\",\"breadcrumb\":{\"@id\":\"https:\/\/vosgesinfo.fr\/remiremontinfo\/2021\/10\/job-devenez-conducteur-de-voiture-radar-lorraine\/#breadcrumb\"},\"inLanguage\":\"fr-FR\",\"potentialAction\":[{\"@type\":\"ReadAction\",\"target\":[\"https:\/\/vosgesinfo.fr\/remiremontinfo\/2021\/10\/job-devenez-conducteur-de-voiture-radar-lorraine\/\"]}]},{\"@type\":\"ImageObject\",\"inLanguage\":\"fr-FR\",\"@id\":\"https:\/\/vosgesinfo.fr\/remiremontinfo\/2021\/10\/job-devenez-conducteur-de-voiture-radar-lorraine\/#primaryimage\",\"url\":\"https:\/\/vosgesinfo.fr\/app\/uploads\/sites\/5\/2024\/09\/202110voiture-radar-privee-800x514-1.jpg\",\"contentUrl\":\"https:\/\/vosgesinfo.fr\/app\/uploads\/sites\/5\/2024\/09\/202110voiture-radar-privee-800x514-1.jpg\",\"width\":800,\"height\":514},{\"@type\":\"BreadcrumbList\",\"@id\":\"https:\/\/vosgesinfo.fr\/remiremontinfo\/2021\/10\/job-devenez-conducteur-de-voiture-radar-lorraine\/#breadcrumb\",\"itemListElement\":[{\"@type\":\"ListItem\",\"position\":1,\"name\":\"Home\",\"item\":\"https:\/\/vosgesinfo.fr\/remiremontinfo\/\"},{\"@type\":\"ListItem\",\"position\":2,\"name\":\"Job : devenez conducteur de voiture-radar en Lorraine\"}]},{\"@type\":\"WebSite\",\"@id\":\"https:\/\/vosgesinfo.fr\/remiremontinfo\/#website\",\"url\":\"https:\/\/vosgesinfo.fr\/remiremontinfo\/\",\"name\":\"Remiremont Info\",\"description\":\"Toute l&#039;actualit\u00e9 de Remiremont\",\"publisher\":{\"@id\":\"https:\/\/vosgesinfo.fr\/remiremontinfo\/#organization\"},\"alternateName\":\"Toute l'actualit\u00e9 de Remiremont\",\"potentialAction\":[{\"@type\":\"SearchAction\",\"target\":{\"@type\":\"EntryPoint\",\"urlTemplate\":\"https:\/\/vosgesinfo.fr\/remiremontinfo\/?s={search_term_string}\"},\"query-input\":\"required name=search_term_string\"}],\"inLanguage\":\"fr-FR\"},{\"@type\":\"Organization\",\"@id\":\"https:\/\/vosgesinfo.fr\/remiremontinfo\/#organization\",\"name\":\"Remiremont Info\",\"url\":\"https:\/\/vosgesinfo.fr\/remiremontinfo\/\",\"logo\":{\"@type\":\"ImageObject\",\"inLanguage\":\"fr-FR\",\"@id\":\"https:\/\/vosgesinfo.fr\/remiremontinfo\/#\/schema\/logo\/image\/\",\"url\":\"https:\/\/vosgesinfo.fr\/app\/uploads\/sites\/5\/2023\/08\/favicon-remiremontinfo.png\",\"contentUrl\":\"https:\/\/vosgesinfo.fr\/app\/uploads\/sites\/5\/2023\/08\/favicon-remiremontinfo.png\",\"width\":512,\"height\":512,\"caption\":\"Remiremont Info\"},\"image\":{\"@id\":\"https:\/\/vosgesinfo.fr\/remiremontinfo\/#\/schema\/logo\/image\/\"},\"sameAs\":[\"https:\/\/www.facebook.com\/remiremontinfo\",\"https:\/\/x.com\/VosgesInfo88\",\"https:\/\/www.youtube.com\/@vosgesinfo\"]},{\"@type\":\"Person\",\"@id\":\"https:\/\/vosgesinfo.fr\/remiremontinfo\/#\/schema\/person\/3bfd164d5218a185b1db68655a265316\",\"name\":\"C D\",\"image\":{\"@type\":\"ImageObject\",\"inLanguage\":\"fr-FR\",\"@id\":\"https:\/\/vosgesinfo.fr\/remiremontinfo\/#\/schema\/person\/image\/\",\"url\":\"https:\/\/secure.gravatar.com\/avatar\/1f9a70007336511a47468b8f1c66f922b8b7cf617b02a31149ada43893a5d48f?s=96&d=mm&r=g\",\"contentUrl\":\"https:\/\/secure.gravatar.com\/avatar\/1f9a70007336511a47468b8f1c66f922b8b7cf617b02a31149ada43893a5d48f?s=96&d=mm&r=g\",\"caption\":\"C D\"},\"url\":\"https:\/\/vosgesinfo.fr\/remiremontinfo\/author\/cedric-drevet\/\"}]}<\/script>\n<!-- \/ Yoast SEO plugin. -->","yoast_head_json":{"title":"Job : devenez conducteur de voiture-radar en Lorraine - Remiremont Info","robots":{"index":"index","follow":"follow","max-snippet":"max-snippet:-1","max-image-preview":"max-image-preview:large","max-video-preview":"max-video-preview:-1"},"canonical":"https:\/\/vosgesinfo.fr\/remiremontinfo\/2021\/10\/job-devenez-conducteur-de-voiture-radar-lorraine\/","twitter_card":"summary_large_image","twitter_title":"Job : devenez conducteur de voiture-radar en Lorraine - Remiremont Info","twitter_description":"Nous vous en\u00a0parlions la semaine derni\u00e8re dans notre article, les voitures-radar banalis\u00e9es priv\u00e9es arrivent dans le Grand Est.\u00a0Elles seront d\u00e9ploy\u00e9es [&hellip;]","twitter_image":"https:\/\/vosgesinfo.fr\/app\/uploads\/sites\/5\/2024\/09\/202110voiture-radar-privee-800x514-1.jpg","twitter_creator":"@VosgesInfo88","twitter_site":"@VosgesInfo88","twitter_misc":{"\u00c9crit par":"C D","Dur\u00e9e de lecture estim\u00e9e":"1 minute"},"schema":{"@context":"https:\/\/schema.org","@graph":[{"@type":"Article","@id":"https:\/\/vosgesinfo.fr\/remiremontinfo\/2021\/10\/job-devenez-conducteur-de-voiture-radar-lorraine\/#article","isPartOf":{"@id":"https:\/\/vosgesinfo.fr\/remiremontinfo\/2021\/10\/job-devenez-conducteur-de-voiture-radar-lorraine\/"},"author":{"name":"C D","@id":"https:\/\/vosgesinfo.fr\/remiremontinfo\/#\/schema\/person\/3bfd164d5218a185b1db68655a265316"},"headline":"Job : devenez conducteur de voiture-radar en Lorraine","datePublished":"2021-10-26T05:54:19+00:00","dateModified":"2021-10-26T05:54:19+00:00","mainEntityOfPage":{"@id":"https:\/\/vosgesinfo.fr\/remiremontinfo\/2021\/10\/job-devenez-conducteur-de-voiture-radar-lorraine\/"},"wordCount":176,"commentCount":0,"publisher":{"@id":"https:\/\/vosgesinfo.fr\/remiremontinfo\/#organization"},"image":{"@id":"https:\/\/vosgesinfo.fr\/remiremontinfo\/2021\/10\/job-devenez-conducteur-de-voiture-radar-lorraine\/#primaryimage"},"thumbnailUrl":"https:\/\/vosgesinfo.fr\/app\/uploads\/sites\/5\/2024\/09\/202110voiture-radar-privee-800x514-1.jpg","keywords":["job","voiture radar","Vosges"],"articleSection":["A la Une","R\u00e9gion","Vosges"],"inLanguage":"fr-FR","potentialAction":[{"@type":"CommentAction","name":"Comment","target":["https:\/\/vosgesinfo.fr\/remiremontinfo\/2021\/10\/job-devenez-conducteur-de-voiture-radar-lorraine\/#respond"]}]},{"@type":"WebPage","@id":"https:\/\/vosgesinfo.fr\/remiremontinfo\/2021\/10\/job-devenez-conducteur-de-voiture-radar-lorraine\/","url":"https:\/\/vosgesinfo.fr\/remiremontinfo\/2021\/10\/job-devenez-conducteur-de-voiture-radar-lorraine\/","name":"Job : devenez conducteur de voiture-radar en Lorraine - Remiremont Info","isPartOf":{"@id":"https:\/\/vosgesinfo.fr\/remiremontinfo\/#website"},"primaryImageOfPage":{"@id":"https:\/\/vosgesinfo.fr\/remiremontinfo\/2021\/10\/job-devenez-conducteur-de-voiture-radar-lorraine\/#primaryimage"},"image":{"@id":"https:\/\/vosgesinfo.fr\/remiremontinfo\/2021\/10\/job-devenez-conducteur-de-voiture-radar-lorraine\/#primaryimage"},"thumbnailUrl":"https:\/\/vosgesinfo.fr\/app\/uploads\/sites\/5\/2024\/09\/202110voiture-radar-privee-800x514-1.jpg","datePublished":"2021-10-26T05:54:19+00:00","dateModified":"2021-10-26T05:54:19+00:00","breadcrumb":{"@id":"https:\/\/vosgesinfo.fr\/remiremontinfo\/2021\/10\/job-devenez-conducteur-de-voiture-radar-lorraine\/#breadcrumb"},"inLanguage":"fr-FR","potentialAction":[{"@type":"ReadAction","target":["https:\/\/vosgesinfo.fr\/remiremontinfo\/2021\/10\/job-devenez-conducteur-de-voiture-radar-lorraine\/"]}]},{"@type":"ImageObject","inLanguage":"fr-FR","@id":"https:\/\/vosgesinfo.fr\/remiremontinfo\/2021\/10\/job-devenez-conducteur-de-voiture-radar-lorraine\/#primaryimage","url":"https:\/\/vosgesinfo.fr\/app\/uploads\/sites\/5\/2024\/09\/202110voiture-radar-privee-800x514-1.jpg","contentUrl":"https:\/\/vosgesinfo.fr\/app\/uploads\/sites\/5\/2024\/09\/202110voiture-radar-privee-800x514-1.jpg","width":800,"height":514},{"@type":"BreadcrumbList","@id":"https:\/\/vosgesinfo.fr\/remiremontinfo\/2021\/10\/job-devenez-conducteur-de-voiture-radar-lorraine\/#breadcrumb","itemListElement":[{"@type":"ListItem","position":1,"name":"Home","item":"https:\/\/vosgesinfo.fr\/remiremontinfo\/"},{"@type":"ListItem","position":2,"name":"Job : devenez conducteur de voiture-radar en Lorraine"}]},{"@type":"WebSite","@id":"https:\/\/vosgesinfo.fr\/remiremontinfo\/#website","url":"https:\/\/vosgesinfo.fr\/remiremontinfo\/","name":"Remiremont Info","description":"Toute l&#039;actualit\u00e9 de Remiremont","publisher":{"@id":"https:\/\/vosgesinfo.fr\/remiremontinfo\/#organization"},"alternateName":"Toute l'actualit\u00e9 de Remiremont","potentialAction":[{"@type":"SearchAction","target":{"@type":"EntryPoint","urlTemplate":"https:\/\/vosgesinfo.fr\/remiremontinfo\/?s={search_term_string}"},"query-input":"required name=search_term_string"}],"inLanguage":"fr-FR"},{"@type":"Organization","@id":"https:\/\/vosgesinfo.fr\/remiremontinfo\/#organization","name":"Remiremont Info","url":"https:\/\/vosgesinfo.fr\/remiremontinfo\/","logo":{"@type":"ImageObject","inLanguage":"fr-FR","@id":"https:\/\/vosgesinfo.fr\/remiremontinfo\/#\/schema\/logo\/image\/","url":"https:\/\/vosgesinfo.fr\/app\/uploads\/sites\/5\/2023\/08\/favicon-remiremontinfo.png","contentUrl":"https:\/\/vosgesinfo.fr\/app\/uploads\/sites\/5\/2023\/08\/favicon-remiremontinfo.png","width":512,"height":512,"caption":"Remiremont Info"},"image":{"@id":"https:\/\/vosgesinfo.fr\/remiremontinfo\/#\/schema\/logo\/image\/"},"sameAs":["https:\/\/www.facebook.com\/remiremontinfo","https:\/\/x.com\/VosgesInfo88","https:\/\/www.youtube.com\/@vosgesinfo"]},{"@type":"Person","@id":"https:\/\/vosgesinfo.fr\/remiremontinfo\/#\/schema\/person\/3bfd164d5218a185b1db68655a265316","name":"C D","image":{"@type":"ImageObject","inLanguage":"fr-FR","@id":"https:\/\/vosgesinfo.fr\/remiremontinfo\/#\/schema\/person\/image\/","url":"https:\/\/secure.gravatar.com\/avatar\/1f9a70007336511a47468b8f1c66f922b8b7cf617b02a31149ada43893a5d48f?s=96&d=mm&r=g","contentUrl":"https:\/\/secure.gravatar.com\/avatar\/1f9a70007336511a47468b8f1c66f922b8b7cf617b02a31149ada43893a5d48f?s=96&d=mm&r=g","caption":"C D"},"url":"https:\/\/vosgesinfo.fr\/remiremontinfo\/author\/cedric-drevet\/"}]}},"_links":{"self":[{"href":"https:\/\/vosgesinfo.fr\/remiremontinfo\/wp-json\/wp\/v2\/posts\/47985","targetHints":{"allow":["GET"]}}],"collection":[{"href":"https:\/\/vosgesinfo.fr\/remiremontinfo\/wp-json\/wp\/v2\/posts"}],"about":[{"href":"https:\/\/vosgesinfo.fr\/remiremontinfo\/wp-json\/wp\/v2\/types\/post"}],"author":[{"embeddable":true,"href":"https:\/\/vosgesinfo.fr\/remiremontinfo\/wp-json\/wp\/v2\/users\/407"}],"replies":[{"embeddable":true,"href":"https:\/\/vosgesinfo.fr\/remiremontinfo\/wp-json\/wp\/v2\/comments?post=47985"}],"version-history":[{"count":0,"href":"https:\/\/vosgesinfo.fr\/remiremontinfo\/wp-json\/wp\/v2\/posts\/47985\/revisions"}],"wp:featuredmedia":[{"embeddable":true,"href":"https:\/\/vosgesinfo.fr\/remiremontinfo\/wp-json\/wp\/v2\/media\/47986"}],"wp:attachment":[{"href":"https:\/\/vosgesinfo.fr\/remiremontinfo\/wp-json\/wp\/v2\/media?parent=47985"}],"wp:term":[{"taxonomy":"category","embeddable":true,"href":"https:\/\/vosgesinfo.fr\/remiremontinfo\/wp-json\/wp\/v2\/categories?post=47985"},{"taxonomy":"post_tag","embeddable":true,"href":"https:\/\/vosgesinfo.fr\/remiremontinfo\/wp-json\/wp\/v2\/tags?post=47985"}],"curies":[{"name":"wp","href":"https:\/\/api.w.org\/{rel}","templated":true}]}}