{"id":47999,"date":"2021-10-26T08:24:04","date_gmt":"2021-10-26T06:24:04","guid":{"rendered":"https:\/\/vosgesinfo.fr\/remiremontinfo\/2021\/10\/saint-nabord-intervention-fontainiers-reservoir-deau-de-fallieres\/"},"modified":"2021-10-26T08:24:04","modified_gmt":"2021-10-26T06:24:04","slug":"saint-nabord-intervention-fontainiers-reservoir-deau-de-fallieres","status":"publish","type":"post","link":"https:\/\/vosgesinfo.fr\/remiremontinfo\/2021\/10\/saint-nabord-intervention-fontainiers-reservoir-deau-de-fallieres\/","title":{"rendered":"Saint-Nabord : intervention des fontainiers sur le r\u00e9servoir d&rsquo;eau de Falli\u00e8res"},"content":{"rendered":"<p style=\"text-align: center;\"><a href=\"\/2021\/10\/Capture-d\u2019\u00e9cran-2021-10-26-105155.png\"><img decoding=\"async\" class=\"alignnone size-full wp-image-330089\" src=\"\/2021\/10\/Capture-d\u2019\u00e9cran-2021-10-26-105155.png\" alt=\"Capture d\u2019\u00e9cran 2021-10-26 105155\" width=\"522\" height=\"447\" \/><\/a><\/p>\n<p style=\"text-align: left;\"><span style=\"font-size: 10pt;\"><em><a href=\"https:\/\/www.facebook.com\/watch\/?v=280477354002199\">Capture d&rsquo;\u00e9cran<\/a><\/em><\/span><\/p>\n<div class=\"o9v6fnle cxmmr5t8 oygrvhab hcukyx3x c1et5uql ii04i59q\">\n<h2 dir=\"auto\"><span style=\"font-size: 12pt;\"><strong>Christophe Gerondi\u00a0et Eric Luezas, fontainiers de la commune de Saint-Nabord, ont r\u00e9alis\u00e9 une intervention de maintenance sur le r\u00e9servoir d\u2019eau potable des Hauts de Falli\u00e8res. L\u2019op\u00e9ration consistait \u00e0 r\u00e9approvisionner le bac de neutralisation en calcaire marin. Arnaud Curien, futur responsable des services techniques, a suivi de pr\u00e8s toute l\u2019op\u00e9ration.<\/strong><\/span><\/h2>\n<div dir=\"auto\">L\u2019eau \u00e9tant globalement tr\u00e8s acide (pH inf ou \u00e9gal \u00e0 5) dans le d\u00e9partement des Vosges, l\u2019apport en calcaire est indispensable pour augmenter le pH et pr\u00e9server ainsi les canalisations du r\u00e9seau d\u2019eau et \u00e0 se conformer aux exigences de l\u2019Agence R\u00e9gionale de Sant\u00e9. L\u2019eau de source est achemin\u00e9e dans un grand bassin (le bac de neutralisation) rempli de calcaire marin (concr\u00e9tion calcaire produite par des algues). L\u2019acidit\u00e9 naturelle de l\u2019eau va dissoudre ce calcaire et augmenter ainsi son pH. (Pr\u00e9conisation de l\u2019ARS : pH entre 6,5 et 9).<\/div>\n<div dir=\"auto\"><\/div>\n<div dir=\"auto\">Le remplissage : Perdant r\u00e9guli\u00e8rement de la mati\u00e8re dissoute dans l\u2019eau, le bassin doit \u00eatre ponctuellement r\u00e9approvisionn\u00e9. \u00ab Pendant pr\u00e8s de 15 ans, se souvient Christophe Gerondi, employ\u00e9 communal depuis plus de 20 ans, nous devions charger les sacs de calcaire sur le dos pour les d\u00e9placer du camion au bassin \u00bb. Op\u00e9ration longue et \u00e9prouvante puisqu\u2019il s\u2019agit de rajouter pas moins de 6\u00a0tonnes de calcaire. Aujourd\u2019hui un ing\u00e9nieux processus verse les sacs de 500kg de calcaire marin du camion vers une tr\u00e9mie, elle-m\u00eame reli\u00e9e \u00e0 une conduite d\u2019eau puls\u00e9e raccord\u00e9e au bac pr\u00e9alablement vidang\u00e9. Gain de temps et d\u2019\u00e9nergie pr\u00e9cieux pour le personnel communal.<\/div>\n<\/div>\n<div class=\"o9v6fnle cxmmr5t8 oygrvhab hcukyx3x c1et5uql ii04i59q\">\n<div dir=\"auto\"><\/div>\n<div dir=\"auto\">Le d\u00e9compactage : Pendant l\u2019op\u00e9ration de remplissage du bassin, de l\u2019air est envoy\u00e9 sous le calcaire d\u00e9pos\u00e9, pour soulever les impuret\u00e9s, alors \u00e9vacu\u00e9es par le trop plein. Apr\u00e8s son passage dans le bac de neutralisation, l\u2019eau approchant un pH de 8 poursuit son processus de traitement et subit une op\u00e9ration de chloration pour \u00e9viter le d\u00e9veloppement des germes et des bact\u00e9ries.\u00a0Mais \u00e7a c\u2019est une autre aventure.<\/div>\n<\/div>\n<div dir=\"auto\"><\/div>\n<div dir=\"auto\">Retrouvez l&rsquo;intervention en vid\u00e9o sur la page Facebook de la Mairie :\u00a0<a href=\"https:\/\/www.facebook.com\/watch\/?v=280477354002199\">Watch | Facebook<\/a><\/div>\n<div dir=\"auto\"><\/div>\n<div dir=\"auto\"><span style=\"font-size: 12pt;\"><em>Source : Mairie de Saint-Nabord\u00a0<\/em><\/span><\/div>\n","protected":false},"excerpt":{"rendered":"<p>Capture d&rsquo;\u00e9cran Christophe Gerondi\u00a0et Eric Luezas, fontainiers de la commune de Saint-Nabord, ont r\u00e9alis\u00e9 une intervention de maintenance sur le [&hellip;]<\/p>\n","protected":false},"author":407,"featured_media":48000,"comment_status":"open","ping_status":"open","sticky":false,"template":"","format":"standard","meta":{"footnotes":""},"categories":[26,35,100],"tags":[2864,2865,42],"class_list":["post-47999","post","type-post","status-publish","format-standard","has-post-thumbnail","hentry","category-a-la-une","category-remiremont-son-canton","category-saint-nabord","tag-fallieres","tag-reservoir-deau","tag-saint-nabord"],"acf":[],"yoast_head":"<!-- This site is optimized with the Yoast SEO plugin v22.5 - https:\/\/yoast.com\/wordpress\/plugins\/seo\/ -->\n<title>Saint-Nabord : intervention des fontainiers sur le r\u00e9servoir d&#039;eau de Falli\u00e8res - Remiremont Info<\/title>\n<meta name=\"robots\" content=\"index, follow, max-snippet:-1, max-image-preview:large, max-video-preview:-1\" \/>\n<link rel=\"canonical\" href=\"https:\/\/vosgesinfo.fr\/remiremontinfo\/2021\/10\/saint-nabord-intervention-fontainiers-reservoir-deau-de-fallieres\/\" \/>\n<meta name=\"twitter:card\" content=\"summary_large_image\" \/>\n<meta name=\"twitter:title\" content=\"Saint-Nabord : intervention des fontainiers sur le r\u00e9servoir d&#039;eau de Falli\u00e8res - Remiremont Info\" \/>\n<meta name=\"twitter:description\" content=\"Capture d&rsquo;\u00e9cran Christophe Gerondi\u00a0et Eric Luezas, fontainiers de la commune de Saint-Nabord, ont r\u00e9alis\u00e9 une intervention de maintenance sur le [&hellip;]\" \/>\n<meta name=\"twitter:image\" content=\"https:\/\/vosgesinfo.fr\/app\/uploads\/sites\/5\/2024\/09\/202110capture-decran-2021-10-26-105331.png\" \/>\n<meta name=\"twitter:creator\" content=\"@VosgesInfo88\" \/>\n<meta name=\"twitter:site\" content=\"@VosgesInfo88\" \/>\n<meta name=\"twitter:label1\" content=\"\u00c9crit par\" \/>\n\t<meta name=\"twitter:data1\" content=\"C D\" \/>\n\t<meta name=\"twitter:label2\" content=\"Dur\u00e9e de lecture estim\u00e9e\" \/>\n\t<meta name=\"twitter:data2\" content=\"2 minutes\" \/>\n<script type=\"application\/ld+json\" class=\"yoast-schema-graph\">{\"@context\":\"https:\/\/schema.org\",\"@graph\":[{\"@type\":\"Article\",\"@id\":\"https:\/\/vosgesinfo.fr\/remiremontinfo\/2021\/10\/saint-nabord-intervention-fontainiers-reservoir-deau-de-fallieres\/#article\",\"isPartOf\":{\"@id\":\"https:\/\/vosgesinfo.fr\/remiremontinfo\/2021\/10\/saint-nabord-intervention-fontainiers-reservoir-deau-de-fallieres\/\"},\"author\":{\"name\":\"C D\",\"@id\":\"https:\/\/vosgesinfo.fr\/remiremontinfo\/#\/schema\/person\/3bfd164d5218a185b1db68655a265316\"},\"headline\":\"Saint-Nabord : intervention des fontainiers sur le r\u00e9servoir d&rsquo;eau de Falli\u00e8res\",\"datePublished\":\"2021-10-26T06:24:04+00:00\",\"dateModified\":\"2021-10-26T06:24:04+00:00\",\"mainEntityOfPage\":{\"@id\":\"https:\/\/vosgesinfo.fr\/remiremontinfo\/2021\/10\/saint-nabord-intervention-fontainiers-reservoir-deau-de-fallieres\/\"},\"wordCount\":391,\"commentCount\":0,\"publisher\":{\"@id\":\"https:\/\/vosgesinfo.fr\/remiremontinfo\/#organization\"},\"image\":{\"@id\":\"https:\/\/vosgesinfo.fr\/remiremontinfo\/2021\/10\/saint-nabord-intervention-fontainiers-reservoir-deau-de-fallieres\/#primaryimage\"},\"thumbnailUrl\":\"https:\/\/vosgesinfo.fr\/app\/uploads\/sites\/5\/2024\/09\/202110capture-decran-2021-10-26-105331.png\",\"keywords\":[\"falli\u00e8res\",\"r\u00e9servoir d'eau\",\"saint-nabord\"],\"articleSection\":[\"A la Une\",\"Remiremont &amp; son canton\",\"Saint-Nabord\"],\"inLanguage\":\"fr-FR\",\"potentialAction\":[{\"@type\":\"CommentAction\",\"name\":\"Comment\",\"target\":[\"https:\/\/vosgesinfo.fr\/remiremontinfo\/2021\/10\/saint-nabord-intervention-fontainiers-reservoir-deau-de-fallieres\/#respond\"]}]},{\"@type\":\"WebPage\",\"@id\":\"https:\/\/vosgesinfo.fr\/remiremontinfo\/2021\/10\/saint-nabord-intervention-fontainiers-reservoir-deau-de-fallieres\/\",\"url\":\"https:\/\/vosgesinfo.fr\/remiremontinfo\/2021\/10\/saint-nabord-intervention-fontainiers-reservoir-deau-de-fallieres\/\",\"name\":\"Saint-Nabord : intervention des fontainiers sur le r\u00e9servoir d'eau de Falli\u00e8res - Remiremont Info\",\"isPartOf\":{\"@id\":\"https:\/\/vosgesinfo.fr\/remiremontinfo\/#website\"},\"primaryImageOfPage\":{\"@id\":\"https:\/\/vosgesinfo.fr\/remiremontinfo\/2021\/10\/saint-nabord-intervention-fontainiers-reservoir-deau-de-fallieres\/#primaryimage\"},\"image\":{\"@id\":\"https:\/\/vosgesinfo.fr\/remiremontinfo\/2021\/10\/saint-nabord-intervention-fontainiers-reservoir-deau-de-fallieres\/#primaryimage\"},\"thumbnailUrl\":\"https:\/\/vosgesinfo.fr\/app\/uploads\/sites\/5\/2024\/09\/202110capture-decran-2021-10-26-105331.png\",\"datePublished\":\"2021-10-26T06:24:04+00:00\",\"dateModified\":\"2021-10-26T06:24:04+00:00\",\"breadcrumb\":{\"@id\":\"https:\/\/vosgesinfo.fr\/remiremontinfo\/2021\/10\/saint-nabord-intervention-fontainiers-reservoir-deau-de-fallieres\/#breadcrumb\"},\"inLanguage\":\"fr-FR\",\"potentialAction\":[{\"@type\":\"ReadAction\",\"target\":[\"https:\/\/vosgesinfo.fr\/remiremontinfo\/2021\/10\/saint-nabord-intervention-fontainiers-reservoir-deau-de-fallieres\/\"]}]},{\"@type\":\"ImageObject\",\"inLanguage\":\"fr-FR\",\"@id\":\"https:\/\/vosgesinfo.fr\/remiremontinfo\/2021\/10\/saint-nabord-intervention-fontainiers-reservoir-deau-de-fallieres\/#primaryimage\",\"url\":\"https:\/\/vosgesinfo.fr\/app\/uploads\/sites\/5\/2024\/09\/202110capture-decran-2021-10-26-105331.png\",\"contentUrl\":\"https:\/\/vosgesinfo.fr\/app\/uploads\/sites\/5\/2024\/09\/202110capture-decran-2021-10-26-105331.png\",\"width\":800,\"height\":670},{\"@type\":\"BreadcrumbList\",\"@id\":\"https:\/\/vosgesinfo.fr\/remiremontinfo\/2021\/10\/saint-nabord-intervention-fontainiers-reservoir-deau-de-fallieres\/#breadcrumb\",\"itemListElement\":[{\"@type\":\"ListItem\",\"position\":1,\"name\":\"Home\",\"item\":\"https:\/\/vosgesinfo.fr\/remiremontinfo\/\"},{\"@type\":\"ListItem\",\"position\":2,\"name\":\"Saint-Nabord : intervention des fontainiers sur le r\u00e9servoir d&rsquo;eau de Falli\u00e8res\"}]},{\"@type\":\"WebSite\",\"@id\":\"https:\/\/vosgesinfo.fr\/remiremontinfo\/#website\",\"url\":\"https:\/\/vosgesinfo.fr\/remiremontinfo\/\",\"name\":\"Remiremont Info\",\"description\":\"Toute l&#039;actualit\u00e9 de Remiremont\",\"publisher\":{\"@id\":\"https:\/\/vosgesinfo.fr\/remiremontinfo\/#organization\"},\"alternateName\":\"Toute l'actualit\u00e9 de Remiremont\",\"potentialAction\":[{\"@type\":\"SearchAction\",\"target\":{\"@type\":\"EntryPoint\",\"urlTemplate\":\"https:\/\/vosgesinfo.fr\/remiremontinfo\/?s={search_term_string}\"},\"query-input\":\"required name=search_term_string\"}],\"inLanguage\":\"fr-FR\"},{\"@type\":\"Organization\",\"@id\":\"https:\/\/vosgesinfo.fr\/remiremontinfo\/#organization\",\"name\":\"Remiremont Info\",\"url\":\"https:\/\/vosgesinfo.fr\/remiremontinfo\/\",\"logo\":{\"@type\":\"ImageObject\",\"inLanguage\":\"fr-FR\",\"@id\":\"https:\/\/vosgesinfo.fr\/remiremontinfo\/#\/schema\/logo\/image\/\",\"url\":\"https:\/\/vosgesinfo.fr\/app\/uploads\/sites\/5\/2023\/08\/favicon-remiremontinfo.png\",\"contentUrl\":\"https:\/\/vosgesinfo.fr\/app\/uploads\/sites\/5\/2023\/08\/favicon-remiremontinfo.png\",\"width\":512,\"height\":512,\"caption\":\"Remiremont Info\"},\"image\":{\"@id\":\"https:\/\/vosgesinfo.fr\/remiremontinfo\/#\/schema\/logo\/image\/\"},\"sameAs\":[\"https:\/\/www.facebook.com\/remiremontinfo\",\"https:\/\/x.com\/VosgesInfo88\",\"https:\/\/www.youtube.com\/@vosgesinfo\"]},{\"@type\":\"Person\",\"@id\":\"https:\/\/vosgesinfo.fr\/remiremontinfo\/#\/schema\/person\/3bfd164d5218a185b1db68655a265316\",\"name\":\"C D\",\"image\":{\"@type\":\"ImageObject\",\"inLanguage\":\"fr-FR\",\"@id\":\"https:\/\/vosgesinfo.fr\/remiremontinfo\/#\/schema\/person\/image\/\",\"url\":\"https:\/\/secure.gravatar.com\/avatar\/1f9a70007336511a47468b8f1c66f922b8b7cf617b02a31149ada43893a5d48f?s=96&d=mm&r=g\",\"contentUrl\":\"https:\/\/secure.gravatar.com\/avatar\/1f9a70007336511a47468b8f1c66f922b8b7cf617b02a31149ada43893a5d48f?s=96&d=mm&r=g\",\"caption\":\"C D\"},\"url\":\"https:\/\/vosgesinfo.fr\/remiremontinfo\/author\/cedric-drevet\/\"}]}<\/script>\n<!-- \/ Yoast SEO plugin. -->","yoast_head_json":{"title":"Saint-Nabord : intervention des fontainiers sur le r\u00e9servoir d'eau de Falli\u00e8res - Remiremont Info","robots":{"index":"index","follow":"follow","max-snippet":"max-snippet:-1","max-image-preview":"max-image-preview:large","max-video-preview":"max-video-preview:-1"},"canonical":"https:\/\/vosgesinfo.fr\/remiremontinfo\/2021\/10\/saint-nabord-intervention-fontainiers-reservoir-deau-de-fallieres\/","twitter_card":"summary_large_image","twitter_title":"Saint-Nabord : intervention des fontainiers sur le r\u00e9servoir d'eau de Falli\u00e8res - Remiremont Info","twitter_description":"Capture d&rsquo;\u00e9cran Christophe Gerondi\u00a0et Eric Luezas, fontainiers de la commune de Saint-Nabord, ont r\u00e9alis\u00e9 une intervention de maintenance sur le [&hellip;]","twitter_image":"https:\/\/vosgesinfo.fr\/app\/uploads\/sites\/5\/2024\/09\/202110capture-decran-2021-10-26-105331.png","twitter_creator":"@VosgesInfo88","twitter_site":"@VosgesInfo88","twitter_misc":{"\u00c9crit par":"C D","Dur\u00e9e de lecture estim\u00e9e":"2 minutes"},"schema":{"@context":"https:\/\/schema.org","@graph":[{"@type":"Article","@id":"https:\/\/vosgesinfo.fr\/remiremontinfo\/2021\/10\/saint-nabord-intervention-fontainiers-reservoir-deau-de-fallieres\/#article","isPartOf":{"@id":"https:\/\/vosgesinfo.fr\/remiremontinfo\/2021\/10\/saint-nabord-intervention-fontainiers-reservoir-deau-de-fallieres\/"},"author":{"name":"C D","@id":"https:\/\/vosgesinfo.fr\/remiremontinfo\/#\/schema\/person\/3bfd164d5218a185b1db68655a265316"},"headline":"Saint-Nabord : intervention des fontainiers sur le r\u00e9servoir d&rsquo;eau de Falli\u00e8res","datePublished":"2021-10-26T06:24:04+00:00","dateModified":"2021-10-26T06:24:04+00:00","mainEntityOfPage":{"@id":"https:\/\/vosgesinfo.fr\/remiremontinfo\/2021\/10\/saint-nabord-intervention-fontainiers-reservoir-deau-de-fallieres\/"},"wordCount":391,"commentCount":0,"publisher":{"@id":"https:\/\/vosgesinfo.fr\/remiremontinfo\/#organization"},"image":{"@id":"https:\/\/vosgesinfo.fr\/remiremontinfo\/2021\/10\/saint-nabord-intervention-fontainiers-reservoir-deau-de-fallieres\/#primaryimage"},"thumbnailUrl":"https:\/\/vosgesinfo.fr\/app\/uploads\/sites\/5\/2024\/09\/202110capture-decran-2021-10-26-105331.png","keywords":["falli\u00e8res","r\u00e9servoir d'eau","saint-nabord"],"articleSection":["A la Une","Remiremont &amp; son canton","Saint-Nabord"],"inLanguage":"fr-FR","potentialAction":[{"@type":"CommentAction","name":"Comment","target":["https:\/\/vosgesinfo.fr\/remiremontinfo\/2021\/10\/saint-nabord-intervention-fontainiers-reservoir-deau-de-fallieres\/#respond"]}]},{"@type":"WebPage","@id":"https:\/\/vosgesinfo.fr\/remiremontinfo\/2021\/10\/saint-nabord-intervention-fontainiers-reservoir-deau-de-fallieres\/","url":"https:\/\/vosgesinfo.fr\/remiremontinfo\/2021\/10\/saint-nabord-intervention-fontainiers-reservoir-deau-de-fallieres\/","name":"Saint-Nabord : intervention des fontainiers sur le r\u00e9servoir d'eau de Falli\u00e8res - Remiremont Info","isPartOf":{"@id":"https:\/\/vosgesinfo.fr\/remiremontinfo\/#website"},"primaryImageOfPage":{"@id":"https:\/\/vosgesinfo.fr\/remiremontinfo\/2021\/10\/saint-nabord-intervention-fontainiers-reservoir-deau-de-fallieres\/#primaryimage"},"image":{"@id":"https:\/\/vosgesinfo.fr\/remiremontinfo\/2021\/10\/saint-nabord-intervention-fontainiers-reservoir-deau-de-fallieres\/#primaryimage"},"thumbnailUrl":"https:\/\/vosgesinfo.fr\/app\/uploads\/sites\/5\/2024\/09\/202110capture-decran-2021-10-26-105331.png","datePublished":"2021-10-26T06:24:04+00:00","dateModified":"2021-10-26T06:24:04+00:00","breadcrumb":{"@id":"https:\/\/vosgesinfo.fr\/remiremontinfo\/2021\/10\/saint-nabord-intervention-fontainiers-reservoir-deau-de-fallieres\/#breadcrumb"},"inLanguage":"fr-FR","potentialAction":[{"@type":"ReadAction","target":["https:\/\/vosgesinfo.fr\/remiremontinfo\/2021\/10\/saint-nabord-intervention-fontainiers-reservoir-deau-de-fallieres\/"]}]},{"@type":"ImageObject","inLanguage":"fr-FR","@id":"https:\/\/vosgesinfo.fr\/remiremontinfo\/2021\/10\/saint-nabord-intervention-fontainiers-reservoir-deau-de-fallieres\/#primaryimage","url":"https:\/\/vosgesinfo.fr\/app\/uploads\/sites\/5\/2024\/09\/202110capture-decran-2021-10-26-105331.png","contentUrl":"https:\/\/vosgesinfo.fr\/app\/uploads\/sites\/5\/2024\/09\/202110capture-decran-2021-10-26-105331.png","width":800,"height":670},{"@type":"BreadcrumbList","@id":"https:\/\/vosgesinfo.fr\/remiremontinfo\/2021\/10\/saint-nabord-intervention-fontainiers-reservoir-deau-de-fallieres\/#breadcrumb","itemListElement":[{"@type":"ListItem","position":1,"name":"Home","item":"https:\/\/vosgesinfo.fr\/remiremontinfo\/"},{"@type":"ListItem","position":2,"name":"Saint-Nabord : intervention des fontainiers sur le r\u00e9servoir d&rsquo;eau de Falli\u00e8res"}]},{"@type":"WebSite","@id":"https:\/\/vosgesinfo.fr\/remiremontinfo\/#website","url":"https:\/\/vosgesinfo.fr\/remiremontinfo\/","name":"Remiremont Info","description":"Toute l&#039;actualit\u00e9 de Remiremont","publisher":{"@id":"https:\/\/vosgesinfo.fr\/remiremontinfo\/#organization"},"alternateName":"Toute l'actualit\u00e9 de Remiremont","potentialAction":[{"@type":"SearchAction","target":{"@type":"EntryPoint","urlTemplate":"https:\/\/vosgesinfo.fr\/remiremontinfo\/?s={search_term_string}"},"query-input":"required name=search_term_string"}],"inLanguage":"fr-FR"},{"@type":"Organization","@id":"https:\/\/vosgesinfo.fr\/remiremontinfo\/#organization","name":"Remiremont Info","url":"https:\/\/vosgesinfo.fr\/remiremontinfo\/","logo":{"@type":"ImageObject","inLanguage":"fr-FR","@id":"https:\/\/vosgesinfo.fr\/remiremontinfo\/#\/schema\/logo\/image\/","url":"https:\/\/vosgesinfo.fr\/app\/uploads\/sites\/5\/2023\/08\/favicon-remiremontinfo.png","contentUrl":"https:\/\/vosgesinfo.fr\/app\/uploads\/sites\/5\/2023\/08\/favicon-remiremontinfo.png","width":512,"height":512,"caption":"Remiremont Info"},"image":{"@id":"https:\/\/vosgesinfo.fr\/remiremontinfo\/#\/schema\/logo\/image\/"},"sameAs":["https:\/\/www.facebook.com\/remiremontinfo","https:\/\/x.com\/VosgesInfo88","https:\/\/www.youtube.com\/@vosgesinfo"]},{"@type":"Person","@id":"https:\/\/vosgesinfo.fr\/remiremontinfo\/#\/schema\/person\/3bfd164d5218a185b1db68655a265316","name":"C D","image":{"@type":"ImageObject","inLanguage":"fr-FR","@id":"https:\/\/vosgesinfo.fr\/remiremontinfo\/#\/schema\/person\/image\/","url":"https:\/\/secure.gravatar.com\/avatar\/1f9a70007336511a47468b8f1c66f922b8b7cf617b02a31149ada43893a5d48f?s=96&d=mm&r=g","contentUrl":"https:\/\/secure.gravatar.com\/avatar\/1f9a70007336511a47468b8f1c66f922b8b7cf617b02a31149ada43893a5d48f?s=96&d=mm&r=g","caption":"C D"},"url":"https:\/\/vosgesinfo.fr\/remiremontinfo\/author\/cedric-drevet\/"}]}},"_links":{"self":[{"href":"https:\/\/vosgesinfo.fr\/remiremontinfo\/wp-json\/wp\/v2\/posts\/47999","targetHints":{"allow":["GET"]}}],"collection":[{"href":"https:\/\/vosgesinfo.fr\/remiremontinfo\/wp-json\/wp\/v2\/posts"}],"about":[{"href":"https:\/\/vosgesinfo.fr\/remiremontinfo\/wp-json\/wp\/v2\/types\/post"}],"author":[{"embeddable":true,"href":"https:\/\/vosgesinfo.fr\/remiremontinfo\/wp-json\/wp\/v2\/users\/407"}],"replies":[{"embeddable":true,"href":"https:\/\/vosgesinfo.fr\/remiremontinfo\/wp-json\/wp\/v2\/comments?post=47999"}],"version-history":[{"count":0,"href":"https:\/\/vosgesinfo.fr\/remiremontinfo\/wp-json\/wp\/v2\/posts\/47999\/revisions"}],"wp:featuredmedia":[{"embeddable":true,"href":"https:\/\/vosgesinfo.fr\/remiremontinfo\/wp-json\/wp\/v2\/media\/48000"}],"wp:attachment":[{"href":"https:\/\/vosgesinfo.fr\/remiremontinfo\/wp-json\/wp\/v2\/media?parent=47999"}],"wp:term":[{"taxonomy":"category","embeddable":true,"href":"https:\/\/vosgesinfo.fr\/remiremontinfo\/wp-json\/wp\/v2\/categories?post=47999"},{"taxonomy":"post_tag","embeddable":true,"href":"https:\/\/vosgesinfo.fr\/remiremontinfo\/wp-json\/wp\/v2\/tags?post=47999"}],"curies":[{"name":"wp","href":"https:\/\/api.w.org\/{rel}","templated":true}]}}