{"id":48014,"date":"2021-10-27T07:47:22","date_gmt":"2021-10-27T05:47:22","guid":{"rendered":"https:\/\/vosgesinfo.fr\/remiremontinfo\/2021\/10\/remiremont-ouverture-dune-2eme-salle-lavant-premiere-film-bodins-thailande\/"},"modified":"2021-10-27T07:47:22","modified_gmt":"2021-10-27T05:47:22","slug":"remiremont-ouverture-dune-2eme-salle-lavant-premiere-film-bodins-thailande","status":"publish","type":"post","link":"https:\/\/vosgesinfo.fr\/remiremontinfo\/2021\/10\/remiremont-ouverture-dune-2eme-salle-lavant-premiere-film-bodins-thailande\/","title":{"rendered":"Remiremont : ouverture d&rsquo;une 2\u00e8me salle pour l&rsquo;avant-premi\u00e8re du film \u00ab Les Bodin\u2019s en Tha\u00eflande \u00bb"},"content":{"rendered":"<h2 style=\"text-align: center;\"><a href=\"\/2021\/05\/DSC_0405.jpg\"><img decoding=\"async\" class=\"alignnone size-full wp-image-316512\" src=\"\/2021\/05\/DSC_0405.jpg\" alt=\"cinema\" width=\"800\" height=\"540\" \/><\/a><\/h2>\n<h2><span style=\"font-size: 12pt;\"><strong>Le c\u00e9l\u00e8bre duo comique \u00ab\u00a0Les Bodin\u2019s\u00a0\u00bb d\u00e9barque \u00e0 Remiremont le 4 novembre prochain. Jean-Christian Fraiscinet et Vincent Dubois seront pr\u00e9sent au cin\u00e9ma Majestic le volontaire pour pr\u00e9senter leur nouveau film \u00ab\u00a0Les Bodin\u2019s en Thailande\u00a0\u00bb en avant premi\u00e8re. La salle 1 affichant \u00ab\u00a0complet\u00a0\u00bb pour l&rsquo;avant-premi\u00e8re, il a \u00e9t\u00e9 d\u00e9c\u00e9di\u00e9 s&rsquo;ouvrir une deuxi\u00e8me salle.\u00a0Les \u00ab\u00a0Bodin&rsquo;s\u00a0\u00bb pr\u00e9senteront le film au public dans les 2 salles.<\/strong><\/span><\/h2>\n<p><span style=\"font-size: 12pt;\">Les spectateurs retrouveront Maria, une vieille fermi\u00e8re roublarde et autoritaire de 87 ans, et son fils de 50 ans, Christian, un vieux gar\u00e7on d\u00e9bonnaire et na\u00eff. La s\u00e9ance aura lieu \u00e0 18h45. Moins amusant, le \u00ab\u00a0Pass sanitaire\u00a0\u00bb sera encore demand\u00e9 pour acc\u00e9der \u00e0 la salle.\u00a0<\/span><span style=\"font-size: 12pt;\">Pour plus de renseignements et pour r\u00e9server, rendez-vous sur\u00a0<a href=\"https:\/\/remiremont.majestic-cinemas.com\/\">Cin\u00e9ma Majestic France Le Volontaire \u00e0 REMIREMONT (majestic-cinemas.com)<\/a>.\u00a0<\/span><\/p>\n<p style=\"text-align: center;\"><a href=\"\/2021\/10\/unnamed3.jpg\"><img decoding=\"async\" class=\"alignnone size-full wp-image-329934\" src=\"\/2021\/10\/unnamed3.jpg\" alt=\"unnamed\" width=\"590\" height=\"800\" \/><\/a><\/p>\n<p>&nbsp;<\/p>\n<p>&nbsp;<\/p>\n","protected":false},"excerpt":{"rendered":"<p>Le c\u00e9l\u00e8bre duo comique \u00ab\u00a0Les Bodin\u2019s\u00a0\u00bb d\u00e9barque \u00e0 Remiremont le 4 novembre prochain. Jean-Christian Fraiscinet et Vincent Dubois seront pr\u00e9sent [&hellip;]<\/p>\n","protected":false},"author":407,"featured_media":48015,"comment_status":"open","ping_status":"open","sticky":false,"template":"","format":"standard","meta":{"footnotes":""},"categories":[26,4,1556,35],"tags":[2869,76,2026,413,44],"class_list":["post-48014","post","type-post","status-publish","format-standard","has-post-thumbnail","hentry","category-a-la-une","category-culture","category-remiremont-remiremont-son-canton-2","category-remiremont-son-canton","tag-bodins","tag-cinema","tag-comedie","tag-film","tag-remiremont"],"acf":[],"yoast_head":"<!-- This site is optimized with the Yoast SEO plugin v22.5 - https:\/\/yoast.com\/wordpress\/plugins\/seo\/ -->\n<title>Remiremont : ouverture d&#039;une 2\u00e8me salle pour l&#039;avant-premi\u00e8re du film \u00ab Les Bodin\u2019s en Tha\u00eflande \u00bb - Remiremont Info<\/title>\n<meta name=\"robots\" content=\"index, follow, max-snippet:-1, max-image-preview:large, max-video-preview:-1\" \/>\n<link rel=\"canonical\" href=\"https:\/\/vosgesinfo.fr\/remiremontinfo\/2021\/10\/remiremont-ouverture-dune-2eme-salle-lavant-premiere-film-bodins-thailande\/\" \/>\n<meta name=\"twitter:card\" content=\"summary_large_image\" \/>\n<meta name=\"twitter:title\" content=\"Remiremont : ouverture d&#039;une 2\u00e8me salle pour l&#039;avant-premi\u00e8re du film \u00ab Les Bodin\u2019s en Tha\u00eflande \u00bb - Remiremont Info\" \/>\n<meta name=\"twitter:description\" content=\"Le c\u00e9l\u00e8bre duo comique \u00ab\u00a0Les Bodin\u2019s\u00a0\u00bb d\u00e9barque \u00e0 Remiremont le 4 novembre prochain. Jean-Christian Fraiscinet et Vincent Dubois seront pr\u00e9sent [&hellip;]\" \/>\n<meta name=\"twitter:image\" content=\"https:\/\/vosgesinfo.fr\/app\/uploads\/sites\/5\/2024\/09\/202110capture-decran-2021-10-25-093817-1.png\" \/>\n<meta name=\"twitter:creator\" content=\"@VosgesInfo88\" \/>\n<meta name=\"twitter:site\" content=\"@VosgesInfo88\" \/>\n<meta name=\"twitter:label1\" content=\"\u00c9crit par\" \/>\n\t<meta name=\"twitter:data1\" content=\"C D\" \/>\n\t<meta name=\"twitter:label2\" content=\"Dur\u00e9e de lecture estim\u00e9e\" \/>\n\t<meta name=\"twitter:data2\" content=\"1 minute\" \/>\n<script type=\"application\/ld+json\" class=\"yoast-schema-graph\">{\"@context\":\"https:\/\/schema.org\",\"@graph\":[{\"@type\":\"Article\",\"@id\":\"https:\/\/vosgesinfo.fr\/remiremontinfo\/2021\/10\/remiremont-ouverture-dune-2eme-salle-lavant-premiere-film-bodins-thailande\/#article\",\"isPartOf\":{\"@id\":\"https:\/\/vosgesinfo.fr\/remiremontinfo\/2021\/10\/remiremont-ouverture-dune-2eme-salle-lavant-premiere-film-bodins-thailande\/\"},\"author\":{\"name\":\"C D\",\"@id\":\"https:\/\/vosgesinfo.fr\/remiremontinfo\/#\/schema\/person\/3bfd164d5218a185b1db68655a265316\"},\"headline\":\"Remiremont : ouverture d&rsquo;une 2\u00e8me salle pour l&rsquo;avant-premi\u00e8re du film \u00ab Les Bodin\u2019s en Tha\u00eflande \u00bb\",\"datePublished\":\"2021-10-27T05:47:22+00:00\",\"dateModified\":\"2021-10-27T05:47:22+00:00\",\"mainEntityOfPage\":{\"@id\":\"https:\/\/vosgesinfo.fr\/remiremontinfo\/2021\/10\/remiremont-ouverture-dune-2eme-salle-lavant-premiere-film-bodins-thailande\/\"},\"wordCount\":162,\"commentCount\":0,\"publisher\":{\"@id\":\"https:\/\/vosgesinfo.fr\/remiremontinfo\/#organization\"},\"image\":{\"@id\":\"https:\/\/vosgesinfo.fr\/remiremontinfo\/2021\/10\/remiremont-ouverture-dune-2eme-salle-lavant-premiere-film-bodins-thailande\/#primaryimage\"},\"thumbnailUrl\":\"https:\/\/vosgesinfo.fr\/app\/uploads\/sites\/5\/2024\/09\/202110capture-decran-2021-10-25-093817-1.png\",\"keywords\":[\"bodin's\",\"cinema\",\"com\u00e9die\",\"Film\",\"remiremont\"],\"articleSection\":[\"A la Une\",\"Culture\",\"Remiremont\",\"Remiremont &amp; son canton\"],\"inLanguage\":\"fr-FR\",\"potentialAction\":[{\"@type\":\"CommentAction\",\"name\":\"Comment\",\"target\":[\"https:\/\/vosgesinfo.fr\/remiremontinfo\/2021\/10\/remiremont-ouverture-dune-2eme-salle-lavant-premiere-film-bodins-thailande\/#respond\"]}]},{\"@type\":\"WebPage\",\"@id\":\"https:\/\/vosgesinfo.fr\/remiremontinfo\/2021\/10\/remiremont-ouverture-dune-2eme-salle-lavant-premiere-film-bodins-thailande\/\",\"url\":\"https:\/\/vosgesinfo.fr\/remiremontinfo\/2021\/10\/remiremont-ouverture-dune-2eme-salle-lavant-premiere-film-bodins-thailande\/\",\"name\":\"Remiremont : ouverture d'une 2\u00e8me salle pour l'avant-premi\u00e8re du film \u00ab Les Bodin\u2019s en Tha\u00eflande \u00bb - Remiremont Info\",\"isPartOf\":{\"@id\":\"https:\/\/vosgesinfo.fr\/remiremontinfo\/#website\"},\"primaryImageOfPage\":{\"@id\":\"https:\/\/vosgesinfo.fr\/remiremontinfo\/2021\/10\/remiremont-ouverture-dune-2eme-salle-lavant-premiere-film-bodins-thailande\/#primaryimage\"},\"image\":{\"@id\":\"https:\/\/vosgesinfo.fr\/remiremontinfo\/2021\/10\/remiremont-ouverture-dune-2eme-salle-lavant-premiere-film-bodins-thailande\/#primaryimage\"},\"thumbnailUrl\":\"https:\/\/vosgesinfo.fr\/app\/uploads\/sites\/5\/2024\/09\/202110capture-decran-2021-10-25-093817-1.png\",\"datePublished\":\"2021-10-27T05:47:22+00:00\",\"dateModified\":\"2021-10-27T05:47:22+00:00\",\"breadcrumb\":{\"@id\":\"https:\/\/vosgesinfo.fr\/remiremontinfo\/2021\/10\/remiremont-ouverture-dune-2eme-salle-lavant-premiere-film-bodins-thailande\/#breadcrumb\"},\"inLanguage\":\"fr-FR\",\"potentialAction\":[{\"@type\":\"ReadAction\",\"target\":[\"https:\/\/vosgesinfo.fr\/remiremontinfo\/2021\/10\/remiremont-ouverture-dune-2eme-salle-lavant-premiere-film-bodins-thailande\/\"]}]},{\"@type\":\"ImageObject\",\"inLanguage\":\"fr-FR\",\"@id\":\"https:\/\/vosgesinfo.fr\/remiremontinfo\/2021\/10\/remiremont-ouverture-dune-2eme-salle-lavant-premiere-film-bodins-thailande\/#primaryimage\",\"url\":\"https:\/\/vosgesinfo.fr\/app\/uploads\/sites\/5\/2024\/09\/202110capture-decran-2021-10-25-093817-1.png\",\"contentUrl\":\"https:\/\/vosgesinfo.fr\/app\/uploads\/sites\/5\/2024\/09\/202110capture-decran-2021-10-25-093817-1.png\",\"width\":800,\"height\":581},{\"@type\":\"BreadcrumbList\",\"@id\":\"https:\/\/vosgesinfo.fr\/remiremontinfo\/2021\/10\/remiremont-ouverture-dune-2eme-salle-lavant-premiere-film-bodins-thailande\/#breadcrumb\",\"itemListElement\":[{\"@type\":\"ListItem\",\"position\":1,\"name\":\"Home\",\"item\":\"https:\/\/vosgesinfo.fr\/remiremontinfo\/\"},{\"@type\":\"ListItem\",\"position\":2,\"name\":\"Remiremont : ouverture d&rsquo;une 2\u00e8me salle pour l&rsquo;avant-premi\u00e8re du film \u00ab Les Bodin\u2019s en Tha\u00eflande \u00bb\"}]},{\"@type\":\"WebSite\",\"@id\":\"https:\/\/vosgesinfo.fr\/remiremontinfo\/#website\",\"url\":\"https:\/\/vosgesinfo.fr\/remiremontinfo\/\",\"name\":\"Remiremont Info\",\"description\":\"Toute l&#039;actualit\u00e9 de Remiremont\",\"publisher\":{\"@id\":\"https:\/\/vosgesinfo.fr\/remiremontinfo\/#organization\"},\"alternateName\":\"Toute l'actualit\u00e9 de Remiremont\",\"potentialAction\":[{\"@type\":\"SearchAction\",\"target\":{\"@type\":\"EntryPoint\",\"urlTemplate\":\"https:\/\/vosgesinfo.fr\/remiremontinfo\/?s={search_term_string}\"},\"query-input\":\"required name=search_term_string\"}],\"inLanguage\":\"fr-FR\"},{\"@type\":\"Organization\",\"@id\":\"https:\/\/vosgesinfo.fr\/remiremontinfo\/#organization\",\"name\":\"Remiremont Info\",\"url\":\"https:\/\/vosgesinfo.fr\/remiremontinfo\/\",\"logo\":{\"@type\":\"ImageObject\",\"inLanguage\":\"fr-FR\",\"@id\":\"https:\/\/vosgesinfo.fr\/remiremontinfo\/#\/schema\/logo\/image\/\",\"url\":\"https:\/\/vosgesinfo.fr\/app\/uploads\/sites\/5\/2023\/08\/favicon-remiremontinfo.png\",\"contentUrl\":\"https:\/\/vosgesinfo.fr\/app\/uploads\/sites\/5\/2023\/08\/favicon-remiremontinfo.png\",\"width\":512,\"height\":512,\"caption\":\"Remiremont Info\"},\"image\":{\"@id\":\"https:\/\/vosgesinfo.fr\/remiremontinfo\/#\/schema\/logo\/image\/\"},\"sameAs\":[\"https:\/\/www.facebook.com\/remiremontinfo\",\"https:\/\/x.com\/VosgesInfo88\",\"https:\/\/www.youtube.com\/@vosgesinfo\"]},{\"@type\":\"Person\",\"@id\":\"https:\/\/vosgesinfo.fr\/remiremontinfo\/#\/schema\/person\/3bfd164d5218a185b1db68655a265316\",\"name\":\"C D\",\"image\":{\"@type\":\"ImageObject\",\"inLanguage\":\"fr-FR\",\"@id\":\"https:\/\/vosgesinfo.fr\/remiremontinfo\/#\/schema\/person\/image\/\",\"url\":\"https:\/\/secure.gravatar.com\/avatar\/1f9a70007336511a47468b8f1c66f922b8b7cf617b02a31149ada43893a5d48f?s=96&d=mm&r=g\",\"contentUrl\":\"https:\/\/secure.gravatar.com\/avatar\/1f9a70007336511a47468b8f1c66f922b8b7cf617b02a31149ada43893a5d48f?s=96&d=mm&r=g\",\"caption\":\"C D\"},\"url\":\"https:\/\/vosgesinfo.fr\/remiremontinfo\/author\/cedric-drevet\/\"}]}<\/script>\n<!-- \/ Yoast SEO plugin. -->","yoast_head_json":{"title":"Remiremont : ouverture d'une 2\u00e8me salle pour l'avant-premi\u00e8re du film \u00ab Les Bodin\u2019s en Tha\u00eflande \u00bb - Remiremont Info","robots":{"index":"index","follow":"follow","max-snippet":"max-snippet:-1","max-image-preview":"max-image-preview:large","max-video-preview":"max-video-preview:-1"},"canonical":"https:\/\/vosgesinfo.fr\/remiremontinfo\/2021\/10\/remiremont-ouverture-dune-2eme-salle-lavant-premiere-film-bodins-thailande\/","twitter_card":"summary_large_image","twitter_title":"Remiremont : ouverture d'une 2\u00e8me salle pour l'avant-premi\u00e8re du film \u00ab Les Bodin\u2019s en Tha\u00eflande \u00bb - Remiremont Info","twitter_description":"Le c\u00e9l\u00e8bre duo comique \u00ab\u00a0Les Bodin\u2019s\u00a0\u00bb d\u00e9barque \u00e0 Remiremont le 4 novembre prochain. Jean-Christian Fraiscinet et Vincent Dubois seront pr\u00e9sent [&hellip;]","twitter_image":"https:\/\/vosgesinfo.fr\/app\/uploads\/sites\/5\/2024\/09\/202110capture-decran-2021-10-25-093817-1.png","twitter_creator":"@VosgesInfo88","twitter_site":"@VosgesInfo88","twitter_misc":{"\u00c9crit par":"C D","Dur\u00e9e de lecture estim\u00e9e":"1 minute"},"schema":{"@context":"https:\/\/schema.org","@graph":[{"@type":"Article","@id":"https:\/\/vosgesinfo.fr\/remiremontinfo\/2021\/10\/remiremont-ouverture-dune-2eme-salle-lavant-premiere-film-bodins-thailande\/#article","isPartOf":{"@id":"https:\/\/vosgesinfo.fr\/remiremontinfo\/2021\/10\/remiremont-ouverture-dune-2eme-salle-lavant-premiere-film-bodins-thailande\/"},"author":{"name":"C D","@id":"https:\/\/vosgesinfo.fr\/remiremontinfo\/#\/schema\/person\/3bfd164d5218a185b1db68655a265316"},"headline":"Remiremont : ouverture d&rsquo;une 2\u00e8me salle pour l&rsquo;avant-premi\u00e8re du film \u00ab Les Bodin\u2019s en Tha\u00eflande \u00bb","datePublished":"2021-10-27T05:47:22+00:00","dateModified":"2021-10-27T05:47:22+00:00","mainEntityOfPage":{"@id":"https:\/\/vosgesinfo.fr\/remiremontinfo\/2021\/10\/remiremont-ouverture-dune-2eme-salle-lavant-premiere-film-bodins-thailande\/"},"wordCount":162,"commentCount":0,"publisher":{"@id":"https:\/\/vosgesinfo.fr\/remiremontinfo\/#organization"},"image":{"@id":"https:\/\/vosgesinfo.fr\/remiremontinfo\/2021\/10\/remiremont-ouverture-dune-2eme-salle-lavant-premiere-film-bodins-thailande\/#primaryimage"},"thumbnailUrl":"https:\/\/vosgesinfo.fr\/app\/uploads\/sites\/5\/2024\/09\/202110capture-decran-2021-10-25-093817-1.png","keywords":["bodin's","cinema","com\u00e9die","Film","remiremont"],"articleSection":["A la Une","Culture","Remiremont","Remiremont &amp; son canton"],"inLanguage":"fr-FR","potentialAction":[{"@type":"CommentAction","name":"Comment","target":["https:\/\/vosgesinfo.fr\/remiremontinfo\/2021\/10\/remiremont-ouverture-dune-2eme-salle-lavant-premiere-film-bodins-thailande\/#respond"]}]},{"@type":"WebPage","@id":"https:\/\/vosgesinfo.fr\/remiremontinfo\/2021\/10\/remiremont-ouverture-dune-2eme-salle-lavant-premiere-film-bodins-thailande\/","url":"https:\/\/vosgesinfo.fr\/remiremontinfo\/2021\/10\/remiremont-ouverture-dune-2eme-salle-lavant-premiere-film-bodins-thailande\/","name":"Remiremont : ouverture d'une 2\u00e8me salle pour l'avant-premi\u00e8re du film \u00ab Les Bodin\u2019s en Tha\u00eflande \u00bb - Remiremont Info","isPartOf":{"@id":"https:\/\/vosgesinfo.fr\/remiremontinfo\/#website"},"primaryImageOfPage":{"@id":"https:\/\/vosgesinfo.fr\/remiremontinfo\/2021\/10\/remiremont-ouverture-dune-2eme-salle-lavant-premiere-film-bodins-thailande\/#primaryimage"},"image":{"@id":"https:\/\/vosgesinfo.fr\/remiremontinfo\/2021\/10\/remiremont-ouverture-dune-2eme-salle-lavant-premiere-film-bodins-thailande\/#primaryimage"},"thumbnailUrl":"https:\/\/vosgesinfo.fr\/app\/uploads\/sites\/5\/2024\/09\/202110capture-decran-2021-10-25-093817-1.png","datePublished":"2021-10-27T05:47:22+00:00","dateModified":"2021-10-27T05:47:22+00:00","breadcrumb":{"@id":"https:\/\/vosgesinfo.fr\/remiremontinfo\/2021\/10\/remiremont-ouverture-dune-2eme-salle-lavant-premiere-film-bodins-thailande\/#breadcrumb"},"inLanguage":"fr-FR","potentialAction":[{"@type":"ReadAction","target":["https:\/\/vosgesinfo.fr\/remiremontinfo\/2021\/10\/remiremont-ouverture-dune-2eme-salle-lavant-premiere-film-bodins-thailande\/"]}]},{"@type":"ImageObject","inLanguage":"fr-FR","@id":"https:\/\/vosgesinfo.fr\/remiremontinfo\/2021\/10\/remiremont-ouverture-dune-2eme-salle-lavant-premiere-film-bodins-thailande\/#primaryimage","url":"https:\/\/vosgesinfo.fr\/app\/uploads\/sites\/5\/2024\/09\/202110capture-decran-2021-10-25-093817-1.png","contentUrl":"https:\/\/vosgesinfo.fr\/app\/uploads\/sites\/5\/2024\/09\/202110capture-decran-2021-10-25-093817-1.png","width":800,"height":581},{"@type":"BreadcrumbList","@id":"https:\/\/vosgesinfo.fr\/remiremontinfo\/2021\/10\/remiremont-ouverture-dune-2eme-salle-lavant-premiere-film-bodins-thailande\/#breadcrumb","itemListElement":[{"@type":"ListItem","position":1,"name":"Home","item":"https:\/\/vosgesinfo.fr\/remiremontinfo\/"},{"@type":"ListItem","position":2,"name":"Remiremont : ouverture d&rsquo;une 2\u00e8me salle pour l&rsquo;avant-premi\u00e8re du film \u00ab Les Bodin\u2019s en Tha\u00eflande \u00bb"}]},{"@type":"WebSite","@id":"https:\/\/vosgesinfo.fr\/remiremontinfo\/#website","url":"https:\/\/vosgesinfo.fr\/remiremontinfo\/","name":"Remiremont Info","description":"Toute l&#039;actualit\u00e9 de Remiremont","publisher":{"@id":"https:\/\/vosgesinfo.fr\/remiremontinfo\/#organization"},"alternateName":"Toute l'actualit\u00e9 de Remiremont","potentialAction":[{"@type":"SearchAction","target":{"@type":"EntryPoint","urlTemplate":"https:\/\/vosgesinfo.fr\/remiremontinfo\/?s={search_term_string}"},"query-input":"required name=search_term_string"}],"inLanguage":"fr-FR"},{"@type":"Organization","@id":"https:\/\/vosgesinfo.fr\/remiremontinfo\/#organization","name":"Remiremont Info","url":"https:\/\/vosgesinfo.fr\/remiremontinfo\/","logo":{"@type":"ImageObject","inLanguage":"fr-FR","@id":"https:\/\/vosgesinfo.fr\/remiremontinfo\/#\/schema\/logo\/image\/","url":"https:\/\/vosgesinfo.fr\/app\/uploads\/sites\/5\/2023\/08\/favicon-remiremontinfo.png","contentUrl":"https:\/\/vosgesinfo.fr\/app\/uploads\/sites\/5\/2023\/08\/favicon-remiremontinfo.png","width":512,"height":512,"caption":"Remiremont Info"},"image":{"@id":"https:\/\/vosgesinfo.fr\/remiremontinfo\/#\/schema\/logo\/image\/"},"sameAs":["https:\/\/www.facebook.com\/remiremontinfo","https:\/\/x.com\/VosgesInfo88","https:\/\/www.youtube.com\/@vosgesinfo"]},{"@type":"Person","@id":"https:\/\/vosgesinfo.fr\/remiremontinfo\/#\/schema\/person\/3bfd164d5218a185b1db68655a265316","name":"C D","image":{"@type":"ImageObject","inLanguage":"fr-FR","@id":"https:\/\/vosgesinfo.fr\/remiremontinfo\/#\/schema\/person\/image\/","url":"https:\/\/secure.gravatar.com\/avatar\/1f9a70007336511a47468b8f1c66f922b8b7cf617b02a31149ada43893a5d48f?s=96&d=mm&r=g","contentUrl":"https:\/\/secure.gravatar.com\/avatar\/1f9a70007336511a47468b8f1c66f922b8b7cf617b02a31149ada43893a5d48f?s=96&d=mm&r=g","caption":"C D"},"url":"https:\/\/vosgesinfo.fr\/remiremontinfo\/author\/cedric-drevet\/"}]}},"_links":{"self":[{"href":"https:\/\/vosgesinfo.fr\/remiremontinfo\/wp-json\/wp\/v2\/posts\/48014","targetHints":{"allow":["GET"]}}],"collection":[{"href":"https:\/\/vosgesinfo.fr\/remiremontinfo\/wp-json\/wp\/v2\/posts"}],"about":[{"href":"https:\/\/vosgesinfo.fr\/remiremontinfo\/wp-json\/wp\/v2\/types\/post"}],"author":[{"embeddable":true,"href":"https:\/\/vosgesinfo.fr\/remiremontinfo\/wp-json\/wp\/v2\/users\/407"}],"replies":[{"embeddable":true,"href":"https:\/\/vosgesinfo.fr\/remiremontinfo\/wp-json\/wp\/v2\/comments?post=48014"}],"version-history":[{"count":0,"href":"https:\/\/vosgesinfo.fr\/remiremontinfo\/wp-json\/wp\/v2\/posts\/48014\/revisions"}],"wp:featuredmedia":[{"embeddable":true,"href":"https:\/\/vosgesinfo.fr\/remiremontinfo\/wp-json\/wp\/v2\/media\/48015"}],"wp:attachment":[{"href":"https:\/\/vosgesinfo.fr\/remiremontinfo\/wp-json\/wp\/v2\/media?parent=48014"}],"wp:term":[{"taxonomy":"category","embeddable":true,"href":"https:\/\/vosgesinfo.fr\/remiremontinfo\/wp-json\/wp\/v2\/categories?post=48014"},{"taxonomy":"post_tag","embeddable":true,"href":"https:\/\/vosgesinfo.fr\/remiremontinfo\/wp-json\/wp\/v2\/tags?post=48014"}],"curies":[{"name":"wp","href":"https:\/\/api.w.org\/{rel}","templated":true}]}}