{"id":48016,"date":"2021-10-27T07:48:57","date_gmt":"2021-10-27T05:48:57","guid":{"rendered":"https:\/\/vosgesinfo.fr\/remiremontinfo\/2021\/10\/recrutement-de-medecins-dinfirmieres-a-letablissement-francais-sang\/"},"modified":"2021-10-27T07:48:57","modified_gmt":"2021-10-27T05:48:57","slug":"recrutement-de-medecins-dinfirmieres-a-letablissement-francais-sang","status":"publish","type":"post","link":"https:\/\/vosgesinfo.fr\/remiremontinfo\/2021\/10\/recrutement-de-medecins-dinfirmieres-a-letablissement-francais-sang\/","title":{"rendered":"Recrutement de m\u00e9decins et d\u2019infirmi\u00e8res \u00e0 l\u2019Etablissement Fran\u00e7ais du Sang"},"content":{"rendered":"<p><a href=\"\/2020\/08\/don-du-sang11.jpg\"><img decoding=\"async\" class=\"alignnone size-full wp-image-292157\" src=\"\/2020\/08\/don-du-sang11.jpg\" alt=\"don-du-sang11\" width=\"600\" height=\"402\" \/><\/a><\/p>\n<h2 class=\"x_MsoNormal\"><span style=\"font-size: 12pt;\">Ces derni\u00e8res semaines,\u00a0L\u2019Etablissement Fran\u00e7ais du Sang Grand Est a lanc\u00e9 un appel au don en raison d\u2019un niveau de stock insuffisant, li\u00e9 en partie \u00e0 des annulations de collectes. Il sont aujourd\u2019hui\u00a0confront\u00e9s \u00e0 un manque important de moyens humains.<\/span><\/h2>\n<p class=\"x_MsoNormal\"><span style=\"font-size: 12pt;\">Au niveau national, 200 postes d\u2019 infirmi\u00e8res et de m\u00e9decins sont \u00e0 pourvoir. La r\u00e9gion Grand Est n\u2019est pas \u00e9pargn\u00e9e. Une campagne de recrutement sur ces m\u00e9tiers a \u00e9t\u00e9 lanc\u00e9e.<\/span><\/p>\n<p class=\"x_MsoNormal\"><span style=\"font-size: 12pt;\">\u00a0L\u2019objectif est d\u2019avoir les moyens d\u2019accueillir le nombre de donneurs de sang suffisant pour participer aux soins des malades.<\/span><\/p>\n<p class=\"x_MsoNormal\"><span style=\"font-size: 12pt;\">C.K.N.\u00a0<\/span><\/p>\n","protected":false},"excerpt":{"rendered":"<p>Ces derni\u00e8res semaines,\u00a0L\u2019Etablissement Fran\u00e7ais du Sang Grand Est a lanc\u00e9 un appel au don en raison d\u2019un niveau de stock [&hellip;]<\/p>\n","protected":false},"author":407,"featured_media":48017,"comment_status":"open","ping_status":"open","sticky":false,"template":"","format":"standard","meta":{"footnotes":""},"categories":[26,12,18],"tags":[482,281,2488],"class_list":["post-48016","post","type-post","status-publish","format-standard","has-post-thumbnail","hentry","category-a-la-une","category-sante","category-vosges","tag-don-du-sang","tag-grand-est","tag-sang"],"acf":[],"yoast_head":"<!-- This site is optimized with the Yoast SEO plugin v22.5 - https:\/\/yoast.com\/wordpress\/plugins\/seo\/ -->\n<title>Recrutement de m\u00e9decins et d\u2019infirmi\u00e8res \u00e0 l\u2019Etablissement Fran\u00e7ais du Sang - Remiremont Info<\/title>\n<meta name=\"robots\" content=\"index, follow, max-snippet:-1, max-image-preview:large, max-video-preview:-1\" \/>\n<link rel=\"canonical\" href=\"https:\/\/vosgesinfo.fr\/remiremontinfo\/2021\/10\/recrutement-de-medecins-dinfirmieres-a-letablissement-francais-sang\/\" \/>\n<meta name=\"twitter:card\" content=\"summary_large_image\" \/>\n<meta name=\"twitter:title\" content=\"Recrutement de m\u00e9decins et d\u2019infirmi\u00e8res \u00e0 l\u2019Etablissement Fran\u00e7ais du Sang - Remiremont Info\" \/>\n<meta name=\"twitter:description\" content=\"Ces derni\u00e8res semaines,\u00a0L\u2019Etablissement Fran\u00e7ais du Sang Grand Est a lanc\u00e9 un appel au don en raison d\u2019un niveau de stock [&hellip;]\" \/>\n<meta name=\"twitter:image\" content=\"https:\/\/vosgesinfo.fr\/app\/uploads\/sites\/5\/2024\/09\/202008don-du-sang11-17.jpg\" \/>\n<meta name=\"twitter:creator\" content=\"@VosgesInfo88\" \/>\n<meta name=\"twitter:site\" content=\"@VosgesInfo88\" \/>\n<meta name=\"twitter:label1\" content=\"\u00c9crit par\" \/>\n\t<meta name=\"twitter:data1\" content=\"C D\" \/>\n\t<meta name=\"twitter:label2\" content=\"Dur\u00e9e de lecture estim\u00e9e\" \/>\n\t<meta name=\"twitter:data2\" content=\"1 minute\" \/>\n<script type=\"application\/ld+json\" class=\"yoast-schema-graph\">{\"@context\":\"https:\/\/schema.org\",\"@graph\":[{\"@type\":\"Article\",\"@id\":\"https:\/\/vosgesinfo.fr\/remiremontinfo\/2021\/10\/recrutement-de-medecins-dinfirmieres-a-letablissement-francais-sang\/#article\",\"isPartOf\":{\"@id\":\"https:\/\/vosgesinfo.fr\/remiremontinfo\/2021\/10\/recrutement-de-medecins-dinfirmieres-a-letablissement-francais-sang\/\"},\"author\":{\"name\":\"C D\",\"@id\":\"https:\/\/vosgesinfo.fr\/remiremontinfo\/#\/schema\/person\/3bfd164d5218a185b1db68655a265316\"},\"headline\":\"Recrutement de m\u00e9decins et d\u2019infirmi\u00e8res \u00e0 l\u2019Etablissement Fran\u00e7ais du Sang\",\"datePublished\":\"2021-10-27T05:48:57+00:00\",\"dateModified\":\"2021-10-27T05:48:57+00:00\",\"mainEntityOfPage\":{\"@id\":\"https:\/\/vosgesinfo.fr\/remiremontinfo\/2021\/10\/recrutement-de-medecins-dinfirmieres-a-letablissement-francais-sang\/\"},\"wordCount\":119,\"commentCount\":0,\"publisher\":{\"@id\":\"https:\/\/vosgesinfo.fr\/remiremontinfo\/#organization\"},\"image\":{\"@id\":\"https:\/\/vosgesinfo.fr\/remiremontinfo\/2021\/10\/recrutement-de-medecins-dinfirmieres-a-letablissement-francais-sang\/#primaryimage\"},\"thumbnailUrl\":\"https:\/\/vosgesinfo.fr\/app\/uploads\/sites\/5\/2024\/09\/202008don-du-sang11-17.jpg\",\"keywords\":[\"don du sang\",\"Grand Est\",\"sang\"],\"articleSection\":[\"A la Une\",\"Sant\u00e9\",\"Vosges\"],\"inLanguage\":\"fr-FR\",\"potentialAction\":[{\"@type\":\"CommentAction\",\"name\":\"Comment\",\"target\":[\"https:\/\/vosgesinfo.fr\/remiremontinfo\/2021\/10\/recrutement-de-medecins-dinfirmieres-a-letablissement-francais-sang\/#respond\"]}]},{\"@type\":\"WebPage\",\"@id\":\"https:\/\/vosgesinfo.fr\/remiremontinfo\/2021\/10\/recrutement-de-medecins-dinfirmieres-a-letablissement-francais-sang\/\",\"url\":\"https:\/\/vosgesinfo.fr\/remiremontinfo\/2021\/10\/recrutement-de-medecins-dinfirmieres-a-letablissement-francais-sang\/\",\"name\":\"Recrutement de m\u00e9decins et d\u2019infirmi\u00e8res \u00e0 l\u2019Etablissement Fran\u00e7ais du Sang - Remiremont Info\",\"isPartOf\":{\"@id\":\"https:\/\/vosgesinfo.fr\/remiremontinfo\/#website\"},\"primaryImageOfPage\":{\"@id\":\"https:\/\/vosgesinfo.fr\/remiremontinfo\/2021\/10\/recrutement-de-medecins-dinfirmieres-a-letablissement-francais-sang\/#primaryimage\"},\"image\":{\"@id\":\"https:\/\/vosgesinfo.fr\/remiremontinfo\/2021\/10\/recrutement-de-medecins-dinfirmieres-a-letablissement-francais-sang\/#primaryimage\"},\"thumbnailUrl\":\"https:\/\/vosgesinfo.fr\/app\/uploads\/sites\/5\/2024\/09\/202008don-du-sang11-17.jpg\",\"datePublished\":\"2021-10-27T05:48:57+00:00\",\"dateModified\":\"2021-10-27T05:48:57+00:00\",\"breadcrumb\":{\"@id\":\"https:\/\/vosgesinfo.fr\/remiremontinfo\/2021\/10\/recrutement-de-medecins-dinfirmieres-a-letablissement-francais-sang\/#breadcrumb\"},\"inLanguage\":\"fr-FR\",\"potentialAction\":[{\"@type\":\"ReadAction\",\"target\":[\"https:\/\/vosgesinfo.fr\/remiremontinfo\/2021\/10\/recrutement-de-medecins-dinfirmieres-a-letablissement-francais-sang\/\"]}]},{\"@type\":\"ImageObject\",\"inLanguage\":\"fr-FR\",\"@id\":\"https:\/\/vosgesinfo.fr\/remiremontinfo\/2021\/10\/recrutement-de-medecins-dinfirmieres-a-letablissement-francais-sang\/#primaryimage\",\"url\":\"https:\/\/vosgesinfo.fr\/app\/uploads\/sites\/5\/2024\/09\/202008don-du-sang11-17.jpg\",\"contentUrl\":\"https:\/\/vosgesinfo.fr\/app\/uploads\/sites\/5\/2024\/09\/202008don-du-sang11-17.jpg\",\"width\":600,\"height\":402},{\"@type\":\"BreadcrumbList\",\"@id\":\"https:\/\/vosgesinfo.fr\/remiremontinfo\/2021\/10\/recrutement-de-medecins-dinfirmieres-a-letablissement-francais-sang\/#breadcrumb\",\"itemListElement\":[{\"@type\":\"ListItem\",\"position\":1,\"name\":\"Home\",\"item\":\"https:\/\/vosgesinfo.fr\/remiremontinfo\/\"},{\"@type\":\"ListItem\",\"position\":2,\"name\":\"Recrutement de m\u00e9decins et d\u2019infirmi\u00e8res \u00e0 l\u2019Etablissement Fran\u00e7ais du Sang\"}]},{\"@type\":\"WebSite\",\"@id\":\"https:\/\/vosgesinfo.fr\/remiremontinfo\/#website\",\"url\":\"https:\/\/vosgesinfo.fr\/remiremontinfo\/\",\"name\":\"Remiremont Info\",\"description\":\"Toute l&#039;actualit\u00e9 de Remiremont\",\"publisher\":{\"@id\":\"https:\/\/vosgesinfo.fr\/remiremontinfo\/#organization\"},\"alternateName\":\"Toute l'actualit\u00e9 de Remiremont\",\"potentialAction\":[{\"@type\":\"SearchAction\",\"target\":{\"@type\":\"EntryPoint\",\"urlTemplate\":\"https:\/\/vosgesinfo.fr\/remiremontinfo\/?s={search_term_string}\"},\"query-input\":\"required name=search_term_string\"}],\"inLanguage\":\"fr-FR\"},{\"@type\":\"Organization\",\"@id\":\"https:\/\/vosgesinfo.fr\/remiremontinfo\/#organization\",\"name\":\"Remiremont Info\",\"url\":\"https:\/\/vosgesinfo.fr\/remiremontinfo\/\",\"logo\":{\"@type\":\"ImageObject\",\"inLanguage\":\"fr-FR\",\"@id\":\"https:\/\/vosgesinfo.fr\/remiremontinfo\/#\/schema\/logo\/image\/\",\"url\":\"https:\/\/vosgesinfo.fr\/app\/uploads\/sites\/5\/2023\/08\/favicon-remiremontinfo.png\",\"contentUrl\":\"https:\/\/vosgesinfo.fr\/app\/uploads\/sites\/5\/2023\/08\/favicon-remiremontinfo.png\",\"width\":512,\"height\":512,\"caption\":\"Remiremont Info\"},\"image\":{\"@id\":\"https:\/\/vosgesinfo.fr\/remiremontinfo\/#\/schema\/logo\/image\/\"},\"sameAs\":[\"https:\/\/www.facebook.com\/remiremontinfo\",\"https:\/\/x.com\/VosgesInfo88\",\"https:\/\/www.youtube.com\/@vosgesinfo\"]},{\"@type\":\"Person\",\"@id\":\"https:\/\/vosgesinfo.fr\/remiremontinfo\/#\/schema\/person\/3bfd164d5218a185b1db68655a265316\",\"name\":\"C D\",\"image\":{\"@type\":\"ImageObject\",\"inLanguage\":\"fr-FR\",\"@id\":\"https:\/\/vosgesinfo.fr\/remiremontinfo\/#\/schema\/person\/image\/\",\"url\":\"https:\/\/secure.gravatar.com\/avatar\/1f9a70007336511a47468b8f1c66f922b8b7cf617b02a31149ada43893a5d48f?s=96&d=mm&r=g\",\"contentUrl\":\"https:\/\/secure.gravatar.com\/avatar\/1f9a70007336511a47468b8f1c66f922b8b7cf617b02a31149ada43893a5d48f?s=96&d=mm&r=g\",\"caption\":\"C D\"},\"url\":\"https:\/\/vosgesinfo.fr\/remiremontinfo\/author\/cedric-drevet\/\"}]}<\/script>\n<!-- \/ Yoast SEO plugin. -->","yoast_head_json":{"title":"Recrutement de m\u00e9decins et d\u2019infirmi\u00e8res \u00e0 l\u2019Etablissement Fran\u00e7ais du Sang - Remiremont Info","robots":{"index":"index","follow":"follow","max-snippet":"max-snippet:-1","max-image-preview":"max-image-preview:large","max-video-preview":"max-video-preview:-1"},"canonical":"https:\/\/vosgesinfo.fr\/remiremontinfo\/2021\/10\/recrutement-de-medecins-dinfirmieres-a-letablissement-francais-sang\/","twitter_card":"summary_large_image","twitter_title":"Recrutement de m\u00e9decins et d\u2019infirmi\u00e8res \u00e0 l\u2019Etablissement Fran\u00e7ais du Sang - Remiremont Info","twitter_description":"Ces derni\u00e8res semaines,\u00a0L\u2019Etablissement Fran\u00e7ais du Sang Grand Est a lanc\u00e9 un appel au don en raison d\u2019un niveau de stock [&hellip;]","twitter_image":"https:\/\/vosgesinfo.fr\/app\/uploads\/sites\/5\/2024\/09\/202008don-du-sang11-17.jpg","twitter_creator":"@VosgesInfo88","twitter_site":"@VosgesInfo88","twitter_misc":{"\u00c9crit par":"C D","Dur\u00e9e de lecture estim\u00e9e":"1 minute"},"schema":{"@context":"https:\/\/schema.org","@graph":[{"@type":"Article","@id":"https:\/\/vosgesinfo.fr\/remiremontinfo\/2021\/10\/recrutement-de-medecins-dinfirmieres-a-letablissement-francais-sang\/#article","isPartOf":{"@id":"https:\/\/vosgesinfo.fr\/remiremontinfo\/2021\/10\/recrutement-de-medecins-dinfirmieres-a-letablissement-francais-sang\/"},"author":{"name":"C D","@id":"https:\/\/vosgesinfo.fr\/remiremontinfo\/#\/schema\/person\/3bfd164d5218a185b1db68655a265316"},"headline":"Recrutement de m\u00e9decins et d\u2019infirmi\u00e8res \u00e0 l\u2019Etablissement Fran\u00e7ais du Sang","datePublished":"2021-10-27T05:48:57+00:00","dateModified":"2021-10-27T05:48:57+00:00","mainEntityOfPage":{"@id":"https:\/\/vosgesinfo.fr\/remiremontinfo\/2021\/10\/recrutement-de-medecins-dinfirmieres-a-letablissement-francais-sang\/"},"wordCount":119,"commentCount":0,"publisher":{"@id":"https:\/\/vosgesinfo.fr\/remiremontinfo\/#organization"},"image":{"@id":"https:\/\/vosgesinfo.fr\/remiremontinfo\/2021\/10\/recrutement-de-medecins-dinfirmieres-a-letablissement-francais-sang\/#primaryimage"},"thumbnailUrl":"https:\/\/vosgesinfo.fr\/app\/uploads\/sites\/5\/2024\/09\/202008don-du-sang11-17.jpg","keywords":["don du sang","Grand Est","sang"],"articleSection":["A la Une","Sant\u00e9","Vosges"],"inLanguage":"fr-FR","potentialAction":[{"@type":"CommentAction","name":"Comment","target":["https:\/\/vosgesinfo.fr\/remiremontinfo\/2021\/10\/recrutement-de-medecins-dinfirmieres-a-letablissement-francais-sang\/#respond"]}]},{"@type":"WebPage","@id":"https:\/\/vosgesinfo.fr\/remiremontinfo\/2021\/10\/recrutement-de-medecins-dinfirmieres-a-letablissement-francais-sang\/","url":"https:\/\/vosgesinfo.fr\/remiremontinfo\/2021\/10\/recrutement-de-medecins-dinfirmieres-a-letablissement-francais-sang\/","name":"Recrutement de m\u00e9decins et d\u2019infirmi\u00e8res \u00e0 l\u2019Etablissement Fran\u00e7ais du Sang - Remiremont Info","isPartOf":{"@id":"https:\/\/vosgesinfo.fr\/remiremontinfo\/#website"},"primaryImageOfPage":{"@id":"https:\/\/vosgesinfo.fr\/remiremontinfo\/2021\/10\/recrutement-de-medecins-dinfirmieres-a-letablissement-francais-sang\/#primaryimage"},"image":{"@id":"https:\/\/vosgesinfo.fr\/remiremontinfo\/2021\/10\/recrutement-de-medecins-dinfirmieres-a-letablissement-francais-sang\/#primaryimage"},"thumbnailUrl":"https:\/\/vosgesinfo.fr\/app\/uploads\/sites\/5\/2024\/09\/202008don-du-sang11-17.jpg","datePublished":"2021-10-27T05:48:57+00:00","dateModified":"2021-10-27T05:48:57+00:00","breadcrumb":{"@id":"https:\/\/vosgesinfo.fr\/remiremontinfo\/2021\/10\/recrutement-de-medecins-dinfirmieres-a-letablissement-francais-sang\/#breadcrumb"},"inLanguage":"fr-FR","potentialAction":[{"@type":"ReadAction","target":["https:\/\/vosgesinfo.fr\/remiremontinfo\/2021\/10\/recrutement-de-medecins-dinfirmieres-a-letablissement-francais-sang\/"]}]},{"@type":"ImageObject","inLanguage":"fr-FR","@id":"https:\/\/vosgesinfo.fr\/remiremontinfo\/2021\/10\/recrutement-de-medecins-dinfirmieres-a-letablissement-francais-sang\/#primaryimage","url":"https:\/\/vosgesinfo.fr\/app\/uploads\/sites\/5\/2024\/09\/202008don-du-sang11-17.jpg","contentUrl":"https:\/\/vosgesinfo.fr\/app\/uploads\/sites\/5\/2024\/09\/202008don-du-sang11-17.jpg","width":600,"height":402},{"@type":"BreadcrumbList","@id":"https:\/\/vosgesinfo.fr\/remiremontinfo\/2021\/10\/recrutement-de-medecins-dinfirmieres-a-letablissement-francais-sang\/#breadcrumb","itemListElement":[{"@type":"ListItem","position":1,"name":"Home","item":"https:\/\/vosgesinfo.fr\/remiremontinfo\/"},{"@type":"ListItem","position":2,"name":"Recrutement de m\u00e9decins et d\u2019infirmi\u00e8res \u00e0 l\u2019Etablissement Fran\u00e7ais du Sang"}]},{"@type":"WebSite","@id":"https:\/\/vosgesinfo.fr\/remiremontinfo\/#website","url":"https:\/\/vosgesinfo.fr\/remiremontinfo\/","name":"Remiremont Info","description":"Toute l&#039;actualit\u00e9 de Remiremont","publisher":{"@id":"https:\/\/vosgesinfo.fr\/remiremontinfo\/#organization"},"alternateName":"Toute l'actualit\u00e9 de Remiremont","potentialAction":[{"@type":"SearchAction","target":{"@type":"EntryPoint","urlTemplate":"https:\/\/vosgesinfo.fr\/remiremontinfo\/?s={search_term_string}"},"query-input":"required name=search_term_string"}],"inLanguage":"fr-FR"},{"@type":"Organization","@id":"https:\/\/vosgesinfo.fr\/remiremontinfo\/#organization","name":"Remiremont Info","url":"https:\/\/vosgesinfo.fr\/remiremontinfo\/","logo":{"@type":"ImageObject","inLanguage":"fr-FR","@id":"https:\/\/vosgesinfo.fr\/remiremontinfo\/#\/schema\/logo\/image\/","url":"https:\/\/vosgesinfo.fr\/app\/uploads\/sites\/5\/2023\/08\/favicon-remiremontinfo.png","contentUrl":"https:\/\/vosgesinfo.fr\/app\/uploads\/sites\/5\/2023\/08\/favicon-remiremontinfo.png","width":512,"height":512,"caption":"Remiremont Info"},"image":{"@id":"https:\/\/vosgesinfo.fr\/remiremontinfo\/#\/schema\/logo\/image\/"},"sameAs":["https:\/\/www.facebook.com\/remiremontinfo","https:\/\/x.com\/VosgesInfo88","https:\/\/www.youtube.com\/@vosgesinfo"]},{"@type":"Person","@id":"https:\/\/vosgesinfo.fr\/remiremontinfo\/#\/schema\/person\/3bfd164d5218a185b1db68655a265316","name":"C D","image":{"@type":"ImageObject","inLanguage":"fr-FR","@id":"https:\/\/vosgesinfo.fr\/remiremontinfo\/#\/schema\/person\/image\/","url":"https:\/\/secure.gravatar.com\/avatar\/1f9a70007336511a47468b8f1c66f922b8b7cf617b02a31149ada43893a5d48f?s=96&d=mm&r=g","contentUrl":"https:\/\/secure.gravatar.com\/avatar\/1f9a70007336511a47468b8f1c66f922b8b7cf617b02a31149ada43893a5d48f?s=96&d=mm&r=g","caption":"C D"},"url":"https:\/\/vosgesinfo.fr\/remiremontinfo\/author\/cedric-drevet\/"}]}},"_links":{"self":[{"href":"https:\/\/vosgesinfo.fr\/remiremontinfo\/wp-json\/wp\/v2\/posts\/48016","targetHints":{"allow":["GET"]}}],"collection":[{"href":"https:\/\/vosgesinfo.fr\/remiremontinfo\/wp-json\/wp\/v2\/posts"}],"about":[{"href":"https:\/\/vosgesinfo.fr\/remiremontinfo\/wp-json\/wp\/v2\/types\/post"}],"author":[{"embeddable":true,"href":"https:\/\/vosgesinfo.fr\/remiremontinfo\/wp-json\/wp\/v2\/users\/407"}],"replies":[{"embeddable":true,"href":"https:\/\/vosgesinfo.fr\/remiremontinfo\/wp-json\/wp\/v2\/comments?post=48016"}],"version-history":[{"count":0,"href":"https:\/\/vosgesinfo.fr\/remiremontinfo\/wp-json\/wp\/v2\/posts\/48016\/revisions"}],"wp:featuredmedia":[{"embeddable":true,"href":"https:\/\/vosgesinfo.fr\/remiremontinfo\/wp-json\/wp\/v2\/media\/48017"}],"wp:attachment":[{"href":"https:\/\/vosgesinfo.fr\/remiremontinfo\/wp-json\/wp\/v2\/media?parent=48016"}],"wp:term":[{"taxonomy":"category","embeddable":true,"href":"https:\/\/vosgesinfo.fr\/remiremontinfo\/wp-json\/wp\/v2\/categories?post=48016"},{"taxonomy":"post_tag","embeddable":true,"href":"https:\/\/vosgesinfo.fr\/remiremontinfo\/wp-json\/wp\/v2\/tags?post=48016"}],"curies":[{"name":"wp","href":"https:\/\/api.w.org\/{rel}","templated":true}]}}