{"id":48028,"date":"2021-10-27T04:45:17","date_gmt":"2021-10-27T02:45:17","guid":{"rendered":"https:\/\/vosgesinfo.fr\/remiremontinfo\/2021\/10\/vagney-travaux-rue-rene-demangeon-rue-douffet-a-partir-2-novembre\/"},"modified":"2021-10-27T04:45:17","modified_gmt":"2021-10-27T02:45:17","slug":"vagney-travaux-rue-rene-demangeon-rue-douffet-a-partir-2-novembre","status":"publish","type":"post","link":"https:\/\/vosgesinfo.fr\/remiremontinfo\/2021\/10\/vagney-travaux-rue-rene-demangeon-rue-douffet-a-partir-2-novembre\/","title":{"rendered":"Vagney : travaux rue Ren\u00e9 Demangeon et rue d&rsquo;Ouffet \u00e0 partir du 2 novembre"},"content":{"rendered":"<h2 style=\"text-align: center;\"><a href=\"\/2021\/10\/Capture-d\u2019\u00e9cran-2021-10-27-103141.png\"><img decoding=\"async\" class=\"alignnone size-full wp-image-330152\" src=\"\/2021\/10\/Capture-d\u2019\u00e9cran-2021-10-27-103141.png\" alt=\"Capture d\u2019\u00e9cran 2021-10-27 103141\" width=\"800\" height=\"594\" \/><\/a><\/h2>\n<p><span style=\"font-size: 10pt;\"><em>Capture d&rsquo;\u00e9cran Google Maps\u00a0<\/em><\/span><\/p>\n<h2><span style=\"font-size: 12pt;\"><strong>Le Conseil D\u00e9partemental projette de r\u00e9aliser la r\u00e9fection de la voirie rue Ren\u00e9 Demangeon et rue d\u2019Ouffet au printemps 2022. Avant cela, la Commune doit am\u00e9nager et r\u00e9nover partiellement les trottoirs et stationnements depuis l\u2019intersection des rues Ren\u00e9 Demangeon et Michel Collinet jusqu\u2019\u00e0 l\u2019intersection des rues d\u2019Ouffet et Jules Ferry.<\/strong><\/span><\/h2>\n<p>Afin d\u2019assurer la s\u00e9curit\u00e9 du chantier et de faciliter la circulation, un sens unique sera mis en place dans le sens Vagney centre vers Zainvillers. Des panneaux de d\u00e9viation seront mis en place. Les travaux d\u00e9buteront le mardi 2 novembre. Le plan de circulation sera mis en place \u00e0 compter du lundi 1er novembre \u00e0 18h. Il sera effectif 24h\/24 et 7j\/7.<\/p>\n<p><em>Source : Mairie de Vagney\u00a0<\/em><\/p>\n<p style=\"text-align: center;\"><a href=\"\/2021\/10\/115.jpg\"><img decoding=\"async\" class=\"alignnone size-full wp-image-330153\" src=\"\/2021\/10\/115.jpg\" alt=\"1\" width=\"800\" height=\"562\" \/><\/a><\/p>\n","protected":false},"excerpt":{"rendered":"<p>Capture d&rsquo;\u00e9cran Google Maps\u00a0 Le Conseil D\u00e9partemental projette de r\u00e9aliser la r\u00e9fection de la voirie rue Ren\u00e9 Demangeon et rue [&hellip;]<\/p>\n","protected":false},"author":407,"featured_media":48029,"comment_status":"open","ping_status":"open","sticky":false,"template":"","format":"standard","meta":{"footnotes":""},"categories":[26,70,25,36],"tags":[2870,136,160],"class_list":["post-48028","post","type-post","status-publish","format-standard","has-post-thumbnail","hentry","category-a-la-une","category-circulation","category-la-bresse-son-canton","category-vagney","tag-novembre","tag-travaux","tag-vagney"],"acf":[],"yoast_head":"<!-- This site is optimized with the Yoast SEO plugin v22.5 - https:\/\/yoast.com\/wordpress\/plugins\/seo\/ -->\n<title>Vagney : travaux rue Ren\u00e9 Demangeon et rue d&#039;Ouffet \u00e0 partir du 2 novembre - Remiremont Info<\/title>\n<meta name=\"robots\" content=\"index, follow, max-snippet:-1, max-image-preview:large, max-video-preview:-1\" \/>\n<link rel=\"canonical\" href=\"https:\/\/vosgesinfo.fr\/remiremontinfo\/2021\/10\/vagney-travaux-rue-rene-demangeon-rue-douffet-a-partir-2-novembre\/\" \/>\n<meta name=\"twitter:card\" content=\"summary_large_image\" \/>\n<meta name=\"twitter:title\" content=\"Vagney : travaux rue Ren\u00e9 Demangeon et rue d&#039;Ouffet \u00e0 partir du 2 novembre - Remiremont Info\" \/>\n<meta name=\"twitter:description\" content=\"Capture d&rsquo;\u00e9cran Google Maps\u00a0 Le Conseil D\u00e9partemental projette de r\u00e9aliser la r\u00e9fection de la voirie rue Ren\u00e9 Demangeon et rue [&hellip;]\" \/>\n<meta name=\"twitter:image\" content=\"https:\/\/vosgesinfo.fr\/app\/uploads\/sites\/5\/2024\/09\/202110capture-decran-2021-10-27-103141.png\" \/>\n<meta name=\"twitter:creator\" content=\"@VosgesInfo88\" \/>\n<meta name=\"twitter:site\" content=\"@VosgesInfo88\" \/>\n<meta name=\"twitter:label1\" content=\"\u00c9crit par\" \/>\n\t<meta name=\"twitter:data1\" content=\"C D\" \/>\n\t<meta name=\"twitter:label2\" content=\"Dur\u00e9e de lecture estim\u00e9e\" \/>\n\t<meta name=\"twitter:data2\" content=\"1 minute\" \/>\n<script type=\"application\/ld+json\" class=\"yoast-schema-graph\">{\"@context\":\"https:\/\/schema.org\",\"@graph\":[{\"@type\":\"Article\",\"@id\":\"https:\/\/vosgesinfo.fr\/remiremontinfo\/2021\/10\/vagney-travaux-rue-rene-demangeon-rue-douffet-a-partir-2-novembre\/#article\",\"isPartOf\":{\"@id\":\"https:\/\/vosgesinfo.fr\/remiremontinfo\/2021\/10\/vagney-travaux-rue-rene-demangeon-rue-douffet-a-partir-2-novembre\/\"},\"author\":{\"name\":\"C D\",\"@id\":\"https:\/\/vosgesinfo.fr\/remiremontinfo\/#\/schema\/person\/3bfd164d5218a185b1db68655a265316\"},\"headline\":\"Vagney : travaux rue Ren\u00e9 Demangeon et rue d&rsquo;Ouffet \u00e0 partir du 2 novembre\",\"datePublished\":\"2021-10-27T02:45:17+00:00\",\"dateModified\":\"2021-10-27T02:45:17+00:00\",\"mainEntityOfPage\":{\"@id\":\"https:\/\/vosgesinfo.fr\/remiremontinfo\/2021\/10\/vagney-travaux-rue-rene-demangeon-rue-douffet-a-partir-2-novembre\/\"},\"wordCount\":142,\"commentCount\":0,\"publisher\":{\"@id\":\"https:\/\/vosgesinfo.fr\/remiremontinfo\/#organization\"},\"image\":{\"@id\":\"https:\/\/vosgesinfo.fr\/remiremontinfo\/2021\/10\/vagney-travaux-rue-rene-demangeon-rue-douffet-a-partir-2-novembre\/#primaryimage\"},\"thumbnailUrl\":\"https:\/\/vosgesinfo.fr\/app\/uploads\/sites\/5\/2024\/09\/202110capture-decran-2021-10-27-103141.png\",\"keywords\":[\"novembre\",\"travaux\",\"vagney\"],\"articleSection\":[\"A la Une\",\"Circulation\",\"La Bresse &amp; son canton\",\"Vagney\"],\"inLanguage\":\"fr-FR\",\"potentialAction\":[{\"@type\":\"CommentAction\",\"name\":\"Comment\",\"target\":[\"https:\/\/vosgesinfo.fr\/remiremontinfo\/2021\/10\/vagney-travaux-rue-rene-demangeon-rue-douffet-a-partir-2-novembre\/#respond\"]}]},{\"@type\":\"WebPage\",\"@id\":\"https:\/\/vosgesinfo.fr\/remiremontinfo\/2021\/10\/vagney-travaux-rue-rene-demangeon-rue-douffet-a-partir-2-novembre\/\",\"url\":\"https:\/\/vosgesinfo.fr\/remiremontinfo\/2021\/10\/vagney-travaux-rue-rene-demangeon-rue-douffet-a-partir-2-novembre\/\",\"name\":\"Vagney : travaux rue Ren\u00e9 Demangeon et rue d'Ouffet \u00e0 partir du 2 novembre - Remiremont Info\",\"isPartOf\":{\"@id\":\"https:\/\/vosgesinfo.fr\/remiremontinfo\/#website\"},\"primaryImageOfPage\":{\"@id\":\"https:\/\/vosgesinfo.fr\/remiremontinfo\/2021\/10\/vagney-travaux-rue-rene-demangeon-rue-douffet-a-partir-2-novembre\/#primaryimage\"},\"image\":{\"@id\":\"https:\/\/vosgesinfo.fr\/remiremontinfo\/2021\/10\/vagney-travaux-rue-rene-demangeon-rue-douffet-a-partir-2-novembre\/#primaryimage\"},\"thumbnailUrl\":\"https:\/\/vosgesinfo.fr\/app\/uploads\/sites\/5\/2024\/09\/202110capture-decran-2021-10-27-103141.png\",\"datePublished\":\"2021-10-27T02:45:17+00:00\",\"dateModified\":\"2021-10-27T02:45:17+00:00\",\"breadcrumb\":{\"@id\":\"https:\/\/vosgesinfo.fr\/remiremontinfo\/2021\/10\/vagney-travaux-rue-rene-demangeon-rue-douffet-a-partir-2-novembre\/#breadcrumb\"},\"inLanguage\":\"fr-FR\",\"potentialAction\":[{\"@type\":\"ReadAction\",\"target\":[\"https:\/\/vosgesinfo.fr\/remiremontinfo\/2021\/10\/vagney-travaux-rue-rene-demangeon-rue-douffet-a-partir-2-novembre\/\"]}]},{\"@type\":\"ImageObject\",\"inLanguage\":\"fr-FR\",\"@id\":\"https:\/\/vosgesinfo.fr\/remiremontinfo\/2021\/10\/vagney-travaux-rue-rene-demangeon-rue-douffet-a-partir-2-novembre\/#primaryimage\",\"url\":\"https:\/\/vosgesinfo.fr\/app\/uploads\/sites\/5\/2024\/09\/202110capture-decran-2021-10-27-103141.png\",\"contentUrl\":\"https:\/\/vosgesinfo.fr\/app\/uploads\/sites\/5\/2024\/09\/202110capture-decran-2021-10-27-103141.png\",\"width\":800,\"height\":594},{\"@type\":\"BreadcrumbList\",\"@id\":\"https:\/\/vosgesinfo.fr\/remiremontinfo\/2021\/10\/vagney-travaux-rue-rene-demangeon-rue-douffet-a-partir-2-novembre\/#breadcrumb\",\"itemListElement\":[{\"@type\":\"ListItem\",\"position\":1,\"name\":\"Home\",\"item\":\"https:\/\/vosgesinfo.fr\/remiremontinfo\/\"},{\"@type\":\"ListItem\",\"position\":2,\"name\":\"Vagney : travaux rue Ren\u00e9 Demangeon et rue d&rsquo;Ouffet \u00e0 partir du 2 novembre\"}]},{\"@type\":\"WebSite\",\"@id\":\"https:\/\/vosgesinfo.fr\/remiremontinfo\/#website\",\"url\":\"https:\/\/vosgesinfo.fr\/remiremontinfo\/\",\"name\":\"Remiremont Info\",\"description\":\"Toute l&#039;actualit\u00e9 de Remiremont\",\"publisher\":{\"@id\":\"https:\/\/vosgesinfo.fr\/remiremontinfo\/#organization\"},\"alternateName\":\"Toute l'actualit\u00e9 de Remiremont\",\"potentialAction\":[{\"@type\":\"SearchAction\",\"target\":{\"@type\":\"EntryPoint\",\"urlTemplate\":\"https:\/\/vosgesinfo.fr\/remiremontinfo\/?s={search_term_string}\"},\"query-input\":\"required name=search_term_string\"}],\"inLanguage\":\"fr-FR\"},{\"@type\":\"Organization\",\"@id\":\"https:\/\/vosgesinfo.fr\/remiremontinfo\/#organization\",\"name\":\"Remiremont Info\",\"url\":\"https:\/\/vosgesinfo.fr\/remiremontinfo\/\",\"logo\":{\"@type\":\"ImageObject\",\"inLanguage\":\"fr-FR\",\"@id\":\"https:\/\/vosgesinfo.fr\/remiremontinfo\/#\/schema\/logo\/image\/\",\"url\":\"https:\/\/vosgesinfo.fr\/app\/uploads\/sites\/5\/2023\/08\/favicon-remiremontinfo.png\",\"contentUrl\":\"https:\/\/vosgesinfo.fr\/app\/uploads\/sites\/5\/2023\/08\/favicon-remiremontinfo.png\",\"width\":512,\"height\":512,\"caption\":\"Remiremont Info\"},\"image\":{\"@id\":\"https:\/\/vosgesinfo.fr\/remiremontinfo\/#\/schema\/logo\/image\/\"},\"sameAs\":[\"https:\/\/www.facebook.com\/remiremontinfo\",\"https:\/\/x.com\/VosgesInfo88\",\"https:\/\/www.youtube.com\/@vosgesinfo\"]},{\"@type\":\"Person\",\"@id\":\"https:\/\/vosgesinfo.fr\/remiremontinfo\/#\/schema\/person\/3bfd164d5218a185b1db68655a265316\",\"name\":\"C D\",\"image\":{\"@type\":\"ImageObject\",\"inLanguage\":\"fr-FR\",\"@id\":\"https:\/\/vosgesinfo.fr\/remiremontinfo\/#\/schema\/person\/image\/\",\"url\":\"https:\/\/secure.gravatar.com\/avatar\/1f9a70007336511a47468b8f1c66f922b8b7cf617b02a31149ada43893a5d48f?s=96&d=mm&r=g\",\"contentUrl\":\"https:\/\/secure.gravatar.com\/avatar\/1f9a70007336511a47468b8f1c66f922b8b7cf617b02a31149ada43893a5d48f?s=96&d=mm&r=g\",\"caption\":\"C D\"},\"url\":\"https:\/\/vosgesinfo.fr\/remiremontinfo\/author\/cedric-drevet\/\"}]}<\/script>\n<!-- \/ Yoast SEO plugin. -->","yoast_head_json":{"title":"Vagney : travaux rue Ren\u00e9 Demangeon et rue d'Ouffet \u00e0 partir du 2 novembre - Remiremont Info","robots":{"index":"index","follow":"follow","max-snippet":"max-snippet:-1","max-image-preview":"max-image-preview:large","max-video-preview":"max-video-preview:-1"},"canonical":"https:\/\/vosgesinfo.fr\/remiremontinfo\/2021\/10\/vagney-travaux-rue-rene-demangeon-rue-douffet-a-partir-2-novembre\/","twitter_card":"summary_large_image","twitter_title":"Vagney : travaux rue Ren\u00e9 Demangeon et rue d'Ouffet \u00e0 partir du 2 novembre - Remiremont Info","twitter_description":"Capture d&rsquo;\u00e9cran Google Maps\u00a0 Le Conseil D\u00e9partemental projette de r\u00e9aliser la r\u00e9fection de la voirie rue Ren\u00e9 Demangeon et rue [&hellip;]","twitter_image":"https:\/\/vosgesinfo.fr\/app\/uploads\/sites\/5\/2024\/09\/202110capture-decran-2021-10-27-103141.png","twitter_creator":"@VosgesInfo88","twitter_site":"@VosgesInfo88","twitter_misc":{"\u00c9crit par":"C D","Dur\u00e9e de lecture estim\u00e9e":"1 minute"},"schema":{"@context":"https:\/\/schema.org","@graph":[{"@type":"Article","@id":"https:\/\/vosgesinfo.fr\/remiremontinfo\/2021\/10\/vagney-travaux-rue-rene-demangeon-rue-douffet-a-partir-2-novembre\/#article","isPartOf":{"@id":"https:\/\/vosgesinfo.fr\/remiremontinfo\/2021\/10\/vagney-travaux-rue-rene-demangeon-rue-douffet-a-partir-2-novembre\/"},"author":{"name":"C D","@id":"https:\/\/vosgesinfo.fr\/remiremontinfo\/#\/schema\/person\/3bfd164d5218a185b1db68655a265316"},"headline":"Vagney : travaux rue Ren\u00e9 Demangeon et rue d&rsquo;Ouffet \u00e0 partir du 2 novembre","datePublished":"2021-10-27T02:45:17+00:00","dateModified":"2021-10-27T02:45:17+00:00","mainEntityOfPage":{"@id":"https:\/\/vosgesinfo.fr\/remiremontinfo\/2021\/10\/vagney-travaux-rue-rene-demangeon-rue-douffet-a-partir-2-novembre\/"},"wordCount":142,"commentCount":0,"publisher":{"@id":"https:\/\/vosgesinfo.fr\/remiremontinfo\/#organization"},"image":{"@id":"https:\/\/vosgesinfo.fr\/remiremontinfo\/2021\/10\/vagney-travaux-rue-rene-demangeon-rue-douffet-a-partir-2-novembre\/#primaryimage"},"thumbnailUrl":"https:\/\/vosgesinfo.fr\/app\/uploads\/sites\/5\/2024\/09\/202110capture-decran-2021-10-27-103141.png","keywords":["novembre","travaux","vagney"],"articleSection":["A la Une","Circulation","La Bresse &amp; son canton","Vagney"],"inLanguage":"fr-FR","potentialAction":[{"@type":"CommentAction","name":"Comment","target":["https:\/\/vosgesinfo.fr\/remiremontinfo\/2021\/10\/vagney-travaux-rue-rene-demangeon-rue-douffet-a-partir-2-novembre\/#respond"]}]},{"@type":"WebPage","@id":"https:\/\/vosgesinfo.fr\/remiremontinfo\/2021\/10\/vagney-travaux-rue-rene-demangeon-rue-douffet-a-partir-2-novembre\/","url":"https:\/\/vosgesinfo.fr\/remiremontinfo\/2021\/10\/vagney-travaux-rue-rene-demangeon-rue-douffet-a-partir-2-novembre\/","name":"Vagney : travaux rue Ren\u00e9 Demangeon et rue d'Ouffet \u00e0 partir du 2 novembre - Remiremont Info","isPartOf":{"@id":"https:\/\/vosgesinfo.fr\/remiremontinfo\/#website"},"primaryImageOfPage":{"@id":"https:\/\/vosgesinfo.fr\/remiremontinfo\/2021\/10\/vagney-travaux-rue-rene-demangeon-rue-douffet-a-partir-2-novembre\/#primaryimage"},"image":{"@id":"https:\/\/vosgesinfo.fr\/remiremontinfo\/2021\/10\/vagney-travaux-rue-rene-demangeon-rue-douffet-a-partir-2-novembre\/#primaryimage"},"thumbnailUrl":"https:\/\/vosgesinfo.fr\/app\/uploads\/sites\/5\/2024\/09\/202110capture-decran-2021-10-27-103141.png","datePublished":"2021-10-27T02:45:17+00:00","dateModified":"2021-10-27T02:45:17+00:00","breadcrumb":{"@id":"https:\/\/vosgesinfo.fr\/remiremontinfo\/2021\/10\/vagney-travaux-rue-rene-demangeon-rue-douffet-a-partir-2-novembre\/#breadcrumb"},"inLanguage":"fr-FR","potentialAction":[{"@type":"ReadAction","target":["https:\/\/vosgesinfo.fr\/remiremontinfo\/2021\/10\/vagney-travaux-rue-rene-demangeon-rue-douffet-a-partir-2-novembre\/"]}]},{"@type":"ImageObject","inLanguage":"fr-FR","@id":"https:\/\/vosgesinfo.fr\/remiremontinfo\/2021\/10\/vagney-travaux-rue-rene-demangeon-rue-douffet-a-partir-2-novembre\/#primaryimage","url":"https:\/\/vosgesinfo.fr\/app\/uploads\/sites\/5\/2024\/09\/202110capture-decran-2021-10-27-103141.png","contentUrl":"https:\/\/vosgesinfo.fr\/app\/uploads\/sites\/5\/2024\/09\/202110capture-decran-2021-10-27-103141.png","width":800,"height":594},{"@type":"BreadcrumbList","@id":"https:\/\/vosgesinfo.fr\/remiremontinfo\/2021\/10\/vagney-travaux-rue-rene-demangeon-rue-douffet-a-partir-2-novembre\/#breadcrumb","itemListElement":[{"@type":"ListItem","position":1,"name":"Home","item":"https:\/\/vosgesinfo.fr\/remiremontinfo\/"},{"@type":"ListItem","position":2,"name":"Vagney : travaux rue Ren\u00e9 Demangeon et rue d&rsquo;Ouffet \u00e0 partir du 2 novembre"}]},{"@type":"WebSite","@id":"https:\/\/vosgesinfo.fr\/remiremontinfo\/#website","url":"https:\/\/vosgesinfo.fr\/remiremontinfo\/","name":"Remiremont Info","description":"Toute l&#039;actualit\u00e9 de Remiremont","publisher":{"@id":"https:\/\/vosgesinfo.fr\/remiremontinfo\/#organization"},"alternateName":"Toute l'actualit\u00e9 de Remiremont","potentialAction":[{"@type":"SearchAction","target":{"@type":"EntryPoint","urlTemplate":"https:\/\/vosgesinfo.fr\/remiremontinfo\/?s={search_term_string}"},"query-input":"required name=search_term_string"}],"inLanguage":"fr-FR"},{"@type":"Organization","@id":"https:\/\/vosgesinfo.fr\/remiremontinfo\/#organization","name":"Remiremont Info","url":"https:\/\/vosgesinfo.fr\/remiremontinfo\/","logo":{"@type":"ImageObject","inLanguage":"fr-FR","@id":"https:\/\/vosgesinfo.fr\/remiremontinfo\/#\/schema\/logo\/image\/","url":"https:\/\/vosgesinfo.fr\/app\/uploads\/sites\/5\/2023\/08\/favicon-remiremontinfo.png","contentUrl":"https:\/\/vosgesinfo.fr\/app\/uploads\/sites\/5\/2023\/08\/favicon-remiremontinfo.png","width":512,"height":512,"caption":"Remiremont Info"},"image":{"@id":"https:\/\/vosgesinfo.fr\/remiremontinfo\/#\/schema\/logo\/image\/"},"sameAs":["https:\/\/www.facebook.com\/remiremontinfo","https:\/\/x.com\/VosgesInfo88","https:\/\/www.youtube.com\/@vosgesinfo"]},{"@type":"Person","@id":"https:\/\/vosgesinfo.fr\/remiremontinfo\/#\/schema\/person\/3bfd164d5218a185b1db68655a265316","name":"C D","image":{"@type":"ImageObject","inLanguage":"fr-FR","@id":"https:\/\/vosgesinfo.fr\/remiremontinfo\/#\/schema\/person\/image\/","url":"https:\/\/secure.gravatar.com\/avatar\/1f9a70007336511a47468b8f1c66f922b8b7cf617b02a31149ada43893a5d48f?s=96&d=mm&r=g","contentUrl":"https:\/\/secure.gravatar.com\/avatar\/1f9a70007336511a47468b8f1c66f922b8b7cf617b02a31149ada43893a5d48f?s=96&d=mm&r=g","caption":"C D"},"url":"https:\/\/vosgesinfo.fr\/remiremontinfo\/author\/cedric-drevet\/"}]}},"_links":{"self":[{"href":"https:\/\/vosgesinfo.fr\/remiremontinfo\/wp-json\/wp\/v2\/posts\/48028","targetHints":{"allow":["GET"]}}],"collection":[{"href":"https:\/\/vosgesinfo.fr\/remiremontinfo\/wp-json\/wp\/v2\/posts"}],"about":[{"href":"https:\/\/vosgesinfo.fr\/remiremontinfo\/wp-json\/wp\/v2\/types\/post"}],"author":[{"embeddable":true,"href":"https:\/\/vosgesinfo.fr\/remiremontinfo\/wp-json\/wp\/v2\/users\/407"}],"replies":[{"embeddable":true,"href":"https:\/\/vosgesinfo.fr\/remiremontinfo\/wp-json\/wp\/v2\/comments?post=48028"}],"version-history":[{"count":0,"href":"https:\/\/vosgesinfo.fr\/remiremontinfo\/wp-json\/wp\/v2\/posts\/48028\/revisions"}],"wp:featuredmedia":[{"embeddable":true,"href":"https:\/\/vosgesinfo.fr\/remiremontinfo\/wp-json\/wp\/v2\/media\/48029"}],"wp:attachment":[{"href":"https:\/\/vosgesinfo.fr\/remiremontinfo\/wp-json\/wp\/v2\/media?parent=48028"}],"wp:term":[{"taxonomy":"category","embeddable":true,"href":"https:\/\/vosgesinfo.fr\/remiremontinfo\/wp-json\/wp\/v2\/categories?post=48028"},{"taxonomy":"post_tag","embeddable":true,"href":"https:\/\/vosgesinfo.fr\/remiremontinfo\/wp-json\/wp\/v2\/tags?post=48028"}],"curies":[{"name":"wp","href":"https:\/\/api.w.org\/{rel}","templated":true}]}}