{"id":48033,"date":"2021-10-27T04:18:21","date_gmt":"2021-10-27T02:18:21","guid":{"rendered":"https:\/\/vosgesinfo.fr\/remiremontinfo\/2021\/10\/vosges-bilan-de-securite-routiere-departement\/"},"modified":"2021-10-27T04:18:21","modified_gmt":"2021-10-27T02:18:21","slug":"vosges-bilan-de-securite-routiere-departement","status":"publish","type":"post","link":"https:\/\/vosgesinfo.fr\/remiremontinfo\/2021\/10\/vosges-bilan-de-securite-routiere-departement\/","title":{"rendered":"Vosges : le bilan de la S\u00e9curit\u00e9 Routi\u00e8re dans le d\u00e9partement"},"content":{"rendered":"<p><a href=\"\/2021\/10\/S\u00e9curit\u00e9_Routi\u00e8re.jpg\"><img decoding=\"async\" class=\"alignnone size-full wp-image-330159\" src=\"\/2021\/10\/S\u00e9curit\u00e9_Routi\u00e8re.jpg\" alt=\"S\u00e9curit\u00e9_Routi\u00e8re\" width=\"800\" height=\"372\" \/><\/a><\/p>\n<p style=\"text-align: center;\"><span style=\"font-size: 12pt;\"><i>Communiqu\u00e9\u00a0<\/i><\/span><\/p>\n<h2><span style=\"font-size: 12pt;\"><strong><span dir=\"ltr\">Le comit\u00e9 de pilotage r\u00e9unissant tous les acteurs de la s\u00e9curit\u00e9 routi\u00e8re du d\u00e9partement<\/span><span dir=\"ltr\">\u00a0(associations, \u00e9lus locaux, CARSAT, \u00c9ducation Nationale, forces de s\u00e9curit\u00e9 int\u00e9rieure, charg\u00e9s\u00a0<\/span><span dir=\"ltr\">de mission deux-roues motoris\u00e9 et v\u00e9lo) s\u2019est r\u00e9uni ce matin sous la pr\u00e9sidence d\u2019Yves S\u00e9guy,<\/span><span dir=\"ltr\">\u00a0pr\u00e9fet des Vosges, et de Nicolas Heitz, procureur de la R\u00e9publique.<\/span><\/strong><\/span><\/h2>\n<p><span style=\"font-size: 12pt;\"><span dir=\"ltr\">Cette r\u00e9union \u00e9tait non seulement l\u2019occasion de pr\u00e9senter les chiffres de l\u2019accidentalit\u00e9 dans<\/span><span dir=\"ltr\">\u00a0les Vosges mais \u00e9galement de dresser le bilan des actions de pr\u00e9vention mises en \u0153uvre ces<\/span><span dir=\"ltr\">\u00a0deux derni\u00e8res ann\u00e9es et de pr\u00e9senter celles \u00e0 venir.<\/span><\/span><\/p>\n<h3><span style=\"font-size: 12pt;\"><strong><span dir=\"ltr\">S<\/span><span dir=\"ltr\">u<\/span><span dir=\"ltr\">r<\/span>\u00a0<span dir=\"ltr\">l<\/span><span dir=\"ltr\">e<\/span><span dir=\"ltr\">s<\/span>\u00a0<span dir=\"ltr\">c<\/span><span dir=\"ltr\">h<\/span><span dir=\"ltr\">i<\/span><span dir=\"ltr\">f<\/span><span dir=\"ltr\">f<\/span><span dir=\"ltr\">r<\/span><span dir=\"ltr\">e<\/span><span dir=\"ltr\">s<\/span>\u00a0<span dir=\"ltr\">d<\/span><span dir=\"ltr\">e<\/span>\u00a0<span dir=\"ltr\">l<\/span><span dir=\"ltr\">\u2018<\/span>\u00a0<span dir=\"ltr\">a<\/span><span dir=\"ltr\">c<\/span><span dir=\"ltr\">c<\/span><span dir=\"ltr\">i<\/span><span dir=\"ltr\">d<\/span><span dir=\"ltr\">e<\/span><span dir=\"ltr\">n<\/span><span dir=\"ltr\">t<\/span><span dir=\"ltr\">a<\/span><span dir=\"ltr\">l<\/span><span dir=\"ltr\">i<\/span><span dir=\"ltr\">t<\/span><span dir=\"ltr\">\u00e9<\/span><\/strong><\/span><\/h3>\n<p><span style=\"font-size: 12pt;\"><span dir=\"ltr\">En dix ans, le nombre d\u2019accidents a diminu\u00e9, de 229 en 2011 \u00e0 184 en 2019. L\u2019ann\u00e9e 2020 est<\/span><span dir=\"ltr\">\u00a0volontairement exclue de la comparaison compte tenu de la crise sanitaire et des p\u00e9riodes de<\/span><span dir=\"ltr\">\u00a0confinement.<\/span><\/span><\/p>\n<p><span style=\"font-size: 12pt;\"><span dir=\"ltr\">Sur la m\u00eame p\u00e9riode, en moyenne chaque ann\u00e9e, 25 personnes ont perdu la vie sur les\u00a0<\/span><span dir=\"ltr\">routes, sauf en 2017 o\u00f9 le nombre de victimes \u00e9tait exceptionnellement bas (13).\u00a0\u00a0<\/span><span dir=\"ltr\">Au 30 septembre 2021, le nombre d\u2019accidents (132) reste stable par rapport aux autres ann\u00e9es<\/span><span dir=\"ltr\">\u00a0mais plus mortels. En effet, le nombre de tu\u00e9s (20) est sup\u00e9rieur \u00e0 la moyenne 2015-2019 (18)<\/span><span dir=\"ltr\">\u00a0avec une forte accidentalit\u00e9 deux-roues motoris\u00e9 : 7 tu\u00e9s.<\/span><\/span><\/p>\n<h3><span style=\"font-size: 12pt;\"><strong><span dir=\"ltr\">S<\/span><span dir=\"ltr\">u<\/span><span dir=\"ltr\">r<\/span>\u00a0<span dir=\"ltr\">l<\/span><span dir=\"ltr\">e<\/span>\u00a0<span dir=\"ltr\">b<\/span><span dir=\"ltr\">i<\/span><span dir=\"ltr\">l<\/span><span dir=\"ltr\">a<\/span><span dir=\"ltr\">n<\/span>\u00a0<span dir=\"ltr\">d<\/span><span dir=\"ltr\">e<\/span><span dir=\"ltr\">s<\/span>\u00a0<span dir=\"ltr\">a<\/span><span dir=\"ltr\">c<\/span><span dir=\"ltr\">t<\/span><span dir=\"ltr\">i<\/span><span dir=\"ltr\">o<\/span><span dir=\"ltr\">n<\/span><span dir=\"ltr\">s<\/span>\u00a0<span dir=\"ltr\">d<\/span><span dir=\"ltr\">e<\/span>\u00a0<span dir=\"ltr\">p<\/span><span dir=\"ltr\">r<\/span><span dir=\"ltr\">\u00e9<\/span><span dir=\"ltr\">v<\/span><span dir=\"ltr\">e<\/span><span dir=\"ltr\">n<\/span><span dir=\"ltr\">t<\/span><span dir=\"ltr\">i<\/span><span dir=\"ltr\">o<\/span><span dir=\"ltr\">n<\/span><\/strong><\/span><\/h3>\n<p><span style=\"font-size: 12pt;\"><span dir=\"ltr\">En 2021, l\u2019\u00c9tat a subventionn\u00e9 31 projets de pr\u00e9vention men\u00e9s par des associations, des<\/span><span dir=\"ltr\">\u00a0\u00e9tablissements scolaires et des collectivit\u00e9s.<\/span><\/span><\/p>\n<p><span style=\"font-size: 12pt;\"><span dir=\"ltr\">Tous s\u2019inscrivaient sur un ou plusieurs enjeux d\u00e9finis par le Document g\u00e9n\u00e9ral d\u2019orientations,<\/span><span dir=\"ltr\">\u00a0\u00e0 savoir : la vitesse, les jeunes, les deux-roues motoris\u00e9s, les seniors, le partage de la voirie, le<\/span><span dir=\"ltr\">\u00a0risque routier professionnel et les substances psychoactives.<\/span><\/span><\/p>\n<p><span style=\"font-size: 12pt;\"><span dir=\"ltr\">Gr\u00e2ce \u00e0 l\u2019appui des charg\u00e9s de mission et des intervenants d\u00e9partementaux de s\u00e9curit\u00e9<\/span><span dir=\"ltr\">\u00a0routi\u00e8re b\u00e9n\u00e9voles, des actions innovantes en mati\u00e8re de pr\u00e9vention ont \u00e9t\u00e9 organis\u00e9es<\/span><span dir=\"ltr\">\u00a0directement par les services de l\u2019\u00c9tat.<\/span><\/span><\/p>\n<p><span style=\"font-size: 12pt;\"><span dir=\"ltr\">Citons, par exemple, la cr\u00e9ation d\u2019un challenge inter-d\u00e9partemental pour les classes de<\/span><span dir=\"ltr\">\u00a0troisi\u00e8me qui a mobilis\u00e9 37 classes et 739 \u00e9l\u00e8ves. Fort de son succ\u00e8s, le challenge sera\u00a0<\/span><span dir=\"ltr\">reconduit plus largement en 2022.\u00a0<\/span><\/span><\/p>\n<p><span style=\"font-size: 12pt;\"><span dir=\"ltr\">Autre exemple en 2019, o\u00f9 des \u00e9thylotests ont \u00e9t\u00e9 distribu\u00e9s \u00e0 l\u2019occasion du r\u00e9veillon de la<\/span><span dir=\"ltr\">\u00a0Saint-Sylvestre, pour inciter les convives \u00e0 s\u2019auto-tester avant de prendre la route ou \u00e0<\/span><span dir=\"ltr\">\u00a0d\u00e9signer un conducteur sobre. Cette op\u00e9ration sera \u00e9galement renouvel\u00e9e cette ann\u00e9e sur le<\/span><span dir=\"ltr\">\u00a0d\u00e9partement, relay\u00e9e gr\u00e2ce aux quatre cents r\u00e9f\u00e9rents communaux de s\u00e9curit\u00e9 routi\u00e8re<\/span><span dir=\"ltr\">\u00a0d\u00e9sign\u00e9s dans les conseils municipaux.<\/span><\/span><\/p>\n<p><span style=\"font-size: 12pt;\"><span dir=\"ltr\">Cette ann\u00e9e, l\u2019Observatoire d\u00e9partemental de la s\u00e9curit\u00e9 routi\u00e8re a plus particuli\u00e8rement<\/span><span dir=\"ltr\">\u00a0travaill\u00e9 sur la d\u00e9finition des parcours emprunt\u00e9s par les voitures radars externalis\u00e9es dont Le<\/span><span dir=\"ltr\">\u00a0d\u00e9ploiement est pr\u00e9vu au cours du premier trimestre 2022.<\/span><\/span><\/p>\n<h3><span style=\"font-size: 12pt;\"><strong><span dir=\"ltr\">S<\/span><span dir=\"ltr\">u<\/span><span dir=\"ltr\">r<\/span>\u00a0<span dir=\"ltr\">l<\/span><span dir=\"ltr\">e<\/span><span dir=\"ltr\">s<\/span>\u00a0<span dir=\"ltr\">a<\/span><span dir=\"ltr\">c<\/span><span dir=\"ltr\">t<\/span><span dir=\"ltr\">i<\/span><span dir=\"ltr\">o<\/span><span dir=\"ltr\">n<\/span><span dir=\"ltr\">s<\/span>\u00a0<span dir=\"ltr\">\u00e0<\/span>\u00a0<span dir=\"ltr\">v<\/span><span dir=\"ltr\">e<\/span><span dir=\"ltr\">n<\/span><span dir=\"ltr\">i<\/span><span dir=\"ltr\">r<\/span><\/strong><\/span><\/h3>\n<p><span style=\"font-size: 12pt;\"><strong><span dir=\"ltr\">Deux priorit\u00e9s sont d\u2019ores et d\u00e9j\u00e0 identifi\u00e9es :<\/span><\/strong><\/span><\/p>\n<ul>\n<li><span style=\"font-size: 12pt;\"><span dir=\"ltr\">u<\/span><span dir=\"ltr\">n<\/span>\u00a0<span dir=\"ltr\">p<\/span><span dir=\"ltr\">l<\/span><span dir=\"ltr\">a<\/span><span dir=\"ltr\">n<\/span>\u00a0<span dir=\"ltr\">d<\/span><span dir=\"ltr\">\u2019<\/span><span dir=\"ltr\">a<\/span><span dir=\"ltr\">c<\/span><span dir=\"ltr\">t<\/span><span dir=\"ltr\">i<\/span><span dir=\"ltr\">o<\/span><span dir=\"ltr\">n<\/span><span dir=\"ltr\">s<\/span>\u00a0<span dir=\"ltr\">m<\/span><span dir=\"ltr\">o<\/span><span dir=\"ltr\">t<\/span><span dir=\"ltr\">o qui se d\u00e9clinera en quatre volets : communication dans les lieux de<\/span><span dir=\"ltr\">\u00a0fr\u00e9quentation des motards, formation \u00e0 la trajectoire de s\u00e9curit\u00e9, contr\u00f4les routier et enfin<\/span><span dir=\"ltr\">\u00a0d\u00e9ploiement d\u2019une application mobile permettant de signaler les dangers d\u2019infrastructure;<\/span><\/span><\/li>\n<li><span style=\"font-size: 12pt;\"><span dir=\"ltr\">une incitation des entreprises \u00e0 signer une charte destin\u00e9e \u00e0<\/span>\u00a0<span dir=\"ltr\">r<\/span><span dir=\"ltr\">\u00e9<\/span><span dir=\"ltr\">d<\/span><span dir=\"ltr\">u<\/span><span dir=\"ltr\">i<\/span><span dir=\"ltr\">r<\/span><span dir=\"ltr\">e<\/span>\u00a0<span dir=\"ltr\">l<\/span><span dir=\"ltr\">e<\/span>\u00a0<span dir=\"ltr\">r<\/span><span dir=\"ltr\">i<\/span><span dir=\"ltr\">s<\/span><span dir=\"ltr\">q<\/span><span dir=\"ltr\">u<\/span><span dir=\"ltr\">e<\/span>\u00a0<span dir=\"ltr\">r<\/span><span dir=\"ltr\">o<\/span><span dir=\"ltr\">u<\/span><span dir=\"ltr\">t<\/span><span dir=\"ltr\">i<\/span><span dir=\"ltr\">e<\/span><span dir=\"ltr\">r<\/span><span dir=\"ltr\">\u00a0p<\/span><span dir=\"ltr\">r<\/span><span dir=\"ltr\">o<\/span><span dir=\"ltr\">f<\/span><span dir=\"ltr\">e<\/span><span dir=\"ltr\">s<\/span><span dir=\"ltr\">s<\/span><span dir=\"ltr\">i<\/span><span dir=\"ltr\">o<\/span><span dir=\"ltr\">n<\/span><span dir=\"ltr\">n<\/span><span dir=\"ltr\">e<\/span><span dir=\"ltr\">l<\/span>\u00a0<span dir=\"ltr\">encouru<\/span>\u00a0<span dir=\"ltr\">par<\/span>\u00a0<span dir=\"ltr\">leurs<\/span>\u00a0<span dir=\"ltr\">salari\u00e9s<\/span>\u00a0<span dir=\"ltr\">lors<\/span>\u00a0<span dir=\"ltr\">des<\/span>\u00a0<span dir=\"ltr\">d\u00e9placements<\/span>\u00a0<span dir=\"ltr\">professionnels<\/span>\u00a0<span dir=\"ltr\">ou<\/span>\u00a0<span dir=\"ltr\">des<\/span><span dir=\"ltr\">\u00a0d\u00e9placements domicile-travail.<\/span><\/span><\/li>\n<\/ul>\n<p><span style=\"font-size: 12pt;\"><span dir=\"ltr\">Par ailleurs, un spot d\u00e9di\u00e9 \u00e0 la s\u00e9curit\u00e9 routi\u00e8re va \u00eatre diffus\u00e9 au mois de novembre sur une<\/span><span dir=\"ltr\">\u00a0radio locale, pour sensibiliser les Vosgiens aux dangers de la vitesse et les inviter \u00e0 la plus<\/span><span dir=\"ltr\">\u00a0grande prudence sur les routes.<\/span><\/span><\/p>\n<p><span style=\"font-size: 12pt;\"><span dir=\"ltr\">En conclusion, Yves S\u00e9guy, pr\u00e9fet des Vosges, a tenu \u00e0 remercier tous les partenaires<\/span><span dir=\"ltr\">\u00a0institutionnels, \u00e9lus, associations et b\u00e9n\u00e9voles qui \u0153uvrent sur le terrain pour la s\u00e9curit\u00e9<\/span><span dir=\"ltr\">\u00a0routi\u00e8re.<\/span><\/span><\/p>\n<h3><span style=\"font-size: 12pt;\"><strong><span dir=\"ltr\">P<\/span><span dir=\"ltr\">o<\/span><span dir=\"ltr\">u<\/span><span dir=\"ltr\">r<\/span>\u00a0<span dir=\"ltr\">r<\/span><span dir=\"ltr\">a<\/span><span dir=\"ltr\">p<\/span><span dir=\"ltr\">p<\/span><span dir=\"ltr\">e<\/span><span dir=\"ltr\">l<\/span>\u00a0<span dir=\"ltr\">:<\/span><\/strong><\/span><\/h3>\n<p><span style=\"font-size: 12pt;\"><span dir=\"ltr\">\u00c0<\/span>\u00a0<span dir=\"ltr\">compter du<\/span>\u00a0<span dir=\"ltr\">1er<\/span>\u00a0<span dir=\"ltr\">novembre<\/span>\u00a0<span dir=\"ltr\">2021,<\/span>\u00a0<span dir=\"ltr\">143<\/span>\u00a0<span dir=\"ltr\">communes<\/span>\u00a0<span dir=\"ltr\">vosgiennes sont<\/span>\u00a0<span dir=\"ltr\">concern\u00e9es<\/span>\u00a0<span dir=\"ltr\">par<\/span>\u00a0<span dir=\"ltr\">l\u2019obligation<\/span><span dir=\"ltr\">\u00a0d\u2019\u00e9quipement de certains v\u00e9hicules en p\u00e9riode hivernale .\u00a0\u00a0<\/span><span dir=\"ltr\">Les<\/span>\u00a0<span dir=\"ltr\">n<\/span><span dir=\"ltr\">o<\/span><span dir=\"ltr\">u<\/span><span dir=\"ltr\">v<\/span><span dir=\"ltr\">e<\/span><span dir=\"ltr\">l<\/span><span dir=\"ltr\">l<\/span><span dir=\"ltr\">e<\/span><span dir=\"ltr\">s<\/span>\u00a0<span dir=\"ltr\">o<\/span><span dir=\"ltr\">b<\/span><span dir=\"ltr\">l<\/span><span dir=\"ltr\">i<\/span><span dir=\"ltr\">g<\/span><span dir=\"ltr\">a<\/span><span dir=\"ltr\">t<\/span><span dir=\"ltr\">i<\/span><span dir=\"ltr\">o<\/span><span dir=\"ltr\">n<\/span><span dir=\"ltr\">s<\/span>\u00a0<span dir=\"ltr\">d<\/span><span dir=\"ltr\">\u2019<\/span><span dir=\"ltr\">\u00e9<\/span><span dir=\"ltr\">q<\/span><span dir=\"ltr\">u<\/span><span dir=\"ltr\">i<\/span><span dir=\"ltr\">p<\/span><span dir=\"ltr\">e<\/span><span dir=\"ltr\">m<\/span><span dir=\"ltr\">e<\/span><span dir=\"ltr\">n<\/span><span dir=\"ltr\">t<\/span><span dir=\"ltr\">s concerneront les v\u00e9hicules l\u00e9gers et utilitaires, les camping-cars,<\/span><span dir=\"ltr\">\u00a0les poids-lourds et les autocars. Ils devront :<\/span><\/span><\/p>\n<ul>\n<li><span style=\"font-size: 12pt;\"><span dir=\"ltr\">soit<\/span>\u00a0<span dir=\"ltr\">d\u00e9tenir<\/span>\u00a0<span dir=\"ltr\">dans<\/span>\u00a0<span dir=\"ltr\">leur<\/span>\u00a0<span dir=\"ltr\">coffre<\/span>\u00a0<span dir=\"ltr\">des<\/span>\u00a0<span dir=\"ltr\">dispositifs<\/span>\u00a0<span dir=\"ltr\">antid\u00e9rapants<\/span>\u00a0<span dir=\"ltr\">amovibles<\/span>\u00a0<span dir=\"ltr\">(cha\u00eenes<\/span>\u00a0<span dir=\"ltr\">\u00e0<\/span>\u00a0<span dir=\"ltr\">neige<\/span><\/span><br \/>\n<span dir=\"ltr\" style=\"font-size: 12pt;\">m\u00e9talliques ou textiles) permettant d\u2019\u00e9quiper au moins deux roues motrices;<\/span><\/li>\n<li><span dir=\"ltr\" style=\"font-size: 12pt;\">soit \u00eatre \u00e9quip\u00e9s de quatre pneus hiver.<\/span><\/li>\n<\/ul>\n<p><span style=\"font-size: 12pt;\"><span dir=\"ltr\">Les autocars, autobus et poids lourds sans remorque ni semi-remorque seront \u00e9galement soumis aux<\/span><span dir=\"ltr\">\u00a0m\u00eames obligations que les v\u00e9hicules pr\u00e9cit\u00e9s.<\/span><\/span><\/p>\n<p><span style=\"font-size: 12pt;\"><span dir=\"ltr\">Les poids lourds avec remorque ou semi-remorque devront d\u00e9tenir des cha\u00eenes \u00e0 neige permettant<\/span><span dir=\"ltr\">\u00a0d\u2019\u00e9quiper au moins deux roues motrices, m\u00eame s\u2019ils sont \u00e9quip\u00e9s de pneus hiver.<\/span><span dir=\"ltr\">\u00a0Une<\/span>\u00a0<span dir=\"ltr\">n<\/span><span dir=\"ltr\">o<\/span><span dir=\"ltr\">u<\/span><span dir=\"ltr\">v<\/span><span dir=\"ltr\">e<\/span><span dir=\"ltr\">l<\/span><span dir=\"ltr\">l<\/span><span dir=\"ltr\">e<\/span>\u00a0<span dir=\"ltr\">s<\/span><span dir=\"ltr\">i<\/span><span dir=\"ltr\">g<\/span><span dir=\"ltr\">n<\/span><span dir=\"ltr\">a<\/span><span dir=\"ltr\">l<\/span><span dir=\"ltr\">i<\/span><span dir=\"ltr\">s<\/span><span dir=\"ltr\">a<\/span><span dir=\"ltr\">t<\/span><span dir=\"ltr\">i<\/span><span dir=\"ltr\">o<\/span><span dir=\"ltr\">n sera progressivement implant\u00e9e. Elle indiquera les entr\u00e9es et les sorties de<\/span><span dir=\"ltr\">\u00a0zones de montagne o\u00f9 l\u2019obligation d\u2019\u00e9quipements hivernaux s\u2019appliquera.<\/span><\/span><\/p>\n<p><span style=\"font-size: 12pt;\"><span dir=\"ltr\">Cette premi\u00e8re ann\u00e9e d\u2019obligation fera l\u2019objet de p\u00e9dagogie tout au long de la saison 2021-2022 afin de<\/span><span dir=\"ltr\">\u00a0laisser \u00e0 chacun le temps de s\u2019\u00e9quiper, d\u2019appr\u00e9hender le p\u00e9rim\u00e8tre g\u00e9ographique, et de se familiariser<\/span><span dir=\"ltr\">\u00a0avec la nouvelle signalisation.\u00a0<\/span><\/span><\/p>\n<p><span style=\"font-size: 12pt;\"><em>Communiqu\u00e9<\/em><\/span><\/p>\n","protected":false},"excerpt":{"rendered":"<p>Communiqu\u00e9\u00a0 Le comit\u00e9 de pilotage r\u00e9unissant tous les acteurs de la s\u00e9curit\u00e9 routi\u00e8re du d\u00e9partement\u00a0(associations, \u00e9lus locaux, CARSAT, \u00c9ducation Nationale, [&hellip;]<\/p>\n","protected":false},"author":407,"featured_media":48034,"comment_status":"open","ping_status":"open","sticky":false,"template":"","format":"standard","meta":{"footnotes":""},"categories":[26,95,18],"tags":[719,72,32],"class_list":["post-48033","post","type-post","status-publish","format-standard","has-post-thumbnail","hentry","category-a-la-une","category-securite","category-vosges","tag-route","tag-securite-routiere","tag-vosges"],"acf":[],"yoast_head":"<!-- This site is optimized with the Yoast SEO plugin v22.5 - https:\/\/yoast.com\/wordpress\/plugins\/seo\/ -->\n<title>Vosges : le bilan de la S\u00e9curit\u00e9 Routi\u00e8re dans le d\u00e9partement - Remiremont Info<\/title>\n<meta name=\"robots\" content=\"index, follow, max-snippet:-1, max-image-preview:large, max-video-preview:-1\" \/>\n<link rel=\"canonical\" href=\"https:\/\/vosgesinfo.fr\/remiremontinfo\/2021\/10\/vosges-bilan-de-securite-routiere-departement\/\" \/>\n<meta name=\"twitter:card\" content=\"summary_large_image\" \/>\n<meta name=\"twitter:title\" content=\"Vosges : le bilan de la S\u00e9curit\u00e9 Routi\u00e8re dans le d\u00e9partement - Remiremont Info\" \/>\n<meta name=\"twitter:description\" content=\"Communiqu\u00e9\u00a0 Le comit\u00e9 de pilotage r\u00e9unissant tous les acteurs de la s\u00e9curit\u00e9 routi\u00e8re du d\u00e9partement\u00a0(associations, \u00e9lus locaux, CARSAT, \u00c9ducation Nationale, [&hellip;]\" \/>\n<meta name=\"twitter:image\" content=\"https:\/\/vosgesinfo.fr\/app\/uploads\/sites\/5\/2024\/09\/202110securite-routiere.jpg\" \/>\n<meta name=\"twitter:creator\" content=\"@VosgesInfo88\" \/>\n<meta name=\"twitter:site\" content=\"@VosgesInfo88\" \/>\n<meta name=\"twitter:label1\" content=\"\u00c9crit par\" \/>\n\t<meta name=\"twitter:data1\" content=\"C D\" \/>\n\t<meta name=\"twitter:label2\" content=\"Dur\u00e9e de lecture estim\u00e9e\" \/>\n\t<meta name=\"twitter:data2\" content=\"4 minutes\" \/>\n<script type=\"application\/ld+json\" class=\"yoast-schema-graph\">{\"@context\":\"https:\/\/schema.org\",\"@graph\":[{\"@type\":\"Article\",\"@id\":\"https:\/\/vosgesinfo.fr\/remiremontinfo\/2021\/10\/vosges-bilan-de-securite-routiere-departement\/#article\",\"isPartOf\":{\"@id\":\"https:\/\/vosgesinfo.fr\/remiremontinfo\/2021\/10\/vosges-bilan-de-securite-routiere-departement\/\"},\"author\":{\"name\":\"C D\",\"@id\":\"https:\/\/vosgesinfo.fr\/remiremontinfo\/#\/schema\/person\/3bfd164d5218a185b1db68655a265316\"},\"headline\":\"Vosges : le bilan de la S\u00e9curit\u00e9 Routi\u00e8re dans le d\u00e9partement\",\"datePublished\":\"2021-10-27T02:18:21+00:00\",\"dateModified\":\"2021-10-27T02:18:21+00:00\",\"mainEntityOfPage\":{\"@id\":\"https:\/\/vosgesinfo.fr\/remiremontinfo\/2021\/10\/vosges-bilan-de-securite-routiere-departement\/\"},\"wordCount\":1025,\"commentCount\":0,\"publisher\":{\"@id\":\"https:\/\/vosgesinfo.fr\/remiremontinfo\/#organization\"},\"image\":{\"@id\":\"https:\/\/vosgesinfo.fr\/remiremontinfo\/2021\/10\/vosges-bilan-de-securite-routiere-departement\/#primaryimage\"},\"thumbnailUrl\":\"https:\/\/vosgesinfo.fr\/app\/uploads\/sites\/5\/2024\/09\/202110securite-routiere.jpg\",\"keywords\":[\"Route\",\"S\u00e9curit\u00e9 routi\u00e8re\",\"Vosges\"],\"articleSection\":[\"A la Une\",\"S\u00e9curit\u00e9\",\"Vosges\"],\"inLanguage\":\"fr-FR\",\"potentialAction\":[{\"@type\":\"CommentAction\",\"name\":\"Comment\",\"target\":[\"https:\/\/vosgesinfo.fr\/remiremontinfo\/2021\/10\/vosges-bilan-de-securite-routiere-departement\/#respond\"]}]},{\"@type\":\"WebPage\",\"@id\":\"https:\/\/vosgesinfo.fr\/remiremontinfo\/2021\/10\/vosges-bilan-de-securite-routiere-departement\/\",\"url\":\"https:\/\/vosgesinfo.fr\/remiremontinfo\/2021\/10\/vosges-bilan-de-securite-routiere-departement\/\",\"name\":\"Vosges : le bilan de la S\u00e9curit\u00e9 Routi\u00e8re dans le d\u00e9partement - Remiremont Info\",\"isPartOf\":{\"@id\":\"https:\/\/vosgesinfo.fr\/remiremontinfo\/#website\"},\"primaryImageOfPage\":{\"@id\":\"https:\/\/vosgesinfo.fr\/remiremontinfo\/2021\/10\/vosges-bilan-de-securite-routiere-departement\/#primaryimage\"},\"image\":{\"@id\":\"https:\/\/vosgesinfo.fr\/remiremontinfo\/2021\/10\/vosges-bilan-de-securite-routiere-departement\/#primaryimage\"},\"thumbnailUrl\":\"https:\/\/vosgesinfo.fr\/app\/uploads\/sites\/5\/2024\/09\/202110securite-routiere.jpg\",\"datePublished\":\"2021-10-27T02:18:21+00:00\",\"dateModified\":\"2021-10-27T02:18:21+00:00\",\"breadcrumb\":{\"@id\":\"https:\/\/vosgesinfo.fr\/remiremontinfo\/2021\/10\/vosges-bilan-de-securite-routiere-departement\/#breadcrumb\"},\"inLanguage\":\"fr-FR\",\"potentialAction\":[{\"@type\":\"ReadAction\",\"target\":[\"https:\/\/vosgesinfo.fr\/remiremontinfo\/2021\/10\/vosges-bilan-de-securite-routiere-departement\/\"]}]},{\"@type\":\"ImageObject\",\"inLanguage\":\"fr-FR\",\"@id\":\"https:\/\/vosgesinfo.fr\/remiremontinfo\/2021\/10\/vosges-bilan-de-securite-routiere-departement\/#primaryimage\",\"url\":\"https:\/\/vosgesinfo.fr\/app\/uploads\/sites\/5\/2024\/09\/202110securite-routiere.jpg\",\"contentUrl\":\"https:\/\/vosgesinfo.fr\/app\/uploads\/sites\/5\/2024\/09\/202110securite-routiere.jpg\",\"width\":800,\"height\":372},{\"@type\":\"BreadcrumbList\",\"@id\":\"https:\/\/vosgesinfo.fr\/remiremontinfo\/2021\/10\/vosges-bilan-de-securite-routiere-departement\/#breadcrumb\",\"itemListElement\":[{\"@type\":\"ListItem\",\"position\":1,\"name\":\"Home\",\"item\":\"https:\/\/vosgesinfo.fr\/remiremontinfo\/\"},{\"@type\":\"ListItem\",\"position\":2,\"name\":\"Vosges : le bilan de la S\u00e9curit\u00e9 Routi\u00e8re dans le d\u00e9partement\"}]},{\"@type\":\"WebSite\",\"@id\":\"https:\/\/vosgesinfo.fr\/remiremontinfo\/#website\",\"url\":\"https:\/\/vosgesinfo.fr\/remiremontinfo\/\",\"name\":\"Remiremont Info\",\"description\":\"Toute l&#039;actualit\u00e9 de Remiremont\",\"publisher\":{\"@id\":\"https:\/\/vosgesinfo.fr\/remiremontinfo\/#organization\"},\"alternateName\":\"Toute l'actualit\u00e9 de Remiremont\",\"potentialAction\":[{\"@type\":\"SearchAction\",\"target\":{\"@type\":\"EntryPoint\",\"urlTemplate\":\"https:\/\/vosgesinfo.fr\/remiremontinfo\/?s={search_term_string}\"},\"query-input\":\"required name=search_term_string\"}],\"inLanguage\":\"fr-FR\"},{\"@type\":\"Organization\",\"@id\":\"https:\/\/vosgesinfo.fr\/remiremontinfo\/#organization\",\"name\":\"Remiremont Info\",\"url\":\"https:\/\/vosgesinfo.fr\/remiremontinfo\/\",\"logo\":{\"@type\":\"ImageObject\",\"inLanguage\":\"fr-FR\",\"@id\":\"https:\/\/vosgesinfo.fr\/remiremontinfo\/#\/schema\/logo\/image\/\",\"url\":\"https:\/\/vosgesinfo.fr\/app\/uploads\/sites\/5\/2023\/08\/favicon-remiremontinfo.png\",\"contentUrl\":\"https:\/\/vosgesinfo.fr\/app\/uploads\/sites\/5\/2023\/08\/favicon-remiremontinfo.png\",\"width\":512,\"height\":512,\"caption\":\"Remiremont Info\"},\"image\":{\"@id\":\"https:\/\/vosgesinfo.fr\/remiremontinfo\/#\/schema\/logo\/image\/\"},\"sameAs\":[\"https:\/\/www.facebook.com\/remiremontinfo\",\"https:\/\/x.com\/VosgesInfo88\",\"https:\/\/www.youtube.com\/@vosgesinfo\"]},{\"@type\":\"Person\",\"@id\":\"https:\/\/vosgesinfo.fr\/remiremontinfo\/#\/schema\/person\/3bfd164d5218a185b1db68655a265316\",\"name\":\"C D\",\"image\":{\"@type\":\"ImageObject\",\"inLanguage\":\"fr-FR\",\"@id\":\"https:\/\/vosgesinfo.fr\/remiremontinfo\/#\/schema\/person\/image\/\",\"url\":\"https:\/\/secure.gravatar.com\/avatar\/1f9a70007336511a47468b8f1c66f922b8b7cf617b02a31149ada43893a5d48f?s=96&d=mm&r=g\",\"contentUrl\":\"https:\/\/secure.gravatar.com\/avatar\/1f9a70007336511a47468b8f1c66f922b8b7cf617b02a31149ada43893a5d48f?s=96&d=mm&r=g\",\"caption\":\"C D\"},\"url\":\"https:\/\/vosgesinfo.fr\/remiremontinfo\/author\/cedric-drevet\/\"}]}<\/script>\n<!-- \/ Yoast SEO plugin. -->","yoast_head_json":{"title":"Vosges : le bilan de la S\u00e9curit\u00e9 Routi\u00e8re dans le d\u00e9partement - Remiremont Info","robots":{"index":"index","follow":"follow","max-snippet":"max-snippet:-1","max-image-preview":"max-image-preview:large","max-video-preview":"max-video-preview:-1"},"canonical":"https:\/\/vosgesinfo.fr\/remiremontinfo\/2021\/10\/vosges-bilan-de-securite-routiere-departement\/","twitter_card":"summary_large_image","twitter_title":"Vosges : le bilan de la S\u00e9curit\u00e9 Routi\u00e8re dans le d\u00e9partement - Remiremont Info","twitter_description":"Communiqu\u00e9\u00a0 Le comit\u00e9 de pilotage r\u00e9unissant tous les acteurs de la s\u00e9curit\u00e9 routi\u00e8re du d\u00e9partement\u00a0(associations, \u00e9lus locaux, CARSAT, \u00c9ducation Nationale, [&hellip;]","twitter_image":"https:\/\/vosgesinfo.fr\/app\/uploads\/sites\/5\/2024\/09\/202110securite-routiere.jpg","twitter_creator":"@VosgesInfo88","twitter_site":"@VosgesInfo88","twitter_misc":{"\u00c9crit par":"C D","Dur\u00e9e de lecture estim\u00e9e":"4 minutes"},"schema":{"@context":"https:\/\/schema.org","@graph":[{"@type":"Article","@id":"https:\/\/vosgesinfo.fr\/remiremontinfo\/2021\/10\/vosges-bilan-de-securite-routiere-departement\/#article","isPartOf":{"@id":"https:\/\/vosgesinfo.fr\/remiremontinfo\/2021\/10\/vosges-bilan-de-securite-routiere-departement\/"},"author":{"name":"C D","@id":"https:\/\/vosgesinfo.fr\/remiremontinfo\/#\/schema\/person\/3bfd164d5218a185b1db68655a265316"},"headline":"Vosges : le bilan de la S\u00e9curit\u00e9 Routi\u00e8re dans le d\u00e9partement","datePublished":"2021-10-27T02:18:21+00:00","dateModified":"2021-10-27T02:18:21+00:00","mainEntityOfPage":{"@id":"https:\/\/vosgesinfo.fr\/remiremontinfo\/2021\/10\/vosges-bilan-de-securite-routiere-departement\/"},"wordCount":1025,"commentCount":0,"publisher":{"@id":"https:\/\/vosgesinfo.fr\/remiremontinfo\/#organization"},"image":{"@id":"https:\/\/vosgesinfo.fr\/remiremontinfo\/2021\/10\/vosges-bilan-de-securite-routiere-departement\/#primaryimage"},"thumbnailUrl":"https:\/\/vosgesinfo.fr\/app\/uploads\/sites\/5\/2024\/09\/202110securite-routiere.jpg","keywords":["Route","S\u00e9curit\u00e9 routi\u00e8re","Vosges"],"articleSection":["A la Une","S\u00e9curit\u00e9","Vosges"],"inLanguage":"fr-FR","potentialAction":[{"@type":"CommentAction","name":"Comment","target":["https:\/\/vosgesinfo.fr\/remiremontinfo\/2021\/10\/vosges-bilan-de-securite-routiere-departement\/#respond"]}]},{"@type":"WebPage","@id":"https:\/\/vosgesinfo.fr\/remiremontinfo\/2021\/10\/vosges-bilan-de-securite-routiere-departement\/","url":"https:\/\/vosgesinfo.fr\/remiremontinfo\/2021\/10\/vosges-bilan-de-securite-routiere-departement\/","name":"Vosges : le bilan de la S\u00e9curit\u00e9 Routi\u00e8re dans le d\u00e9partement - Remiremont Info","isPartOf":{"@id":"https:\/\/vosgesinfo.fr\/remiremontinfo\/#website"},"primaryImageOfPage":{"@id":"https:\/\/vosgesinfo.fr\/remiremontinfo\/2021\/10\/vosges-bilan-de-securite-routiere-departement\/#primaryimage"},"image":{"@id":"https:\/\/vosgesinfo.fr\/remiremontinfo\/2021\/10\/vosges-bilan-de-securite-routiere-departement\/#primaryimage"},"thumbnailUrl":"https:\/\/vosgesinfo.fr\/app\/uploads\/sites\/5\/2024\/09\/202110securite-routiere.jpg","datePublished":"2021-10-27T02:18:21+00:00","dateModified":"2021-10-27T02:18:21+00:00","breadcrumb":{"@id":"https:\/\/vosgesinfo.fr\/remiremontinfo\/2021\/10\/vosges-bilan-de-securite-routiere-departement\/#breadcrumb"},"inLanguage":"fr-FR","potentialAction":[{"@type":"ReadAction","target":["https:\/\/vosgesinfo.fr\/remiremontinfo\/2021\/10\/vosges-bilan-de-securite-routiere-departement\/"]}]},{"@type":"ImageObject","inLanguage":"fr-FR","@id":"https:\/\/vosgesinfo.fr\/remiremontinfo\/2021\/10\/vosges-bilan-de-securite-routiere-departement\/#primaryimage","url":"https:\/\/vosgesinfo.fr\/app\/uploads\/sites\/5\/2024\/09\/202110securite-routiere.jpg","contentUrl":"https:\/\/vosgesinfo.fr\/app\/uploads\/sites\/5\/2024\/09\/202110securite-routiere.jpg","width":800,"height":372},{"@type":"BreadcrumbList","@id":"https:\/\/vosgesinfo.fr\/remiremontinfo\/2021\/10\/vosges-bilan-de-securite-routiere-departement\/#breadcrumb","itemListElement":[{"@type":"ListItem","position":1,"name":"Home","item":"https:\/\/vosgesinfo.fr\/remiremontinfo\/"},{"@type":"ListItem","position":2,"name":"Vosges : le bilan de la S\u00e9curit\u00e9 Routi\u00e8re dans le d\u00e9partement"}]},{"@type":"WebSite","@id":"https:\/\/vosgesinfo.fr\/remiremontinfo\/#website","url":"https:\/\/vosgesinfo.fr\/remiremontinfo\/","name":"Remiremont Info","description":"Toute l&#039;actualit\u00e9 de Remiremont","publisher":{"@id":"https:\/\/vosgesinfo.fr\/remiremontinfo\/#organization"},"alternateName":"Toute l'actualit\u00e9 de Remiremont","potentialAction":[{"@type":"SearchAction","target":{"@type":"EntryPoint","urlTemplate":"https:\/\/vosgesinfo.fr\/remiremontinfo\/?s={search_term_string}"},"query-input":"required name=search_term_string"}],"inLanguage":"fr-FR"},{"@type":"Organization","@id":"https:\/\/vosgesinfo.fr\/remiremontinfo\/#organization","name":"Remiremont Info","url":"https:\/\/vosgesinfo.fr\/remiremontinfo\/","logo":{"@type":"ImageObject","inLanguage":"fr-FR","@id":"https:\/\/vosgesinfo.fr\/remiremontinfo\/#\/schema\/logo\/image\/","url":"https:\/\/vosgesinfo.fr\/app\/uploads\/sites\/5\/2023\/08\/favicon-remiremontinfo.png","contentUrl":"https:\/\/vosgesinfo.fr\/app\/uploads\/sites\/5\/2023\/08\/favicon-remiremontinfo.png","width":512,"height":512,"caption":"Remiremont Info"},"image":{"@id":"https:\/\/vosgesinfo.fr\/remiremontinfo\/#\/schema\/logo\/image\/"},"sameAs":["https:\/\/www.facebook.com\/remiremontinfo","https:\/\/x.com\/VosgesInfo88","https:\/\/www.youtube.com\/@vosgesinfo"]},{"@type":"Person","@id":"https:\/\/vosgesinfo.fr\/remiremontinfo\/#\/schema\/person\/3bfd164d5218a185b1db68655a265316","name":"C D","image":{"@type":"ImageObject","inLanguage":"fr-FR","@id":"https:\/\/vosgesinfo.fr\/remiremontinfo\/#\/schema\/person\/image\/","url":"https:\/\/secure.gravatar.com\/avatar\/1f9a70007336511a47468b8f1c66f922b8b7cf617b02a31149ada43893a5d48f?s=96&d=mm&r=g","contentUrl":"https:\/\/secure.gravatar.com\/avatar\/1f9a70007336511a47468b8f1c66f922b8b7cf617b02a31149ada43893a5d48f?s=96&d=mm&r=g","caption":"C D"},"url":"https:\/\/vosgesinfo.fr\/remiremontinfo\/author\/cedric-drevet\/"}]}},"_links":{"self":[{"href":"https:\/\/vosgesinfo.fr\/remiremontinfo\/wp-json\/wp\/v2\/posts\/48033","targetHints":{"allow":["GET"]}}],"collection":[{"href":"https:\/\/vosgesinfo.fr\/remiremontinfo\/wp-json\/wp\/v2\/posts"}],"about":[{"href":"https:\/\/vosgesinfo.fr\/remiremontinfo\/wp-json\/wp\/v2\/types\/post"}],"author":[{"embeddable":true,"href":"https:\/\/vosgesinfo.fr\/remiremontinfo\/wp-json\/wp\/v2\/users\/407"}],"replies":[{"embeddable":true,"href":"https:\/\/vosgesinfo.fr\/remiremontinfo\/wp-json\/wp\/v2\/comments?post=48033"}],"version-history":[{"count":0,"href":"https:\/\/vosgesinfo.fr\/remiremontinfo\/wp-json\/wp\/v2\/posts\/48033\/revisions"}],"wp:featuredmedia":[{"embeddable":true,"href":"https:\/\/vosgesinfo.fr\/remiremontinfo\/wp-json\/wp\/v2\/media\/48034"}],"wp:attachment":[{"href":"https:\/\/vosgesinfo.fr\/remiremontinfo\/wp-json\/wp\/v2\/media?parent=48033"}],"wp:term":[{"taxonomy":"category","embeddable":true,"href":"https:\/\/vosgesinfo.fr\/remiremontinfo\/wp-json\/wp\/v2\/categories?post=48033"},{"taxonomy":"post_tag","embeddable":true,"href":"https:\/\/vosgesinfo.fr\/remiremontinfo\/wp-json\/wp\/v2\/tags?post=48033"}],"curies":[{"name":"wp","href":"https:\/\/api.w.org\/{rel}","templated":true}]}}